{"id":858997,"date":"2025-02-06T12:48:12","date_gmt":"2025-02-06T10:48:12","guid":{"rendered":"https:\/\/www.rri.ro\/?p=858997"},"modified":"2025-02-06T12:48:12","modified_gmt":"2025-02-06T10:48:12","slug":"le-parlement-roumain-a-adopte-le-budget-2025","status":"publish","type":"post","link":"https:\/\/www.rri.ro\/fr\/actualites\/les-dossiers-de-lactualite\/le-parlement-roumain-a-adopte-le-budget-2025-id858997.html","title":{"rendered":"Le Parlement roumain a adopt\u00e9 le budget 2025"},"content":{"rendered":"<p>A la fin des d\u00e9bats marathon, qui ont dur\u00e9 plus de huit heures, le Parlement de Bucarest a adopt\u00e9, mercredi soir, dans le cadre d\u2019une r\u00e9union pl\u00e9ni\u00e8re, les projets de loi sur le budget de l&rsquo;Etat pour 2025 et sur les assurances sociales. Le vote suit de nombreux \u00e9pisodes de tension, car la coalition majoritaire qui r\u00e9unit le Parti Social-D\u00e9mocrate, le Parti National-Lib\u00e9ral et l\u2019Union D\u00e9mocrate Magyare de Roumanie a rejet\u00e9 la quasi-totalit\u00e9 des plusieurs milliers d&rsquo;amendements d\u00e9pos\u00e9s par l&rsquo;opposition.<\/p>\n<p>Le budget est construit sur une croissance \u00e9conomique de 2,5 % et sur un d\u00e9ficit budg\u00e9taire de 7 % du PIB. Le ministre des Finances TanczosBarna a soulign\u00e9 que le budget \u00e9tait mod\u00e9r\u00e9, bas\u00e9 sur une augmentation prudente des recettes, sans aucune exag\u00e9ration. Quant \u00e0 la loi sur le budget de l&rsquo;assurance sociale, elle pr\u00e9voit \u00ab\u00a0premi\u00e8rement le paiement des pensions de retraite\u00a0\u00bb, a soulign\u00e9 le ministre.<\/p>\n<p>\u00ab\u00a0Peu importe qui dirigera le gouvernement et le minist\u00e8re des Finances dans trois, quatre ou cinq ans, l&rsquo;engagement de la Roumanie envers la Commission europ\u00e9enne doit \u00eatre respect\u00e9. Il faut r\u00e9duire progressivement le d\u00e9ficit budg\u00e9taire, tout en maintenant les investissements.Ils sont le moteur de l&rsquo;\u00e9conomie et sont toujourspr\u00e9sentes dans ce budget \u00bb, a d\u00e9clar\u00e9 TanczosBarna.<\/p>\n<p>Le budget 2025 permettra de poursuivre le processus de d\u00e9veloppement du pays, a quant \u00e0 lui pr\u00e9cis\u00e9 le premier ministre Marcel Ciolacu. Et d\u2019ajouter que les fonds pour le minist\u00e8re de la Sant\u00e9 ont augment\u00e9 de plus de 30 %, les budgets pr\u00e9vus pour la construction d\u2019autoroutes et la modernisation des chemins de fer ont progress\u00e9 de 20 % et le budget de l&rsquo;\u00e9ducation de pr\u00e8s de 10 %.<\/p>\n<p><em>\u00ab\u00a0Nous ne touchons pas aux revenus actuelsdes Roumains, ni aux pensions de retraites, qui ont enregistr\u00e9 \u00a0l&rsquo;ann\u00e9e derni\u00e8re une augmentation moyenne de 40 %, ni aux salaires, qui ont progress\u00e9 de pr\u00e8s de 25 %, nous n&rsquo;augmentons pas la TVA et nous n&rsquo;avons pas besoin de l&rsquo;argent du FMI. Nous disposons dans ce budget de la plus grande allocation de ressources provenant du financement europ\u00e9en depuis notre adh\u00e9sion \u00e0 l&rsquo;Union europ\u00e9enne.\u00a0\u00bb<\/em><\/p>\n<p>&nbsp;<\/p>\n<p><strong>Les r\u00e9actions de l\u2019Opposition<\/strong><\/p>\n<p>Du c\u00f4t\u00e9 de l&rsquo;opposition, les parlementaires de l&rsquo;Union Sauvez la Roumanie et ceux des partis souverainistes \u2013\u00e0 savoir l\u2019Alliance pour l\u2019Union des Roumains, SOS Roumanie et le Parti des Jeunes Gens \u2013 ontmis en \u00e9vidence le manque de pr\u00e9dictibilit\u00e9, la surestimation des revenus, l&rsquo;endettement des Roumains \u00e0 travers les mesures pr\u00e9vues et la suppression de certaines facilit\u00e9s fiscales.<\/p>\n<p>Le d\u00e9put\u00e9 de l\u2019Union Sauvez la Roumanie ClaudiuN\u0103sui a d\u00e9clar\u00e9 que : <em>\u00ab\u00a0Les m\u00eames mensonges, les m\u00eames revenus gonfl\u00e9s juste pour justifier des d\u00e9penses plus \u00e9lev\u00e9es. Car les revenus ne vous int\u00e9ressent en r\u00e9alit\u00e9 que pour justifier ces d\u00e9penses que vous faites chaque ann\u00e9e et que vous dites vouloir r\u00e9duire.\u00a0 Ce budget cache le m\u00eame mensonge de Marcel Ciolacu, d\u00e9voil\u00e9 chaque ann\u00e9e<\/em>.\u00a0\u00bb<\/p>\n<p>Finalement, les deux lois ont \u00e9t\u00e9 envoy\u00e9es au pr\u00e9sident pour promulgation dans les formes propos\u00e9es par le gouvernement, avec des modifications mineures.<\/p>\n","protected":false},"excerpt":{"rendered":"<p>A la fin des d\u00e9bats marathon, qui ont dur\u00e9 plus de huit heures, le Parlement de Bucarest a adopt\u00e9, mercredi soir, dans le cadre d\u2019une r\u00e9union pl\u00e9ni\u00e8re, les projets de loi sur le budget de l&rsquo;Etat pour 2025 et sur les assurances sociales. Le vote suit de nombreux \u00e9pisodes de tension, car la coalition majoritaire [&hellip;]<\/p>\n","protected":false},"author":108,"featured_media":857532,"comment_status":"closed","ping_status":"closed","sticky":false,"template":"","format":"standard","meta":{"_acf_changed":false,"footnotes":""},"categories":[93377],"tags":[148511],"coauthors":[113249],"class_list":["post-858997","post","type-post","status-publish","format-standard","has-post-thumbnail","hentry","category-les-dossiers-de-lactualite","tag-budget-fr"],"acf":[],"yoast_head":"<!-- This site is optimized with the Yoast SEO plugin v27.3 - https:\/\/yoast.com\/product\/yoast-seo-wordpress\/ -->\n<title>Le Parlement roumain a adopt\u00e9 le budget 2025 - Radio Roumanie Internationale<\/title>\n<meta name=\"robots\" content=\"index, follow, max-snippet:-1, max-image-preview:large, max-video-preview:-1\" \/>\n<link rel=\"canonical\" href=\"https:\/\/www.rri.ro\/fr\/actualites\/les-dossiers-de-lactualite\/le-parlement-roumain-a-adopte-le-budget-2025-id858997.html\" \/>\n<meta property=\"og:locale\" content=\"fr_FR\" \/>\n<meta property=\"og:type\" content=\"article\" \/>\n<meta property=\"og:title\" content=\"Le Parlement roumain a adopt\u00e9 le budget 2025 - Radio Roumanie Internationale\" \/>\n<meta property=\"og:description\" content=\"A la fin des d\u00e9bats marathon, qui ont dur\u00e9 plus de huit heures, le Parlement de Bucarest a adopt\u00e9, mercredi soir, dans le cadre d\u2019une r\u00e9union pl\u00e9ni\u00e8re, les projets de loi sur le budget de l&rsquo;Etat pour 2025 et sur les assurances sociales. Le vote suit de nombreux \u00e9pisodes de tension, car la coalition majoritaire [&hellip;]\" \/>\n<meta property=\"og:url\" content=\"https:\/\/www.rri.ro\/fr\/actualites\/les-dossiers-de-lactualite\/le-parlement-roumain-a-adopte-le-budget-2025-id858997.html\" \/>\n<meta property=\"og:site_name\" content=\"Radio Roumanie Internationale\" \/>\n<meta property=\"article:published_time\" content=\"2025-02-06T10:48:12+00:00\" \/>\n<meta property=\"og:image\" content=\"https:\/\/www.rri.ro\/wp-content\/uploads\/2025\/02\/parlament-reunit-gov-ro.jpeg\" \/>\n\t<meta property=\"og:image:width\" content=\"1200\" \/>\n\t<meta property=\"og:image:height\" content=\"702\" \/>\n\t<meta property=\"og:image:type\" content=\"image\/jpeg\" \/>\n<meta name=\"author\" content=\"Corina Cristea\" \/>\n<meta name=\"twitter:card\" content=\"summary_large_image\" \/>\n<meta name=\"twitter:label1\" content=\"\u00c9crit par\" \/>\n\t<meta name=\"twitter:data1\" content=\"Corina Cristea\" \/>\n\t<meta name=\"twitter:label2\" content=\"Dur\u00e9e de lecture estim\u00e9e\" \/>\n\t<meta name=\"twitter:data2\" content=\"3 minutes\" \/>\n\t<meta name=\"twitter:label3\" content=\"Written by\" \/>\n\t<meta name=\"twitter:data3\" content=\"Corina Cristea\" \/>\n<script type=\"application\/ld+json\" class=\"yoast-schema-graph\">{\"@context\":\"https:\\\/\\\/schema.org\",\"@graph\":[{\"@type\":\"Article\",\"@id\":\"https:\\\/\\\/www.rri.ro\\\/fr\\\/actualites\\\/les-dossiers-de-lactualite\\\/le-parlement-roumain-a-adopte-le-budget-2025-id858997.html#article\",\"isPartOf\":{\"@id\":\"https:\\\/\\\/www.rri.ro\\\/fr\\\/actualites\\\/les-dossiers-de-lactualite\\\/le-parlement-roumain-a-adopte-le-budget-2025-id858997.html\"},\"author\":{\"name\":\"Corina Cristea\",\"@id\":\"https:\\\/\\\/www.rri.ro\\\/#\\\/schema\\\/person\\\/f9ab1cb3569dee1b2c033a814bb7f0fc\"},\"headline\":\"Le Parlement roumain a adopt\u00e9 le budget 2025\",\"datePublished\":\"2025-02-06T10:48:12+00:00\",\"mainEntityOfPage\":{\"@id\":\"https:\\\/\\\/www.rri.ro\\\/fr\\\/actualites\\\/les-dossiers-de-lactualite\\\/le-parlement-roumain-a-adopte-le-budget-2025-id858997.html\"},\"wordCount\":553,\"image\":{\"@id\":\"https:\\\/\\\/www.rri.ro\\\/fr\\\/actualites\\\/les-dossiers-de-lactualite\\\/le-parlement-roumain-a-adopte-le-budget-2025-id858997.html#primaryimage\"},\"thumbnailUrl\":\"https:\\\/\\\/www.rri.ro\\\/wp-content\\\/uploads\\\/2025\\\/02\\\/parlament-reunit-gov-ro.jpeg\",\"keywords\":[\"budget\"],\"articleSection\":[\"Les dossiers de l'actualit\u00e9\"],\"inLanguage\":\"fr-FR\"},{\"@type\":\"WebPage\",\"@id\":\"https:\\\/\\\/www.rri.ro\\\/fr\\\/actualites\\\/les-dossiers-de-lactualite\\\/le-parlement-roumain-a-adopte-le-budget-2025-id858997.html\",\"url\":\"https:\\\/\\\/www.rri.ro\\\/fr\\\/actualites\\\/les-dossiers-de-lactualite\\\/le-parlement-roumain-a-adopte-le-budget-2025-id858997.html\",\"name\":\"Le Parlement roumain a adopt\u00e9 le budget 2025 - Radio Roumanie Internationale\",\"isPartOf\":{\"@id\":\"https:\\\/\\\/www.rri.ro\\\/#website\"},\"primaryImageOfPage\":{\"@id\":\"https:\\\/\\\/www.rri.ro\\\/fr\\\/actualites\\\/les-dossiers-de-lactualite\\\/le-parlement-roumain-a-adopte-le-budget-2025-id858997.html#primaryimage\"},\"image\":{\"@id\":\"https:\\\/\\\/www.rri.ro\\\/fr\\\/actualites\\\/les-dossiers-de-lactualite\\\/le-parlement-roumain-a-adopte-le-budget-2025-id858997.html#primaryimage\"},\"thumbnailUrl\":\"https:\\\/\\\/www.rri.ro\\\/wp-content\\\/uploads\\\/2025\\\/02\\\/parlament-reunit-gov-ro.jpeg\",\"datePublished\":\"2025-02-06T10:48:12+00:00\",\"author\":{\"@id\":\"https:\\\/\\\/www.rri.ro\\\/#\\\/schema\\\/person\\\/f9ab1cb3569dee1b2c033a814bb7f0fc\"},\"breadcrumb\":{\"@id\":\"https:\\\/\\\/www.rri.ro\\\/fr\\\/actualites\\\/les-dossiers-de-lactualite\\\/le-parlement-roumain-a-adopte-le-budget-2025-id858997.html#breadcrumb\"},\"inLanguage\":\"fr-FR\",\"potentialAction\":[{\"@type\":\"ReadAction\",\"target\":[\"https:\\\/\\\/www.rri.ro\\\/fr\\\/actualites\\\/les-dossiers-de-lactualite\\\/le-parlement-roumain-a-adopte-le-budget-2025-id858997.html\"]}]},{\"@type\":\"ImageObject\",\"inLanguage\":\"fr-FR\",\"@id\":\"https:\\\/\\\/www.rri.ro\\\/fr\\\/actualites\\\/les-dossiers-de-lactualite\\\/le-parlement-roumain-a-adopte-le-budget-2025-id858997.html#primaryimage\",\"url\":\"https:\\\/\\\/www.rri.ro\\\/wp-content\\\/uploads\\\/2025\\\/02\\\/parlament-reunit-gov-ro.jpeg\",\"contentUrl\":\"https:\\\/\\\/www.rri.ro\\\/wp-content\\\/uploads\\\/2025\\\/02\\\/parlament-reunit-gov-ro.jpeg\",\"width\":1200,\"height\":702,\"caption\":\"Parliament of Romania (Photo: gov.ro)\"},{\"@type\":\"BreadcrumbList\",\"@id\":\"https:\\\/\\\/www.rri.ro\\\/fr\\\/actualites\\\/les-dossiers-de-lactualite\\\/le-parlement-roumain-a-adopte-le-budget-2025-id858997.html#breadcrumb\",\"itemListElement\":[{\"@type\":\"ListItem\",\"position\":1,\"name\":\"Page d'accueil\",\"item\":\"https:\\\/\\\/www.rri.ro\\\/fr\"},{\"@type\":\"ListItem\",\"position\":2,\"name\":\"Actualit\u00e9s\",\"item\":\"https:\\\/\\\/www.rri.ro\\\/fr\\\/actualites\"},{\"@type\":\"ListItem\",\"position\":3,\"name\":\"Les dossiers de l'actualit\u00e9\",\"item\":\"https:\\\/\\\/www.rri.ro\\\/fr\\\/actualites\\\/les-dossiers-de-lactualite\"},{\"@type\":\"ListItem\",\"position\":4,\"name\":\"Le Parlement roumain a adopt\u00e9 le budget 2025\"}]},{\"@type\":\"WebSite\",\"@id\":\"https:\\\/\\\/www.rri.ro\\\/#website\",\"url\":\"https:\\\/\\\/www.rri.ro\\\/\",\"name\":\"Radio Roumanie Internationale\",\"description\":\"Totul despre Rom\u00e2nia \u015fi rom\u00e2ni, \u00een 13 limbi\\\/dialecte!\",\"inLanguage\":\"fr-FR\"},{\"@type\":\"Person\",\"@id\":\"https:\\\/\\\/www.rri.ro\\\/#\\\/schema\\\/person\\\/f9ab1cb3569dee1b2c033a814bb7f0fc\",\"name\":\"Corina Cristea\",\"url\":\"https:\\\/\\\/www.rri.ro\\\/fr\\\/author\\\/corina-cristea\"}]}<\/script>\n<!-- \/ Yoast SEO plugin. -->","yoast_head_json":{"title":"Le Parlement roumain a adopt\u00e9 le budget 2025 - Radio Roumanie Internationale","robots":{"index":"index","follow":"follow","max-snippet":"max-snippet:-1","max-image-preview":"max-image-preview:large","max-video-preview":"max-video-preview:-1"},"canonical":"https:\/\/www.rri.ro\/fr\/actualites\/les-dossiers-de-lactualite\/le-parlement-roumain-a-adopte-le-budget-2025-id858997.html","og_locale":"fr_FR","og_type":"article","og_title":"Le Parlement roumain a adopt\u00e9 le budget 2025 - Radio Roumanie Internationale","og_description":"A la fin des d\u00e9bats marathon, qui ont dur\u00e9 plus de huit heures, le Parlement de Bucarest a adopt\u00e9, mercredi soir, dans le cadre d\u2019une r\u00e9union pl\u00e9ni\u00e8re, les projets de loi sur le budget de l&rsquo;Etat pour 2025 et sur les assurances sociales. Le vote suit de nombreux \u00e9pisodes de tension, car la coalition majoritaire [&hellip;]","og_url":"https:\/\/www.rri.ro\/fr\/actualites\/les-dossiers-de-lactualite\/le-parlement-roumain-a-adopte-le-budget-2025-id858997.html","og_site_name":"Radio Roumanie Internationale","article_published_time":"2025-02-06T10:48:12+00:00","og_image":[{"width":1200,"height":702,"url":"https:\/\/www.rri.ro\/wp-content\/uploads\/2025\/02\/parlament-reunit-gov-ro.jpeg","type":"image\/jpeg"}],"author":"Corina Cristea","twitter_card":"summary_large_image","twitter_misc":{"\u00c9crit par":"Corina Cristea","Dur\u00e9e de lecture estim\u00e9e":"3 minutes","Written by":"Corina Cristea"},"schema":{"@context":"https:\/\/schema.org","@graph":[{"@type":"Article","@id":"https:\/\/www.rri.ro\/fr\/actualites\/les-dossiers-de-lactualite\/le-parlement-roumain-a-adopte-le-budget-2025-id858997.html#article","isPartOf":{"@id":"https:\/\/www.rri.ro\/fr\/actualites\/les-dossiers-de-lactualite\/le-parlement-roumain-a-adopte-le-budget-2025-id858997.html"},"author":{"name":"Corina Cristea","@id":"https:\/\/www.rri.ro\/#\/schema\/person\/f9ab1cb3569dee1b2c033a814bb7f0fc"},"headline":"Le Parlement roumain a adopt\u00e9 le budget 2025","datePublished":"2025-02-06T10:48:12+00:00","mainEntityOfPage":{"@id":"https:\/\/www.rri.ro\/fr\/actualites\/les-dossiers-de-lactualite\/le-parlement-roumain-a-adopte-le-budget-2025-id858997.html"},"wordCount":553,"image":{"@id":"https:\/\/www.rri.ro\/fr\/actualites\/les-dossiers-de-lactualite\/le-parlement-roumain-a-adopte-le-budget-2025-id858997.html#primaryimage"},"thumbnailUrl":"https:\/\/www.rri.ro\/wp-content\/uploads\/2025\/02\/parlament-reunit-gov-ro.jpeg","keywords":["budget"],"articleSection":["Les dossiers de l'actualit\u00e9"],"inLanguage":"fr-FR"},{"@type":"WebPage","@id":"https:\/\/www.rri.ro\/fr\/actualites\/les-dossiers-de-lactualite\/le-parlement-roumain-a-adopte-le-budget-2025-id858997.html","url":"https:\/\/www.rri.ro\/fr\/actualites\/les-dossiers-de-lactualite\/le-parlement-roumain-a-adopte-le-budget-2025-id858997.html","name":"Le Parlement roumain a adopt\u00e9 le budget 2025 - Radio Roumanie Internationale","isPartOf":{"@id":"https:\/\/www.rri.ro\/#website"},"primaryImageOfPage":{"@id":"https:\/\/www.rri.ro\/fr\/actualites\/les-dossiers-de-lactualite\/le-parlement-roumain-a-adopte-le-budget-2025-id858997.html#primaryimage"},"image":{"@id":"https:\/\/www.rri.ro\/fr\/actualites\/les-dossiers-de-lactualite\/le-parlement-roumain-a-adopte-le-budget-2025-id858997.html#primaryimage"},"thumbnailUrl":"https:\/\/www.rri.ro\/wp-content\/uploads\/2025\/02\/parlament-reunit-gov-ro.jpeg","datePublished":"2025-02-06T10:48:12+00:00","author":{"@id":"https:\/\/www.rri.ro\/#\/schema\/person\/f9ab1cb3569dee1b2c033a814bb7f0fc"},"breadcrumb":{"@id":"https:\/\/www.rri.ro\/fr\/actualites\/les-dossiers-de-lactualite\/le-parlement-roumain-a-adopte-le-budget-2025-id858997.html#breadcrumb"},"inLanguage":"fr-FR","potentialAction":[{"@type":"ReadAction","target":["https:\/\/www.rri.ro\/fr\/actualites\/les-dossiers-de-lactualite\/le-parlement-roumain-a-adopte-le-budget-2025-id858997.html"]}]},{"@type":"ImageObject","inLanguage":"fr-FR","@id":"https:\/\/www.rri.ro\/fr\/actualites\/les-dossiers-de-lactualite\/le-parlement-roumain-a-adopte-le-budget-2025-id858997.html#primaryimage","url":"https:\/\/www.rri.ro\/wp-content\/uploads\/2025\/02\/parlament-reunit-gov-ro.jpeg","contentUrl":"https:\/\/www.rri.ro\/wp-content\/uploads\/2025\/02\/parlament-reunit-gov-ro.jpeg","width":1200,"height":702,"caption":"Parliament of Romania (Photo: gov.ro)"},{"@type":"BreadcrumbList","@id":"https:\/\/www.rri.ro\/fr\/actualites\/les-dossiers-de-lactualite\/le-parlement-roumain-a-adopte-le-budget-2025-id858997.html#breadcrumb","itemListElement":[{"@type":"ListItem","position":1,"name":"Page d'accueil","item":"https:\/\/www.rri.ro\/fr"},{"@type":"ListItem","position":2,"name":"Actualit\u00e9s","item":"https:\/\/www.rri.ro\/fr\/actualites"},{"@type":"ListItem","position":3,"name":"Les dossiers de l'actualit\u00e9","item":"https:\/\/www.rri.ro\/fr\/actualites\/les-dossiers-de-lactualite"},{"@type":"ListItem","position":4,"name":"Le Parlement roumain a adopt\u00e9 le budget 2025"}]},{"@type":"WebSite","@id":"https:\/\/www.rri.ro\/#website","url":"https:\/\/www.rri.ro\/","name":"Radio Roumanie Internationale","description":"Totul despre Rom\u00e2nia \u015fi rom\u00e2ni, \u00een 13 limbi\/dialecte!","inLanguage":"fr-FR"},{"@type":"Person","@id":"https:\/\/www.rri.ro\/#\/schema\/person\/f9ab1cb3569dee1b2c033a814bb7f0fc","name":"Corina Cristea","url":"https:\/\/www.rri.ro\/fr\/author\/corina-cristea"}]}},"_links":{"self":[{"href":"https:\/\/www.rri.ro\/fr\/wp-json\/wp\/v2\/posts\/858997","targetHints":{"allow":["GET"]}}],"collection":[{"href":"https:\/\/www.rri.ro\/fr\/wp-json\/wp\/v2\/posts"}],"about":[{"href":"https:\/\/www.rri.ro\/fr\/wp-json\/wp\/v2\/types\/post"}],"author":[{"embeddable":true,"href":"https:\/\/www.rri.ro\/fr\/wp-json\/wp\/v2\/users\/108"}],"replies":[{"embeddable":true,"href":"https:\/\/www.rri.ro\/fr\/wp-json\/wp\/v2\/comments?post=858997"}],"version-history":[{"count":0,"href":"https:\/\/www.rri.ro\/fr\/wp-json\/wp\/v2\/posts\/858997\/revisions"}],"wp:featuredmedia":[{"embeddable":true,"href":"https:\/\/www.rri.ro\/fr\/wp-json\/wp\/v2\/media\/857532"}],"wp:attachment":[{"href":"https:\/\/www.rri.ro\/fr\/wp-json\/wp\/v2\/media?parent=858997"}],"wp:term":[{"taxonomy":"category","embeddable":true,"href":"https:\/\/www.rri.ro\/fr\/wp-json\/wp\/v2\/categories?post=858997"},{"taxonomy":"post_tag","embeddable":true,"href":"https:\/\/www.rri.ro\/fr\/wp-json\/wp\/v2\/tags?post=858997"},{"taxonomy":"author","embeddable":true,"href":"https:\/\/www.rri.ro\/fr\/wp-json\/wp\/v2\/coauthors?post=858997"}],"curies":[{"name":"wp","href":"https:\/\/api.w.org\/{rel}","templated":true}]}}