{"id":859225,"date":"2025-02-06T19:55:55","date_gmt":"2025-02-06T17:55:55","guid":{"rendered":"https:\/\/www.rri.ro\/?p=859225"},"modified":"2025-02-06T19:50:10","modified_gmt":"2025-02-06T17:50:10","slug":"06-02-2025-mise-a-jour-2","status":"publish","type":"post","link":"https:\/\/www.rri.ro\/fr\/actualites\/le-flash\/06-02-2025-mise-a-jour-2-id859225.html","title":{"rendered":"06.02.2025 (mise \u00e0 jour 2)"},"content":{"rendered":"<p><strong>Budget<\/strong> &#8211; Le gouvernement de coalition de Bucarest s&rsquo;est r\u00e9uni ce jeudi pour sa premi\u00e8re session apr\u00e8s l&rsquo;adoption du budget de l&rsquo;\u00c9tat de cette ann\u00e9e. L&rsquo;ex\u00e9cutif a d\u00e9cid\u00e9 que le salaire minimum brut de base, dont le paiement est garanti, sera actualis\u00e9 chaque ann\u00e9e en fonction de l&rsquo;inflation et de la productivit\u00e9 du travail. Le porte-parole du gouvernement, Mihai Constantin, a d\u00e9clar\u00e9 qu&rsquo;il s&rsquo;agit du m\u00e9canisme de calcul europ\u00e9en qui sera \u00e9galement appliqu\u00e9 en Roumanie et qu&rsquo;il apportera de la pr\u00e9visibilit\u00e9 \u00e0 l&rsquo;\u00e9volution du salaire minimum brut. Depuis le d\u00e9but de l&rsquo;ann\u00e9e, le salaire minimum brut en Roumanie est de 4 050 lei (environ 810 euros). L&rsquo;ex\u00e9cutif a \u00e9galement approuv\u00e9 plusieurs projets d&rsquo;investissement visant la transition verte, d&rsquo;une valeur de pr\u00e8s de 90 millions de lei (environ 18 millions d&rsquo;euros), ainsi que les priorit\u00e9s de cette ann\u00e9e dans le cadre du programme de d\u00e9veloppement local \u00ab Anghel Saligny \u00bb.<\/p>\n<p>&nbsp;<\/p>\n<p><strong>Espagne<\/strong> &#8211; 52 ressortissants roumains qui \u00e9taient d\u00e9tenus en semi-esclavage dans une plantation de la r\u00e9gion de S\u00e9ville ont \u00e9t\u00e9 lib\u00e9r\u00e9s par la police espagnole. Les conditions dans lesquelles ils vivaient et travaillaient ont \u00e9t\u00e9 d\u00e9crites par les autorit\u00e9s comme \u00ab difficiles \u00e0 imaginer \u00bb. Le groupe responsable \u00e9tait compos\u00e9 de quatre Roumains et faisait venir des ressortissants roumains pour effectuer des travaux agricoles, principalement la cueillette d&rsquo;oranges et d&rsquo;olives. Les suspects recrutaient les travailleurs par le biais d&rsquo;annonces publi\u00e9es sur les r\u00e9seaux sociaux et leur promettaient des salaires \u00e9lev\u00e9s, un logement d\u00e9cent et un transport gratuit. Une fois arriv\u00e9s en Espagne, leurs papiers d&rsquo;identit\u00e9 \u00e9taient confisqu\u00e9s sous pr\u00e9texte de r\u00e9aliser des contrats de services sociaux, bien que l&rsquo;enqu\u00eate ait r\u00e9v\u00e9l\u00e9 qu&rsquo;aucun des 52 Roumains n&rsquo;\u00e9tait enregistr\u00e9 pour ces prestations. Les salaires per\u00e7us \u00e9taient \u00e9galement bien inf\u00e9rieurs \u00e0 ceux promis. Les individus justifiaient ce montant r\u00e9duit par la n\u00e9cessit\u00e9 de couvrir les dettes des travailleurs en mati\u00e8re de logement et de transport. Les victimes ont \u00e9t\u00e9 menac\u00e9es de violences si elles s&rsquo;adressaient aux autorit\u00e9s. Les responsables ont \u00e9t\u00e9 arr\u00eat\u00e9s par des policiers en Andalousie et les 52 victimes sont d\u00e9sormais sous la garde des services sociaux espagnols.<\/p>\n<p>&nbsp;<\/p>\n<p><strong>Eurostat<\/strong> &#8211; Selon une enqu\u00eate d&rsquo;Eurostat publi\u00e9e aujourd&rsquo;hui, les Roumains figurent parmi les citoyens europ\u00e9ens les plus travailleurs. La r\u00e9gion de Bucarest-Ilfov a le taux d&rsquo;intensit\u00e9 de main-d&rsquo;\u0153uvre le plus \u00e9lev\u00e9 de toutes les r\u00e9gions europ\u00e9ennes. Elle est suivie par Salzbourg et le Tyrol en Autriche avec des pourcentages similaires, par Bratislava en Slovaquie et, en cinqui\u00e8me position, par la r\u00e9gion nord-est de la Roumanie, o\u00f9 seulement 1,7 % des m\u00e9nages ont une faible intensit\u00e9 de main-d&rsquo;\u0153uvre. L&rsquo;intensit\u00e9 du travail est d\u00e9finie par le nombre d&rsquo;heures effectivement consacr\u00e9es au travail. Les donn\u00e9es d&rsquo;Eurostat montrent \u00e9galement que le taux le plus \u00e9lev\u00e9 de faible intensit\u00e9 de main-d&rsquo;\u0153uvre est observ\u00e9 dans les m\u00e9nages des territoires fran\u00e7ais situ\u00e9s hors de l&rsquo;Europe continentale, en Guyane fran\u00e7aise ou \u00e0 La R\u00e9union. En Guyane, par exemple, pr\u00e8s de 42 % des m\u00e9nages pr\u00e9sentent cette caract\u00e9ristique. Viennent ensuite deux r\u00e9gions d&rsquo;Allemagne, comme Br\u00eame, avec pr\u00e8s de 23 %, et des r\u00e9gions de Belgique et d&rsquo;Italie avec des proportions similaires.<\/p>\n<p>&nbsp;<\/p>\n<p><strong>D\u00e9menti<\/strong> &#8211; Le minist\u00e8re roumain de la D\u00e9fense d\u00e9ment les informations selon lesquelles plusieurs soldats des forces d&rsquo;op\u00e9rations sp\u00e9ciales ont particip\u00e9 \u00e0 des missions de s\u00e9curit\u00e9 priv\u00e9es en Afrique. Aucun militaire roumain n&rsquo;a pris de cong\u00e9 sans solde pour participer \u00e0 de telles missions, selon la publication en ligne PressOne, a d\u00e9clar\u00e9 le porte-parole du minist\u00e8re, le g\u00e9n\u00e9ral Constantin Sp\u00eenu. Ce dernier a par ailleurs soulign\u00e9 qu&rsquo;au cours de la p\u00e9riode 2022-2024, seul un militaire des structures des Forces d&rsquo;op\u00e9rations sp\u00e9ciales a \u00e9t\u00e9 en cong\u00e9 sans solde pour une raison objective, sans rapport avec le sujet de l&rsquo;article. Selon la publication mentionn\u00e9e ci-dessus, en 2023, Hora\u021biu Potra, un mercenaire de l&rsquo;entourage du candidat pr\u00e9sidentiel souverainiste C\u0103lin Georgescu, aurait emmen\u00e9 environ 1 000 Roumains combattre au Congo, dont des dizaines de soldats des structures d&rsquo;\u00e9lite, des r\u00e9servistes des forces sp\u00e9ciales, des anciens combattants de la L\u00e9gion fran\u00e7aise, des membres des services secrets et des personnes issues d&rsquo;unit\u00e9s sp\u00e9ciales de la police.<\/p>\n<p>&nbsp;<\/p>\n<p><strong>Visite<\/strong> \u2013 La Roumanie continuera \u00e0 fournir tout le soutien n\u00e9cessaire en tant que pays h\u00f4te du groupement tactique de l&rsquo;OTAN en Roumanie, a d\u00e9clar\u00e9 jeudi le ministre roumain de la D\u00e9fense Angel T\u00eelv\u0103r au ministre d\u00e9l\u00e9gu\u00e9 aux Affaires europ\u00e9ennes de France, Benjamin Haddad. Les entretiens \u00e0 Bucarest ont port\u00e9 sur la coop\u00e9ration au sein de l&rsquo;OTAN, notamment le renforcement du Groupement tactique de l&rsquo;OTAN en Roumanie, dont la France est la nation cadre. Benjamin Haddad a \u00e9galement \u00e9t\u00e9 re\u00e7u mercredi par le ministre des Affaires \u00e9trang\u00e8res, Emil Hurezeanu. Benjamin Haddad \u00e9tait en visite de deux jours \u00e0 Bucarest pour exprimer la solidarit\u00e9 de la France envers la Roumanie, soumise \u00e0 des ing\u00e9rences ext\u00e9rieures. L&rsquo;organisme gouvernemental fran\u00e7ais charg\u00e9 de la protection contre les interf\u00e9rences num\u00e9riques \u00e9trang\u00e8res, VIGINUM, affirme, dans un rapport cit\u00e9 par le correspondant de Radio Roumanie \u00e0 Paris, que de telles man\u0153uvres ont perturb\u00e9 le bon d\u00e9roulement des \u00e9lections pr\u00e9sidentielles en Roumanie \u00e0 la fin de l&rsquo;ann\u00e9e derni\u00e8re.<\/p>\n<p>&nbsp;<\/p>\n<p><strong>Incendie \u2013 <\/strong>Deux soignantes ont \u00e9t\u00e9 d\u00e9f\u00e9r\u00e9es \u00e0 la Justice par les procureurs du Parquet g\u00e9n\u00e9ral dans le cas de l\u2019incendie produite en novembre 2020 dans le cadre de la section d\u2019anesth\u00e9sie et th\u00e9rapie intensive de l\u2019h\u00f4pital d\u00e9partemental des urgences de Piatra-Neamt, dans le nord-est de la Roumanie, qui a fait neuf victimes. Elles sont inculp\u00e9es pour des faits de destruction qui ont eu comme cons\u00e9quence un d\u00e9sastre et pour le non-respect des mesures l\u00e9gales de s\u00e9curit\u00e9 et de sant\u00e9 sur le lieu de travail. Les deux aides-soignantes n\u2019auraient pas pris les mesures n\u00e9cessaires pour \u00e9teindre ou d\u00e9placer un cierge qui brulait au chevet d\u2019un patient en agonie et qui aurait provoqu\u00e9 le d\u00e9sastre. Les deux aides soignantes auraient transgress\u00e9 plusieurs articles l\u00e9gislatifs visant \u00e0 assurer la s\u00e9curit\u00e9 et la sant\u00e9 au travail, les mesures de s\u00e9curit\u00e9 contre les incendies et des bonnes pratiques dans l\u2019exercice de l\u2019acte m\u00e9dical.<\/p>\n<p><strong>\u00a0<\/strong><\/p>\n<p><strong>Parti des Jeunes \u2013<\/strong> Le parti des Jeunes, qui vient d\u2019acc\u00e9der au Parlement de Bucarest a d\u00e9pos\u00e9 mercredi soir une troisi\u00e8me demande de suspension du pr\u00e9sident sortant de la Roumanie, Klaus Iohannis. Cette d\u00e9marche intervient apr\u00e8s l\u2019\u00e9chec de l\u2019Opposition de mettre \u00e0 l\u2019agenda du Parlement les demandes ant\u00e9rieures \u00e0 causes de vices de proc\u00e9dure. Si les proc\u00e9dures l\u00e9gales ne sont pas r\u00e9alis\u00e9es, la direction du Parlement convoquera le pl\u00e9num des deux Chambres pour le vote. Rappelons-le, le second mandat de cinq ans du pr\u00e9sident Klaus Iohannis a expir\u00e9 le 21 d\u00e9cembre de l\u2019ann\u00e9e derni\u00e8re, mais suite \u00e0 l\u2019annulation des \u00e9lections pr\u00e9sidentielles, il reste \u00e0 la t\u00eate de la Roumanie jusqu\u2019\u00e0 l\u2019\u00e9lection d\u2019un nouveau chef de l\u2019Etat.<\/p>\n<p>&nbsp;<\/p>\n<p><strong>M\u00e9t\u00e9o<\/strong> \u2013 Il fait assez frisquet en Roumanie, o\u00f9 les temp\u00e9ratures fr\u00f4lent les 0 degr\u00e9s, un peu plus \u00e9lev\u00e9es sur l\u2019ouest et le sud-ouest. Les maximas ne devraient pas d\u00e9passer les 7 degr\u00e9s. Le ciel est couvert et il neige en montagne, mais aussi sur le centre, le sud, le sud-est et l\u2019est. Quelques flocons de neige sont pr\u00e9sents \u00e9galement \u00e0 Bucarest.<\/p>\n","protected":false},"excerpt":{"rendered":"<p>Budget &#8211; Le gouvernement de coalition de Bucarest s&rsquo;est r\u00e9uni ce jeudi pour sa premi\u00e8re session apr\u00e8s l&rsquo;adoption du budget de l&rsquo;\u00c9tat de cette ann\u00e9e. L&rsquo;ex\u00e9cutif a d\u00e9cid\u00e9 que le salaire minimum brut de base, dont le paiement est garanti, sera actualis\u00e9 chaque ann\u00e9e en fonction de l&rsquo;inflation et de la productivit\u00e9 du travail. Le [&hellip;]<\/p>\n","protected":false},"author":113,"featured_media":723357,"comment_status":"closed","ping_status":"closed","sticky":false,"template":"","format":"standard","meta":{"_acf_changed":false,"footnotes":""},"categories":[89002],"tags":[148511,163148,85297,88897,163147,87096,163146,88296,85567,85944,95075,85412],"coauthors":[116091],"class_list":["post-859225","post","type-post","status-publish","format-standard","has-post-thumbnail","hentry","category-le-flash","tag-budget-fr","tag-congo-fr","tag-esclavage","tag-espagne","tag-eurostats","tag-gouvernement","tag-mercenaires","tag-parlement","tag-politique","tag-presse-roumaine","tag-revue-de-presse","tag-roumanie"],"acf":[],"yoast_head":"<!-- This site is optimized with the Yoast SEO plugin v27.3 - https:\/\/yoast.com\/product\/yoast-seo-wordpress\/ -->\n<title>06.02.2025 (mise \u00e0 jour 2) - Radio Roumanie Internationale<\/title>\n<meta name=\"robots\" content=\"index, follow, max-snippet:-1, max-image-preview:large, max-video-preview:-1\" \/>\n<link rel=\"canonical\" href=\"https:\/\/www.rri.ro\/fr\/actualites\/le-flash\/06-02-2025-mise-a-jour-2-id859225.html\" \/>\n<meta property=\"og:locale\" content=\"fr_FR\" \/>\n<meta property=\"og:type\" content=\"article\" \/>\n<meta property=\"og:title\" content=\"06.02.2025 (mise \u00e0 jour 2) - Radio Roumanie Internationale\" \/>\n<meta property=\"og:description\" content=\"Budget &#8211; Le gouvernement de coalition de Bucarest s&rsquo;est r\u00e9uni ce jeudi pour sa premi\u00e8re session apr\u00e8s l&rsquo;adoption du budget de l&rsquo;\u00c9tat de cette ann\u00e9e. L&rsquo;ex\u00e9cutif a d\u00e9cid\u00e9 que le salaire minimum brut de base, dont le paiement est garanti, sera actualis\u00e9 chaque ann\u00e9e en fonction de l&rsquo;inflation et de la productivit\u00e9 du travail. Le [&hellip;]\" \/>\n<meta property=\"og:url\" content=\"https:\/\/www.rri.ro\/fr\/actualites\/le-flash\/06-02-2025-mise-a-jour-2-id859225.html\" \/>\n<meta property=\"og:site_name\" content=\"Radio Roumanie Internationale\" \/>\n<meta property=\"article:published_time\" content=\"2025-02-06T17:55:55+00:00\" \/>\n<meta property=\"og:image\" content=\"https:\/\/www.rri.ro\/wp-content\/uploads\/2024\/03\/RRI-960x540-Le-flash-2-NOU.jpg\" \/>\n\t<meta property=\"og:image:width\" content=\"960\" \/>\n\t<meta property=\"og:image:height\" content=\"540\" \/>\n\t<meta property=\"og:image:type\" content=\"image\/jpeg\" \/>\n<meta name=\"author\" content=\"Newsroom\" \/>\n<meta name=\"twitter:card\" content=\"summary_large_image\" \/>\n<meta name=\"twitter:label1\" content=\"\u00c9crit par\" \/>\n\t<meta name=\"twitter:data1\" content=\"Newsroom\" \/>\n\t<meta name=\"twitter:label2\" content=\"Dur\u00e9e de lecture estim\u00e9e\" \/>\n\t<meta name=\"twitter:data2\" content=\"7 minutes\" \/>\n\t<meta name=\"twitter:label3\" content=\"Written by\" \/>\n\t<meta name=\"twitter:data3\" content=\"Newsroom\" \/>\n<script type=\"application\/ld+json\" class=\"yoast-schema-graph\">{\"@context\":\"https:\\\/\\\/schema.org\",\"@graph\":[{\"@type\":\"Article\",\"@id\":\"https:\\\/\\\/www.rri.ro\\\/fr\\\/actualites\\\/le-flash\\\/06-02-2025-mise-a-jour-2-id859225.html#article\",\"isPartOf\":{\"@id\":\"https:\\\/\\\/www.rri.ro\\\/fr\\\/actualites\\\/le-flash\\\/06-02-2025-mise-a-jour-2-id859225.html\"},\"author\":{\"name\":\"Newsroom\",\"@id\":\"https:\\\/\\\/www.rri.ro\\\/#\\\/schema\\\/person\\\/4a479940371b9fdefd194f561e8a7f88\"},\"headline\":\"06.02.2025 (mise \u00e0 jour 2)\",\"datePublished\":\"2025-02-06T17:55:55+00:00\",\"mainEntityOfPage\":{\"@id\":\"https:\\\/\\\/www.rri.ro\\\/fr\\\/actualites\\\/le-flash\\\/06-02-2025-mise-a-jour-2-id859225.html\"},\"wordCount\":1349,\"image\":{\"@id\":\"https:\\\/\\\/www.rri.ro\\\/fr\\\/actualites\\\/le-flash\\\/06-02-2025-mise-a-jour-2-id859225.html#primaryimage\"},\"thumbnailUrl\":\"https:\\\/\\\/www.rri.ro\\\/wp-content\\\/uploads\\\/2024\\\/03\\\/RRI-960x540-Le-flash-2-NOU.jpg\",\"keywords\":[\"budget\",\"Congo\",\"esclavage\",\"Espagne\",\"Eurostats\",\"gouvernement\",\"mercenaires\",\"Parlement\",\"politique\",\"presse roumaine\",\"revue de presse\",\"Roumanie\"],\"articleSection\":[\"Le flash\"],\"inLanguage\":\"fr-FR\"},{\"@type\":\"WebPage\",\"@id\":\"https:\\\/\\\/www.rri.ro\\\/fr\\\/actualites\\\/le-flash\\\/06-02-2025-mise-a-jour-2-id859225.html\",\"url\":\"https:\\\/\\\/www.rri.ro\\\/fr\\\/actualites\\\/le-flash\\\/06-02-2025-mise-a-jour-2-id859225.html\",\"name\":\"06.02.2025 (mise \u00e0 jour 2) - Radio Roumanie Internationale\",\"isPartOf\":{\"@id\":\"https:\\\/\\\/www.rri.ro\\\/#website\"},\"primaryImageOfPage\":{\"@id\":\"https:\\\/\\\/www.rri.ro\\\/fr\\\/actualites\\\/le-flash\\\/06-02-2025-mise-a-jour-2-id859225.html#primaryimage\"},\"image\":{\"@id\":\"https:\\\/\\\/www.rri.ro\\\/fr\\\/actualites\\\/le-flash\\\/06-02-2025-mise-a-jour-2-id859225.html#primaryimage\"},\"thumbnailUrl\":\"https:\\\/\\\/www.rri.ro\\\/wp-content\\\/uploads\\\/2024\\\/03\\\/RRI-960x540-Le-flash-2-NOU.jpg\",\"datePublished\":\"2025-02-06T17:55:55+00:00\",\"author\":{\"@id\":\"https:\\\/\\\/www.rri.ro\\\/#\\\/schema\\\/person\\\/4a479940371b9fdefd194f561e8a7f88\"},\"breadcrumb\":{\"@id\":\"https:\\\/\\\/www.rri.ro\\\/fr\\\/actualites\\\/le-flash\\\/06-02-2025-mise-a-jour-2-id859225.html#breadcrumb\"},\"inLanguage\":\"fr-FR\",\"potentialAction\":[{\"@type\":\"ReadAction\",\"target\":[\"https:\\\/\\\/www.rri.ro\\\/fr\\\/actualites\\\/le-flash\\\/06-02-2025-mise-a-jour-2-id859225.html\"]}]},{\"@type\":\"ImageObject\",\"inLanguage\":\"fr-FR\",\"@id\":\"https:\\\/\\\/www.rri.ro\\\/fr\\\/actualites\\\/le-flash\\\/06-02-2025-mise-a-jour-2-id859225.html#primaryimage\",\"url\":\"https:\\\/\\\/www.rri.ro\\\/wp-content\\\/uploads\\\/2024\\\/03\\\/RRI-960x540-Le-flash-2-NOU.jpg\",\"contentUrl\":\"https:\\\/\\\/www.rri.ro\\\/wp-content\\\/uploads\\\/2024\\\/03\\\/RRI-960x540-Le-flash-2-NOU.jpg\",\"width\":960,\"height\":540},{\"@type\":\"BreadcrumbList\",\"@id\":\"https:\\\/\\\/www.rri.ro\\\/fr\\\/actualites\\\/le-flash\\\/06-02-2025-mise-a-jour-2-id859225.html#breadcrumb\",\"itemListElement\":[{\"@type\":\"ListItem\",\"position\":1,\"name\":\"Page d'accueil\",\"item\":\"https:\\\/\\\/www.rri.ro\\\/fr\"},{\"@type\":\"ListItem\",\"position\":2,\"name\":\"Actualit\u00e9s\",\"item\":\"https:\\\/\\\/www.rri.ro\\\/fr\\\/actualites\"},{\"@type\":\"ListItem\",\"position\":3,\"name\":\"Le flash\",\"item\":\"https:\\\/\\\/www.rri.ro\\\/fr\\\/actualites\\\/le-flash\"},{\"@type\":\"ListItem\",\"position\":4,\"name\":\"06.02.2025 (mise \u00e0 jour 2)\"}]},{\"@type\":\"WebSite\",\"@id\":\"https:\\\/\\\/www.rri.ro\\\/#website\",\"url\":\"https:\\\/\\\/www.rri.ro\\\/\",\"name\":\"Radio Roumanie Internationale\",\"description\":\"Totul despre Rom\u00e2nia \u015fi rom\u00e2ni, \u00een 13 limbi\\\/dialecte!\",\"inLanguage\":\"fr-FR\"},{\"@type\":\"Person\",\"@id\":\"https:\\\/\\\/www.rri.ro\\\/#\\\/schema\\\/person\\\/4a479940371b9fdefd194f561e8a7f88\",\"name\":\"Newsroom\",\"url\":\"https:\\\/\\\/www.rri.ro\\\/fr\\\/author\\\/newsroom\"}]}<\/script>\n<!-- \/ Yoast SEO plugin. -->","yoast_head_json":{"title":"06.02.2025 (mise \u00e0 jour 2) - Radio Roumanie Internationale","robots":{"index":"index","follow":"follow","max-snippet":"max-snippet:-1","max-image-preview":"max-image-preview:large","max-video-preview":"max-video-preview:-1"},"canonical":"https:\/\/www.rri.ro\/fr\/actualites\/le-flash\/06-02-2025-mise-a-jour-2-id859225.html","og_locale":"fr_FR","og_type":"article","og_title":"06.02.2025 (mise \u00e0 jour 2) - Radio Roumanie Internationale","og_description":"Budget &#8211; Le gouvernement de coalition de Bucarest s&rsquo;est r\u00e9uni ce jeudi pour sa premi\u00e8re session apr\u00e8s l&rsquo;adoption du budget de l&rsquo;\u00c9tat de cette ann\u00e9e. L&rsquo;ex\u00e9cutif a d\u00e9cid\u00e9 que le salaire minimum brut de base, dont le paiement est garanti, sera actualis\u00e9 chaque ann\u00e9e en fonction de l&rsquo;inflation et de la productivit\u00e9 du travail. Le [&hellip;]","og_url":"https:\/\/www.rri.ro\/fr\/actualites\/le-flash\/06-02-2025-mise-a-jour-2-id859225.html","og_site_name":"Radio Roumanie Internationale","article_published_time":"2025-02-06T17:55:55+00:00","og_image":[{"width":960,"height":540,"url":"https:\/\/www.rri.ro\/wp-content\/uploads\/2024\/03\/RRI-960x540-Le-flash-2-NOU.jpg","type":"image\/jpeg"}],"author":"Newsroom","twitter_card":"summary_large_image","twitter_misc":{"\u00c9crit par":"Newsroom","Dur\u00e9e de lecture estim\u00e9e":"7 minutes","Written by":"Newsroom"},"schema":{"@context":"https:\/\/schema.org","@graph":[{"@type":"Article","@id":"https:\/\/www.rri.ro\/fr\/actualites\/le-flash\/06-02-2025-mise-a-jour-2-id859225.html#article","isPartOf":{"@id":"https:\/\/www.rri.ro\/fr\/actualites\/le-flash\/06-02-2025-mise-a-jour-2-id859225.html"},"author":{"name":"Newsroom","@id":"https:\/\/www.rri.ro\/#\/schema\/person\/4a479940371b9fdefd194f561e8a7f88"},"headline":"06.02.2025 (mise \u00e0 jour 2)","datePublished":"2025-02-06T17:55:55+00:00","mainEntityOfPage":{"@id":"https:\/\/www.rri.ro\/fr\/actualites\/le-flash\/06-02-2025-mise-a-jour-2-id859225.html"},"wordCount":1349,"image":{"@id":"https:\/\/www.rri.ro\/fr\/actualites\/le-flash\/06-02-2025-mise-a-jour-2-id859225.html#primaryimage"},"thumbnailUrl":"https:\/\/www.rri.ro\/wp-content\/uploads\/2024\/03\/RRI-960x540-Le-flash-2-NOU.jpg","keywords":["budget","Congo","esclavage","Espagne","Eurostats","gouvernement","mercenaires","Parlement","politique","presse roumaine","revue de presse","Roumanie"],"articleSection":["Le flash"],"inLanguage":"fr-FR"},{"@type":"WebPage","@id":"https:\/\/www.rri.ro\/fr\/actualites\/le-flash\/06-02-2025-mise-a-jour-2-id859225.html","url":"https:\/\/www.rri.ro\/fr\/actualites\/le-flash\/06-02-2025-mise-a-jour-2-id859225.html","name":"06.02.2025 (mise \u00e0 jour 2) - Radio Roumanie Internationale","isPartOf":{"@id":"https:\/\/www.rri.ro\/#website"},"primaryImageOfPage":{"@id":"https:\/\/www.rri.ro\/fr\/actualites\/le-flash\/06-02-2025-mise-a-jour-2-id859225.html#primaryimage"},"image":{"@id":"https:\/\/www.rri.ro\/fr\/actualites\/le-flash\/06-02-2025-mise-a-jour-2-id859225.html#primaryimage"},"thumbnailUrl":"https:\/\/www.rri.ro\/wp-content\/uploads\/2024\/03\/RRI-960x540-Le-flash-2-NOU.jpg","datePublished":"2025-02-06T17:55:55+00:00","author":{"@id":"https:\/\/www.rri.ro\/#\/schema\/person\/4a479940371b9fdefd194f561e8a7f88"},"breadcrumb":{"@id":"https:\/\/www.rri.ro\/fr\/actualites\/le-flash\/06-02-2025-mise-a-jour-2-id859225.html#breadcrumb"},"inLanguage":"fr-FR","potentialAction":[{"@type":"ReadAction","target":["https:\/\/www.rri.ro\/fr\/actualites\/le-flash\/06-02-2025-mise-a-jour-2-id859225.html"]}]},{"@type":"ImageObject","inLanguage":"fr-FR","@id":"https:\/\/www.rri.ro\/fr\/actualites\/le-flash\/06-02-2025-mise-a-jour-2-id859225.html#primaryimage","url":"https:\/\/www.rri.ro\/wp-content\/uploads\/2024\/03\/RRI-960x540-Le-flash-2-NOU.jpg","contentUrl":"https:\/\/www.rri.ro\/wp-content\/uploads\/2024\/03\/RRI-960x540-Le-flash-2-NOU.jpg","width":960,"height":540},{"@type":"BreadcrumbList","@id":"https:\/\/www.rri.ro\/fr\/actualites\/le-flash\/06-02-2025-mise-a-jour-2-id859225.html#breadcrumb","itemListElement":[{"@type":"ListItem","position":1,"name":"Page d'accueil","item":"https:\/\/www.rri.ro\/fr"},{"@type":"ListItem","position":2,"name":"Actualit\u00e9s","item":"https:\/\/www.rri.ro\/fr\/actualites"},{"@type":"ListItem","position":3,"name":"Le flash","item":"https:\/\/www.rri.ro\/fr\/actualites\/le-flash"},{"@type":"ListItem","position":4,"name":"06.02.2025 (mise \u00e0 jour 2)"}]},{"@type":"WebSite","@id":"https:\/\/www.rri.ro\/#website","url":"https:\/\/www.rri.ro\/","name":"Radio Roumanie Internationale","description":"Totul despre Rom\u00e2nia \u015fi rom\u00e2ni, \u00een 13 limbi\/dialecte!","inLanguage":"fr-FR"},{"@type":"Person","@id":"https:\/\/www.rri.ro\/#\/schema\/person\/4a479940371b9fdefd194f561e8a7f88","name":"Newsroom","url":"https:\/\/www.rri.ro\/fr\/author\/newsroom"}]}},"_links":{"self":[{"href":"https:\/\/www.rri.ro\/fr\/wp-json\/wp\/v2\/posts\/859225","targetHints":{"allow":["GET"]}}],"collection":[{"href":"https:\/\/www.rri.ro\/fr\/wp-json\/wp\/v2\/posts"}],"about":[{"href":"https:\/\/www.rri.ro\/fr\/wp-json\/wp\/v2\/types\/post"}],"author":[{"embeddable":true,"href":"https:\/\/www.rri.ro\/fr\/wp-json\/wp\/v2\/users\/113"}],"replies":[{"embeddable":true,"href":"https:\/\/www.rri.ro\/fr\/wp-json\/wp\/v2\/comments?post=859225"}],"version-history":[{"count":0,"href":"https:\/\/www.rri.ro\/fr\/wp-json\/wp\/v2\/posts\/859225\/revisions"}],"wp:featuredmedia":[{"embeddable":true,"href":"https:\/\/www.rri.ro\/fr\/wp-json\/wp\/v2\/media\/723357"}],"wp:attachment":[{"href":"https:\/\/www.rri.ro\/fr\/wp-json\/wp\/v2\/media?parent=859225"}],"wp:term":[{"taxonomy":"category","embeddable":true,"href":"https:\/\/www.rri.ro\/fr\/wp-json\/wp\/v2\/categories?post=859225"},{"taxonomy":"post_tag","embeddable":true,"href":"https:\/\/www.rri.ro\/fr\/wp-json\/wp\/v2\/tags?post=859225"},{"taxonomy":"author","embeddable":true,"href":"https:\/\/www.rri.ro\/fr\/wp-json\/wp\/v2\/coauthors?post=859225"}],"curies":[{"name":"wp","href":"https:\/\/api.w.org\/{rel}","templated":true}]}}