{"id":864087,"date":"2025-02-20T18:51:56","date_gmt":"2025-02-20T16:51:56","guid":{"rendered":"https:\/\/www.rri.ro\/?p=864087"},"modified":"2025-02-20T19:30:22","modified_gmt":"2025-02-20T17:30:22","slug":"20-02-2025-mise-a-jour","status":"publish","type":"post","link":"https:\/\/www.rri.ro\/fr\/actualites\/le-flash\/20-02-2025-mise-a-jour-id864087.html","title":{"rendered":"20.02.2025 (mise \u00e0 jour)"},"content":{"rendered":"<p><b>[mise \u00e0 jour 19:30]<\/b><\/p>\n<p><strong>Tennis<\/strong> &#8211; L&rsquo;\u00e9quipe masculine de Roumanie jouera \u00e0 l&rsquo;ext\u00e9rieur contre le Salvador en septembre 2025 dans le Groupe mondial II de la Coupe Davis, a annonc\u00e9 jeudi la F\u00e9d\u00e9ration roumaine de tennis sur sa page Facebook. La rencontre aura lieu les 12-13 ou 13-14 septembre. La Roumanie a \u00e9t\u00e9 battue 3-1 par la Bulgarie le 31 janvier-1er f\u00e9vrier \u00e0 Craiova dans le barrage du Groupe mondial I de la comp\u00e9tition. Dans le barrage du Groupe mondial II, le Salvador a battu la R\u00e9publique de Moldova 3-2 \u00e0 domicile \u00e0 Santa Tecla. La Roumanie n&rsquo;a pas encore rencontr\u00e9 le Salvador, une \u00e9quipe dont le joueur le plus connu est Marcelo Arevalo, le leader mondial du double. Il est \u00e0 noter qu&rsquo;il n&rsquo;y a aucun joueur du Salvador dans le classement actuel du simple.<\/p>\n<p>&nbsp;<\/p>\n<p><b>[mise \u00e0 jour 18:30]<\/b><\/p>\n<p><b>Ukraine <\/b>\u2013 Le premier ministre roumain, Marcel Ciolacu, a affirm\u00e9 jeudi, en parlant des n\u00e9gociations de paix pour l\u2019Ukraine qu\u2019il faudrait \u00e9viter les d\u00e9clarations dures des grands dignitaires mondiaux pour privil\u00e9gier une paix juste et durable que l\u2019Ukraine ne pourrait obtenir qu\u2019avec le soutien des Etats-Unis. Et lui d\u2019ajouter que la paix entra\u00eenera une baisse des tarifs \u00e9nerg\u00e9tiques et la relance des \u00e9conomies en Europe. Par la suite, il est vital que nous participions \u00e0 la reconstruction de l\u2019Ukraine, il s\u2019agit d\u2019yun projet de plus de 500 milliards d\u2019euros dont les entreprises roumaines devraient tirer profit. Et Ciolacu d\u2019annoncer qu\u2019\u00e0 l\u2019occasion d\u2019une visite de travail qu\u2019il effectuera vendredi, \u00e0 Bruxelles, il aura une entrevue avec la cheffe de la Commission europ\u00e9enne, Ursula von der Leyen. Leurs pourparlers porteront entre autres sur le PNRR et sur la situation s\u00e9curitaire dans l\u2019actuel contexte mondial. Marcel Ciolacu a pr\u00e9cis\u00e9 qu\u2019il sera accompagn\u00e9 \u00e0 Bruxelles par ses ministres des Investissements et des Projets europ\u00e9ens, Marcel Bolos et des Finances, Tanczos Barna.<\/p>\n<p>&nbsp;<\/p>\n<p><b>Bruxelles <\/b>\u2013 Invit\u00e9 \u00e0 la deuxi\u00e8me r\u00e9union informelle de Paris, le pr\u00e9sident roumain par int\u00e9rim, Ilie Bolojan, a d\u00e9clar\u00e9 que la s\u00e9curit\u00e9 de l\u2019Ukraine \u00e9tait directement li\u00e9e \u00e0 celle de l\u2019Europe et de la Roumanie. Il a plaid\u00e9 en faveur de la poursuite de la collaboration entre les pays europ\u00e9ens et les Etats-Unis pour assurer une paix juste et durable. \u201eOn ne saurait obtenir une paix \u00e9quitable sans la participation de l\u2019Ukraine et de l\u2019UE aux n\u00e9gociations de paix\u201d, a ajout\u00e9 le responsable de Bucarest. Avant la rencontre de mercredi, de Paris, \u00e0 laquelle ont particip\u00e9 aussi les dirigeants de la Norv\u00e8ge, du Canada, de la Lituanie, de l\u2019Estonie, de la Lettonie, de la R\u00e9publique tch\u00e8que, de la Finlande, de la Gr\u00e8ce, de la Su\u00e8de et de la Belgique, Ilie Bolojan a eu des discussions avec le pr\u00e9sident fran\u00e7ais, Emmanuel Macron. \u201eOn s\u2019est assur\u00e9, encore une fois, que la France reste \u00e0 nos c\u00f4t\u00e9s, comme elle l\u2019a toujours \u00e9t\u00e9. Nous avons reconfirm\u00e9 le partenariat strat\u00e9gique avec la France\u201d, a pr\u00e9cis\u00e9 M. Bolojan. Et lui d\u2019ajouter avoir r\u00e9it\u00e9r\u00e9 la stabilit\u00e9 de la pr\u00e9sence militaire fran\u00e7aise en Roumanie qui sera bient\u00f4t renforc\u00e9e. Par ailleurs, Bucarest et Paris poursuivront leur coop\u00e9ration \u00e9conomique, y compris dans le domaine de l\u2019industrie de d\u00e9fense. Les deux pays envisagent le d\u00e9veloppement en Roumanie, dans les ann\u00e9es \u00e0 venir, de certaines capacit\u00e9s de production.<\/p>\n<p>&nbsp;<\/p>\n<p><strong>Bloomberg<\/strong> \u2013 Le minist\u00e8re roumain des Affaires Etrang\u00e8res a r\u00e9agi publiquement apr\u00e8s que l\u2019agence am\u00e9ricaine Bloomberg a \u00e9crit que l\u2019administration am\u00e9ricaine de Donald Trump ferait des pressions sur la Roumanie pour lui faire accepter la candidature de Calin Georgescu \u00e0 la pr\u00e9sidentielle du mois de mai. Dans un communiqu\u00e9, la diplomatie roumaine affirme qu\u2019aucune discussion ou intervention en ce sens n\u2019a eu lieu lors des int\u00e9ractions bilat\u00e9rales avec les responsables de Washington. Le message officiel de Bucarest survient apr\u00e8s que Bloomberg a affirm\u00e9 mercredi matin que les autorit\u00e9s roumaines se trouveraient sous la forte pression de l\u2019administration Trump afin qu\u2019elles garantissent la campagne \u00e9lectorale du candidat d\u2019extr\u00eame droite, Calin Georgescu. Bloomberg cite des sources proches du sujet ayant d\u00e9clar\u00e9 sous couvert de l\u2019anonymat que des rencontres priv\u00e9es bilat\u00e9rales entre les responsables am\u00e9ricains et leurs homologues roumains ont eu lieu ces derniers jours, pour d\u00e9battre des sujets \u00e9lectoraux. Le d\u00e9partement am\u00e9ricain d\u2019Etat a refus\u00e9 de commenter les informations v\u00e9hicul\u00e9es par Bloomberg. Le candidat ind\u00e9pendant Calin Georgescu, souverainiste, isolationiste et admirateur de Vladimir Poutine a remport\u00e9 le premier tour des \u00e9lections pr\u00e9sidentielles roumaine du mois de novembre. La Cour Constitutionnelle a d\u00e9cid\u00e9 d\u2019annuler tout le processus \u00e9lectoral en d\u00e9non\u00e7ant des irr\u00e9gularit\u00e9s.<\/p>\n<p>&nbsp;<\/p>\n<p><strong>Elections<\/strong> \u2013 Le pr\u00e9sident de la Cour constitutionnelle roumaine exclut le sc\u00e9nario d\u2019une reprise du deuxi\u00e8me tour des \u00e9lections pr\u00e9sidentielles en Roumanie. Dans un entretien accord\u00e9 \u00e0 la publication en ligne juridice.ro, Marian Enache a d\u00e9fendu la d\u00e9cision adopt\u00e9e l\u2019an dernier par les juges de la cour qui ont invalid\u00e9 \u00e0 l\u2019unanimit\u00e9 le processus \u00e9lectoral. Une telle d\u00e9cision a repos\u00e9 sur des documents d\u00e9classifi\u00e9s par le Conseil supr\u00eame de la d\u00e9fense nationale, qui ont montr\u00e9 des irr\u00e9gularit\u00e9s graves de proc\u00e9dure \u00e9lectorale. Selon le pr\u00e9sident de la Cour, l\u2019annulation du scrutin a \u00e9t\u00e9 l\u2019unique solution constitutionnelle cens\u00e9e garantir un processus \u00e9lectoral correct. En parlant des propos du vice pr\u00e9sident am\u00e9ricain, J.D. Vance, selon lequel les \u00e9lections roumaines ont \u00e9t\u00e9 annul\u00e9es en raison des suspicions fragiles d\u2019une agence de renseignement et sous la pression des voisins continentaux du pays, Marian Enache affirme que le message du dignitaire am\u00e9ricain s\u2019adresse \u00e0 la soci\u00e9t\u00e9 europ\u00e9enne dans son ensemble. Nous constatons le besoin de renforcer la d\u00e9mocratie et\u00a0 l\u2019Etat de droit en Europe afin de mieux prot\u00e9ger les citoyens et les valeurs fondamentales que nous partageons, a ajout\u00e9 Marian Enache.<\/p>\n<p>&nbsp;<\/p>\n<p><strong>Tourisme<\/strong> &#8211; Le Salon du tourisme roumain du printemps 2025 a ouvert ses portes jeudi \u00e0 Bucarest, en pr\u00e9sence du ministre de l&rsquo;\u00c9conomie, de la Num\u00e9risation, de l&rsquo;Entrepreneuriat et du Tourisme, Bogdan Ivan. Lors de l&rsquo;inauguration, celui-ci a annonc\u00e9 que les autorit\u00e9s travaillaient sur de nouvelles facilit\u00e9s pour l&rsquo;obtention de visas touristiques, afin d&rsquo;attirer davantage de visiteurs \u00e9trangers. Pour sa 51e \u00e9dition, l&rsquo;\u00e9v\u00e9nement se d\u00e9roule jusqu&rsquo;\u00e0 dimanche sur une superficie de 12 000 m\u00e8tres carr\u00e9s et rassemble 190 exposants venus de Roumanie et de l\u2019\u00e9tranger. Selon les organisateurs, cette affluence confirme le r\u00f4le central du salon dans l\u2019industrie du tourisme. Cette ann\u00e9e, la participation internationale est particuli\u00e8rement marqu\u00e9e, avec 52 % des entreprises pr\u00e9sentes issues de l\u2019\u00e9tranger. Les agences de voyage et tour-op\u00e9rateurs proposent des r\u00e9ductions attractives sur une large gamme de s\u00e9jours, mettant en avant les destinations phares du pays. En parall\u00e8le, le salon offre aux visiteurs des exp\u00e9riences immersives, avec des pr\u00e9sentations interactives, des conf\u00e9rences anim\u00e9es par des experts du secteur et des visites virtuelles des principales attractions roumaines. Une occasion unique de d\u00e9couvrir les offres exclusives et promotions sp\u00e9ciales pour les vacances 2025.<\/p>\n<p>&nbsp;<\/p>\n<p><strong>Football<\/strong> &#8211; Le FCSB, champion de Roumanie, affronte le PAOK Thessalonique, champion de Gr\u00e8ce, entra\u00een\u00e9 par le Roumain R\u0103zvan Lucescu, ce soir \u00e0 Bucarest, pour une qualification en 16e de finale de l&rsquo;Europa League. Le FCSB part avec un avantage de 2-1 apr\u00e8s le match aller \u00e0 Thessalonique le 13 f\u00e9vrier. Le PAOK et le FCSB se sont \u00e9galement affront\u00e9s cette saison dans la phase principale de la comp\u00e9tition, le FCSB terminant 11\u00e8me et le PAOK 22\u00e8me.<\/p>\n<p>&nbsp;<\/p>\n<p><strong>M\u00e9t\u00e9o<\/strong> \u2013 Il continue \u00e0 faire froid en Roumanie, surtout dans le sud, l\u2019est et le centre du territoire. Le ciel est plut\u00f4t couvert et des flocons de neige tombent sur l\u2019est et dans quelques r\u00e9gions du centre, du sud et du sud-est. Il\u00a0neige aussi en altitude. Les temp\u00e9ratures vont de -7 \u00e0 5 degr\u00e9s.\u00a0Une journ\u00e9e particuli\u00e8rement froide ce jeudi, \u00e0 Bucarest o\u00f9 nous avons \u00e0 midi, -4 degr\u00e9s.<\/p>\n","protected":false},"excerpt":{"rendered":"<p>[mise \u00e0 jour 19:30] Tennis &#8211; L&rsquo;\u00e9quipe masculine de Roumanie jouera \u00e0 l&rsquo;ext\u00e9rieur contre le Salvador en septembre 2025 dans le Groupe mondial II de la Coupe Davis, a annonc\u00e9 jeudi la F\u00e9d\u00e9ration roumaine de tennis sur sa page Facebook. La rencontre aura lieu les 12-13 ou 13-14 septembre. La Roumanie a \u00e9t\u00e9 battue 3-1 [&hellip;]<\/p>\n","protected":false},"author":113,"featured_media":723357,"comment_status":"closed","ping_status":"closed","sticky":false,"template":"","format":"standard","meta":{"_acf_changed":false,"footnotes":""},"categories":[89002],"tags":[132394,85960,148455,85412,86216,150518],"coauthors":[116091],"class_list":["post-864087","post","type-post","status-publish","format-standard","has-post-thumbnail","hentry","category-le-flash","tag-elections-fr","tag-extreme-droite","tag-football-fr","tag-roumanie","tag-tourisme","tag-trump-fr"],"acf":[],"yoast_head":"<!-- This site is optimized with the Yoast SEO plugin v27.3 - https:\/\/yoast.com\/product\/yoast-seo-wordpress\/ -->\n<title>20.02.2025 (mise \u00e0 jour) - Radio Roumanie Internationale<\/title>\n<meta name=\"robots\" content=\"index, follow, max-snippet:-1, max-image-preview:large, max-video-preview:-1\" \/>\n<link rel=\"canonical\" href=\"https:\/\/www.rri.ro\/fr\/actualites\/le-flash\/20-02-2025-mise-a-jour-id864087.html\" \/>\n<meta property=\"og:locale\" content=\"fr_FR\" \/>\n<meta property=\"og:type\" content=\"article\" \/>\n<meta property=\"og:title\" content=\"20.02.2025 (mise \u00e0 jour) - Radio Roumanie Internationale\" \/>\n<meta property=\"og:description\" content=\"[mise \u00e0 jour 19:30] Tennis &#8211; L&rsquo;\u00e9quipe masculine de Roumanie jouera \u00e0 l&rsquo;ext\u00e9rieur contre le Salvador en septembre 2025 dans le Groupe mondial II de la Coupe Davis, a annonc\u00e9 jeudi la F\u00e9d\u00e9ration roumaine de tennis sur sa page Facebook. La rencontre aura lieu les 12-13 ou 13-14 septembre. La Roumanie a \u00e9t\u00e9 battue 3-1 [&hellip;]\" \/>\n<meta property=\"og:url\" content=\"https:\/\/www.rri.ro\/fr\/actualites\/le-flash\/20-02-2025-mise-a-jour-id864087.html\" \/>\n<meta property=\"og:site_name\" content=\"Radio Roumanie Internationale\" \/>\n<meta property=\"article:published_time\" content=\"2025-02-20T16:51:56+00:00\" \/>\n<meta property=\"article:modified_time\" content=\"2025-02-20T17:30:22+00:00\" \/>\n<meta property=\"og:image\" content=\"https:\/\/www.rri.ro\/wp-content\/uploads\/2024\/03\/RRI-960x540-Le-flash-2-NOU.jpg\" \/>\n\t<meta property=\"og:image:width\" content=\"960\" \/>\n\t<meta property=\"og:image:height\" content=\"540\" \/>\n\t<meta property=\"og:image:type\" content=\"image\/jpeg\" \/>\n<meta name=\"author\" content=\"Newsroom\" \/>\n<meta name=\"twitter:card\" content=\"summary_large_image\" \/>\n<meta name=\"twitter:label1\" content=\"\u00c9crit par\" \/>\n\t<meta name=\"twitter:data1\" content=\"Newsroom\" \/>\n\t<meta name=\"twitter:label2\" content=\"Dur\u00e9e de lecture estim\u00e9e\" \/>\n\t<meta name=\"twitter:data2\" content=\"7 minutes\" \/>\n\t<meta name=\"twitter:label3\" content=\"Written by\" \/>\n\t<meta name=\"twitter:data3\" content=\"Newsroom\" \/>\n<script type=\"application\/ld+json\" class=\"yoast-schema-graph\">{\"@context\":\"https:\\\/\\\/schema.org\",\"@graph\":[{\"@type\":\"Article\",\"@id\":\"https:\\\/\\\/www.rri.ro\\\/fr\\\/actualites\\\/le-flash\\\/20-02-2025-mise-a-jour-id864087.html#article\",\"isPartOf\":{\"@id\":\"https:\\\/\\\/www.rri.ro\\\/fr\\\/actualites\\\/le-flash\\\/20-02-2025-mise-a-jour-id864087.html\"},\"author\":{\"name\":\"Newsroom\",\"@id\":\"https:\\\/\\\/www.rri.ro\\\/#\\\/schema\\\/person\\\/4a479940371b9fdefd194f561e8a7f88\"},\"headline\":\"20.02.2025 (mise \u00e0 jour)\",\"datePublished\":\"2025-02-20T16:51:56+00:00\",\"dateModified\":\"2025-02-20T17:30:22+00:00\",\"mainEntityOfPage\":{\"@id\":\"https:\\\/\\\/www.rri.ro\\\/fr\\\/actualites\\\/le-flash\\\/20-02-2025-mise-a-jour-id864087.html\"},\"wordCount\":1415,\"image\":{\"@id\":\"https:\\\/\\\/www.rri.ro\\\/fr\\\/actualites\\\/le-flash\\\/20-02-2025-mise-a-jour-id864087.html#primaryimage\"},\"thumbnailUrl\":\"https:\\\/\\\/www.rri.ro\\\/wp-content\\\/uploads\\\/2024\\\/03\\\/RRI-960x540-Le-flash-2-NOU.jpg\",\"keywords\":[\"elections\",\"extr\u00eame droite\",\"football\",\"Roumanie\",\"tourisme\",\"Trump\"],\"articleSection\":[\"Le flash\"],\"inLanguage\":\"fr-FR\"},{\"@type\":\"WebPage\",\"@id\":\"https:\\\/\\\/www.rri.ro\\\/fr\\\/actualites\\\/le-flash\\\/20-02-2025-mise-a-jour-id864087.html\",\"url\":\"https:\\\/\\\/www.rri.ro\\\/fr\\\/actualites\\\/le-flash\\\/20-02-2025-mise-a-jour-id864087.html\",\"name\":\"20.02.2025 (mise \u00e0 jour) - Radio Roumanie Internationale\",\"isPartOf\":{\"@id\":\"https:\\\/\\\/www.rri.ro\\\/#website\"},\"primaryImageOfPage\":{\"@id\":\"https:\\\/\\\/www.rri.ro\\\/fr\\\/actualites\\\/le-flash\\\/20-02-2025-mise-a-jour-id864087.html#primaryimage\"},\"image\":{\"@id\":\"https:\\\/\\\/www.rri.ro\\\/fr\\\/actualites\\\/le-flash\\\/20-02-2025-mise-a-jour-id864087.html#primaryimage\"},\"thumbnailUrl\":\"https:\\\/\\\/www.rri.ro\\\/wp-content\\\/uploads\\\/2024\\\/03\\\/RRI-960x540-Le-flash-2-NOU.jpg\",\"datePublished\":\"2025-02-20T16:51:56+00:00\",\"dateModified\":\"2025-02-20T17:30:22+00:00\",\"author\":{\"@id\":\"https:\\\/\\\/www.rri.ro\\\/#\\\/schema\\\/person\\\/4a479940371b9fdefd194f561e8a7f88\"},\"breadcrumb\":{\"@id\":\"https:\\\/\\\/www.rri.ro\\\/fr\\\/actualites\\\/le-flash\\\/20-02-2025-mise-a-jour-id864087.html#breadcrumb\"},\"inLanguage\":\"fr-FR\",\"potentialAction\":[{\"@type\":\"ReadAction\",\"target\":[\"https:\\\/\\\/www.rri.ro\\\/fr\\\/actualites\\\/le-flash\\\/20-02-2025-mise-a-jour-id864087.html\"]}]},{\"@type\":\"ImageObject\",\"inLanguage\":\"fr-FR\",\"@id\":\"https:\\\/\\\/www.rri.ro\\\/fr\\\/actualites\\\/le-flash\\\/20-02-2025-mise-a-jour-id864087.html#primaryimage\",\"url\":\"https:\\\/\\\/www.rri.ro\\\/wp-content\\\/uploads\\\/2024\\\/03\\\/RRI-960x540-Le-flash-2-NOU.jpg\",\"contentUrl\":\"https:\\\/\\\/www.rri.ro\\\/wp-content\\\/uploads\\\/2024\\\/03\\\/RRI-960x540-Le-flash-2-NOU.jpg\",\"width\":960,\"height\":540},{\"@type\":\"BreadcrumbList\",\"@id\":\"https:\\\/\\\/www.rri.ro\\\/fr\\\/actualites\\\/le-flash\\\/20-02-2025-mise-a-jour-id864087.html#breadcrumb\",\"itemListElement\":[{\"@type\":\"ListItem\",\"position\":1,\"name\":\"Page d'accueil\",\"item\":\"https:\\\/\\\/www.rri.ro\\\/fr\"},{\"@type\":\"ListItem\",\"position\":2,\"name\":\"Actualit\u00e9s\",\"item\":\"https:\\\/\\\/www.rri.ro\\\/fr\\\/actualites\"},{\"@type\":\"ListItem\",\"position\":3,\"name\":\"Le flash\",\"item\":\"https:\\\/\\\/www.rri.ro\\\/fr\\\/actualites\\\/le-flash\"},{\"@type\":\"ListItem\",\"position\":4,\"name\":\"20.02.2025 (mise \u00e0 jour)\"}]},{\"@type\":\"WebSite\",\"@id\":\"https:\\\/\\\/www.rri.ro\\\/#website\",\"url\":\"https:\\\/\\\/www.rri.ro\\\/\",\"name\":\"Radio Roumanie Internationale\",\"description\":\"Totul despre Rom\u00e2nia \u015fi rom\u00e2ni, \u00een 13 limbi\\\/dialecte!\",\"inLanguage\":\"fr-FR\"},{\"@type\":\"Person\",\"@id\":\"https:\\\/\\\/www.rri.ro\\\/#\\\/schema\\\/person\\\/4a479940371b9fdefd194f561e8a7f88\",\"name\":\"Newsroom\",\"url\":\"https:\\\/\\\/www.rri.ro\\\/fr\\\/author\\\/newsroom\"}]}<\/script>\n<!-- \/ Yoast SEO plugin. -->","yoast_head_json":{"title":"20.02.2025 (mise \u00e0 jour) - Radio Roumanie Internationale","robots":{"index":"index","follow":"follow","max-snippet":"max-snippet:-1","max-image-preview":"max-image-preview:large","max-video-preview":"max-video-preview:-1"},"canonical":"https:\/\/www.rri.ro\/fr\/actualites\/le-flash\/20-02-2025-mise-a-jour-id864087.html","og_locale":"fr_FR","og_type":"article","og_title":"20.02.2025 (mise \u00e0 jour) - Radio Roumanie Internationale","og_description":"[mise \u00e0 jour 19:30] Tennis &#8211; L&rsquo;\u00e9quipe masculine de Roumanie jouera \u00e0 l&rsquo;ext\u00e9rieur contre le Salvador en septembre 2025 dans le Groupe mondial II de la Coupe Davis, a annonc\u00e9 jeudi la F\u00e9d\u00e9ration roumaine de tennis sur sa page Facebook. La rencontre aura lieu les 12-13 ou 13-14 septembre. La Roumanie a \u00e9t\u00e9 battue 3-1 [&hellip;]","og_url":"https:\/\/www.rri.ro\/fr\/actualites\/le-flash\/20-02-2025-mise-a-jour-id864087.html","og_site_name":"Radio Roumanie Internationale","article_published_time":"2025-02-20T16:51:56+00:00","article_modified_time":"2025-02-20T17:30:22+00:00","og_image":[{"width":960,"height":540,"url":"https:\/\/www.rri.ro\/wp-content\/uploads\/2024\/03\/RRI-960x540-Le-flash-2-NOU.jpg","type":"image\/jpeg"}],"author":"Newsroom","twitter_card":"summary_large_image","twitter_misc":{"\u00c9crit par":"Newsroom","Dur\u00e9e de lecture estim\u00e9e":"7 minutes","Written by":"Newsroom"},"schema":{"@context":"https:\/\/schema.org","@graph":[{"@type":"Article","@id":"https:\/\/www.rri.ro\/fr\/actualites\/le-flash\/20-02-2025-mise-a-jour-id864087.html#article","isPartOf":{"@id":"https:\/\/www.rri.ro\/fr\/actualites\/le-flash\/20-02-2025-mise-a-jour-id864087.html"},"author":{"name":"Newsroom","@id":"https:\/\/www.rri.ro\/#\/schema\/person\/4a479940371b9fdefd194f561e8a7f88"},"headline":"20.02.2025 (mise \u00e0 jour)","datePublished":"2025-02-20T16:51:56+00:00","dateModified":"2025-02-20T17:30:22+00:00","mainEntityOfPage":{"@id":"https:\/\/www.rri.ro\/fr\/actualites\/le-flash\/20-02-2025-mise-a-jour-id864087.html"},"wordCount":1415,"image":{"@id":"https:\/\/www.rri.ro\/fr\/actualites\/le-flash\/20-02-2025-mise-a-jour-id864087.html#primaryimage"},"thumbnailUrl":"https:\/\/www.rri.ro\/wp-content\/uploads\/2024\/03\/RRI-960x540-Le-flash-2-NOU.jpg","keywords":["elections","extr\u00eame droite","football","Roumanie","tourisme","Trump"],"articleSection":["Le flash"],"inLanguage":"fr-FR"},{"@type":"WebPage","@id":"https:\/\/www.rri.ro\/fr\/actualites\/le-flash\/20-02-2025-mise-a-jour-id864087.html","url":"https:\/\/www.rri.ro\/fr\/actualites\/le-flash\/20-02-2025-mise-a-jour-id864087.html","name":"20.02.2025 (mise \u00e0 jour) - Radio Roumanie Internationale","isPartOf":{"@id":"https:\/\/www.rri.ro\/#website"},"primaryImageOfPage":{"@id":"https:\/\/www.rri.ro\/fr\/actualites\/le-flash\/20-02-2025-mise-a-jour-id864087.html#primaryimage"},"image":{"@id":"https:\/\/www.rri.ro\/fr\/actualites\/le-flash\/20-02-2025-mise-a-jour-id864087.html#primaryimage"},"thumbnailUrl":"https:\/\/www.rri.ro\/wp-content\/uploads\/2024\/03\/RRI-960x540-Le-flash-2-NOU.jpg","datePublished":"2025-02-20T16:51:56+00:00","dateModified":"2025-02-20T17:30:22+00:00","author":{"@id":"https:\/\/www.rri.ro\/#\/schema\/person\/4a479940371b9fdefd194f561e8a7f88"},"breadcrumb":{"@id":"https:\/\/www.rri.ro\/fr\/actualites\/le-flash\/20-02-2025-mise-a-jour-id864087.html#breadcrumb"},"inLanguage":"fr-FR","potentialAction":[{"@type":"ReadAction","target":["https:\/\/www.rri.ro\/fr\/actualites\/le-flash\/20-02-2025-mise-a-jour-id864087.html"]}]},{"@type":"ImageObject","inLanguage":"fr-FR","@id":"https:\/\/www.rri.ro\/fr\/actualites\/le-flash\/20-02-2025-mise-a-jour-id864087.html#primaryimage","url":"https:\/\/www.rri.ro\/wp-content\/uploads\/2024\/03\/RRI-960x540-Le-flash-2-NOU.jpg","contentUrl":"https:\/\/www.rri.ro\/wp-content\/uploads\/2024\/03\/RRI-960x540-Le-flash-2-NOU.jpg","width":960,"height":540},{"@type":"BreadcrumbList","@id":"https:\/\/www.rri.ro\/fr\/actualites\/le-flash\/20-02-2025-mise-a-jour-id864087.html#breadcrumb","itemListElement":[{"@type":"ListItem","position":1,"name":"Page d'accueil","item":"https:\/\/www.rri.ro\/fr"},{"@type":"ListItem","position":2,"name":"Actualit\u00e9s","item":"https:\/\/www.rri.ro\/fr\/actualites"},{"@type":"ListItem","position":3,"name":"Le flash","item":"https:\/\/www.rri.ro\/fr\/actualites\/le-flash"},{"@type":"ListItem","position":4,"name":"20.02.2025 (mise \u00e0 jour)"}]},{"@type":"WebSite","@id":"https:\/\/www.rri.ro\/#website","url":"https:\/\/www.rri.ro\/","name":"Radio Roumanie Internationale","description":"Totul despre Rom\u00e2nia \u015fi rom\u00e2ni, \u00een 13 limbi\/dialecte!","inLanguage":"fr-FR"},{"@type":"Person","@id":"https:\/\/www.rri.ro\/#\/schema\/person\/4a479940371b9fdefd194f561e8a7f88","name":"Newsroom","url":"https:\/\/www.rri.ro\/fr\/author\/newsroom"}]}},"_links":{"self":[{"href":"https:\/\/www.rri.ro\/fr\/wp-json\/wp\/v2\/posts\/864087","targetHints":{"allow":["GET"]}}],"collection":[{"href":"https:\/\/www.rri.ro\/fr\/wp-json\/wp\/v2\/posts"}],"about":[{"href":"https:\/\/www.rri.ro\/fr\/wp-json\/wp\/v2\/types\/post"}],"author":[{"embeddable":true,"href":"https:\/\/www.rri.ro\/fr\/wp-json\/wp\/v2\/users\/113"}],"replies":[{"embeddable":true,"href":"https:\/\/www.rri.ro\/fr\/wp-json\/wp\/v2\/comments?post=864087"}],"version-history":[{"count":0,"href":"https:\/\/www.rri.ro\/fr\/wp-json\/wp\/v2\/posts\/864087\/revisions"}],"wp:featuredmedia":[{"embeddable":true,"href":"https:\/\/www.rri.ro\/fr\/wp-json\/wp\/v2\/media\/723357"}],"wp:attachment":[{"href":"https:\/\/www.rri.ro\/fr\/wp-json\/wp\/v2\/media?parent=864087"}],"wp:term":[{"taxonomy":"category","embeddable":true,"href":"https:\/\/www.rri.ro\/fr\/wp-json\/wp\/v2\/categories?post=864087"},{"taxonomy":"post_tag","embeddable":true,"href":"https:\/\/www.rri.ro\/fr\/wp-json\/wp\/v2\/tags?post=864087"},{"taxonomy":"author","embeddable":true,"href":"https:\/\/www.rri.ro\/fr\/wp-json\/wp\/v2\/coauthors?post=864087"}],"curies":[{"name":"wp","href":"https:\/\/api.w.org\/{rel}","templated":true}]}}