{"id":867799,"date":"2025-03-04T11:59:47","date_gmt":"2025-03-04T09:59:47","guid":{"rendered":"https:\/\/www.rri.ro\/?p=867799"},"modified":"2025-03-04T12:13:06","modified_gmt":"2025-03-04T10:13:06","slug":"la-roumanie-et-le-flanc-est-de-lotan","status":"publish","type":"post","link":"https:\/\/www.rri.ro\/fr\/actualites\/les-dossiers-de-lactualite\/la-roumanie-et-le-flanc-est-de-lotan-id867799.html","title":{"rendered":"La Roumanie et le flanc est de l\u2019OTAN"},"content":{"rendered":"<h3>En s\u00e9curit\u00e9 sous l&rsquo;article 5 de l&rsquo;OTAN<\/h3>\n<p>&nbsp;<\/p>\n<p>Ilie Bolojan s\u2019est entretenu lundi par t\u00e9l\u00e9phone avec le secr\u00e9taire g\u00e9n\u00e9ral de l\u2019OTAN, Mark Rutte, auquel il a fait savoir que l\u2019Alliance de l\u2019Atlantique Nord \u00e9tait toujours le principal garant de la s\u00e9curit\u00e9 de la Roumanie. L\u2019article 5 du Trait\u00e9 de l\u2019OTAN qui affirme qu\u2019une attaque contre un des alli\u00e9s est une attaque contre tous demeure le moyen de dissuasion le plus efficace contre les menaces et les attaques \u00e0 l\u2019adresse des membres de l\u2019OTAN, a soulign\u00e9 le pr\u00e9sident Bolojan. Le leader de Bucarest a \u00e9galement insist\u00e9 sur l\u2019importance de la relation transatlantique et de la pr\u00e9sence am\u00e9ricaine en Europe, essentielles, \u00e0 son avis, \u00e0 la s\u00e9curit\u00e9 du continent.<\/p>\n<p>&nbsp;<\/p>\n<h3>La Roumanie joue un r\u00f4le important dans la stabilit\u00e9 r\u00e9gionnale<\/h3>\n<p>&nbsp;<\/p>\n<p>La Roumanie contribue toujours \u00e0 la stabilit\u00e9 et la s\u00e9curit\u00e9 du Flanc est de l\u2019OTAN, aux c\u00f4t\u00e9s de ses partenaires et soutient la consolidation de la s\u00e9curit\u00e9 dans la r\u00e9gion de la mer Noire, a soulign\u00e9 Ilie Bolojan. Il a pr\u00e9cis\u00e9 que Bucarest allouait d\u00e9j\u00e0 2,5% de son PIB \u00e0 la d\u00e9fense et a affirm\u00e9 qu\u2019il \u00e9tait pr\u00e9par\u00e9 \u00e0 augmenter les investissements dans le domaine. Au sujet de la situation en Ukraine, le pr\u00e9sident Bolojan a soulign\u00e9 le besoin d\u2019une paix juste et durable ainsi que l\u2019importance du maintien du soutien \u00e0 ce pays. Le secr\u00e9taire g\u00e9n\u00e9ral de l\u2019OTAN a remerci\u00e9 la Roumanie pour sa contribution au sommet, ainsi que pour le fait d\u2019\u00eatre un Etat membre qui agit d\u2019une mani\u00e8re responsable en tant que facteur important de s\u00e9curit\u00e9 et de stabilit\u00e9 dans la r\u00e9gion de la mer Noire et sur le flanc est. De l\u2019avis de Mark Rutte, ces efforts sont d\u2019autant plus importants dans l\u2019actuel contexte s\u00e9curitaire et a exprim\u00e9 le soutien de l\u2019OTAN \u00e0 la consolidation de la pr\u00e9sence alli\u00e9e dans la r\u00e9gion. Le secr\u00e9taire g\u00e9n\u00e9ral a r\u00e9affirm\u00e9 l\u2019engagement de l\u2019OTAN et des Etats-Unis envers la d\u00e9fense collective et l\u2019article 5, soulignant les efforts des Etats-Unis pour une paix durable en Ukraine. Le haut responsable otanien a conclu par saluer la majoration du budget de d\u00e9fense de la Roumanie et a soulign\u00e9 le besoin que d\u2019autres alli\u00e9s europ\u00e9ens adoptent une approche similaire. Les deux leaders ont d\u00e9cid\u00e9 de maintenir un dialogue constant sur ces sujets. Le pr\u00e9sident de la Roumanie et le secr\u00e9taire g\u00e9n\u00e9ral de l\u2019OTAN avaient particip\u00e9 dimanche \u00e0 Londres au Sommet informel sur des th\u00e8mes de s\u00e9curit\u00e9 europ\u00e9enne convoqu\u00e9 par le premier ministre britannique Kier Starmer, dans le cadre duquel les alli\u00e9s de l\u2019Ukraine ont promis au pr\u00e9sident Volodymyr Zelensky la poursuite du soutien financier et militaire.<\/p>\n<p>&nbsp;<\/p>\n<h3>Des garanties pour toute l&rsquo;Europe de l&rsquo;est<\/h3>\n<p>&nbsp;<\/p>\n<p>A l\u2019issue de la r\u00e9union, Ilie Bolojan a affirm\u00e9 que les garanties s\u00e9curitaires qui seront accord\u00e9es \u00e0 l\u2019Ukraine viseront en fait l\u2019int\u00e9gralit\u00e9 du flanc est, depuis la mer Baltique et jusqu\u2019\u00e0 la mer Noire. Il a pourtant soulign\u00e9 que celles-ci ne pourront pas \u00eatre assur\u00e9es sans le soutien des Etats-Unis. Le sommet informel des leaders \u00e0 Londres a eu comme objectif la coordination en vue de l\u2019organisation du Conseil europ\u00e9en du 6 mars et une r\u00e9union le 7 mars avec les leaders qui ne font pas partie de l\u2019UE, mais qui souhaitent une approche de la solution \u00e0 la guerre en Ukraine qui puisse aboutir sur une paix s\u00fbre.<\/p>\n","protected":false},"excerpt":{"rendered":"<p>En s\u00e9curit\u00e9 sous l&rsquo;article 5 de l&rsquo;OTAN &nbsp; Ilie Bolojan s\u2019est entretenu lundi par t\u00e9l\u00e9phone avec le secr\u00e9taire g\u00e9n\u00e9ral de l\u2019OTAN, Mark Rutte, auquel il a fait savoir que l\u2019Alliance de l\u2019Atlantique Nord \u00e9tait toujours le principal garant de la s\u00e9curit\u00e9 de la Roumanie. L\u2019article 5 du Trait\u00e9 de l\u2019OTAN qui affirme qu\u2019une attaque contre [&hellip;]<\/p>\n","protected":false},"author":82,"featured_media":863298,"comment_status":"closed","ping_status":"closed","sticky":false,"template":"","format":"standard","meta":{"_acf_changed":false,"footnotes":""},"categories":[93377],"tags":[164958,116082,137215,89388,143291,116089],"coauthors":[113264],"class_list":["post-867799","post","type-post","status-publish","format-standard","has-post-thumbnail","hentry","category-les-dossiers-de-lactualite","tag-article-5-fr","tag-defense-fr","tag-otan-fr","tag-stabilite","tag-ue-fr","tag-ukraine-fr"],"acf":[],"yoast_head":"<!-- This site is optimized with the Yoast SEO plugin v27.5 - https:\/\/yoast.com\/product\/yoast-seo-wordpress\/ -->\n<title>La Roumanie et le flanc est de l\u2019OTAN - Radio Roumanie Internationale<\/title>\n<meta name=\"robots\" content=\"index, follow, max-snippet:-1, max-image-preview:large, max-video-preview:-1\" \/>\n<link rel=\"canonical\" href=\"https:\/\/www.rri.ro\/fr\/actualites\/les-dossiers-de-lactualite\/la-roumanie-et-le-flanc-est-de-lotan-id867799.html\" \/>\n<meta property=\"og:locale\" content=\"fr_FR\" \/>\n<meta property=\"og:type\" content=\"article\" \/>\n<meta property=\"og:title\" content=\"La Roumanie et le flanc est de l\u2019OTAN - Radio Roumanie Internationale\" \/>\n<meta property=\"og:description\" content=\"En s\u00e9curit\u00e9 sous l&rsquo;article 5 de l&rsquo;OTAN &nbsp; Ilie Bolojan s\u2019est entretenu lundi par t\u00e9l\u00e9phone avec le secr\u00e9taire g\u00e9n\u00e9ral de l\u2019OTAN, Mark Rutte, auquel il a fait savoir que l\u2019Alliance de l\u2019Atlantique Nord \u00e9tait toujours le principal garant de la s\u00e9curit\u00e9 de la Roumanie. L\u2019article 5 du Trait\u00e9 de l\u2019OTAN qui affirme qu\u2019une attaque contre [&hellip;]\" \/>\n<meta property=\"og:url\" content=\"https:\/\/www.rri.ro\/fr\/actualites\/les-dossiers-de-lactualite\/la-roumanie-et-le-flanc-est-de-lotan-id867799.html\" \/>\n<meta property=\"og:site_name\" content=\"Radio Roumanie Internationale\" \/>\n<meta property=\"article:published_time\" content=\"2025-03-04T09:59:47+00:00\" \/>\n<meta property=\"article:modified_time\" content=\"2025-03-04T10:13:06+00:00\" \/>\n<meta property=\"og:image\" content=\"https:\/\/www.rri.ro\/wp-content\/uploads\/2025\/02\/Presedintele-interimar-Ilie-Bolojan.jpg\" \/>\n\t<meta property=\"og:image:width\" content=\"960\" \/>\n\t<meta property=\"og:image:height\" content=\"540\" \/>\n\t<meta property=\"og:image:type\" content=\"image\/jpeg\" \/>\n<meta name=\"author\" content=\"Alex Diaconescu\" \/>\n<meta name=\"twitter:card\" content=\"summary_large_image\" \/>\n<meta name=\"twitter:label1\" content=\"\u00c9crit par\" \/>\n\t<meta name=\"twitter:data1\" content=\"Alex Diaconescu\" \/>\n\t<meta name=\"twitter:label2\" content=\"Dur\u00e9e de lecture estim\u00e9e\" \/>\n\t<meta name=\"twitter:data2\" content=\"3 minutes\" \/>\n\t<meta name=\"twitter:label3\" content=\"Written by\" \/>\n\t<meta name=\"twitter:data3\" content=\"Alex Diaconescu\" \/>\n<script type=\"application\/ld+json\" class=\"yoast-schema-graph\">{\"@context\":\"https:\\\/\\\/schema.org\",\"@graph\":[{\"@type\":\"Article\",\"@id\":\"https:\\\/\\\/www.rri.ro\\\/fr\\\/actualites\\\/les-dossiers-de-lactualite\\\/la-roumanie-et-le-flanc-est-de-lotan-id867799.html#article\",\"isPartOf\":{\"@id\":\"https:\\\/\\\/www.rri.ro\\\/fr\\\/actualites\\\/les-dossiers-de-lactualite\\\/la-roumanie-et-le-flanc-est-de-lotan-id867799.html\"},\"author\":{\"name\":\"Alex Diaconescu\",\"@id\":\"https:\\\/\\\/www.rri.ro\\\/#\\\/schema\\\/person\\\/d5a987d79abdb413dbeb7c035fab3ef9\"},\"headline\":\"La Roumanie et le flanc est de l\u2019OTAN\",\"datePublished\":\"2025-03-04T09:59:47+00:00\",\"dateModified\":\"2025-03-04T10:13:06+00:00\",\"mainEntityOfPage\":{\"@id\":\"https:\\\/\\\/www.rri.ro\\\/fr\\\/actualites\\\/les-dossiers-de-lactualite\\\/la-roumanie-et-le-flanc-est-de-lotan-id867799.html\"},\"wordCount\":636,\"image\":{\"@id\":\"https:\\\/\\\/www.rri.ro\\\/fr\\\/actualites\\\/les-dossiers-de-lactualite\\\/la-roumanie-et-le-flanc-est-de-lotan-id867799.html#primaryimage\"},\"thumbnailUrl\":\"https:\\\/\\\/www.rri.ro\\\/wp-content\\\/uploads\\\/2025\\\/02\\\/Presedintele-interimar-Ilie-Bolojan.jpg\",\"keywords\":[\"article 5\",\"defense\",\"OTAN\",\"stabilit\u00e9\",\"UE\",\"Ukraine\"],\"articleSection\":[\"Les dossiers de l'actualit\u00e9\"],\"inLanguage\":\"fr-FR\"},{\"@type\":\"WebPage\",\"@id\":\"https:\\\/\\\/www.rri.ro\\\/fr\\\/actualites\\\/les-dossiers-de-lactualite\\\/la-roumanie-et-le-flanc-est-de-lotan-id867799.html\",\"url\":\"https:\\\/\\\/www.rri.ro\\\/fr\\\/actualites\\\/les-dossiers-de-lactualite\\\/la-roumanie-et-le-flanc-est-de-lotan-id867799.html\",\"name\":\"La Roumanie et le flanc est de l\u2019OTAN - Radio Roumanie Internationale\",\"isPartOf\":{\"@id\":\"https:\\\/\\\/www.rri.ro\\\/#website\"},\"primaryImageOfPage\":{\"@id\":\"https:\\\/\\\/www.rri.ro\\\/fr\\\/actualites\\\/les-dossiers-de-lactualite\\\/la-roumanie-et-le-flanc-est-de-lotan-id867799.html#primaryimage\"},\"image\":{\"@id\":\"https:\\\/\\\/www.rri.ro\\\/fr\\\/actualites\\\/les-dossiers-de-lactualite\\\/la-roumanie-et-le-flanc-est-de-lotan-id867799.html#primaryimage\"},\"thumbnailUrl\":\"https:\\\/\\\/www.rri.ro\\\/wp-content\\\/uploads\\\/2025\\\/02\\\/Presedintele-interimar-Ilie-Bolojan.jpg\",\"datePublished\":\"2025-03-04T09:59:47+00:00\",\"dateModified\":\"2025-03-04T10:13:06+00:00\",\"author\":{\"@id\":\"https:\\\/\\\/www.rri.ro\\\/#\\\/schema\\\/person\\\/d5a987d79abdb413dbeb7c035fab3ef9\"},\"breadcrumb\":{\"@id\":\"https:\\\/\\\/www.rri.ro\\\/fr\\\/actualites\\\/les-dossiers-de-lactualite\\\/la-roumanie-et-le-flanc-est-de-lotan-id867799.html#breadcrumb\"},\"inLanguage\":\"fr-FR\",\"potentialAction\":[{\"@type\":\"ReadAction\",\"target\":[\"https:\\\/\\\/www.rri.ro\\\/fr\\\/actualites\\\/les-dossiers-de-lactualite\\\/la-roumanie-et-le-flanc-est-de-lotan-id867799.html\"]}]},{\"@type\":\"ImageObject\",\"inLanguage\":\"fr-FR\",\"@id\":\"https:\\\/\\\/www.rri.ro\\\/fr\\\/actualites\\\/les-dossiers-de-lactualite\\\/la-roumanie-et-le-flanc-est-de-lotan-id867799.html#primaryimage\",\"url\":\"https:\\\/\\\/www.rri.ro\\\/wp-content\\\/uploads\\\/2025\\\/02\\\/Presedintele-interimar-Ilie-Bolojan.jpg\",\"contentUrl\":\"https:\\\/\\\/www.rri.ro\\\/wp-content\\\/uploads\\\/2025\\\/02\\\/Presedintele-interimar-Ilie-Bolojan.jpg\",\"width\":960,\"height\":540,\"caption\":\"foto: www.presidency.ro (Pre\u015fedintele interimar Ilie Bolojan)\"},{\"@type\":\"BreadcrumbList\",\"@id\":\"https:\\\/\\\/www.rri.ro\\\/fr\\\/actualites\\\/les-dossiers-de-lactualite\\\/la-roumanie-et-le-flanc-est-de-lotan-id867799.html#breadcrumb\",\"itemListElement\":[{\"@type\":\"ListItem\",\"position\":1,\"name\":\"Page d'accueil\",\"item\":\"https:\\\/\\\/www.rri.ro\\\/fr\"},{\"@type\":\"ListItem\",\"position\":2,\"name\":\"Actualit\u00e9s\",\"item\":\"https:\\\/\\\/www.rri.ro\\\/fr\\\/actualites\"},{\"@type\":\"ListItem\",\"position\":3,\"name\":\"Les dossiers de l'actualit\u00e9\",\"item\":\"https:\\\/\\\/www.rri.ro\\\/fr\\\/actualites\\\/les-dossiers-de-lactualite\"},{\"@type\":\"ListItem\",\"position\":4,\"name\":\"La Roumanie et le flanc est de l\u2019OTAN\"}]},{\"@type\":\"WebSite\",\"@id\":\"https:\\\/\\\/www.rri.ro\\\/#website\",\"url\":\"https:\\\/\\\/www.rri.ro\\\/\",\"name\":\"Radio Roumanie Internationale\",\"description\":\"Totul despre Rom\u00e2nia \u015fi rom\u00e2ni, \u00een 13 limbi\\\/dialecte!\",\"inLanguage\":\"fr-FR\"},{\"@type\":\"Person\",\"@id\":\"https:\\\/\\\/www.rri.ro\\\/#\\\/schema\\\/person\\\/d5a987d79abdb413dbeb7c035fab3ef9\",\"name\":\"Alex Diaconescu\",\"url\":\"https:\\\/\\\/www.rri.ro\\\/fr\\\/author\\\/alexandru-diaconescu\"}]}<\/script>\n<!-- \/ Yoast SEO plugin. -->","yoast_head_json":{"title":"La Roumanie et le flanc est de l\u2019OTAN - Radio Roumanie Internationale","robots":{"index":"index","follow":"follow","max-snippet":"max-snippet:-1","max-image-preview":"max-image-preview:large","max-video-preview":"max-video-preview:-1"},"canonical":"https:\/\/www.rri.ro\/fr\/actualites\/les-dossiers-de-lactualite\/la-roumanie-et-le-flanc-est-de-lotan-id867799.html","og_locale":"fr_FR","og_type":"article","og_title":"La Roumanie et le flanc est de l\u2019OTAN - Radio Roumanie Internationale","og_description":"En s\u00e9curit\u00e9 sous l&rsquo;article 5 de l&rsquo;OTAN &nbsp; Ilie Bolojan s\u2019est entretenu lundi par t\u00e9l\u00e9phone avec le secr\u00e9taire g\u00e9n\u00e9ral de l\u2019OTAN, Mark Rutte, auquel il a fait savoir que l\u2019Alliance de l\u2019Atlantique Nord \u00e9tait toujours le principal garant de la s\u00e9curit\u00e9 de la Roumanie. L\u2019article 5 du Trait\u00e9 de l\u2019OTAN qui affirme qu\u2019une attaque contre [&hellip;]","og_url":"https:\/\/www.rri.ro\/fr\/actualites\/les-dossiers-de-lactualite\/la-roumanie-et-le-flanc-est-de-lotan-id867799.html","og_site_name":"Radio Roumanie Internationale","article_published_time":"2025-03-04T09:59:47+00:00","article_modified_time":"2025-03-04T10:13:06+00:00","og_image":[{"width":960,"height":540,"url":"https:\/\/www.rri.ro\/wp-content\/uploads\/2025\/02\/Presedintele-interimar-Ilie-Bolojan.jpg","type":"image\/jpeg"}],"author":"Alex Diaconescu","twitter_card":"summary_large_image","twitter_misc":{"\u00c9crit par":"Alex Diaconescu","Dur\u00e9e de lecture estim\u00e9e":"3 minutes","Written by":"Alex Diaconescu"},"schema":{"@context":"https:\/\/schema.org","@graph":[{"@type":"Article","@id":"https:\/\/www.rri.ro\/fr\/actualites\/les-dossiers-de-lactualite\/la-roumanie-et-le-flanc-est-de-lotan-id867799.html#article","isPartOf":{"@id":"https:\/\/www.rri.ro\/fr\/actualites\/les-dossiers-de-lactualite\/la-roumanie-et-le-flanc-est-de-lotan-id867799.html"},"author":{"name":"Alex Diaconescu","@id":"https:\/\/www.rri.ro\/#\/schema\/person\/d5a987d79abdb413dbeb7c035fab3ef9"},"headline":"La Roumanie et le flanc est de l\u2019OTAN","datePublished":"2025-03-04T09:59:47+00:00","dateModified":"2025-03-04T10:13:06+00:00","mainEntityOfPage":{"@id":"https:\/\/www.rri.ro\/fr\/actualites\/les-dossiers-de-lactualite\/la-roumanie-et-le-flanc-est-de-lotan-id867799.html"},"wordCount":636,"image":{"@id":"https:\/\/www.rri.ro\/fr\/actualites\/les-dossiers-de-lactualite\/la-roumanie-et-le-flanc-est-de-lotan-id867799.html#primaryimage"},"thumbnailUrl":"https:\/\/www.rri.ro\/wp-content\/uploads\/2025\/02\/Presedintele-interimar-Ilie-Bolojan.jpg","keywords":["article 5","defense","OTAN","stabilit\u00e9","UE","Ukraine"],"articleSection":["Les dossiers de l'actualit\u00e9"],"inLanguage":"fr-FR"},{"@type":"WebPage","@id":"https:\/\/www.rri.ro\/fr\/actualites\/les-dossiers-de-lactualite\/la-roumanie-et-le-flanc-est-de-lotan-id867799.html","url":"https:\/\/www.rri.ro\/fr\/actualites\/les-dossiers-de-lactualite\/la-roumanie-et-le-flanc-est-de-lotan-id867799.html","name":"La Roumanie et le flanc est de l\u2019OTAN - Radio Roumanie Internationale","isPartOf":{"@id":"https:\/\/www.rri.ro\/#website"},"primaryImageOfPage":{"@id":"https:\/\/www.rri.ro\/fr\/actualites\/les-dossiers-de-lactualite\/la-roumanie-et-le-flanc-est-de-lotan-id867799.html#primaryimage"},"image":{"@id":"https:\/\/www.rri.ro\/fr\/actualites\/les-dossiers-de-lactualite\/la-roumanie-et-le-flanc-est-de-lotan-id867799.html#primaryimage"},"thumbnailUrl":"https:\/\/www.rri.ro\/wp-content\/uploads\/2025\/02\/Presedintele-interimar-Ilie-Bolojan.jpg","datePublished":"2025-03-04T09:59:47+00:00","dateModified":"2025-03-04T10:13:06+00:00","author":{"@id":"https:\/\/www.rri.ro\/#\/schema\/person\/d5a987d79abdb413dbeb7c035fab3ef9"},"breadcrumb":{"@id":"https:\/\/www.rri.ro\/fr\/actualites\/les-dossiers-de-lactualite\/la-roumanie-et-le-flanc-est-de-lotan-id867799.html#breadcrumb"},"inLanguage":"fr-FR","potentialAction":[{"@type":"ReadAction","target":["https:\/\/www.rri.ro\/fr\/actualites\/les-dossiers-de-lactualite\/la-roumanie-et-le-flanc-est-de-lotan-id867799.html"]}]},{"@type":"ImageObject","inLanguage":"fr-FR","@id":"https:\/\/www.rri.ro\/fr\/actualites\/les-dossiers-de-lactualite\/la-roumanie-et-le-flanc-est-de-lotan-id867799.html#primaryimage","url":"https:\/\/www.rri.ro\/wp-content\/uploads\/2025\/02\/Presedintele-interimar-Ilie-Bolojan.jpg","contentUrl":"https:\/\/www.rri.ro\/wp-content\/uploads\/2025\/02\/Presedintele-interimar-Ilie-Bolojan.jpg","width":960,"height":540,"caption":"foto: www.presidency.ro (Pre\u015fedintele interimar Ilie Bolojan)"},{"@type":"BreadcrumbList","@id":"https:\/\/www.rri.ro\/fr\/actualites\/les-dossiers-de-lactualite\/la-roumanie-et-le-flanc-est-de-lotan-id867799.html#breadcrumb","itemListElement":[{"@type":"ListItem","position":1,"name":"Page d'accueil","item":"https:\/\/www.rri.ro\/fr"},{"@type":"ListItem","position":2,"name":"Actualit\u00e9s","item":"https:\/\/www.rri.ro\/fr\/actualites"},{"@type":"ListItem","position":3,"name":"Les dossiers de l'actualit\u00e9","item":"https:\/\/www.rri.ro\/fr\/actualites\/les-dossiers-de-lactualite"},{"@type":"ListItem","position":4,"name":"La Roumanie et le flanc est de l\u2019OTAN"}]},{"@type":"WebSite","@id":"https:\/\/www.rri.ro\/#website","url":"https:\/\/www.rri.ro\/","name":"Radio Roumanie Internationale","description":"Totul despre Rom\u00e2nia \u015fi rom\u00e2ni, \u00een 13 limbi\/dialecte!","inLanguage":"fr-FR"},{"@type":"Person","@id":"https:\/\/www.rri.ro\/#\/schema\/person\/d5a987d79abdb413dbeb7c035fab3ef9","name":"Alex Diaconescu","url":"https:\/\/www.rri.ro\/fr\/author\/alexandru-diaconescu"}]}},"_links":{"self":[{"href":"https:\/\/www.rri.ro\/fr\/wp-json\/wp\/v2\/posts\/867799","targetHints":{"allow":["GET"]}}],"collection":[{"href":"https:\/\/www.rri.ro\/fr\/wp-json\/wp\/v2\/posts"}],"about":[{"href":"https:\/\/www.rri.ro\/fr\/wp-json\/wp\/v2\/types\/post"}],"author":[{"embeddable":true,"href":"https:\/\/www.rri.ro\/fr\/wp-json\/wp\/v2\/users\/82"}],"replies":[{"embeddable":true,"href":"https:\/\/www.rri.ro\/fr\/wp-json\/wp\/v2\/comments?post=867799"}],"version-history":[{"count":0,"href":"https:\/\/www.rri.ro\/fr\/wp-json\/wp\/v2\/posts\/867799\/revisions"}],"wp:featuredmedia":[{"embeddable":true,"href":"https:\/\/www.rri.ro\/fr\/wp-json\/wp\/v2\/media\/863298"}],"wp:attachment":[{"href":"https:\/\/www.rri.ro\/fr\/wp-json\/wp\/v2\/media?parent=867799"}],"wp:term":[{"taxonomy":"category","embeddable":true,"href":"https:\/\/www.rri.ro\/fr\/wp-json\/wp\/v2\/categories?post=867799"},{"taxonomy":"post_tag","embeddable":true,"href":"https:\/\/www.rri.ro\/fr\/wp-json\/wp\/v2\/tags?post=867799"},{"taxonomy":"author","embeddable":true,"href":"https:\/\/www.rri.ro\/fr\/wp-json\/wp\/v2\/coauthors?post=867799"}],"curies":[{"name":"wp","href":"https:\/\/api.w.org\/{rel}","templated":true}]}}