{"id":872154,"date":"2025-03-16T11:00:26","date_gmt":"2025-03-16T09:00:26","guid":{"rendered":"https:\/\/www.rri.ro\/?p=872154"},"modified":"2025-03-16T11:10:00","modified_gmt":"2025-03-16T09:10:00","slug":"la-semaine-du-10-au-16-mars-2025","status":"publish","type":"post","link":"https:\/\/www.rri.ro\/fr\/actualites\/cette-semaine-en-roumanie\/la-semaine-du-10-au-16-mars-2025-id872154.html","title":{"rendered":"La semaine du 10 au 16 mars 2025"},"content":{"rendered":"<p><strong>Des \u00e9lections pr\u00e9sidentielles sans Calin Georgescu<\/strong><\/p>\n<p>&nbsp;<\/p>\n<p>Fin de d\u00e9p\u00f4t de candidatures \u00e0 l\u2019\u00e9lection pr\u00e9sidentielle de mai prochain en Roumanie. Les processus de validation des dossiers se poursuivent apr\u00e8s le 15 mars, la date finale des inscriptions. Le moment le plus attendu a \u00e9t\u00e9 l\u2019avis final sur la candidature de l\u2019extr\u00e9miste pro-russe C\u0103lin Georgescu. Pour rappel, ce personnage quasi-inconnu jusqu\u2019ici a fait la surprise g\u00e9n\u00e9rale en novembre dernier en remportant la grande majorit\u00e9 des suffrages du premier tour du scrutin pr\u00e9sidentiel. Ce premier tour a pourtant \u00e9t\u00e9 annul\u00e9 par la Cour Constitutionnelle de Roumanie une fois que des ing\u00e9rences ext\u00e9rieures ont \u00e9t\u00e9 d\u00e9voil\u00e9es dans son organisation, une d\u00e9cision sans pr\u00e9c\u00e9dent dans le pays. Etant donn\u00e9 que la CCR a d\u00e9cid\u00e9 que l\u2019ensemble du processus \u00e9lectoral en vue de l\u2019\u00e9lection du chef d\u2019Etat de la Roumanie soit repris \u00e0 z\u00e9ro, les candidats ont d\u00fb d\u00e9poser de nouveaux leurs dossiers accompagn\u00e9s de listes de signatures de soutien n\u00e9cessaires. C\u0103lin Georgescu n\u2019a pas h\u00e9sit\u00e9 \u00e0 d\u00e9poser une nouvelle fois sa candidature, que le Bureau Electoral Central (BEC) a rejet\u00e9e dimanche dernier, invoquant justement la d\u00e9cision de la CCR de d\u00e9cembre dernier. Selon le Bureau, le dossier de C\u0103lin Georgescu ne r\u00e9unit pas les conditions impos\u00e9es par la loi, puisque, compte tenu du fait qu\u2019il n\u2019avait pas respect\u00e9 les normes \u00e9lectorales lors du scrutin initial, il avait viol\u00e9 l\u2019obligation m\u00eame de d\u00e9fendre la d\u00e9mocratie, fond\u00e9e, elle, sur des suffrages corrects, int\u00e8gres et impartiaux. Mardi, la CCR a confirm\u00e9 la d\u00e9cision du BEC et c\u2019est ainsi que cette v\u00e9ritable aventure \u00e9lectorale de C\u0103lin Georgescu, d\u00e9marr\u00e9e sur TikTok l\u2019automne dernier et qui a tellement nuit au syst\u00e8me politique roumain, a pris fin. En apprenant la d\u00e9cision du rejeter de la candidature de M Georgescu, ses partisans ont protest\u00e9 avec v\u00e9h\u00e9mence au centre-ville de Bucarest, si bien que plusieurs gendarmes ont \u00e9t\u00e9 bless\u00e9s et ont eu besoin de soins m\u00e9dicaux et que de nombreux d\u00e9g\u00e2ts mat\u00e9riels ont \u00e9t\u00e9 caus\u00e9s.<\/p>\n<p>&nbsp;<\/p>\n<p><strong>De nouveaux et anciens candidats<\/strong><\/p>\n<p>&nbsp;<\/p>\n<p>Plong\u00e9s dans le d\u00e9risoire une fois que leur soi-disant leader id\u00e9ologique a quitt\u00e9 la course pour le fauteuil pr\u00e9sidentiel, les chefs des deux partis populistes et ultranationalistes du Parlement roumain, \u00e0 savoir George Simion de l\u2019Alliance pour l\u2019Union des Roumains (AUR) et respectivement Anamaria Gavril\u0103 du Parti des Jeunes (POT), conseill\u00e9s par Calin Georgescu, ont d\u00e9pos\u00e9 eux aussi leurs candidatures. Toujours du c\u00f4t\u00e9 du courant souverainiste, la cheffe du parti SOS Roumanie, Diana \u015eo\u015foac\u0103, a renouvel\u00e9 sa candidature, alors qu\u2019elle avait vu rejet\u00e9 son dossier par la CCR l\u2019automne dernier. \u00c9galement en lice, Victor Ponta, ex-premier ministre social-d\u00e9mocrate, qui se porte candidat ind\u00e9pendant cette fois-ci, ce qui lui a valu l\u2019exclusion du Parti Social-D\u00e9mocrate. Pour rappel, le m\u00eame Victor Ponta avait aussi tent\u00e9 ses chances en 2014, lorsqu\u2019il avait perdu face \u00e0 Klaus Iohannis. On ne saurait oublier non plus le candidat de la coalition gouvernementale form\u00e9e du Parti Social-D\u00e9mocrate (PSD), du Parti National Lib\u00e9ral (PNL) et de l\u2019Union d\u00e9mocrate magyare de Roumanie (UDMR)\u00a0: l\u2019ancien chef des Lib\u00e9raux, Crin Antonescu, repr\u00e9sentant du camp pro-europ\u00e9en. S\u2019y ajoute l\u2019actuel maire de la capitale, Nicu\u015for Dan, en lice pour la premi\u00e8re fois \u00e0 la plus haute fonction de l\u2019Etat, ainsi que la cheffe de l\u2019Union Sauvez la Roumanie (USR), Elena Lasconi, arriv\u00e9e en 2<sup>e<\/sup> position au scrutin pr\u00e9sidentiel de novembre dernier et qui aurait d\u00fb disputer le second tour contre Calin Georgescu, si l\u2019\u00e9lection initiale n\u2019avait pas \u00e9t\u00e9 annul\u00e9e.<\/p>\n<p>&nbsp;<\/p>\n<p><strong>Un mercenaire poursuivi en justice<\/strong><\/p>\n<p>&nbsp;<\/p>\n<p>Cette semaine encore, les juges ont rejet\u00e9 les contestations d\u00e9pos\u00e9es par le mercenaire Hora\u0163iu Potra, un proche de C\u0103lin Georgescu, par son fils, Dorian Potra, et par un autre membre de leur famille Alexandru Potra, et a maintenu en vigueur les mandats d\u2019arr\u00eat \u00e9mis \u00e0 leur encontre il y a deux semaines. Les trois hommes ont quitt\u00e9 le territoire de la Roumanie et sont donc concern\u00e9s par des poursuites g\u00e9n\u00e9rales. En revanche, les juges ont \u00e9galement d\u00e9cid\u00e9 de la lib\u00e9ration des 11 mercenaires du groupe de Hora\u0163iu Potra, les pla\u00e7ant en d\u00e9tention provisoire ou d\u00e9tention \u00e0 domicile, alors que 4 autres personnes ont \u00e9t\u00e9 plac\u00e9es sous contr\u00f4le judiciaire dans la m\u00eame affaire. Pour rappel, suite aux perquisitions men\u00e9es dans l\u2019enqu\u00eate concernant le financement de la campagne \u00e9lectorale de C\u0103lin Georgescu, les procureurs ont d\u00e9couvert dans les logements utilis\u00e9s par Hora\u0163iu Potra et ses proches un v\u00e9ritable arsenal militaire, des sommes impressionnantes d\u2019argent et m\u00eame des lingots d\u2019or. Selon les procureurs, Hora\u0163iu Potra et ses mercenaires avaient l\u2019intention de s\u2019infiltrer dans les protestations organis\u00e9es tout de suite apr\u00e8s l\u2019annulation des \u00e9lections pr\u00e9sidentielles de l\u2019ann\u00e9e derni\u00e8re, pour y semer le chaos.<\/p>\n<p>&nbsp;<\/p>\n<p><strong>Des bonus accord\u00e9s et d\u2019autres supprim\u00e9s<\/strong><\/p>\n<p>&nbsp;<\/p>\n<p>L\u2019Ex\u00e9cutif de Bucarest a d\u00e9cid\u00e9 cette semaine d\u2019accorder une aide financi\u00e8re de 800 lei (160 euros environ) aux retrait\u00e9s dont la pension ne d\u00e9passe pas les 2 574 lei (515 euros). Plus de 2 millions et demi de personnes sont concern\u00e9es. Elles recevront cet argent en deux tranches : l\u2019une en avril, l\u2019autre en d\u00e9cembre prochain. Par contre, pour ce qui est des privil\u00e9gi\u00e9s du syst\u00e8me public, le ministre de l\u2019Environnement, Mircea Fechet, a fait savoir que le gouvernement avait supprim\u00e9 le bonus \u00e9hont\u00e9s dont b\u00e9n\u00e9ficiaient les salari\u00e9s de la r\u00e9gie foresti\u00e8re nationale Romsilva lorsqu\u2019ils partaient \u00e0 la retraite. \u00ab On veut s\u2019assurer que de telles situations n\u2019auront plus lieu chez Romsilva, o\u00f9 le d\u00e9fi remplace le bon sens. Je pense notamment aux bonus de 100 000 euros re\u00e7us par plusieurs employ\u00e9s lors de leur retraite, et qui ont tout de suite apr\u00e8s repris leurs fonctions\u00a0\u00bb, a d\u00e9clar\u00e9 le ministre. Selon celui-ci, rien que ces 2\u00a0derni\u00e8res ann\u00e9es, plus de 1 200 salari\u00e9s de la r\u00e9gie foresti\u00e8re ont touch\u00e9 des bonus d\u2019environ 200 millions de lei (l\u2019\u00e9quivalent de 40 millions d\u2019euros).<\/p>\n<p>&nbsp;<\/p>\n<p><strong>Fin de parcours europ\u00e9en pour les footballeurs roumains<\/strong><\/p>\n<p>&nbsp;<\/p>\n<p>Du sport pour terminer. L\u2019\u00e9quipe du club Champion de Roumanie de football, FCSB Bucarest, a \u00e9t\u00e9 \u00e9limin\u00e9e dans les 8<sup>e<\/sup> de finale de la Ligue Europa par les Fran\u00e7ais de l\u2019Olympique Lyonnais, qui ont domin\u00e9 le match et se sont impos\u00e9s par 4 buts \u00e0 0, et, lors du match-aller de Bucarest, les Roumains s&rsquo;\u00e9taient inclin\u00e9s 3 buts \u00e0 1. Somme toute, FCSB a eu 4 victoires et 2 matchs nuls dans son groupe, s\u2019inclinant seulement devant deux grandes \u00e9quipes, \u00e0 savoir : Manchester United et Glasgow Rangers. Puis, dans les 8<sup>e<\/sup> de finale, les Bucarestois ont par deux fois vaincu les Grecs de PAOK Thessalonique, entra\u00een\u00e9s par le Roumain Razvan Lucescu. (trad. Valentina Beleavski)<\/p>\n","protected":false},"excerpt":{"rendered":"<p>Des \u00e9lections pr\u00e9sidentielles sans Calin Georgescu &nbsp; Fin de d\u00e9p\u00f4t de candidatures \u00e0 l\u2019\u00e9lection pr\u00e9sidentielle de mai prochain en Roumanie. Les processus de validation des dossiers se poursuivent apr\u00e8s le 15 mars, la date finale des inscriptions. Le moment le plus attendu a \u00e9t\u00e9 l\u2019avis final sur la candidature de l\u2019extr\u00e9miste pro-russe C\u0103lin Georgescu. Pour [&hellip;]<\/p>\n","protected":false},"author":110,"featured_media":860592,"comment_status":"closed","ping_status":"closed","sticky":false,"template":"","format":"standard","meta":{"_acf_changed":false,"footnotes":""},"categories":[94426],"tags":[165781,92848,88176,88664,88190,155496,155373,164800,165780,87428,163502],"coauthors":[113257],"class_list":["post-872154","post","type-post","status-publish","format-standard","has-post-thumbnail","hentry","category-cette-semaine-en-roumanie","tag-bonus-fr","tag-calin-georgescu","tag-candidats","tag-candidature","tag-elections-presidentielles","tag-europa-league-fr","tag-fcsb-fr","tag-horatiu-potra-fr","tag-mercenaire","tag-retraites","tag-romsilva-fr"],"acf":[],"yoast_head":"<!-- This site is optimized with the Yoast SEO plugin v27.3 - https:\/\/yoast.com\/product\/yoast-seo-wordpress\/ -->\n<title>La semaine du 10 au 16 mars 2025 - Radio Roumanie Internationale<\/title>\n<meta name=\"robots\" content=\"index, follow, max-snippet:-1, max-image-preview:large, max-video-preview:-1\" \/>\n<link rel=\"canonical\" href=\"https:\/\/www.rri.ro\/fr\/actualites\/cette-semaine-en-roumanie\/la-semaine-du-10-au-16-mars-2025-id872154.html\" \/>\n<meta property=\"og:locale\" content=\"fr_FR\" \/>\n<meta property=\"og:type\" content=\"article\" \/>\n<meta property=\"og:title\" content=\"La semaine du 10 au 16 mars 2025 - Radio Roumanie Internationale\" \/>\n<meta property=\"og:description\" content=\"Des \u00e9lections pr\u00e9sidentielles sans Calin Georgescu &nbsp; Fin de d\u00e9p\u00f4t de candidatures \u00e0 l\u2019\u00e9lection pr\u00e9sidentielle de mai prochain en Roumanie. Les processus de validation des dossiers se poursuivent apr\u00e8s le 15 mars, la date finale des inscriptions. Le moment le plus attendu a \u00e9t\u00e9 l\u2019avis final sur la candidature de l\u2019extr\u00e9miste pro-russe C\u0103lin Georgescu. Pour [&hellip;]\" \/>\n<meta property=\"og:url\" content=\"https:\/\/www.rri.ro\/fr\/actualites\/cette-semaine-en-roumanie\/la-semaine-du-10-au-16-mars-2025-id872154.html\" \/>\n<meta property=\"og:site_name\" content=\"Radio Roumanie Internationale\" \/>\n<meta property=\"article:published_time\" content=\"2025-03-16T09:00:26+00:00\" \/>\n<meta property=\"article:modified_time\" content=\"2025-03-16T09:10:00+00:00\" \/>\n<meta property=\"og:image\" content=\"https:\/\/www.rri.ro\/wp-content\/uploads\/2025\/02\/Eveniment-Top-colaj-nou-2025.jpg\" \/>\n\t<meta property=\"og:image:width\" content=\"960\" \/>\n\t<meta property=\"og:image:height\" content=\"540\" \/>\n\t<meta property=\"og:image:type\" content=\"image\/jpeg\" \/>\n<meta name=\"author\" content=\"\u015etefan Stoica\" \/>\n<meta name=\"twitter:card\" content=\"summary_large_image\" \/>\n<meta name=\"twitter:label1\" content=\"\u00c9crit par\" \/>\n\t<meta name=\"twitter:data1\" content=\"\u015etefan Stoica\" \/>\n\t<meta name=\"twitter:label2\" content=\"Dur\u00e9e de lecture estim\u00e9e\" \/>\n\t<meta name=\"twitter:data2\" content=\"6 minutes\" \/>\n\t<meta name=\"twitter:label3\" content=\"Written by\" \/>\n\t<meta name=\"twitter:data3\" content=\"\u015etefan Stoica\" \/>\n<script type=\"application\/ld+json\" class=\"yoast-schema-graph\">{\"@context\":\"https:\\\/\\\/schema.org\",\"@graph\":[{\"@type\":\"Article\",\"@id\":\"https:\\\/\\\/www.rri.ro\\\/fr\\\/actualites\\\/cette-semaine-en-roumanie\\\/la-semaine-du-10-au-16-mars-2025-id872154.html#article\",\"isPartOf\":{\"@id\":\"https:\\\/\\\/www.rri.ro\\\/fr\\\/actualites\\\/cette-semaine-en-roumanie\\\/la-semaine-du-10-au-16-mars-2025-id872154.html\"},\"author\":{\"name\":\"\u015etefan Stoica\",\"@id\":\"https:\\\/\\\/www.rri.ro\\\/#\\\/schema\\\/person\\\/2d81d5dc94d44190d13245f64551d334\"},\"headline\":\"La semaine du 10 au 16 mars 2025\",\"datePublished\":\"2025-03-16T09:00:26+00:00\",\"dateModified\":\"2025-03-16T09:10:00+00:00\",\"mainEntityOfPage\":{\"@id\":\"https:\\\/\\\/www.rri.ro\\\/fr\\\/actualites\\\/cette-semaine-en-roumanie\\\/la-semaine-du-10-au-16-mars-2025-id872154.html\"},\"wordCount\":1234,\"image\":{\"@id\":\"https:\\\/\\\/www.rri.ro\\\/fr\\\/actualites\\\/cette-semaine-en-roumanie\\\/la-semaine-du-10-au-16-mars-2025-id872154.html#primaryimage\"},\"thumbnailUrl\":\"https:\\\/\\\/www.rri.ro\\\/wp-content\\\/uploads\\\/2025\\\/02\\\/Eveniment-Top-colaj-nou-2025.jpg\",\"keywords\":[\"bonus\",\"Calin Georgescu\",\"candidats\",\"candidature\",\"\u00e9lections pr\u00e9sidentielles\",\"Europa League\",\"FCSB\",\"Hora\u021biu Potra\",\"mercenaire\",\"retrait\u00e9s\",\"romsilva\"],\"articleSection\":[\"Cette semaine, en Roumanie\"],\"inLanguage\":\"fr-FR\"},{\"@type\":\"WebPage\",\"@id\":\"https:\\\/\\\/www.rri.ro\\\/fr\\\/actualites\\\/cette-semaine-en-roumanie\\\/la-semaine-du-10-au-16-mars-2025-id872154.html\",\"url\":\"https:\\\/\\\/www.rri.ro\\\/fr\\\/actualites\\\/cette-semaine-en-roumanie\\\/la-semaine-du-10-au-16-mars-2025-id872154.html\",\"name\":\"La semaine du 10 au 16 mars 2025 - Radio Roumanie Internationale\",\"isPartOf\":{\"@id\":\"https:\\\/\\\/www.rri.ro\\\/#website\"},\"primaryImageOfPage\":{\"@id\":\"https:\\\/\\\/www.rri.ro\\\/fr\\\/actualites\\\/cette-semaine-en-roumanie\\\/la-semaine-du-10-au-16-mars-2025-id872154.html#primaryimage\"},\"image\":{\"@id\":\"https:\\\/\\\/www.rri.ro\\\/fr\\\/actualites\\\/cette-semaine-en-roumanie\\\/la-semaine-du-10-au-16-mars-2025-id872154.html#primaryimage\"},\"thumbnailUrl\":\"https:\\\/\\\/www.rri.ro\\\/wp-content\\\/uploads\\\/2025\\\/02\\\/Eveniment-Top-colaj-nou-2025.jpg\",\"datePublished\":\"2025-03-16T09:00:26+00:00\",\"dateModified\":\"2025-03-16T09:10:00+00:00\",\"author\":{\"@id\":\"https:\\\/\\\/www.rri.ro\\\/#\\\/schema\\\/person\\\/2d81d5dc94d44190d13245f64551d334\"},\"breadcrumb\":{\"@id\":\"https:\\\/\\\/www.rri.ro\\\/fr\\\/actualites\\\/cette-semaine-en-roumanie\\\/la-semaine-du-10-au-16-mars-2025-id872154.html#breadcrumb\"},\"inLanguage\":\"fr-FR\",\"potentialAction\":[{\"@type\":\"ReadAction\",\"target\":[\"https:\\\/\\\/www.rri.ro\\\/fr\\\/actualites\\\/cette-semaine-en-roumanie\\\/la-semaine-du-10-au-16-mars-2025-id872154.html\"]}]},{\"@type\":\"ImageObject\",\"inLanguage\":\"fr-FR\",\"@id\":\"https:\\\/\\\/www.rri.ro\\\/fr\\\/actualites\\\/cette-semaine-en-roumanie\\\/la-semaine-du-10-au-16-mars-2025-id872154.html#primaryimage\",\"url\":\"https:\\\/\\\/www.rri.ro\\\/wp-content\\\/uploads\\\/2025\\\/02\\\/Eveniment-Top-colaj-nou-2025.jpg\",\"contentUrl\":\"https:\\\/\\\/www.rri.ro\\\/wp-content\\\/uploads\\\/2025\\\/02\\\/Eveniment-Top-colaj-nou-2025.jpg\",\"width\":960,\"height\":540,\"caption\":\"The Week in Review\"},{\"@type\":\"BreadcrumbList\",\"@id\":\"https:\\\/\\\/www.rri.ro\\\/fr\\\/actualites\\\/cette-semaine-en-roumanie\\\/la-semaine-du-10-au-16-mars-2025-id872154.html#breadcrumb\",\"itemListElement\":[{\"@type\":\"ListItem\",\"position\":1,\"name\":\"Page d'accueil\",\"item\":\"https:\\\/\\\/www.rri.ro\\\/fr\"},{\"@type\":\"ListItem\",\"position\":2,\"name\":\"Actualit\u00e9s\",\"item\":\"https:\\\/\\\/www.rri.ro\\\/fr\\\/actualites\"},{\"@type\":\"ListItem\",\"position\":3,\"name\":\"Cette semaine, en Roumanie\",\"item\":\"https:\\\/\\\/www.rri.ro\\\/fr\\\/actualites\\\/cette-semaine-en-roumanie\"},{\"@type\":\"ListItem\",\"position\":4,\"name\":\"La semaine du 10 au 16 mars 2025\"}]},{\"@type\":\"WebSite\",\"@id\":\"https:\\\/\\\/www.rri.ro\\\/#website\",\"url\":\"https:\\\/\\\/www.rri.ro\\\/\",\"name\":\"Radio Roumanie Internationale\",\"description\":\"Totul despre Rom\u00e2nia \u015fi rom\u00e2ni, \u00een 13 limbi\\\/dialecte!\",\"inLanguage\":\"fr-FR\"},{\"@type\":\"Person\",\"@id\":\"https:\\\/\\\/www.rri.ro\\\/#\\\/schema\\\/person\\\/2d81d5dc94d44190d13245f64551d334\",\"name\":\"\u015etefan Stoica\",\"url\":\"https:\\\/\\\/www.rri.ro\\\/fr\\\/author\\\/stefan-stoica\"}]}<\/script>\n<!-- \/ Yoast SEO plugin. -->","yoast_head_json":{"title":"La semaine du 10 au 16 mars 2025 - Radio Roumanie Internationale","robots":{"index":"index","follow":"follow","max-snippet":"max-snippet:-1","max-image-preview":"max-image-preview:large","max-video-preview":"max-video-preview:-1"},"canonical":"https:\/\/www.rri.ro\/fr\/actualites\/cette-semaine-en-roumanie\/la-semaine-du-10-au-16-mars-2025-id872154.html","og_locale":"fr_FR","og_type":"article","og_title":"La semaine du 10 au 16 mars 2025 - Radio Roumanie Internationale","og_description":"Des \u00e9lections pr\u00e9sidentielles sans Calin Georgescu &nbsp; Fin de d\u00e9p\u00f4t de candidatures \u00e0 l\u2019\u00e9lection pr\u00e9sidentielle de mai prochain en Roumanie. Les processus de validation des dossiers se poursuivent apr\u00e8s le 15 mars, la date finale des inscriptions. Le moment le plus attendu a \u00e9t\u00e9 l\u2019avis final sur la candidature de l\u2019extr\u00e9miste pro-russe C\u0103lin Georgescu. Pour [&hellip;]","og_url":"https:\/\/www.rri.ro\/fr\/actualites\/cette-semaine-en-roumanie\/la-semaine-du-10-au-16-mars-2025-id872154.html","og_site_name":"Radio Roumanie Internationale","article_published_time":"2025-03-16T09:00:26+00:00","article_modified_time":"2025-03-16T09:10:00+00:00","og_image":[{"width":960,"height":540,"url":"https:\/\/www.rri.ro\/wp-content\/uploads\/2025\/02\/Eveniment-Top-colaj-nou-2025.jpg","type":"image\/jpeg"}],"author":"\u015etefan Stoica","twitter_card":"summary_large_image","twitter_misc":{"\u00c9crit par":"\u015etefan Stoica","Dur\u00e9e de lecture estim\u00e9e":"6 minutes","Written by":"\u015etefan Stoica"},"schema":{"@context":"https:\/\/schema.org","@graph":[{"@type":"Article","@id":"https:\/\/www.rri.ro\/fr\/actualites\/cette-semaine-en-roumanie\/la-semaine-du-10-au-16-mars-2025-id872154.html#article","isPartOf":{"@id":"https:\/\/www.rri.ro\/fr\/actualites\/cette-semaine-en-roumanie\/la-semaine-du-10-au-16-mars-2025-id872154.html"},"author":{"name":"\u015etefan Stoica","@id":"https:\/\/www.rri.ro\/#\/schema\/person\/2d81d5dc94d44190d13245f64551d334"},"headline":"La semaine du 10 au 16 mars 2025","datePublished":"2025-03-16T09:00:26+00:00","dateModified":"2025-03-16T09:10:00+00:00","mainEntityOfPage":{"@id":"https:\/\/www.rri.ro\/fr\/actualites\/cette-semaine-en-roumanie\/la-semaine-du-10-au-16-mars-2025-id872154.html"},"wordCount":1234,"image":{"@id":"https:\/\/www.rri.ro\/fr\/actualites\/cette-semaine-en-roumanie\/la-semaine-du-10-au-16-mars-2025-id872154.html#primaryimage"},"thumbnailUrl":"https:\/\/www.rri.ro\/wp-content\/uploads\/2025\/02\/Eveniment-Top-colaj-nou-2025.jpg","keywords":["bonus","Calin Georgescu","candidats","candidature","\u00e9lections pr\u00e9sidentielles","Europa League","FCSB","Hora\u021biu Potra","mercenaire","retrait\u00e9s","romsilva"],"articleSection":["Cette semaine, en Roumanie"],"inLanguage":"fr-FR"},{"@type":"WebPage","@id":"https:\/\/www.rri.ro\/fr\/actualites\/cette-semaine-en-roumanie\/la-semaine-du-10-au-16-mars-2025-id872154.html","url":"https:\/\/www.rri.ro\/fr\/actualites\/cette-semaine-en-roumanie\/la-semaine-du-10-au-16-mars-2025-id872154.html","name":"La semaine du 10 au 16 mars 2025 - Radio Roumanie Internationale","isPartOf":{"@id":"https:\/\/www.rri.ro\/#website"},"primaryImageOfPage":{"@id":"https:\/\/www.rri.ro\/fr\/actualites\/cette-semaine-en-roumanie\/la-semaine-du-10-au-16-mars-2025-id872154.html#primaryimage"},"image":{"@id":"https:\/\/www.rri.ro\/fr\/actualites\/cette-semaine-en-roumanie\/la-semaine-du-10-au-16-mars-2025-id872154.html#primaryimage"},"thumbnailUrl":"https:\/\/www.rri.ro\/wp-content\/uploads\/2025\/02\/Eveniment-Top-colaj-nou-2025.jpg","datePublished":"2025-03-16T09:00:26+00:00","dateModified":"2025-03-16T09:10:00+00:00","author":{"@id":"https:\/\/www.rri.ro\/#\/schema\/person\/2d81d5dc94d44190d13245f64551d334"},"breadcrumb":{"@id":"https:\/\/www.rri.ro\/fr\/actualites\/cette-semaine-en-roumanie\/la-semaine-du-10-au-16-mars-2025-id872154.html#breadcrumb"},"inLanguage":"fr-FR","potentialAction":[{"@type":"ReadAction","target":["https:\/\/www.rri.ro\/fr\/actualites\/cette-semaine-en-roumanie\/la-semaine-du-10-au-16-mars-2025-id872154.html"]}]},{"@type":"ImageObject","inLanguage":"fr-FR","@id":"https:\/\/www.rri.ro\/fr\/actualites\/cette-semaine-en-roumanie\/la-semaine-du-10-au-16-mars-2025-id872154.html#primaryimage","url":"https:\/\/www.rri.ro\/wp-content\/uploads\/2025\/02\/Eveniment-Top-colaj-nou-2025.jpg","contentUrl":"https:\/\/www.rri.ro\/wp-content\/uploads\/2025\/02\/Eveniment-Top-colaj-nou-2025.jpg","width":960,"height":540,"caption":"The Week in Review"},{"@type":"BreadcrumbList","@id":"https:\/\/www.rri.ro\/fr\/actualites\/cette-semaine-en-roumanie\/la-semaine-du-10-au-16-mars-2025-id872154.html#breadcrumb","itemListElement":[{"@type":"ListItem","position":1,"name":"Page d'accueil","item":"https:\/\/www.rri.ro\/fr"},{"@type":"ListItem","position":2,"name":"Actualit\u00e9s","item":"https:\/\/www.rri.ro\/fr\/actualites"},{"@type":"ListItem","position":3,"name":"Cette semaine, en Roumanie","item":"https:\/\/www.rri.ro\/fr\/actualites\/cette-semaine-en-roumanie"},{"@type":"ListItem","position":4,"name":"La semaine du 10 au 16 mars 2025"}]},{"@type":"WebSite","@id":"https:\/\/www.rri.ro\/#website","url":"https:\/\/www.rri.ro\/","name":"Radio Roumanie Internationale","description":"Totul despre Rom\u00e2nia \u015fi rom\u00e2ni, \u00een 13 limbi\/dialecte!","inLanguage":"fr-FR"},{"@type":"Person","@id":"https:\/\/www.rri.ro\/#\/schema\/person\/2d81d5dc94d44190d13245f64551d334","name":"\u015etefan Stoica","url":"https:\/\/www.rri.ro\/fr\/author\/stefan-stoica"}]}},"_links":{"self":[{"href":"https:\/\/www.rri.ro\/fr\/wp-json\/wp\/v2\/posts\/872154","targetHints":{"allow":["GET"]}}],"collection":[{"href":"https:\/\/www.rri.ro\/fr\/wp-json\/wp\/v2\/posts"}],"about":[{"href":"https:\/\/www.rri.ro\/fr\/wp-json\/wp\/v2\/types\/post"}],"author":[{"embeddable":true,"href":"https:\/\/www.rri.ro\/fr\/wp-json\/wp\/v2\/users\/110"}],"replies":[{"embeddable":true,"href":"https:\/\/www.rri.ro\/fr\/wp-json\/wp\/v2\/comments?post=872154"}],"version-history":[{"count":0,"href":"https:\/\/www.rri.ro\/fr\/wp-json\/wp\/v2\/posts\/872154\/revisions"}],"wp:featuredmedia":[{"embeddable":true,"href":"https:\/\/www.rri.ro\/fr\/wp-json\/wp\/v2\/media\/860592"}],"wp:attachment":[{"href":"https:\/\/www.rri.ro\/fr\/wp-json\/wp\/v2\/media?parent=872154"}],"wp:term":[{"taxonomy":"category","embeddable":true,"href":"https:\/\/www.rri.ro\/fr\/wp-json\/wp\/v2\/categories?post=872154"},{"taxonomy":"post_tag","embeddable":true,"href":"https:\/\/www.rri.ro\/fr\/wp-json\/wp\/v2\/tags?post=872154"},{"taxonomy":"author","embeddable":true,"href":"https:\/\/www.rri.ro\/fr\/wp-json\/wp\/v2\/coauthors?post=872154"}],"curies":[{"name":"wp","href":"https:\/\/api.w.org\/{rel}","templated":true}]}}