{"id":875552,"date":"2025-03-25T12:26:28","date_gmt":"2025-03-25T10:26:28","guid":{"rendered":"https:\/\/www.rri.ro\/?p=875552"},"modified":"2025-03-25T12:26:28","modified_gmt":"2025-03-25T10:26:28","slug":"la-roumanie-doit-imperativement-reduire-ses-depenses","status":"publish","type":"post","link":"https:\/\/www.rri.ro\/fr\/actualites\/les-dossiers-de-lactualite\/la-roumanie-doit-imperativement-reduire-ses-depenses-id875552.html","title":{"rendered":"La Roumanie doit imp\u00e9rativement  r\u00e9duire ses d\u00e9penses"},"content":{"rendered":"<p>La Roumanie fait face \u00e0 une situation budg\u00e9taire pr\u00e9occupante apr\u00e8s plusieurs ann\u00e9es de d\u00e9penses excessives. C\u2019est le constat dress\u00e9 par le pr\u00e9sident roumain par int\u00e9rim, Ilie Bolojan, qui appelle \u00e0 un effort soutenu pour r\u00e9\u00e9quilibrer les finances publiques et relancer l\u2019\u00e9conomie au cours des deux prochaines ann\u00e9es. Lors d\u2019une intervention t\u00e9l\u00e9vis\u00e9e, le chef de l\u2019\u00c9tat a esquiss\u00e9 les solutions envisageables : r\u00e9duire les d\u00e9penses de fonctionnement ou, en dernier recours, augmenter les imp\u00f4ts et les taxes. Il a \u00e9galement insist\u00e9 sur la n\u00e9cessit\u00e9 d\u2019am\u00e9liorer la collecte des recettes fiscales, notamment en mati\u00e8re de TVA, o\u00f9 des marges de r\u00e9cup\u00e9ration subsistent.<\/p>\n<p>Toutefois, Ilie Bolojan a soulign\u00e9 que l\u2019augmentation de la pression fiscale ne devrait \u00eatre envisag\u00e9e qu\u2019en ultime recours, dans des circonstances exceptionnelles. Une approche prudente qui vise \u00e0 concilier discipline budg\u00e9taire et soutien \u00e0 l\u2019activit\u00e9 \u00e9conomique. Ilie Bolojan\u00a0:<\/p>\n<p>&nbsp;<\/p>\n<p><em>\u00a0\u00ab \u00c0 mon avis, si nous agissons de mani\u00e8re ordonn\u00e9e en r\u00e9duisant nos d\u00e9penses, en soutenant la croissance \u00e9conomique et en attirant des fonds europ\u00e9ens, nous pourrions \u00e9viter ce sc\u00e9nario. \u00c0 l\u2019inverse, sans ces mesures, il deviendra in\u00e9vitable. La question des hausses d\u2019imp\u00f4ts devient alors secondaire : quelle que soit la forme qu\u2019elles prennent \u2013 augmentation de la TVA ou des imp\u00f4ts sur le revenu \u2013 la charge retombera sur les contribuables. Soit par une hausse des prix, soit par une ponction plus lourde sur les salaires. Si nous tardons \u00e0 mettre en place ces ajustements, nous finirons par y \u00eatre contraints. Dire la v\u00e9rit\u00e9 n\u2019est jamais facile, mais l\u2019inaction ne ferait qu\u2019aggraver la situation. \u00bb<\/em><\/p>\n<p><em>\u00a0<\/em><\/p>\n<h3><strong>Trop de d\u00e9penses et d\u2019emprunts<\/strong><\/h3>\n<p><strong>\u00a0<\/strong><\/p>\n<p>Interrog\u00e9 sur les d\u00e9penses les plus injustifi\u00e9es, Ilie Bolojan a r\u00e9pondu que selon lui, une intervention \u00e9tait n\u00e9cessaire dans de nombreuses entreprises publiques. Il a \u00e9galement attir\u00e9 l\u2019attention sur le fait que la Roumanie avait contract\u00e9 d\u2019importants emprunts\u00a0: <em>\u00ab\u00a0L\u2019ann\u00e9e derni\u00e8re, nous avons contract\u00e9 environ un milliard d\u2019euros de pr\u00eats hebdomadaires pour assurer un certain \u00e9quilibre budg\u00e9taire\u00a0\u00bb<\/em>, a pr\u00e9cis\u00e9 le chef de l\u2019\u00c9tat, ajoutant que les taux d\u2019int\u00e9r\u00eat de ces emprunts augmenteraient chaque ann\u00e9e. Et d\u2019ajouter que quel que soit le gouvernement au pouvoir l\u2019ann\u00e9e prochaine, il ne pourra pas \u00e9chapper \u00e0 cette r\u00e9alit\u00e9 d\u2019ici deux \u00e0 trois ans. Le pr\u00e9sident a \u00e9galement d\u00e9clar\u00e9 qu\u2019il fallait agir avec un certain sentiment d\u2019urgence. \u00a0<em>\u00ab\u00a0Il faudra un effort d\u2019un an, d\u2019un an et demi, voire de deux ans, pour corriger l\u00e9g\u00e8rement le d\u00e9ficit budg\u00e9taire et cr\u00e9er les conditions de la relance de notre \u00e9conomie\u00bb<\/em>, a ajout\u00e9 Monsieur Bolojan.<\/p>\n<p>&nbsp;<\/p>\n<h3><strong>Notation basse des agences<\/strong><\/h3>\n<p><strong>\u00a0<\/strong><\/p>\n<p>Rappelons que l\u2019agence de notation Moody\u2019s a maintenu la note souveraine de la Roumanie recommand\u00e9e pour les investissements, mais a r\u00e9vis\u00e9e la note sur les perspectives de stable \u00e0 la baisse, la d\u00e9clarant d\u00e9sormais n\u00e9gative. Selon Moody\u2019s, en l\u2019absence de mesures suppl\u00e9mentaires de r\u00e9forme budg\u00e9taire et de r\u00e9duction des d\u00e9penses, le d\u00e9ficit budg\u00e9taire devrait rester \u00e9lev\u00e9 cette ann\u00e9e, atteignant les 7,7 % du PIB. Selon les analystes de l\u2019agence la Roumanie est \u00e9galement expos\u00e9e \u00e0 un risque g\u00e9opolitique en raison de l\u2019approche de la guerre en Ukraine. Moody\u2019s \u00e9tait la seule des trois principales agences \u00e0 avoir une perspective stable associ\u00e9e \u00e0 la notation souveraine de la Roumanie. Fitch et Standard &amp; Poor\u2019s ont d\u00e9j\u00e0 des perspectives n\u00e9gatives, ce qui place la Roumanie \u00e0 un pas de la cat\u00e9gorie \u00ab\u00a0junk\u00a0\u00bb, d\u00e9conseill\u00e9es pour l\u2019investissement.<\/p>\n","protected":false},"excerpt":{"rendered":"<p>La Roumanie fait face \u00e0 une situation budg\u00e9taire pr\u00e9occupante apr\u00e8s plusieurs ann\u00e9es de d\u00e9penses excessives. C\u2019est le constat dress\u00e9 par le pr\u00e9sident roumain par int\u00e9rim, Ilie Bolojan, qui appelle \u00e0 un effort soutenu pour r\u00e9\u00e9quilibrer les finances publiques et relancer l\u2019\u00e9conomie au cours des deux prochaines ann\u00e9es. Lors d\u2019une intervention t\u00e9l\u00e9vis\u00e9e, le chef de l\u2019\u00c9tat [&hellip;]<\/p>\n","protected":false},"author":46,"featured_media":863341,"comment_status":"closed","ping_status":"closed","sticky":false,"template":"","format":"standard","meta":{"_acf_changed":false,"footnotes":""},"categories":[93377],"tags":[89594,148511,88111,148510,87334,144283,89688,85412],"coauthors":[115852],"class_list":["post-875552","post","type-post","status-publish","format-standard","has-post-thumbnail","hentry","category-les-dossiers-de-lactualite","tag-austerite","tag-budget-fr","tag-croissance","tag-deficit-fr","tag-depenses","tag-economie-fr","tag-impots","tag-roumanie"],"acf":[],"yoast_head":"<!-- This site is optimized with the Yoast SEO plugin v27.3 - https:\/\/yoast.com\/product\/yoast-seo-wordpress\/ -->\n<title>La Roumanie doit imp\u00e9rativement r\u00e9duire ses d\u00e9penses - Radio Roumanie Internationale<\/title>\n<meta name=\"robots\" content=\"index, follow, max-snippet:-1, max-image-preview:large, max-video-preview:-1\" \/>\n<link rel=\"canonical\" href=\"https:\/\/www.rri.ro\/fr\/actualites\/les-dossiers-de-lactualite\/la-roumanie-doit-imperativement-reduire-ses-depenses-id875552.html\" \/>\n<meta property=\"og:locale\" content=\"fr_FR\" \/>\n<meta property=\"og:type\" content=\"article\" \/>\n<meta property=\"og:title\" content=\"La Roumanie doit imp\u00e9rativement r\u00e9duire ses d\u00e9penses - Radio Roumanie Internationale\" \/>\n<meta property=\"og:description\" content=\"La Roumanie fait face \u00e0 une situation budg\u00e9taire pr\u00e9occupante apr\u00e8s plusieurs ann\u00e9es de d\u00e9penses excessives. C\u2019est le constat dress\u00e9 par le pr\u00e9sident roumain par int\u00e9rim, Ilie Bolojan, qui appelle \u00e0 un effort soutenu pour r\u00e9\u00e9quilibrer les finances publiques et relancer l\u2019\u00e9conomie au cours des deux prochaines ann\u00e9es. Lors d\u2019une intervention t\u00e9l\u00e9vis\u00e9e, le chef de l\u2019\u00c9tat [&hellip;]\" \/>\n<meta property=\"og:url\" content=\"https:\/\/www.rri.ro\/fr\/actualites\/les-dossiers-de-lactualite\/la-roumanie-doit-imperativement-reduire-ses-depenses-id875552.html\" \/>\n<meta property=\"og:site_name\" content=\"Radio Roumanie Internationale\" \/>\n<meta property=\"article:published_time\" content=\"2025-03-25T10:26:28+00:00\" \/>\n<meta property=\"og:image\" content=\"https:\/\/www.rri.ro\/wp-content\/uploads\/2025\/02\/ilie-bolojan-diplomatie-cotroceni-foto-presidency.jpg\" \/>\n\t<meta property=\"og:image:width\" content=\"1200\" \/>\n\t<meta property=\"og:image:height\" content=\"675\" \/>\n\t<meta property=\"og:image:type\" content=\"image\/jpeg\" \/>\n<meta name=\"author\" content=\"Leyla Cheamil\" \/>\n<meta name=\"twitter:card\" content=\"summary_large_image\" \/>\n<meta name=\"twitter:label1\" content=\"\u00c9crit par\" \/>\n\t<meta name=\"twitter:data1\" content=\"Leyla Cheamil\" \/>\n\t<meta name=\"twitter:label2\" content=\"Dur\u00e9e de lecture estim\u00e9e\" \/>\n\t<meta name=\"twitter:data2\" content=\"3 minutes\" \/>\n\t<meta name=\"twitter:label3\" content=\"Written by\" \/>\n\t<meta name=\"twitter:data3\" content=\"Leyla Cheamil\" \/>\n<script type=\"application\/ld+json\" class=\"yoast-schema-graph\">{\"@context\":\"https:\\\/\\\/schema.org\",\"@graph\":[{\"@type\":\"Article\",\"@id\":\"https:\\\/\\\/www.rri.ro\\\/fr\\\/actualites\\\/les-dossiers-de-lactualite\\\/la-roumanie-doit-imperativement-reduire-ses-depenses-id875552.html#article\",\"isPartOf\":{\"@id\":\"https:\\\/\\\/www.rri.ro\\\/fr\\\/actualites\\\/les-dossiers-de-lactualite\\\/la-roumanie-doit-imperativement-reduire-ses-depenses-id875552.html\"},\"author\":{\"name\":\"Leyla Cheamil\",\"@id\":\"https:\\\/\\\/www.rri.ro\\\/#\\\/schema\\\/person\\\/e6364ed2d4b6af207a82ca66000d07e0\"},\"headline\":\"La Roumanie doit imp\u00e9rativement r\u00e9duire ses d\u00e9penses\",\"datePublished\":\"2025-03-25T10:26:28+00:00\",\"mainEntityOfPage\":{\"@id\":\"https:\\\/\\\/www.rri.ro\\\/fr\\\/actualites\\\/les-dossiers-de-lactualite\\\/la-roumanie-doit-imperativement-reduire-ses-depenses-id875552.html\"},\"wordCount\":644,\"image\":{\"@id\":\"https:\\\/\\\/www.rri.ro\\\/fr\\\/actualites\\\/les-dossiers-de-lactualite\\\/la-roumanie-doit-imperativement-reduire-ses-depenses-id875552.html#primaryimage\"},\"thumbnailUrl\":\"https:\\\/\\\/www.rri.ro\\\/wp-content\\\/uploads\\\/2025\\\/02\\\/ilie-bolojan-diplomatie-cotroceni-foto-presidency.jpg\",\"keywords\":[\"aust\u00e9rit\u00e9\",\"budget\",\"croissance\",\"deficit\",\"d\u00e9penses\",\"economie\",\"imp\u00f4ts\",\"Roumanie\"],\"articleSection\":[\"Les dossiers de l'actualit\u00e9\"],\"inLanguage\":\"fr-FR\"},{\"@type\":\"WebPage\",\"@id\":\"https:\\\/\\\/www.rri.ro\\\/fr\\\/actualites\\\/les-dossiers-de-lactualite\\\/la-roumanie-doit-imperativement-reduire-ses-depenses-id875552.html\",\"url\":\"https:\\\/\\\/www.rri.ro\\\/fr\\\/actualites\\\/les-dossiers-de-lactualite\\\/la-roumanie-doit-imperativement-reduire-ses-depenses-id875552.html\",\"name\":\"La Roumanie doit imp\u00e9rativement r\u00e9duire ses d\u00e9penses - Radio Roumanie Internationale\",\"isPartOf\":{\"@id\":\"https:\\\/\\\/www.rri.ro\\\/#website\"},\"primaryImageOfPage\":{\"@id\":\"https:\\\/\\\/www.rri.ro\\\/fr\\\/actualites\\\/les-dossiers-de-lactualite\\\/la-roumanie-doit-imperativement-reduire-ses-depenses-id875552.html#primaryimage\"},\"image\":{\"@id\":\"https:\\\/\\\/www.rri.ro\\\/fr\\\/actualites\\\/les-dossiers-de-lactualite\\\/la-roumanie-doit-imperativement-reduire-ses-depenses-id875552.html#primaryimage\"},\"thumbnailUrl\":\"https:\\\/\\\/www.rri.ro\\\/wp-content\\\/uploads\\\/2025\\\/02\\\/ilie-bolojan-diplomatie-cotroceni-foto-presidency.jpg\",\"datePublished\":\"2025-03-25T10:26:28+00:00\",\"author\":{\"@id\":\"https:\\\/\\\/www.rri.ro\\\/#\\\/schema\\\/person\\\/e6364ed2d4b6af207a82ca66000d07e0\"},\"breadcrumb\":{\"@id\":\"https:\\\/\\\/www.rri.ro\\\/fr\\\/actualites\\\/les-dossiers-de-lactualite\\\/la-roumanie-doit-imperativement-reduire-ses-depenses-id875552.html#breadcrumb\"},\"inLanguage\":\"fr-FR\",\"potentialAction\":[{\"@type\":\"ReadAction\",\"target\":[\"https:\\\/\\\/www.rri.ro\\\/fr\\\/actualites\\\/les-dossiers-de-lactualite\\\/la-roumanie-doit-imperativement-reduire-ses-depenses-id875552.html\"]}]},{\"@type\":\"ImageObject\",\"inLanguage\":\"fr-FR\",\"@id\":\"https:\\\/\\\/www.rri.ro\\\/fr\\\/actualites\\\/les-dossiers-de-lactualite\\\/la-roumanie-doit-imperativement-reduire-ses-depenses-id875552.html#primaryimage\",\"url\":\"https:\\\/\\\/www.rri.ro\\\/wp-content\\\/uploads\\\/2025\\\/02\\\/ilie-bolojan-diplomatie-cotroceni-foto-presidency.jpg\",\"contentUrl\":\"https:\\\/\\\/www.rri.ro\\\/wp-content\\\/uploads\\\/2025\\\/02\\\/ilie-bolojan-diplomatie-cotroceni-foto-presidency.jpg\",\"width\":1200,\"height\":675,\"caption\":\"Ilie Bolojan (photo: presidency.ro)\"},{\"@type\":\"BreadcrumbList\",\"@id\":\"https:\\\/\\\/www.rri.ro\\\/fr\\\/actualites\\\/les-dossiers-de-lactualite\\\/la-roumanie-doit-imperativement-reduire-ses-depenses-id875552.html#breadcrumb\",\"itemListElement\":[{\"@type\":\"ListItem\",\"position\":1,\"name\":\"Page d'accueil\",\"item\":\"https:\\\/\\\/www.rri.ro\\\/fr\"},{\"@type\":\"ListItem\",\"position\":2,\"name\":\"Actualit\u00e9s\",\"item\":\"https:\\\/\\\/www.rri.ro\\\/fr\\\/actualites\"},{\"@type\":\"ListItem\",\"position\":3,\"name\":\"Les dossiers de l'actualit\u00e9\",\"item\":\"https:\\\/\\\/www.rri.ro\\\/fr\\\/actualites\\\/les-dossiers-de-lactualite\"},{\"@type\":\"ListItem\",\"position\":4,\"name\":\"La Roumanie doit imp\u00e9rativement r\u00e9duire ses d\u00e9penses\"}]},{\"@type\":\"WebSite\",\"@id\":\"https:\\\/\\\/www.rri.ro\\\/#website\",\"url\":\"https:\\\/\\\/www.rri.ro\\\/\",\"name\":\"Radio Roumanie Internationale\",\"description\":\"Totul despre Rom\u00e2nia \u015fi rom\u00e2ni, \u00een 13 limbi\\\/dialecte!\",\"inLanguage\":\"fr-FR\"},{\"@type\":\"Person\",\"@id\":\"https:\\\/\\\/www.rri.ro\\\/#\\\/schema\\\/person\\\/e6364ed2d4b6af207a82ca66000d07e0\",\"name\":\"Leyla Cheamil\",\"url\":\"https:\\\/\\\/www.rri.ro\\\/fr\\\/author\\\/leyla-cheamil\"}]}<\/script>\n<!-- \/ Yoast SEO plugin. -->","yoast_head_json":{"title":"La Roumanie doit imp\u00e9rativement r\u00e9duire ses d\u00e9penses - Radio Roumanie Internationale","robots":{"index":"index","follow":"follow","max-snippet":"max-snippet:-1","max-image-preview":"max-image-preview:large","max-video-preview":"max-video-preview:-1"},"canonical":"https:\/\/www.rri.ro\/fr\/actualites\/les-dossiers-de-lactualite\/la-roumanie-doit-imperativement-reduire-ses-depenses-id875552.html","og_locale":"fr_FR","og_type":"article","og_title":"La Roumanie doit imp\u00e9rativement r\u00e9duire ses d\u00e9penses - Radio Roumanie Internationale","og_description":"La Roumanie fait face \u00e0 une situation budg\u00e9taire pr\u00e9occupante apr\u00e8s plusieurs ann\u00e9es de d\u00e9penses excessives. C\u2019est le constat dress\u00e9 par le pr\u00e9sident roumain par int\u00e9rim, Ilie Bolojan, qui appelle \u00e0 un effort soutenu pour r\u00e9\u00e9quilibrer les finances publiques et relancer l\u2019\u00e9conomie au cours des deux prochaines ann\u00e9es. Lors d\u2019une intervention t\u00e9l\u00e9vis\u00e9e, le chef de l\u2019\u00c9tat [&hellip;]","og_url":"https:\/\/www.rri.ro\/fr\/actualites\/les-dossiers-de-lactualite\/la-roumanie-doit-imperativement-reduire-ses-depenses-id875552.html","og_site_name":"Radio Roumanie Internationale","article_published_time":"2025-03-25T10:26:28+00:00","og_image":[{"width":1200,"height":675,"url":"https:\/\/www.rri.ro\/wp-content\/uploads\/2025\/02\/ilie-bolojan-diplomatie-cotroceni-foto-presidency.jpg","type":"image\/jpeg"}],"author":"Leyla Cheamil","twitter_card":"summary_large_image","twitter_misc":{"\u00c9crit par":"Leyla Cheamil","Dur\u00e9e de lecture estim\u00e9e":"3 minutes","Written by":"Leyla Cheamil"},"schema":{"@context":"https:\/\/schema.org","@graph":[{"@type":"Article","@id":"https:\/\/www.rri.ro\/fr\/actualites\/les-dossiers-de-lactualite\/la-roumanie-doit-imperativement-reduire-ses-depenses-id875552.html#article","isPartOf":{"@id":"https:\/\/www.rri.ro\/fr\/actualites\/les-dossiers-de-lactualite\/la-roumanie-doit-imperativement-reduire-ses-depenses-id875552.html"},"author":{"name":"Leyla Cheamil","@id":"https:\/\/www.rri.ro\/#\/schema\/person\/e6364ed2d4b6af207a82ca66000d07e0"},"headline":"La Roumanie doit imp\u00e9rativement r\u00e9duire ses d\u00e9penses","datePublished":"2025-03-25T10:26:28+00:00","mainEntityOfPage":{"@id":"https:\/\/www.rri.ro\/fr\/actualites\/les-dossiers-de-lactualite\/la-roumanie-doit-imperativement-reduire-ses-depenses-id875552.html"},"wordCount":644,"image":{"@id":"https:\/\/www.rri.ro\/fr\/actualites\/les-dossiers-de-lactualite\/la-roumanie-doit-imperativement-reduire-ses-depenses-id875552.html#primaryimage"},"thumbnailUrl":"https:\/\/www.rri.ro\/wp-content\/uploads\/2025\/02\/ilie-bolojan-diplomatie-cotroceni-foto-presidency.jpg","keywords":["aust\u00e9rit\u00e9","budget","croissance","deficit","d\u00e9penses","economie","imp\u00f4ts","Roumanie"],"articleSection":["Les dossiers de l'actualit\u00e9"],"inLanguage":"fr-FR"},{"@type":"WebPage","@id":"https:\/\/www.rri.ro\/fr\/actualites\/les-dossiers-de-lactualite\/la-roumanie-doit-imperativement-reduire-ses-depenses-id875552.html","url":"https:\/\/www.rri.ro\/fr\/actualites\/les-dossiers-de-lactualite\/la-roumanie-doit-imperativement-reduire-ses-depenses-id875552.html","name":"La Roumanie doit imp\u00e9rativement r\u00e9duire ses d\u00e9penses - Radio Roumanie Internationale","isPartOf":{"@id":"https:\/\/www.rri.ro\/#website"},"primaryImageOfPage":{"@id":"https:\/\/www.rri.ro\/fr\/actualites\/les-dossiers-de-lactualite\/la-roumanie-doit-imperativement-reduire-ses-depenses-id875552.html#primaryimage"},"image":{"@id":"https:\/\/www.rri.ro\/fr\/actualites\/les-dossiers-de-lactualite\/la-roumanie-doit-imperativement-reduire-ses-depenses-id875552.html#primaryimage"},"thumbnailUrl":"https:\/\/www.rri.ro\/wp-content\/uploads\/2025\/02\/ilie-bolojan-diplomatie-cotroceni-foto-presidency.jpg","datePublished":"2025-03-25T10:26:28+00:00","author":{"@id":"https:\/\/www.rri.ro\/#\/schema\/person\/e6364ed2d4b6af207a82ca66000d07e0"},"breadcrumb":{"@id":"https:\/\/www.rri.ro\/fr\/actualites\/les-dossiers-de-lactualite\/la-roumanie-doit-imperativement-reduire-ses-depenses-id875552.html#breadcrumb"},"inLanguage":"fr-FR","potentialAction":[{"@type":"ReadAction","target":["https:\/\/www.rri.ro\/fr\/actualites\/les-dossiers-de-lactualite\/la-roumanie-doit-imperativement-reduire-ses-depenses-id875552.html"]}]},{"@type":"ImageObject","inLanguage":"fr-FR","@id":"https:\/\/www.rri.ro\/fr\/actualites\/les-dossiers-de-lactualite\/la-roumanie-doit-imperativement-reduire-ses-depenses-id875552.html#primaryimage","url":"https:\/\/www.rri.ro\/wp-content\/uploads\/2025\/02\/ilie-bolojan-diplomatie-cotroceni-foto-presidency.jpg","contentUrl":"https:\/\/www.rri.ro\/wp-content\/uploads\/2025\/02\/ilie-bolojan-diplomatie-cotroceni-foto-presidency.jpg","width":1200,"height":675,"caption":"Ilie Bolojan (photo: presidency.ro)"},{"@type":"BreadcrumbList","@id":"https:\/\/www.rri.ro\/fr\/actualites\/les-dossiers-de-lactualite\/la-roumanie-doit-imperativement-reduire-ses-depenses-id875552.html#breadcrumb","itemListElement":[{"@type":"ListItem","position":1,"name":"Page d'accueil","item":"https:\/\/www.rri.ro\/fr"},{"@type":"ListItem","position":2,"name":"Actualit\u00e9s","item":"https:\/\/www.rri.ro\/fr\/actualites"},{"@type":"ListItem","position":3,"name":"Les dossiers de l'actualit\u00e9","item":"https:\/\/www.rri.ro\/fr\/actualites\/les-dossiers-de-lactualite"},{"@type":"ListItem","position":4,"name":"La Roumanie doit imp\u00e9rativement r\u00e9duire ses d\u00e9penses"}]},{"@type":"WebSite","@id":"https:\/\/www.rri.ro\/#website","url":"https:\/\/www.rri.ro\/","name":"Radio Roumanie Internationale","description":"Totul despre Rom\u00e2nia \u015fi rom\u00e2ni, \u00een 13 limbi\/dialecte!","inLanguage":"fr-FR"},{"@type":"Person","@id":"https:\/\/www.rri.ro\/#\/schema\/person\/e6364ed2d4b6af207a82ca66000d07e0","name":"Leyla Cheamil","url":"https:\/\/www.rri.ro\/fr\/author\/leyla-cheamil"}]}},"_links":{"self":[{"href":"https:\/\/www.rri.ro\/fr\/wp-json\/wp\/v2\/posts\/875552","targetHints":{"allow":["GET"]}}],"collection":[{"href":"https:\/\/www.rri.ro\/fr\/wp-json\/wp\/v2\/posts"}],"about":[{"href":"https:\/\/www.rri.ro\/fr\/wp-json\/wp\/v2\/types\/post"}],"author":[{"embeddable":true,"href":"https:\/\/www.rri.ro\/fr\/wp-json\/wp\/v2\/users\/46"}],"replies":[{"embeddable":true,"href":"https:\/\/www.rri.ro\/fr\/wp-json\/wp\/v2\/comments?post=875552"}],"version-history":[{"count":0,"href":"https:\/\/www.rri.ro\/fr\/wp-json\/wp\/v2\/posts\/875552\/revisions"}],"wp:featuredmedia":[{"embeddable":true,"href":"https:\/\/www.rri.ro\/fr\/wp-json\/wp\/v2\/media\/863341"}],"wp:attachment":[{"href":"https:\/\/www.rri.ro\/fr\/wp-json\/wp\/v2\/media?parent=875552"}],"wp:term":[{"taxonomy":"category","embeddable":true,"href":"https:\/\/www.rri.ro\/fr\/wp-json\/wp\/v2\/categories?post=875552"},{"taxonomy":"post_tag","embeddable":true,"href":"https:\/\/www.rri.ro\/fr\/wp-json\/wp\/v2\/tags?post=875552"},{"taxonomy":"author","embeddable":true,"href":"https:\/\/www.rri.ro\/fr\/wp-json\/wp\/v2\/coauthors?post=875552"}],"curies":[{"name":"wp","href":"https:\/\/api.w.org\/{rel}","templated":true}]}}