{"id":877349,"date":"2025-04-02T13:43:23","date_gmt":"2025-04-02T10:43:23","guid":{"rendered":"https:\/\/www.rri.ro\/?p=877349"},"modified":"2025-04-02T14:31:10","modified_gmt":"2025-04-02T11:31:10","slug":"leurope-repond-a-la-majoration-des-taxes-de-douane-imposees-par-les-etats-unis","status":"publish","type":"post","link":"https:\/\/www.rri.ro\/fr\/actualites\/les-dossiers-de-lactualite\/leurope-repond-a-la-majoration-des-taxes-de-douane-imposees-par-les-etats-unis-id877349.html","title":{"rendered":"L\u2019Europe r\u00e9pond \u00e0 la majoration des taxes de douane par les Etats-Unis"},"content":{"rendered":"<p><strong>L&rsquo;Europe r\u00e9agit<\/strong><\/p>\n<p>&nbsp;<\/p>\n<p>Bruxelles est en train de pr\u00e9parer un plan solide qui contient des contre-mesures fermes afin de contrecarrer les taxes impos\u00e9es par le pr\u00e9sident am\u00e9ricain Donald Trump sur les marchandises import\u00e9es par les \u00c9tats-Unis affirme la pr\u00e9sidente de la Commission europ\u00e9enne, Ursula von der Leyen. Elle souligne que les taxes r\u00e9ciproques de 25 % seront \u00ab un cauchemar pour tous les importateurs am\u00e9ricains \u00bb et ajoute que : <em>\u00ab aujourd\u2019hui, personne n\u2019a besoin de \u00e7a, ni aux \u00c9tats-Unis, ni en Europe \u00bb.<\/em><\/p>\n<p>&nbsp;<\/p>\n<p><strong>Des retomb\u00e9es n\u00e9gatives sur la population am\u00e9ricaine<\/strong><\/p>\n<p>&nbsp;<\/p>\n<p><em>\u00ab\u00a0Les droits de douane sont des taxes, qui seront pay\u00e9es par les citoyens. Pour les Am\u00e9ricains, les droits de douane sont des taxes sur leurs produits alimentaires et leurs m\u00e9dicaments. Les droits de douane ne feront qu&rsquo;alimenter l&rsquo;inflation. C&rsquo;est tout le contraire de ce pour quoi nous \u0153uvrons. Les usines am\u00e9ricaines paieront davantage pour s&rsquo;approvisionner en composants fabriqu\u00e9s en Europe. Cela se traduira par des pertes d&#8217;emplois\u00a0\u00bb<\/em>, a expliqu\u00e9 la cheffe de l\u2019Ex\u00e9cutif communautaire dans un discours prononc\u00e9 devant le pl\u00e9num du Parlement europ\u00e9en. <em>\u00ab\u00a0L&rsquo;Europe n&rsquo;est pas \u00e0 l&rsquo;origine de cet affrontement\u00a0\u00bb<\/em>, insiste-t-elle encore, cit\u00e9e par le correspondant de radio Roumanie \u00e0 Strasbourg. Et d\u2019ajouter que : <em>\u00ab\u00a0Nous ne voulons pas n\u00e9cessairement prendre des mesures de repr\u00e9sailles, mais nous disposons d&rsquo;un plan solide pour le faire si n\u00e9cessaire \u00bb.<\/em><\/p>\n<p>&nbsp;<\/p>\n<p><strong>Des march\u00e9s alternatifs<\/strong><\/p>\n<p>&nbsp;<\/p>\n<p>La pr\u00e9sidente de la Commission europ\u00e9enne a aussi \u00e9voqu\u00e9 des destinations alternatives pour les exportations europ\u00e9ennes. Pare exemple, Bruxelles souhaite finaliser d\u2019ici la fin de l\u2019ann\u00e9e, un accord commercial avec l\u2019Inde, le pays le plus peupl\u00e9 de la plan\u00e8te, et il est train de renforcer les n\u00e9gociations avec l\u2019Indon\u00e9sie et la Tha\u00eflande.<\/p>\n<p>&nbsp;<\/p>\n<p><strong>La position de Washington<\/strong><\/p>\n<p>&nbsp;<\/p>\n<p>En attendant \u00e0 Washington, la porte-parole de la Maison-Blanche Karoline Leavitt a d\u00e9clar\u00e9 que le pr\u00e9sident Trump prenait des \u00ab\u00a0mesures historiques\u00a0\u00bb cens\u00e9es am\u00e9liorer la comp\u00e9titivit\u00e9 am\u00e9ricaine dans tous les secteurs de l\u2019\u00e9conomie. \u00ab<em>\u00a0Notre pays a \u00e9t\u00e9 une des \u00e9conomies les plus ouvertes au monde et nous avons une \u00e9conomie bas\u00e9e sur la consommation. Mais trop de pays du monde ont des march\u00e9s ferm\u00e9s \u00e0 nos exportations et cela est fondamentalement injuste. L\u2019absence d\u2019une r\u00e9ciprocit\u00e9 contribue \u00e0 notre d\u00e9ficit annuel qui grand et persistant et qui a affect\u00e9 les industries et le march\u00e9 de l\u2019emploi dans des zones cl\u00e9s\u00a0\u00bb,<\/em> affirme encore la porte-parole de la Maison-Blanche.<\/p>\n<p>&nbsp;<\/p>\n<p><strong>Une relation commerciale privil\u00e9gi\u00e9e<\/strong><\/p>\n<p>&nbsp;<\/p>\n<p>En r\u00e9plique Ursula von der Leyen affirme : <em>\u00ab\u00a0Le flux de biens et services entre nous est presque \u00e9quilibr\u00e9. (\u2026) Il s&rsquo;agit de la relation commerciale la plus vaste et la plus prosp\u00e8re au monde. Tout le monde aurait \u00e0 gagner \u00e0 une solution constructive\u00a0\u00bb.<\/em><\/p>\n<p>&nbsp;<\/p>\n<p>Les d\u00e9bats entre les d\u00e9cideurs politiques europ\u00e9ens n\u2019ont pas tard\u00e9. La grande majorit\u00e9 des voix, \u00e0 savoir 70 %, se dit favorable \u00e0 l\u2019introduction de tarifs et taxes suppl\u00e9mentaires sur les produits am\u00e9ricains, constate un sondage d\u2019opinion r\u00e9alis\u00e9 par une importante institution britannique du domaine dans plusieurs pays europ\u00e9ens, dont l\u2019Espagne, le Danemark, la Su\u00e8de, la France, l\u2019Allemagne et l\u2019Italie. (trad. Valentina Beleavski)<\/p>\n<p>&nbsp;<\/p>\n","protected":false},"excerpt":{"rendered":"<p>L&rsquo;Europe r\u00e9agit &nbsp; Bruxelles est en train de pr\u00e9parer un plan solide qui contient des contre-mesures fermes afin de contrecarrer les taxes impos\u00e9es par le pr\u00e9sident am\u00e9ricain Donald Trump sur les marchandises import\u00e9es par les \u00c9tats-Unis affirme la pr\u00e9sidente de la Commission europ\u00e9enne, Ursula von der Leyen. Elle souligne que les taxes r\u00e9ciproques de 25 [&hellip;]<\/p>\n","protected":false},"author":105,"featured_media":868102,"comment_status":"closed","ping_status":"closed","sticky":false,"template":"","format":"standard","meta":{"_acf_changed":false,"footnotes":""},"categories":[93377],"tags":[85718,147090,167025,143680],"coauthors":[113297],"class_list":["post-877349","post","type-post","status-publish","format-standard","has-post-thumbnail","hentry","category-les-dossiers-de-lactualite","tag-etats-unis","tag-europe-fr","tag-taxes-de-douane","tag-ursula-von-der-leyen-fr"],"acf":[],"yoast_head":"<!-- This site is optimized with the Yoast SEO plugin v27.3 - https:\/\/yoast.com\/product\/yoast-seo-wordpress\/ -->\n<title>L\u2019Europe r\u00e9pond \u00e0 la majoration des taxes de douane par les Etats-Unis - Radio Roumanie Internationale<\/title>\n<meta name=\"robots\" content=\"index, follow, max-snippet:-1, max-image-preview:large, max-video-preview:-1\" \/>\n<link rel=\"canonical\" href=\"https:\/\/www.rri.ro\/fr\/actualites\/les-dossiers-de-lactualite\/leurope-repond-a-la-majoration-des-taxes-de-douane-imposees-par-les-etats-unis-id877349.html\" \/>\n<meta property=\"og:locale\" content=\"fr_FR\" \/>\n<meta property=\"og:type\" content=\"article\" \/>\n<meta property=\"og:title\" content=\"L\u2019Europe r\u00e9pond \u00e0 la majoration des taxes de douane par les Etats-Unis - Radio Roumanie Internationale\" \/>\n<meta property=\"og:description\" content=\"L&rsquo;Europe r\u00e9agit &nbsp; Bruxelles est en train de pr\u00e9parer un plan solide qui contient des contre-mesures fermes afin de contrecarrer les taxes impos\u00e9es par le pr\u00e9sident am\u00e9ricain Donald Trump sur les marchandises import\u00e9es par les \u00c9tats-Unis affirme la pr\u00e9sidente de la Commission europ\u00e9enne, Ursula von der Leyen. Elle souligne que les taxes r\u00e9ciproques de 25 [&hellip;]\" \/>\n<meta property=\"og:url\" content=\"https:\/\/www.rri.ro\/fr\/actualites\/les-dossiers-de-lactualite\/leurope-repond-a-la-majoration-des-taxes-de-douane-imposees-par-les-etats-unis-id877349.html\" \/>\n<meta property=\"og:site_name\" content=\"Radio Roumanie Internationale\" \/>\n<meta property=\"article:published_time\" content=\"2025-04-02T10:43:23+00:00\" \/>\n<meta property=\"article:modified_time\" content=\"2025-04-02T11:31:10+00:00\" \/>\n<meta property=\"og:image\" content=\"https:\/\/www.rri.ro\/wp-content\/uploads\/2025\/03\/Ursula-von-der-Leyen-foto-EU_16x9.jpg\" \/>\n\t<meta property=\"og:image:width\" content=\"1200\" \/>\n\t<meta property=\"og:image:height\" content=\"675\" \/>\n\t<meta property=\"og:image:type\" content=\"image\/jpeg\" \/>\n<meta name=\"author\" content=\"Bogdan Matei\" \/>\n<meta name=\"twitter:card\" content=\"summary_large_image\" \/>\n<meta name=\"twitter:label1\" content=\"\u00c9crit par\" \/>\n\t<meta name=\"twitter:data1\" content=\"Bogdan Matei\" \/>\n\t<meta name=\"twitter:label2\" content=\"Dur\u00e9e de lecture estim\u00e9e\" \/>\n\t<meta name=\"twitter:data2\" content=\"3 minutes\" \/>\n\t<meta name=\"twitter:label3\" content=\"Written by\" \/>\n\t<meta name=\"twitter:data3\" content=\"Bogdan Matei\" \/>\n<script type=\"application\/ld+json\" class=\"yoast-schema-graph\">{\"@context\":\"https:\\\/\\\/schema.org\",\"@graph\":[{\"@type\":\"Article\",\"@id\":\"https:\\\/\\\/www.rri.ro\\\/fr\\\/actualites\\\/les-dossiers-de-lactualite\\\/leurope-repond-a-la-majoration-des-taxes-de-douane-imposees-par-les-etats-unis-id877349.html#article\",\"isPartOf\":{\"@id\":\"https:\\\/\\\/www.rri.ro\\\/fr\\\/actualites\\\/les-dossiers-de-lactualite\\\/leurope-repond-a-la-majoration-des-taxes-de-douane-imposees-par-les-etats-unis-id877349.html\"},\"author\":{\"name\":\"Bogdan Matei\",\"@id\":\"https:\\\/\\\/www.rri.ro\\\/#\\\/schema\\\/person\\\/0ed327d40678578e6dbb840527e3ba32\"},\"headline\":\"L\u2019Europe r\u00e9pond \u00e0 la majoration des taxes de douane par les Etats-Unis\",\"datePublished\":\"2025-04-02T10:43:23+00:00\",\"dateModified\":\"2025-04-02T11:31:10+00:00\",\"mainEntityOfPage\":{\"@id\":\"https:\\\/\\\/www.rri.ro\\\/fr\\\/actualites\\\/les-dossiers-de-lactualite\\\/leurope-repond-a-la-majoration-des-taxes-de-douane-imposees-par-les-etats-unis-id877349.html\"},\"wordCount\":584,\"image\":{\"@id\":\"https:\\\/\\\/www.rri.ro\\\/fr\\\/actualites\\\/les-dossiers-de-lactualite\\\/leurope-repond-a-la-majoration-des-taxes-de-douane-imposees-par-les-etats-unis-id877349.html#primaryimage\"},\"thumbnailUrl\":\"https:\\\/\\\/www.rri.ro\\\/wp-content\\\/uploads\\\/2025\\\/03\\\/Ursula-von-der-Leyen-foto-EU_16x9.jpg\",\"keywords\":[\"Etats-Unis\",\"Europe\",\"taxes de douane\",\"Ursula von der Leyen\"],\"articleSection\":[\"Les dossiers de l'actualit\u00e9\"],\"inLanguage\":\"fr-FR\"},{\"@type\":\"WebPage\",\"@id\":\"https:\\\/\\\/www.rri.ro\\\/fr\\\/actualites\\\/les-dossiers-de-lactualite\\\/leurope-repond-a-la-majoration-des-taxes-de-douane-imposees-par-les-etats-unis-id877349.html\",\"url\":\"https:\\\/\\\/www.rri.ro\\\/fr\\\/actualites\\\/les-dossiers-de-lactualite\\\/leurope-repond-a-la-majoration-des-taxes-de-douane-imposees-par-les-etats-unis-id877349.html\",\"name\":\"L\u2019Europe r\u00e9pond \u00e0 la majoration des taxes de douane par les Etats-Unis - Radio Roumanie Internationale\",\"isPartOf\":{\"@id\":\"https:\\\/\\\/www.rri.ro\\\/#website\"},\"primaryImageOfPage\":{\"@id\":\"https:\\\/\\\/www.rri.ro\\\/fr\\\/actualites\\\/les-dossiers-de-lactualite\\\/leurope-repond-a-la-majoration-des-taxes-de-douane-imposees-par-les-etats-unis-id877349.html#primaryimage\"},\"image\":{\"@id\":\"https:\\\/\\\/www.rri.ro\\\/fr\\\/actualites\\\/les-dossiers-de-lactualite\\\/leurope-repond-a-la-majoration-des-taxes-de-douane-imposees-par-les-etats-unis-id877349.html#primaryimage\"},\"thumbnailUrl\":\"https:\\\/\\\/www.rri.ro\\\/wp-content\\\/uploads\\\/2025\\\/03\\\/Ursula-von-der-Leyen-foto-EU_16x9.jpg\",\"datePublished\":\"2025-04-02T10:43:23+00:00\",\"dateModified\":\"2025-04-02T11:31:10+00:00\",\"author\":{\"@id\":\"https:\\\/\\\/www.rri.ro\\\/#\\\/schema\\\/person\\\/0ed327d40678578e6dbb840527e3ba32\"},\"breadcrumb\":{\"@id\":\"https:\\\/\\\/www.rri.ro\\\/fr\\\/actualites\\\/les-dossiers-de-lactualite\\\/leurope-repond-a-la-majoration-des-taxes-de-douane-imposees-par-les-etats-unis-id877349.html#breadcrumb\"},\"inLanguage\":\"fr-FR\",\"potentialAction\":[{\"@type\":\"ReadAction\",\"target\":[\"https:\\\/\\\/www.rri.ro\\\/fr\\\/actualites\\\/les-dossiers-de-lactualite\\\/leurope-repond-a-la-majoration-des-taxes-de-douane-imposees-par-les-etats-unis-id877349.html\"]}]},{\"@type\":\"ImageObject\",\"inLanguage\":\"fr-FR\",\"@id\":\"https:\\\/\\\/www.rri.ro\\\/fr\\\/actualites\\\/les-dossiers-de-lactualite\\\/leurope-repond-a-la-majoration-des-taxes-de-douane-imposees-par-les-etats-unis-id877349.html#primaryimage\",\"url\":\"https:\\\/\\\/www.rri.ro\\\/wp-content\\\/uploads\\\/2025\\\/03\\\/Ursula-von-der-Leyen-foto-EU_16x9.jpg\",\"contentUrl\":\"https:\\\/\\\/www.rri.ro\\\/wp-content\\\/uploads\\\/2025\\\/03\\\/Ursula-von-der-Leyen-foto-EU_16x9.jpg\",\"width\":1200,\"height\":675,\"caption\":\"Ursula von der Leyen\"},{\"@type\":\"BreadcrumbList\",\"@id\":\"https:\\\/\\\/www.rri.ro\\\/fr\\\/actualites\\\/les-dossiers-de-lactualite\\\/leurope-repond-a-la-majoration-des-taxes-de-douane-imposees-par-les-etats-unis-id877349.html#breadcrumb\",\"itemListElement\":[{\"@type\":\"ListItem\",\"position\":1,\"name\":\"Page d'accueil\",\"item\":\"https:\\\/\\\/www.rri.ro\\\/fr\"},{\"@type\":\"ListItem\",\"position\":2,\"name\":\"Actualit\u00e9s\",\"item\":\"https:\\\/\\\/www.rri.ro\\\/fr\\\/actualites\"},{\"@type\":\"ListItem\",\"position\":3,\"name\":\"Les dossiers de l'actualit\u00e9\",\"item\":\"https:\\\/\\\/www.rri.ro\\\/fr\\\/actualites\\\/les-dossiers-de-lactualite\"},{\"@type\":\"ListItem\",\"position\":4,\"name\":\"L\u2019Europe r\u00e9pond \u00e0 la majoration des taxes de douane par les Etats-Unis\"}]},{\"@type\":\"WebSite\",\"@id\":\"https:\\\/\\\/www.rri.ro\\\/#website\",\"url\":\"https:\\\/\\\/www.rri.ro\\\/\",\"name\":\"Radio Roumanie Internationale\",\"description\":\"Totul despre Rom\u00e2nia \u015fi rom\u00e2ni, \u00een 13 limbi\\\/dialecte!\",\"inLanguage\":\"fr-FR\"},{\"@type\":\"Person\",\"@id\":\"https:\\\/\\\/www.rri.ro\\\/#\\\/schema\\\/person\\\/0ed327d40678578e6dbb840527e3ba32\",\"name\":\"Bogdan Matei\",\"url\":\"https:\\\/\\\/www.rri.ro\\\/fr\\\/author\\\/bogdan-matei\"}]}<\/script>\n<!-- \/ Yoast SEO plugin. -->","yoast_head_json":{"title":"L\u2019Europe r\u00e9pond \u00e0 la majoration des taxes de douane par les Etats-Unis - Radio Roumanie Internationale","robots":{"index":"index","follow":"follow","max-snippet":"max-snippet:-1","max-image-preview":"max-image-preview:large","max-video-preview":"max-video-preview:-1"},"canonical":"https:\/\/www.rri.ro\/fr\/actualites\/les-dossiers-de-lactualite\/leurope-repond-a-la-majoration-des-taxes-de-douane-imposees-par-les-etats-unis-id877349.html","og_locale":"fr_FR","og_type":"article","og_title":"L\u2019Europe r\u00e9pond \u00e0 la majoration des taxes de douane par les Etats-Unis - Radio Roumanie Internationale","og_description":"L&rsquo;Europe r\u00e9agit &nbsp; Bruxelles est en train de pr\u00e9parer un plan solide qui contient des contre-mesures fermes afin de contrecarrer les taxes impos\u00e9es par le pr\u00e9sident am\u00e9ricain Donald Trump sur les marchandises import\u00e9es par les \u00c9tats-Unis affirme la pr\u00e9sidente de la Commission europ\u00e9enne, Ursula von der Leyen. Elle souligne que les taxes r\u00e9ciproques de 25 [&hellip;]","og_url":"https:\/\/www.rri.ro\/fr\/actualites\/les-dossiers-de-lactualite\/leurope-repond-a-la-majoration-des-taxes-de-douane-imposees-par-les-etats-unis-id877349.html","og_site_name":"Radio Roumanie Internationale","article_published_time":"2025-04-02T10:43:23+00:00","article_modified_time":"2025-04-02T11:31:10+00:00","og_image":[{"width":1200,"height":675,"url":"https:\/\/www.rri.ro\/wp-content\/uploads\/2025\/03\/Ursula-von-der-Leyen-foto-EU_16x9.jpg","type":"image\/jpeg"}],"author":"Bogdan Matei","twitter_card":"summary_large_image","twitter_misc":{"\u00c9crit par":"Bogdan Matei","Dur\u00e9e de lecture estim\u00e9e":"3 minutes","Written by":"Bogdan Matei"},"schema":{"@context":"https:\/\/schema.org","@graph":[{"@type":"Article","@id":"https:\/\/www.rri.ro\/fr\/actualites\/les-dossiers-de-lactualite\/leurope-repond-a-la-majoration-des-taxes-de-douane-imposees-par-les-etats-unis-id877349.html#article","isPartOf":{"@id":"https:\/\/www.rri.ro\/fr\/actualites\/les-dossiers-de-lactualite\/leurope-repond-a-la-majoration-des-taxes-de-douane-imposees-par-les-etats-unis-id877349.html"},"author":{"name":"Bogdan Matei","@id":"https:\/\/www.rri.ro\/#\/schema\/person\/0ed327d40678578e6dbb840527e3ba32"},"headline":"L\u2019Europe r\u00e9pond \u00e0 la majoration des taxes de douane par les Etats-Unis","datePublished":"2025-04-02T10:43:23+00:00","dateModified":"2025-04-02T11:31:10+00:00","mainEntityOfPage":{"@id":"https:\/\/www.rri.ro\/fr\/actualites\/les-dossiers-de-lactualite\/leurope-repond-a-la-majoration-des-taxes-de-douane-imposees-par-les-etats-unis-id877349.html"},"wordCount":584,"image":{"@id":"https:\/\/www.rri.ro\/fr\/actualites\/les-dossiers-de-lactualite\/leurope-repond-a-la-majoration-des-taxes-de-douane-imposees-par-les-etats-unis-id877349.html#primaryimage"},"thumbnailUrl":"https:\/\/www.rri.ro\/wp-content\/uploads\/2025\/03\/Ursula-von-der-Leyen-foto-EU_16x9.jpg","keywords":["Etats-Unis","Europe","taxes de douane","Ursula von der Leyen"],"articleSection":["Les dossiers de l'actualit\u00e9"],"inLanguage":"fr-FR"},{"@type":"WebPage","@id":"https:\/\/www.rri.ro\/fr\/actualites\/les-dossiers-de-lactualite\/leurope-repond-a-la-majoration-des-taxes-de-douane-imposees-par-les-etats-unis-id877349.html","url":"https:\/\/www.rri.ro\/fr\/actualites\/les-dossiers-de-lactualite\/leurope-repond-a-la-majoration-des-taxes-de-douane-imposees-par-les-etats-unis-id877349.html","name":"L\u2019Europe r\u00e9pond \u00e0 la majoration des taxes de douane par les Etats-Unis - Radio Roumanie Internationale","isPartOf":{"@id":"https:\/\/www.rri.ro\/#website"},"primaryImageOfPage":{"@id":"https:\/\/www.rri.ro\/fr\/actualites\/les-dossiers-de-lactualite\/leurope-repond-a-la-majoration-des-taxes-de-douane-imposees-par-les-etats-unis-id877349.html#primaryimage"},"image":{"@id":"https:\/\/www.rri.ro\/fr\/actualites\/les-dossiers-de-lactualite\/leurope-repond-a-la-majoration-des-taxes-de-douane-imposees-par-les-etats-unis-id877349.html#primaryimage"},"thumbnailUrl":"https:\/\/www.rri.ro\/wp-content\/uploads\/2025\/03\/Ursula-von-der-Leyen-foto-EU_16x9.jpg","datePublished":"2025-04-02T10:43:23+00:00","dateModified":"2025-04-02T11:31:10+00:00","author":{"@id":"https:\/\/www.rri.ro\/#\/schema\/person\/0ed327d40678578e6dbb840527e3ba32"},"breadcrumb":{"@id":"https:\/\/www.rri.ro\/fr\/actualites\/les-dossiers-de-lactualite\/leurope-repond-a-la-majoration-des-taxes-de-douane-imposees-par-les-etats-unis-id877349.html#breadcrumb"},"inLanguage":"fr-FR","potentialAction":[{"@type":"ReadAction","target":["https:\/\/www.rri.ro\/fr\/actualites\/les-dossiers-de-lactualite\/leurope-repond-a-la-majoration-des-taxes-de-douane-imposees-par-les-etats-unis-id877349.html"]}]},{"@type":"ImageObject","inLanguage":"fr-FR","@id":"https:\/\/www.rri.ro\/fr\/actualites\/les-dossiers-de-lactualite\/leurope-repond-a-la-majoration-des-taxes-de-douane-imposees-par-les-etats-unis-id877349.html#primaryimage","url":"https:\/\/www.rri.ro\/wp-content\/uploads\/2025\/03\/Ursula-von-der-Leyen-foto-EU_16x9.jpg","contentUrl":"https:\/\/www.rri.ro\/wp-content\/uploads\/2025\/03\/Ursula-von-der-Leyen-foto-EU_16x9.jpg","width":1200,"height":675,"caption":"Ursula von der Leyen"},{"@type":"BreadcrumbList","@id":"https:\/\/www.rri.ro\/fr\/actualites\/les-dossiers-de-lactualite\/leurope-repond-a-la-majoration-des-taxes-de-douane-imposees-par-les-etats-unis-id877349.html#breadcrumb","itemListElement":[{"@type":"ListItem","position":1,"name":"Page d'accueil","item":"https:\/\/www.rri.ro\/fr"},{"@type":"ListItem","position":2,"name":"Actualit\u00e9s","item":"https:\/\/www.rri.ro\/fr\/actualites"},{"@type":"ListItem","position":3,"name":"Les dossiers de l'actualit\u00e9","item":"https:\/\/www.rri.ro\/fr\/actualites\/les-dossiers-de-lactualite"},{"@type":"ListItem","position":4,"name":"L\u2019Europe r\u00e9pond \u00e0 la majoration des taxes de douane par les Etats-Unis"}]},{"@type":"WebSite","@id":"https:\/\/www.rri.ro\/#website","url":"https:\/\/www.rri.ro\/","name":"Radio Roumanie Internationale","description":"Totul despre Rom\u00e2nia \u015fi rom\u00e2ni, \u00een 13 limbi\/dialecte!","inLanguage":"fr-FR"},{"@type":"Person","@id":"https:\/\/www.rri.ro\/#\/schema\/person\/0ed327d40678578e6dbb840527e3ba32","name":"Bogdan Matei","url":"https:\/\/www.rri.ro\/fr\/author\/bogdan-matei"}]}},"_links":{"self":[{"href":"https:\/\/www.rri.ro\/fr\/wp-json\/wp\/v2\/posts\/877349","targetHints":{"allow":["GET"]}}],"collection":[{"href":"https:\/\/www.rri.ro\/fr\/wp-json\/wp\/v2\/posts"}],"about":[{"href":"https:\/\/www.rri.ro\/fr\/wp-json\/wp\/v2\/types\/post"}],"author":[{"embeddable":true,"href":"https:\/\/www.rri.ro\/fr\/wp-json\/wp\/v2\/users\/105"}],"replies":[{"embeddable":true,"href":"https:\/\/www.rri.ro\/fr\/wp-json\/wp\/v2\/comments?post=877349"}],"version-history":[{"count":0,"href":"https:\/\/www.rri.ro\/fr\/wp-json\/wp\/v2\/posts\/877349\/revisions"}],"wp:featuredmedia":[{"embeddable":true,"href":"https:\/\/www.rri.ro\/fr\/wp-json\/wp\/v2\/media\/868102"}],"wp:attachment":[{"href":"https:\/\/www.rri.ro\/fr\/wp-json\/wp\/v2\/media?parent=877349"}],"wp:term":[{"taxonomy":"category","embeddable":true,"href":"https:\/\/www.rri.ro\/fr\/wp-json\/wp\/v2\/categories?post=877349"},{"taxonomy":"post_tag","embeddable":true,"href":"https:\/\/www.rri.ro\/fr\/wp-json\/wp\/v2\/tags?post=877349"},{"taxonomy":"author","embeddable":true,"href":"https:\/\/www.rri.ro\/fr\/wp-json\/wp\/v2\/coauthors?post=877349"}],"curies":[{"name":"wp","href":"https:\/\/api.w.org\/{rel}","templated":true}]}}