{"id":879303,"date":"2025-04-09T19:13:40","date_gmt":"2025-04-09T16:13:40","guid":{"rendered":"https:\/\/www.rri.ro\/?p=879303"},"modified":"2025-04-09T19:37:55","modified_gmt":"2025-04-09T16:37:55","slug":"09-04-2025-mise-a-jour-2","status":"publish","type":"post","link":"https:\/\/www.rri.ro\/fr\/actualites\/le-flash\/09-04-2025-mise-a-jour-2-id879303.html","title":{"rendered":"09.04.2025 (mise \u00e0 jour)"},"content":{"rendered":"<p><strong>Droits de douane<\/strong> &#8211; Les pays membres de l&rsquo;Union europ\u00e9enne (UE) ont approuv\u00e9 mercredi leur premier paquet de mesures de r\u00e9torsion contre les droits de douane du pr\u00e9sident am\u00e9ricain Donald Trump, en imposant \u00e0 leur tour des droits de douane sur des produits agricoles et industriels tels que le soja, la volaille, le tabac, le riz ou encore les motos. Ils r\u00e9pondent ici aux surtaxes de 25 % d\u00e9cid\u00e9es par Washington sur les importations d&rsquo;acier et d&rsquo;aluminium europ\u00e9ens. L\u2019UE se dit pr\u00eate \u00e0 renoncer \u00e0 tout moment aux tarifs de douane, si elle parvient \u00e0 un accord \u00e9quilibre et correcte avec Washington. Ces derniers mois, les 27 ont \u00e9t\u00e9 frapp\u00e9s \u00e0 trois reprises par la majoration des droits de douane par les Etats-Unis et donc, ils ont d\u00e9cid\u00e9 de r\u00e9pliquer de la m\u00eame mani\u00e8re. Bruxelles se pr\u00e9pare aussi \u00e0 r\u00e9pondre en d\u00e9but de la semaine prochaine aux surtaxes am\u00e9ricaines sur les automobiles. Par ailleurs, l\u2019administration de Donald Trump a confirm\u00e9 que les importations en provenance de Chine seront soumises \u00e0 des droits de douane de 104 % \u00e0 partir de mercredi. Cette d\u00e9cision a \u00e9t\u00e9 prise apr\u00e8s que le pr\u00e9sident Donald Trump a d\u00e9clar\u00e9 qu&rsquo;il augmenterait les droits de douane sur les produits chinois si les autorit\u00e9s de P\u00e9kin ne retiraient pas les droits de douane suppl\u00e9mentaires impos\u00e9s aux \u00c9tats-Unis. La Chine accuse l&rsquo;administration am\u00e9ricaine d&rsquo;agir comme une brute et affirme qu&rsquo;elle prendra des mesures de r\u00e9torsion. \u00c0 Bucarest, le pr\u00e9sident par int\u00e9rim Ilie Bolojan s&rsquo;est quant \u00e0 lui prononc\u00e9 en faveur de la poursuite des n\u00e9gociations commerciales entre l&rsquo;UE et les \u00c9tats-Unis.<\/p>\n<p>&nbsp;<\/p>\n<p><strong>Gouvernement &#8211;<\/strong> Un consortium allemand ouvrira une nouvelle usine en Roumanie pour fabriquer des pi\u00e8ces a\u00e9ronautiques pour des avions de ligne, a affirm\u00e9 le premier ministre roumain Marcel Ciolacu, lors d\u2019une r\u00e9union gouvernementale mercredi. Par ailleurs, la Roumanie d\u00e9bloquera\u00a0 presque trois millions d\u2019euros pour permettre la construction d&rsquo;ici \u00e0 la rentr\u00e9e des classes, en septembre, des toilettes \u00e0 l&rsquo;int\u00e9rieur de toutes les unit\u00e9s scolaires \u00e0 travers le pays. Le gouvernement a \u00e9galement approuv\u00e9 la nouvelle strat\u00e9gie pour une gouvernance ouverte 2025-2030. Cette strat\u00e9gie vise \u00e0 devenir un pilier important pour le d\u00e9veloppement d&rsquo;une administration publique efficace, transparente et inclusive qui prot\u00e8ge les droits fondamentaux des citoyens, tout en augmentant la confiance et la qualit\u00e9 de leurs interactions avec les institutions de l&rsquo;\u00c9tat. Par ailleurs, parmi les trois propositions de d\u00e9crets d\u2019urgence examin\u00e9es ce mercredi, il y a eu celle portant sur la campagne nationale de reboisement. Les d\u00e9cideurs ont approuv\u00e9 une majoration de 40% de la prime annuelle offerte aux propri\u00e9taires qui reboisent leurs terrains. La Roumanie se propose de reboiser quelque 28 milles hectares de terrain d\u2019ici 2026, selon un des jalons assum\u00e9s dans le cadre du PNRR, a pr\u00e9cis\u00e9 Marcel Ciolacu.<\/p>\n<p><strong>\u00a0<\/strong><\/p>\n<p><strong>P\u00eache<\/strong> &#8211; La Roumanie a officiellement entam\u00e9 sa p\u00e9riode d\u2019interdiction g\u00e9n\u00e9rale de la p\u00eache, qui s\u2019\u00e9tendra jusqu\u2019au 7 juin. Cette mesure, d\u2019une dur\u00e9e de 60 jours, vise \u00e0 prot\u00e9ger les ressources halieutiques pendant la p\u00e9riode de reproduction, garantissant ainsi la pr\u00e9servation de la faune aquatique. Des exceptions subsistent selon les zones : dans les eaux territoriales, l\u2019interdiction sera en vigueur du 24 avril au 7 juin inclus, tandis que dans les eaux frontali\u00e8res avec l\u2019Ukraine, elle s\u2019appliquera du 16 avril au 30 mai. \u00c0 noter qu\u2019\u00e0 partir de cette ann\u00e9e, l\u2019arr\u00eat\u00e9 encadrant cette interdiction devient pluriannuel. Les autorit\u00e9s n\u2019interviendront d\u00e9sormais qu\u2019exceptionnellement, pour ajuster les p\u00e9riodes ou cibler certaines esp\u00e8ces, conform\u00e9ment \u00e0 la nouvelle loi sur la p\u00eache adopt\u00e9e l\u2019an dernier.<\/p>\n<p><strong>\u00a0<\/strong><\/p>\n<p><strong>Union Savez la Roumanie<\/strong> \u2013 Le Bureau national de l\u2019Union sauvez la Roumanie a d\u00e9cid\u00e9 \u00e0 une forte majorit\u00e9 de convoquer le Comit\u00e9 politique pour se prononcer sur le retrait du soutien dans la course pr\u00e9sidentielle \u00e0 la cheffe du parti, Elena Lasconi. Le comit\u00e9 politique, organisme qui repr\u00e9sente la direction \u00e9largie du parti devrait d\u00e9cider aussi du soutien accord\u00e9 au maire g\u00e9n\u00e9ral de Bucarest, Nicu\u015for Dan, qui se porte candidat ind\u00e9pendant aux \u00e9lections du mois de mai. Le vice-pr\u00e9sident de l\u2019USR, le maire de Timisoara, Dominic Fritz, a expliqu\u00e9 que cette d\u00e9cision \u00e9tait n\u00e9cessaire pour qu\u2019au moins un candidat pro-europ\u00e9en puisse arriver au second tour et a pr\u00e9cis\u00e9 que l\u2019USR devrait mettre au premier plan la responsabilit\u00e9 pour le pays. Elena Lasconi a exclu la possibilit\u00e9 de se retirer de la course pour la fonction la plus importante de l\u2019Etat roumain. Elle a soulign\u00e9 que la d\u00e9cision du parti de soutenir Nicu\u015for Dan \u00e9tait \u00ab\u00a0extr\u00eamement mauvaise\u00a0\u00bb et a exprim\u00e9 sa conviction qu\u2019elle serait \u00ab\u00a0le meilleur pr\u00e9sident de la Roumanie\u00a0\u00bb.<\/p>\n<p>&nbsp;<\/p>\n<p><strong>MAE<\/strong> \u2013 La d\u00e9cision de d\u00e9clarer persona non grata un attach\u00e9 militaire roumain \u00e0 Moscou et son adjoint n&rsquo;a aucune justification, a transmis le minist\u00e8re des Affaires Etrang\u00e8res de Bucarest. Mercredi, le charg\u00e9 d\u2019affaires ad int\u00e9rim de la Roumanie \u00e0 Moscou a \u00e9t\u00e9 convoqu\u00e9 au minist\u00e8re russe\u00a0 des Affaires Etrang\u00e8res. Lors de cette entrevue, la partie russe a fait part de sa d\u00e9cision\u00a0 de d\u00e9clarer persona non grata deux membres du corps diplomatique de l\u2019ambassade roumaine \u00e0 Moscou. La d\u00e9cision qui contrevient aux pr\u00e9visions diplomatiques stipul\u00e9es par la Convention de Venise est une r\u00e9ponse \u00e0 la d\u00e9cision adopt\u00e9e par Bucarest le 5 mars dernier, quand un attach\u00e9 militaire, naval et a\u00e9rien de la F\u00e9d\u00e9ration russe \u00e0 Bucarest et son adjoint ont \u00e9t\u00e9 d\u00e9clar\u00e9s persona non grata.<\/p>\n<p>&nbsp;<\/p>\n<p><strong>Investissements<\/strong> &#8211; Le pr\u00e9sident roumain par int\u00e9rim, Ilie Bolojan, a particip\u00e9 \u00e0 une r\u00e9union du Conseil des investisseurs \u00e9trangers. Il a d\u00e9clar\u00e9 que ce le progr\u00e8s enregistr\u00e9 en Roumanie ces derni\u00e8res ann\u00e9es \u00e9tait le r\u00e9sultat du m\u00e9lange d&rsquo;investissements roumains et \u00e9trangers et a soulign\u00e9 que le temps \u00e9tait venu pour que les politiciens cr\u00e9ent les conditions pour que les investisseurs \u00e9trangers continuent \u00e0 se d\u00e9velopper dans notre pays. M Bolojan esp\u00e8re \u00e9galement que les d\u00e9cideurs roumains fassent \u00e9tat de sagesse afin que le pays puisse surmonter les d\u00e9fis caus\u00e9s par le contexte \u00e9conomique compliqu\u00e9. Pour sa part, le pr\u00e9sident du Conseil des investisseurs \u00e9trangers, Daniel Anghel, a d\u00e9clar\u00e9 que le milieu des affaires avait besoin de pr\u00e9dictibilit\u00e9, de transparence et de clart\u00e9 l\u00e9gislative pour regagner la confiance. Il a montr\u00e9 que l\u2019effort d\u2019investissement annuel moyen devrait se chiffrer \u00e0 environ 35 % du produit int\u00e9rieur brut au cours de la p\u00e9riode 2024-2030, pour atteindre les 28 \u00e0 30 % du PIB de 2031 \u00e0 2040. L&rsquo;\u00e9tude la plus r\u00e9cente sur la perception des entreprises r\u00e9v\u00e8le que la Roumanie n\u2019est plus aussi attrayante pour les investissements, dont le rythme est tomb\u00e9 \u00e0 un niveau proche de celui rapport\u00e9 durant la pand\u00e9mie de coronavirus.<\/p>\n<p>&nbsp;<\/p>\n<p><strong>Police a\u00e9rienne<\/strong> \u2013 Le ministre roumain de la D\u00e9fense nationale, Angel T\u00eelvar et l\u2019ambassadrice de l\u2019Italie \u00e0 Bucarest, Maria Durante Mangoni, se sont rendus mercredi sur la base a\u00e9rienne de Mihail Kogalniceanu, pour participer \u00e0 une c\u00e9r\u00e9monie de certification d\u2019un d\u00e9tachement des Forces a\u00e9riennes italiennes pour des missions de police de l\u2019air. Selon le minist\u00e8re roumain de la D\u00e9fense, Angel T\u00eelvar, a affirm\u00e9 que c\u2019\u00e9tait pour la sixi\u00e8me fois que les forces a\u00e9riennes italiennes d\u00e9roulaient une telle mission en Roumanie,\u00a0 ce qui confirme leur engagement ferme envers la d\u00e9fense collective, tout comme la solidarit\u00e9 des pays alli\u00e9s. Le d\u00e9tachement italien comporte au total 180 pilotes et membres du personnel technique, appuy\u00e9s par six avions Eurofighter. Quatre mois durant, les Italiens participeront aux c\u00f4t\u00e9s des forces a\u00e9riennes roumaines \u00e0 une mission de surveillance et de r\u00e9action rapide cens\u00e9e prot\u00e9ger l\u2019espace a\u00e9rien de l\u2019OTAN.<\/p>\n<p>&nbsp;<\/p>\n<p><strong>M\u00e9t\u00e9o<\/strong> \u2013 En Roumanie, le vent souffle fort sur les reliefs et les temp\u00e9ratures continuent \u00e0 se situer en dessous de la moyenne sp\u00e9cifique au mois d\u2019avril. Il fait particuli\u00e8rement froid dans la moiti\u00e9 nord du territoire o\u00f9 la neige et la giboul\u00e9e sont de retour. Sur les sommets des Carpates, les m\u00e9t\u00e9orologues annoncent une nouvelle couche de neige de 10 \u00e0 20 centim\u00e8tre d\u2019\u00e9paisseur et des rafales d\u2019une vitesse allant de 80 \u00e0 120 km\/h. Jeudi, les temp\u00e9ratures iront de \u2013 1 \u00e0 9 degr\u00e9s.<\/p>\n","protected":false},"excerpt":{"rendered":"<p>Droits de douane &#8211; Les pays membres de l&rsquo;Union europ\u00e9enne (UE) ont approuv\u00e9 mercredi leur premier paquet de mesures de r\u00e9torsion contre les droits de douane du pr\u00e9sident am\u00e9ricain Donald Trump, en imposant \u00e0 leur tour des droits de douane sur des produits agricoles et industriels tels que le soja, la volaille, le tabac, le [&hellip;]<\/p>\n","protected":false},"author":113,"featured_media":723357,"comment_status":"closed","ping_status":"closed","sticky":false,"template":"","format":"standard","meta":{"_acf_changed":false,"footnotes":""},"categories":[89002],"tags":[167571,85718,146159,87677,143291],"coauthors":[116091],"class_list":["post-879303","post","type-post","status-publish","format-standard","has-post-thumbnail","hentry","category-le-flash","tag-droits-de-douane","tag-etats-unis","tag-marcel-ciolacu-fr","tag-peche","tag-ue-fr"],"acf":[],"yoast_head":"<!-- This site is optimized with the Yoast SEO plugin v27.3 - https:\/\/yoast.com\/product\/yoast-seo-wordpress\/ -->\n<title>09.04.2025 (mise \u00e0 jour) - Radio Roumanie Internationale<\/title>\n<meta name=\"robots\" content=\"index, follow, max-snippet:-1, max-image-preview:large, max-video-preview:-1\" \/>\n<link rel=\"canonical\" href=\"https:\/\/www.rri.ro\/fr\/actualites\/le-flash\/09-04-2025-mise-a-jour-2-id879303.html\" \/>\n<meta property=\"og:locale\" content=\"fr_FR\" \/>\n<meta property=\"og:type\" content=\"article\" \/>\n<meta property=\"og:title\" content=\"09.04.2025 (mise \u00e0 jour) - Radio Roumanie Internationale\" \/>\n<meta property=\"og:description\" content=\"Droits de douane &#8211; Les pays membres de l&rsquo;Union europ\u00e9enne (UE) ont approuv\u00e9 mercredi leur premier paquet de mesures de r\u00e9torsion contre les droits de douane du pr\u00e9sident am\u00e9ricain Donald Trump, en imposant \u00e0 leur tour des droits de douane sur des produits agricoles et industriels tels que le soja, la volaille, le tabac, le [&hellip;]\" \/>\n<meta property=\"og:url\" content=\"https:\/\/www.rri.ro\/fr\/actualites\/le-flash\/09-04-2025-mise-a-jour-2-id879303.html\" \/>\n<meta property=\"og:site_name\" content=\"Radio Roumanie Internationale\" \/>\n<meta property=\"article:published_time\" content=\"2025-04-09T16:13:40+00:00\" \/>\n<meta property=\"article:modified_time\" content=\"2025-04-09T16:37:55+00:00\" \/>\n<meta property=\"og:image\" content=\"https:\/\/www.rri.ro\/wp-content\/uploads\/2024\/03\/RRI-960x540-Le-flash-2-NOU.jpg\" \/>\n\t<meta property=\"og:image:width\" content=\"960\" \/>\n\t<meta property=\"og:image:height\" content=\"540\" \/>\n\t<meta property=\"og:image:type\" content=\"image\/jpeg\" \/>\n<meta name=\"author\" content=\"Newsroom\" \/>\n<meta name=\"twitter:card\" content=\"summary_large_image\" \/>\n<meta name=\"twitter:label1\" content=\"\u00c9crit par\" \/>\n\t<meta name=\"twitter:data1\" content=\"Newsroom\" \/>\n\t<meta name=\"twitter:label2\" content=\"Dur\u00e9e de lecture estim\u00e9e\" \/>\n\t<meta name=\"twitter:data2\" content=\"7 minutes\" \/>\n\t<meta name=\"twitter:label3\" content=\"Written by\" \/>\n\t<meta name=\"twitter:data3\" content=\"Newsroom\" \/>\n<script type=\"application\/ld+json\" class=\"yoast-schema-graph\">{\"@context\":\"https:\\\/\\\/schema.org\",\"@graph\":[{\"@type\":\"Article\",\"@id\":\"https:\\\/\\\/www.rri.ro\\\/fr\\\/actualites\\\/le-flash\\\/09-04-2025-mise-a-jour-2-id879303.html#article\",\"isPartOf\":{\"@id\":\"https:\\\/\\\/www.rri.ro\\\/fr\\\/actualites\\\/le-flash\\\/09-04-2025-mise-a-jour-2-id879303.html\"},\"author\":{\"name\":\"Newsroom\",\"@id\":\"https:\\\/\\\/www.rri.ro\\\/#\\\/schema\\\/person\\\/4a479940371b9fdefd194f561e8a7f88\"},\"headline\":\"09.04.2025 (mise \u00e0 jour)\",\"datePublished\":\"2025-04-09T16:13:40+00:00\",\"dateModified\":\"2025-04-09T16:37:55+00:00\",\"mainEntityOfPage\":{\"@id\":\"https:\\\/\\\/www.rri.ro\\\/fr\\\/actualites\\\/le-flash\\\/09-04-2025-mise-a-jour-2-id879303.html\"},\"wordCount\":1457,\"image\":{\"@id\":\"https:\\\/\\\/www.rri.ro\\\/fr\\\/actualites\\\/le-flash\\\/09-04-2025-mise-a-jour-2-id879303.html#primaryimage\"},\"thumbnailUrl\":\"https:\\\/\\\/www.rri.ro\\\/wp-content\\\/uploads\\\/2024\\\/03\\\/RRI-960x540-Le-flash-2-NOU.jpg\",\"keywords\":[\"droits de douane\",\"Etats-Unis\",\"Marcel Ciolacu\",\"p\u00eache\",\"UE\"],\"articleSection\":[\"Le flash\"],\"inLanguage\":\"fr-FR\"},{\"@type\":\"WebPage\",\"@id\":\"https:\\\/\\\/www.rri.ro\\\/fr\\\/actualites\\\/le-flash\\\/09-04-2025-mise-a-jour-2-id879303.html\",\"url\":\"https:\\\/\\\/www.rri.ro\\\/fr\\\/actualites\\\/le-flash\\\/09-04-2025-mise-a-jour-2-id879303.html\",\"name\":\"09.04.2025 (mise \u00e0 jour) - Radio Roumanie Internationale\",\"isPartOf\":{\"@id\":\"https:\\\/\\\/www.rri.ro\\\/#website\"},\"primaryImageOfPage\":{\"@id\":\"https:\\\/\\\/www.rri.ro\\\/fr\\\/actualites\\\/le-flash\\\/09-04-2025-mise-a-jour-2-id879303.html#primaryimage\"},\"image\":{\"@id\":\"https:\\\/\\\/www.rri.ro\\\/fr\\\/actualites\\\/le-flash\\\/09-04-2025-mise-a-jour-2-id879303.html#primaryimage\"},\"thumbnailUrl\":\"https:\\\/\\\/www.rri.ro\\\/wp-content\\\/uploads\\\/2024\\\/03\\\/RRI-960x540-Le-flash-2-NOU.jpg\",\"datePublished\":\"2025-04-09T16:13:40+00:00\",\"dateModified\":\"2025-04-09T16:37:55+00:00\",\"author\":{\"@id\":\"https:\\\/\\\/www.rri.ro\\\/#\\\/schema\\\/person\\\/4a479940371b9fdefd194f561e8a7f88\"},\"breadcrumb\":{\"@id\":\"https:\\\/\\\/www.rri.ro\\\/fr\\\/actualites\\\/le-flash\\\/09-04-2025-mise-a-jour-2-id879303.html#breadcrumb\"},\"inLanguage\":\"fr-FR\",\"potentialAction\":[{\"@type\":\"ReadAction\",\"target\":[\"https:\\\/\\\/www.rri.ro\\\/fr\\\/actualites\\\/le-flash\\\/09-04-2025-mise-a-jour-2-id879303.html\"]}]},{\"@type\":\"ImageObject\",\"inLanguage\":\"fr-FR\",\"@id\":\"https:\\\/\\\/www.rri.ro\\\/fr\\\/actualites\\\/le-flash\\\/09-04-2025-mise-a-jour-2-id879303.html#primaryimage\",\"url\":\"https:\\\/\\\/www.rri.ro\\\/wp-content\\\/uploads\\\/2024\\\/03\\\/RRI-960x540-Le-flash-2-NOU.jpg\",\"contentUrl\":\"https:\\\/\\\/www.rri.ro\\\/wp-content\\\/uploads\\\/2024\\\/03\\\/RRI-960x540-Le-flash-2-NOU.jpg\",\"width\":960,\"height\":540},{\"@type\":\"BreadcrumbList\",\"@id\":\"https:\\\/\\\/www.rri.ro\\\/fr\\\/actualites\\\/le-flash\\\/09-04-2025-mise-a-jour-2-id879303.html#breadcrumb\",\"itemListElement\":[{\"@type\":\"ListItem\",\"position\":1,\"name\":\"Page d'accueil\",\"item\":\"https:\\\/\\\/www.rri.ro\\\/fr\"},{\"@type\":\"ListItem\",\"position\":2,\"name\":\"Actualit\u00e9s\",\"item\":\"https:\\\/\\\/www.rri.ro\\\/fr\\\/actualites\"},{\"@type\":\"ListItem\",\"position\":3,\"name\":\"Le flash\",\"item\":\"https:\\\/\\\/www.rri.ro\\\/fr\\\/actualites\\\/le-flash\"},{\"@type\":\"ListItem\",\"position\":4,\"name\":\"09.04.2025 (mise \u00e0 jour)\"}]},{\"@type\":\"WebSite\",\"@id\":\"https:\\\/\\\/www.rri.ro\\\/#website\",\"url\":\"https:\\\/\\\/www.rri.ro\\\/\",\"name\":\"Radio Roumanie Internationale\",\"description\":\"Totul despre Rom\u00e2nia \u015fi rom\u00e2ni, \u00een 13 limbi\\\/dialecte!\",\"inLanguage\":\"fr-FR\"},{\"@type\":\"Person\",\"@id\":\"https:\\\/\\\/www.rri.ro\\\/#\\\/schema\\\/person\\\/4a479940371b9fdefd194f561e8a7f88\",\"name\":\"Newsroom\",\"url\":\"https:\\\/\\\/www.rri.ro\\\/fr\\\/author\\\/newsroom\"}]}<\/script>\n<!-- \/ Yoast SEO plugin. -->","yoast_head_json":{"title":"09.04.2025 (mise \u00e0 jour) - Radio Roumanie Internationale","robots":{"index":"index","follow":"follow","max-snippet":"max-snippet:-1","max-image-preview":"max-image-preview:large","max-video-preview":"max-video-preview:-1"},"canonical":"https:\/\/www.rri.ro\/fr\/actualites\/le-flash\/09-04-2025-mise-a-jour-2-id879303.html","og_locale":"fr_FR","og_type":"article","og_title":"09.04.2025 (mise \u00e0 jour) - Radio Roumanie Internationale","og_description":"Droits de douane &#8211; Les pays membres de l&rsquo;Union europ\u00e9enne (UE) ont approuv\u00e9 mercredi leur premier paquet de mesures de r\u00e9torsion contre les droits de douane du pr\u00e9sident am\u00e9ricain Donald Trump, en imposant \u00e0 leur tour des droits de douane sur des produits agricoles et industriels tels que le soja, la volaille, le tabac, le [&hellip;]","og_url":"https:\/\/www.rri.ro\/fr\/actualites\/le-flash\/09-04-2025-mise-a-jour-2-id879303.html","og_site_name":"Radio Roumanie Internationale","article_published_time":"2025-04-09T16:13:40+00:00","article_modified_time":"2025-04-09T16:37:55+00:00","og_image":[{"width":960,"height":540,"url":"https:\/\/www.rri.ro\/wp-content\/uploads\/2024\/03\/RRI-960x540-Le-flash-2-NOU.jpg","type":"image\/jpeg"}],"author":"Newsroom","twitter_card":"summary_large_image","twitter_misc":{"\u00c9crit par":"Newsroom","Dur\u00e9e de lecture estim\u00e9e":"7 minutes","Written by":"Newsroom"},"schema":{"@context":"https:\/\/schema.org","@graph":[{"@type":"Article","@id":"https:\/\/www.rri.ro\/fr\/actualites\/le-flash\/09-04-2025-mise-a-jour-2-id879303.html#article","isPartOf":{"@id":"https:\/\/www.rri.ro\/fr\/actualites\/le-flash\/09-04-2025-mise-a-jour-2-id879303.html"},"author":{"name":"Newsroom","@id":"https:\/\/www.rri.ro\/#\/schema\/person\/4a479940371b9fdefd194f561e8a7f88"},"headline":"09.04.2025 (mise \u00e0 jour)","datePublished":"2025-04-09T16:13:40+00:00","dateModified":"2025-04-09T16:37:55+00:00","mainEntityOfPage":{"@id":"https:\/\/www.rri.ro\/fr\/actualites\/le-flash\/09-04-2025-mise-a-jour-2-id879303.html"},"wordCount":1457,"image":{"@id":"https:\/\/www.rri.ro\/fr\/actualites\/le-flash\/09-04-2025-mise-a-jour-2-id879303.html#primaryimage"},"thumbnailUrl":"https:\/\/www.rri.ro\/wp-content\/uploads\/2024\/03\/RRI-960x540-Le-flash-2-NOU.jpg","keywords":["droits de douane","Etats-Unis","Marcel Ciolacu","p\u00eache","UE"],"articleSection":["Le flash"],"inLanguage":"fr-FR"},{"@type":"WebPage","@id":"https:\/\/www.rri.ro\/fr\/actualites\/le-flash\/09-04-2025-mise-a-jour-2-id879303.html","url":"https:\/\/www.rri.ro\/fr\/actualites\/le-flash\/09-04-2025-mise-a-jour-2-id879303.html","name":"09.04.2025 (mise \u00e0 jour) - Radio Roumanie Internationale","isPartOf":{"@id":"https:\/\/www.rri.ro\/#website"},"primaryImageOfPage":{"@id":"https:\/\/www.rri.ro\/fr\/actualites\/le-flash\/09-04-2025-mise-a-jour-2-id879303.html#primaryimage"},"image":{"@id":"https:\/\/www.rri.ro\/fr\/actualites\/le-flash\/09-04-2025-mise-a-jour-2-id879303.html#primaryimage"},"thumbnailUrl":"https:\/\/www.rri.ro\/wp-content\/uploads\/2024\/03\/RRI-960x540-Le-flash-2-NOU.jpg","datePublished":"2025-04-09T16:13:40+00:00","dateModified":"2025-04-09T16:37:55+00:00","author":{"@id":"https:\/\/www.rri.ro\/#\/schema\/person\/4a479940371b9fdefd194f561e8a7f88"},"breadcrumb":{"@id":"https:\/\/www.rri.ro\/fr\/actualites\/le-flash\/09-04-2025-mise-a-jour-2-id879303.html#breadcrumb"},"inLanguage":"fr-FR","potentialAction":[{"@type":"ReadAction","target":["https:\/\/www.rri.ro\/fr\/actualites\/le-flash\/09-04-2025-mise-a-jour-2-id879303.html"]}]},{"@type":"ImageObject","inLanguage":"fr-FR","@id":"https:\/\/www.rri.ro\/fr\/actualites\/le-flash\/09-04-2025-mise-a-jour-2-id879303.html#primaryimage","url":"https:\/\/www.rri.ro\/wp-content\/uploads\/2024\/03\/RRI-960x540-Le-flash-2-NOU.jpg","contentUrl":"https:\/\/www.rri.ro\/wp-content\/uploads\/2024\/03\/RRI-960x540-Le-flash-2-NOU.jpg","width":960,"height":540},{"@type":"BreadcrumbList","@id":"https:\/\/www.rri.ro\/fr\/actualites\/le-flash\/09-04-2025-mise-a-jour-2-id879303.html#breadcrumb","itemListElement":[{"@type":"ListItem","position":1,"name":"Page d'accueil","item":"https:\/\/www.rri.ro\/fr"},{"@type":"ListItem","position":2,"name":"Actualit\u00e9s","item":"https:\/\/www.rri.ro\/fr\/actualites"},{"@type":"ListItem","position":3,"name":"Le flash","item":"https:\/\/www.rri.ro\/fr\/actualites\/le-flash"},{"@type":"ListItem","position":4,"name":"09.04.2025 (mise \u00e0 jour)"}]},{"@type":"WebSite","@id":"https:\/\/www.rri.ro\/#website","url":"https:\/\/www.rri.ro\/","name":"Radio Roumanie Internationale","description":"Totul despre Rom\u00e2nia \u015fi rom\u00e2ni, \u00een 13 limbi\/dialecte!","inLanguage":"fr-FR"},{"@type":"Person","@id":"https:\/\/www.rri.ro\/#\/schema\/person\/4a479940371b9fdefd194f561e8a7f88","name":"Newsroom","url":"https:\/\/www.rri.ro\/fr\/author\/newsroom"}]}},"_links":{"self":[{"href":"https:\/\/www.rri.ro\/fr\/wp-json\/wp\/v2\/posts\/879303","targetHints":{"allow":["GET"]}}],"collection":[{"href":"https:\/\/www.rri.ro\/fr\/wp-json\/wp\/v2\/posts"}],"about":[{"href":"https:\/\/www.rri.ro\/fr\/wp-json\/wp\/v2\/types\/post"}],"author":[{"embeddable":true,"href":"https:\/\/www.rri.ro\/fr\/wp-json\/wp\/v2\/users\/113"}],"replies":[{"embeddable":true,"href":"https:\/\/www.rri.ro\/fr\/wp-json\/wp\/v2\/comments?post=879303"}],"version-history":[{"count":0,"href":"https:\/\/www.rri.ro\/fr\/wp-json\/wp\/v2\/posts\/879303\/revisions"}],"wp:featuredmedia":[{"embeddable":true,"href":"https:\/\/www.rri.ro\/fr\/wp-json\/wp\/v2\/media\/723357"}],"wp:attachment":[{"href":"https:\/\/www.rri.ro\/fr\/wp-json\/wp\/v2\/media?parent=879303"}],"wp:term":[{"taxonomy":"category","embeddable":true,"href":"https:\/\/www.rri.ro\/fr\/wp-json\/wp\/v2\/categories?post=879303"},{"taxonomy":"post_tag","embeddable":true,"href":"https:\/\/www.rri.ro\/fr\/wp-json\/wp\/v2\/tags?post=879303"},{"taxonomy":"author","embeddable":true,"href":"https:\/\/www.rri.ro\/fr\/wp-json\/wp\/v2\/coauthors?post=879303"}],"curies":[{"name":"wp","href":"https:\/\/api.w.org\/{rel}","templated":true}]}}