{"id":880929,"date":"2025-04-16T13:07:30","date_gmt":"2025-04-16T10:07:30","guid":{"rendered":"https:\/\/www.rri.ro\/?p=880929"},"modified":"2025-04-16T13:07:30","modified_gmt":"2025-04-16T10:07:30","slug":"16-04-2025","status":"publish","type":"post","link":"https:\/\/www.rri.ro\/fr\/actualites\/le-flash\/16-04-2025-id880929.html","title":{"rendered":"16.04.2025"},"content":{"rendered":"<p><strong>OTAN<\/strong> &#8211; Les initiatives du pr\u00e9sident am\u00e9ricain Donald Trump en faveur d\u2019un cessez-le-feu global en Ukraine se heurtent \u00e0 de nombreux obstacles, a d\u00e9clar\u00e9 mardi le secr\u00e9taire g\u00e9n\u00e9ral de l\u2019OTAN, Mark Rutte, lors d\u2019une visite inopin\u00e9e \u00e0 Odessa, dans le sud du pays. Condamnant fermement les frappes russes qu\u2019il a qualifi\u00e9es d\u2019\u00ab\u202f\u00e9pouvantables\u202f\u00bb, Rutte a r\u00e9agi \u00e0 la mort de 35 civils, dont plusieurs enfants, tu\u00e9s dimanche \u00e0 Sumy, dans le nord-est de l\u2019Ukraine. Le m\u00eame jour, Mark Rutte s\u2019est \u00e9galement rendu \u00e0 Chi\u0219in\u0103u, o\u00f9 il a rencontr\u00e9 la pr\u00e9sidente moldave Maia Sandu afin d\u2019\u00e9voquer les perspectives de coop\u00e9ration entre la Moldavie et l\u2019OTAN, dans le cadre du nouveau programme individuel de partenariat pour la paix, adopt\u00e9 en d\u00e9but d\u2019ann\u00e9e par le gouvernement moldave.<\/p>\n<p>&nbsp;<\/p>\n<p><strong>Ukraine<\/strong> &#8211; Une attaque de drone russe a vis\u00e9 mardi soir la ville portuaire d\u2019Odessa, sur les rives de la mer Noire, faisant trois bless\u00e9s, provoquant plusieurs incendies et endommageant des immeubles r\u00e9sidentiels ainsi que des infrastructures civiles, ont indiqu\u00e9 les autorit\u00e9s locales du sud de l\u2019Ukraine. Cette offensive survient moins de 24 heures apr\u00e8s la visite \u00e0 Odessa du secr\u00e9taire g\u00e9n\u00e9ral de l\u2019OTAN, Mark Rutte, en compagnie du pr\u00e9sident ukrainien Volodymyr Zelensky. Fin mars, les \u00c9tats-Unis avaient pourtant annonc\u00e9 avoir n\u00e9goci\u00e9 des accords distincts avec l\u2019Ukraine et la Russie visant \u00e0 mettre un terme aux attaques dans la r\u00e9gion de la mer Noire et contre les installations \u00e9nerg\u00e9tiques. Depuis, Kiev et Moscou ne cessent de s\u2019accuser mutuellement de ne pas respecter les termes de ces engagements.<\/p>\n<p><strong>\u00a0<\/strong><\/p>\n<p><strong>D\u00e9l\u00e9gation<\/strong> &#8211; Le pr\u00e9sident roumain par int\u00e9rim Ilie Bolojan a soulign\u00e9 l&rsquo;importance de renforcer la pr\u00e9sence am\u00e9ricaine en Roumanie, en particulier dans le contexte des d\u00e9fis s\u00e9curitaires actuels dans la r\u00e9gion de la mer Noire. Il a rencontr\u00e9 \u00e0 Bucarest une d\u00e9l\u00e9gation de huit membres du Congr\u00e8s am\u00e9ricain, d\u00e9mocrates et r\u00e9publicains. Ils ont \u00e9galement rencontr\u00e9 le Premier ministre Marcel Ciolacu, des s\u00e9nateurs et des d\u00e9put\u00e9s roumains du parti au pouvoir et de l&rsquo;opposition. Le chef de la d\u00e9l\u00e9gation, le r\u00e9publicain Vern Buchanan, a d\u00e9clar\u00e9 que l&rsquo;objectif des deux partis am\u00e9ricains \u00e9tait de renforcer les relations avec la Roumanie.<\/p>\n<p>&nbsp;<\/p>\n<p><strong>P\u00e2ques<\/strong> &#8211; La \u00ab Sainte Lumi\u00e8re \u00bb de J\u00e9rusalem sera rapport\u00e9e en Roumanie samedi soir par l\u2019archimandrite Teofil An\u0103st\u0103soaie, repr\u00e9sentant de la Patriarchie roumaine en Terre sainte. Elle sera ensuite transmise aux repr\u00e9sentants des dioc\u00e8ses du pays, avant d\u2019illuminer les foyers de tous ceux qui souhaitent la recevoir. Institu\u00e9e en 2009 par le patriarche Daniel, cette tradition est devenue un moment fort du calendrier religieux roumain. Dans la foi orthodoxe, la Sainte Lumi\u00e8re est per\u00e7ue comme un miracle pascal : chaque ann\u00e9e, le Samedi Saint, un feu sacr\u00e9 appara\u00eet au-dessus du tombeau du Christ dans l\u2019\u00e9glise du Saint-S\u00e9pulcre \u00e0 J\u00e9rusalem, entre 12h30 et 14h30. Ce feu, dont l\u2019origine est tenue pour c\u00e9leste, descend spontan\u00e9ment et, ph\u00e9nom\u00e8ne myst\u00e9rieux, ne br\u00fble pas durant les premi\u00e8res minutes. Le patriarche orthodoxe de J\u00e9rusalem est le premier \u00e0 le recevoir avant de le partager aux clercs et aux p\u00e8lerins pr\u00e9sents. Cette ann\u00e9e, de mani\u00e8re rare, l\u2019ensemble des \u00c9glises chr\u00e9tiennes c\u00e9l\u00e8breront P\u00e2ques \u00e0 la m\u00eame date : le dimanche 20 avril.<\/p>\n<p>&nbsp;<\/p>\n<p><strong>Tr\u00e9sor dace<\/strong> &#8211; La police n\u00e9erlandaise a annonc\u00e9 l\u2019arrestation d\u2019un cinqui\u00e8me individu soup\u00e7onn\u00e9 d\u2019implication dans le spectaculaire vol de tr\u00e9sors roumains perp\u00e9tr\u00e9 en janvier au mus\u00e9e Drents d\u2019Assen. Si les artefacts n\u2019ont pas encore \u00e9t\u00e9 localis\u00e9s, le procureur en charge de l\u2019enqu\u00eate a exprim\u00e9 l\u2019espoir de retrouver au moins une partie des pi\u00e8ces d\u00e9rob\u00e9es. Dans la nuit du 24 au 25 janvier, les malfaiteurs ont utilis\u00e9 des explosifs pour forcer l\u2019entr\u00e9e de l\u2019\u00e9tablissement et s\u2019emparer, en quelques minutes, de ses pi\u00e8ces les plus pr\u00e9cieuses : le c\u00e9l\u00e8bre casque de Co\u021bofene\u0219ti et trois bracelets daces, joyaux d\u2019une exposition comptant plus de 500 objets pr\u00eat\u00e9s par la Roumanie. Au lendemain du vol, la ministre roumaine de la Culture, Natalia Intotero, a r\u00e9agi fermement, soulignant que ces objets ne constituent pas seulement un pan du patrimoine national, mais sont aussi des symboles de l\u2019histoire et de l\u2019identit\u00e9 du peuple roumain, et rel\u00e8vent d\u2019un h\u00e9ritage culturel d\u2019une valeur inestimable pour l\u2019ensemble de l\u2019humanit\u00e9.<\/p>\n<p>&nbsp;<\/p>\n<p><strong>Championnats d&rsquo;Europe<\/strong> &#8211; L&rsquo;athl\u00e8te roumaine Andreea Cotru\u021ba a remport\u00e9 une m\u00e9daille d&rsquo;or et deux m\u00e9dailles d&rsquo;argent dans la cat\u00e9gorie des 59 kg mardi soir aux Championnats d&rsquo;Europe d&rsquo;halt\u00e9rophilie \u00e0 Chisinau, R\u00e9publique de Moldavie. Apr\u00e8s trois jours de comp\u00e9tition, la d\u00e9l\u00e9gation roumaine a remport\u00e9 quatre m\u00e9dailles d&rsquo;or, trois m\u00e9dailles d&rsquo;argent et deux m\u00e9dailles de bronze. Mihaela Cambei a remport\u00e9 trois m\u00e9dailles d&rsquo;or en cat. 49 kg, une m\u00e9daille d&rsquo;argent a \u00e9t\u00e9 remport\u00e9e par Cristian Luca en cat. 55 kg (\u00e0 l&rsquo;arrach\u00e9), et des m\u00e9dailles de bronze ont \u00e9t\u00e9 remport\u00e9es par Ioana M\u0103d\u0103lina Miron (cat. 45 kg, \u00e0 l&rsquo;arrach\u00e9) et Cosmina Pan\u0103 (cat. 49 kg, \u00e0 l&rsquo;arrach\u00e9). La Roumanie participe aux Championnats d&rsquo;Europe seniors \u00e0 Chisinau avec une \u00e9quipe de 15 athl\u00e8tes (8 gar\u00e7ons et 7 filles).<\/p>\n<p>&nbsp;<\/p>\n<p><strong>M\u00e9t\u00e9o<\/strong> &#8211; Ce mercredi, le temps reste globalement agr\u00e9able en Roumanie, avec un ciel variable et des temp\u00e9ratures en hausse. De faibles averses sont possibles dans le nord et les zones montagneuses. Le vent se montre plus soutenu dans le sud-ouest, l\u2019ouest et l\u2019est, avec des rafales pouvant atteindre 60 km\/h, voire jusqu\u2019\u00e0 90 km\/h sur l\u2019ouest des Carpates m\u00e9ridionales. Ailleurs, il soufflera faiblement \u00e0 mod\u00e9r\u00e9ment. Les temp\u00e9ratures maximales oscilleront entre 14 et 27 degr\u00e9s.<\/p>\n","protected":false},"excerpt":{"rendered":"<p>OTAN &#8211; Les initiatives du pr\u00e9sident am\u00e9ricain Donald Trump en faveur d\u2019un cessez-le-feu global en Ukraine se heurtent \u00e0 de nombreux obstacles, a d\u00e9clar\u00e9 mardi le secr\u00e9taire g\u00e9n\u00e9ral de l\u2019OTAN, Mark Rutte, lors d\u2019une visite inopin\u00e9e \u00e0 Odessa, dans le sud du pays. Condamnant fermement les frappes russes qu\u2019il a qualifi\u00e9es d\u2019\u00ab\u202f\u00e9pouvantables\u202f\u00bb, Rutte a r\u00e9agi [&hellip;]<\/p>\n","protected":false},"author":113,"featured_media":723357,"comment_status":"closed","ping_status":"closed","sticky":false,"template":"","format":"standard","meta":{"_acf_changed":false,"footnotes":""},"categories":[89002],"tags":[85278,85943,137215,85835,85567,85944,85918,95075,85412,85661,116089],"coauthors":[116091],"class_list":["post-880929","post","type-post","status-publish","format-standard","has-post-thumbnail","hentry","category-le-flash","tag-guerre","tag-mer-noire","tag-otan-fr","tag-paques","tag-politique","tag-presse-roumaine","tag-republique-de-moldova","tag-revue-de-presse","tag-roumanie","tag-russie","tag-ukraine-fr"],"acf":[],"yoast_head":"<!-- This site is optimized with the Yoast SEO plugin v27.3 - https:\/\/yoast.com\/product\/yoast-seo-wordpress\/ -->\n<title>16.04.2025 - Radio Roumanie Internationale<\/title>\n<meta name=\"robots\" content=\"index, follow, max-snippet:-1, max-image-preview:large, max-video-preview:-1\" \/>\n<link rel=\"canonical\" href=\"https:\/\/www.rri.ro\/fr\/actualites\/le-flash\/16-04-2025-id880929.html\" \/>\n<meta property=\"og:locale\" content=\"fr_FR\" \/>\n<meta property=\"og:type\" content=\"article\" \/>\n<meta property=\"og:title\" content=\"16.04.2025 - Radio Roumanie Internationale\" \/>\n<meta property=\"og:description\" content=\"OTAN &#8211; Les initiatives du pr\u00e9sident am\u00e9ricain Donald Trump en faveur d\u2019un cessez-le-feu global en Ukraine se heurtent \u00e0 de nombreux obstacles, a d\u00e9clar\u00e9 mardi le secr\u00e9taire g\u00e9n\u00e9ral de l\u2019OTAN, Mark Rutte, lors d\u2019une visite inopin\u00e9e \u00e0 Odessa, dans le sud du pays. Condamnant fermement les frappes russes qu\u2019il a qualifi\u00e9es d\u2019\u00ab\u202f\u00e9pouvantables\u202f\u00bb, Rutte a r\u00e9agi [&hellip;]\" \/>\n<meta property=\"og:url\" content=\"https:\/\/www.rri.ro\/fr\/actualites\/le-flash\/16-04-2025-id880929.html\" \/>\n<meta property=\"og:site_name\" content=\"Radio Roumanie Internationale\" \/>\n<meta property=\"article:published_time\" content=\"2025-04-16T10:07:30+00:00\" \/>\n<meta property=\"og:image\" content=\"https:\/\/www.rri.ro\/wp-content\/uploads\/2024\/03\/RRI-960x540-Le-flash-2-NOU.jpg\" \/>\n\t<meta property=\"og:image:width\" content=\"960\" \/>\n\t<meta property=\"og:image:height\" content=\"540\" \/>\n\t<meta property=\"og:image:type\" content=\"image\/jpeg\" \/>\n<meta name=\"author\" content=\"Newsroom\" \/>\n<meta name=\"twitter:card\" content=\"summary_large_image\" \/>\n<meta name=\"twitter:label1\" content=\"\u00c9crit par\" \/>\n\t<meta name=\"twitter:data1\" content=\"Newsroom\" \/>\n\t<meta name=\"twitter:label2\" content=\"Dur\u00e9e de lecture estim\u00e9e\" \/>\n\t<meta name=\"twitter:data2\" content=\"5 minutes\" \/>\n\t<meta name=\"twitter:label3\" content=\"Written by\" \/>\n\t<meta name=\"twitter:data3\" content=\"Newsroom\" \/>\n<script type=\"application\/ld+json\" class=\"yoast-schema-graph\">{\"@context\":\"https:\\\/\\\/schema.org\",\"@graph\":[{\"@type\":\"Article\",\"@id\":\"https:\\\/\\\/www.rri.ro\\\/fr\\\/actualites\\\/le-flash\\\/16-04-2025-id880929.html#article\",\"isPartOf\":{\"@id\":\"https:\\\/\\\/www.rri.ro\\\/fr\\\/actualites\\\/le-flash\\\/16-04-2025-id880929.html\"},\"author\":{\"name\":\"Newsroom\",\"@id\":\"https:\\\/\\\/www.rri.ro\\\/#\\\/schema\\\/person\\\/4a479940371b9fdefd194f561e8a7f88\"},\"headline\":\"16.04.2025\",\"datePublished\":\"2025-04-16T10:07:30+00:00\",\"mainEntityOfPage\":{\"@id\":\"https:\\\/\\\/www.rri.ro\\\/fr\\\/actualites\\\/le-flash\\\/16-04-2025-id880929.html\"},\"wordCount\":1035,\"image\":{\"@id\":\"https:\\\/\\\/www.rri.ro\\\/fr\\\/actualites\\\/le-flash\\\/16-04-2025-id880929.html#primaryimage\"},\"thumbnailUrl\":\"https:\\\/\\\/www.rri.ro\\\/wp-content\\\/uploads\\\/2024\\\/03\\\/RRI-960x540-Le-flash-2-NOU.jpg\",\"keywords\":[\"guerre\",\"mer Noire\",\"OTAN\",\"P\u00e2ques\",\"politique\",\"presse roumaine\",\"R\u00e9publique de Moldova\",\"revue de presse\",\"Roumanie\",\"Russie\",\"Ukraine\"],\"articleSection\":[\"Le flash\"],\"inLanguage\":\"fr-FR\"},{\"@type\":\"WebPage\",\"@id\":\"https:\\\/\\\/www.rri.ro\\\/fr\\\/actualites\\\/le-flash\\\/16-04-2025-id880929.html\",\"url\":\"https:\\\/\\\/www.rri.ro\\\/fr\\\/actualites\\\/le-flash\\\/16-04-2025-id880929.html\",\"name\":\"16.04.2025 - Radio Roumanie Internationale\",\"isPartOf\":{\"@id\":\"https:\\\/\\\/www.rri.ro\\\/#website\"},\"primaryImageOfPage\":{\"@id\":\"https:\\\/\\\/www.rri.ro\\\/fr\\\/actualites\\\/le-flash\\\/16-04-2025-id880929.html#primaryimage\"},\"image\":{\"@id\":\"https:\\\/\\\/www.rri.ro\\\/fr\\\/actualites\\\/le-flash\\\/16-04-2025-id880929.html#primaryimage\"},\"thumbnailUrl\":\"https:\\\/\\\/www.rri.ro\\\/wp-content\\\/uploads\\\/2024\\\/03\\\/RRI-960x540-Le-flash-2-NOU.jpg\",\"datePublished\":\"2025-04-16T10:07:30+00:00\",\"author\":{\"@id\":\"https:\\\/\\\/www.rri.ro\\\/#\\\/schema\\\/person\\\/4a479940371b9fdefd194f561e8a7f88\"},\"breadcrumb\":{\"@id\":\"https:\\\/\\\/www.rri.ro\\\/fr\\\/actualites\\\/le-flash\\\/16-04-2025-id880929.html#breadcrumb\"},\"inLanguage\":\"fr-FR\",\"potentialAction\":[{\"@type\":\"ReadAction\",\"target\":[\"https:\\\/\\\/www.rri.ro\\\/fr\\\/actualites\\\/le-flash\\\/16-04-2025-id880929.html\"]}]},{\"@type\":\"ImageObject\",\"inLanguage\":\"fr-FR\",\"@id\":\"https:\\\/\\\/www.rri.ro\\\/fr\\\/actualites\\\/le-flash\\\/16-04-2025-id880929.html#primaryimage\",\"url\":\"https:\\\/\\\/www.rri.ro\\\/wp-content\\\/uploads\\\/2024\\\/03\\\/RRI-960x540-Le-flash-2-NOU.jpg\",\"contentUrl\":\"https:\\\/\\\/www.rri.ro\\\/wp-content\\\/uploads\\\/2024\\\/03\\\/RRI-960x540-Le-flash-2-NOU.jpg\",\"width\":960,\"height\":540},{\"@type\":\"BreadcrumbList\",\"@id\":\"https:\\\/\\\/www.rri.ro\\\/fr\\\/actualites\\\/le-flash\\\/16-04-2025-id880929.html#breadcrumb\",\"itemListElement\":[{\"@type\":\"ListItem\",\"position\":1,\"name\":\"Page d'accueil\",\"item\":\"https:\\\/\\\/www.rri.ro\\\/fr\"},{\"@type\":\"ListItem\",\"position\":2,\"name\":\"Actualit\u00e9s\",\"item\":\"https:\\\/\\\/www.rri.ro\\\/fr\\\/actualites\"},{\"@type\":\"ListItem\",\"position\":3,\"name\":\"Le flash\",\"item\":\"https:\\\/\\\/www.rri.ro\\\/fr\\\/actualites\\\/le-flash\"},{\"@type\":\"ListItem\",\"position\":4,\"name\":\"16.04.2025\"}]},{\"@type\":\"WebSite\",\"@id\":\"https:\\\/\\\/www.rri.ro\\\/#website\",\"url\":\"https:\\\/\\\/www.rri.ro\\\/\",\"name\":\"Radio Roumanie Internationale\",\"description\":\"Totul despre Rom\u00e2nia \u015fi rom\u00e2ni, \u00een 13 limbi\\\/dialecte!\",\"inLanguage\":\"fr-FR\"},{\"@type\":\"Person\",\"@id\":\"https:\\\/\\\/www.rri.ro\\\/#\\\/schema\\\/person\\\/4a479940371b9fdefd194f561e8a7f88\",\"name\":\"Newsroom\",\"url\":\"https:\\\/\\\/www.rri.ro\\\/fr\\\/author\\\/newsroom\"}]}<\/script>\n<!-- \/ Yoast SEO plugin. -->","yoast_head_json":{"title":"16.04.2025 - Radio Roumanie Internationale","robots":{"index":"index","follow":"follow","max-snippet":"max-snippet:-1","max-image-preview":"max-image-preview:large","max-video-preview":"max-video-preview:-1"},"canonical":"https:\/\/www.rri.ro\/fr\/actualites\/le-flash\/16-04-2025-id880929.html","og_locale":"fr_FR","og_type":"article","og_title":"16.04.2025 - Radio Roumanie Internationale","og_description":"OTAN &#8211; Les initiatives du pr\u00e9sident am\u00e9ricain Donald Trump en faveur d\u2019un cessez-le-feu global en Ukraine se heurtent \u00e0 de nombreux obstacles, a d\u00e9clar\u00e9 mardi le secr\u00e9taire g\u00e9n\u00e9ral de l\u2019OTAN, Mark Rutte, lors d\u2019une visite inopin\u00e9e \u00e0 Odessa, dans le sud du pays. Condamnant fermement les frappes russes qu\u2019il a qualifi\u00e9es d\u2019\u00ab\u202f\u00e9pouvantables\u202f\u00bb, Rutte a r\u00e9agi [&hellip;]","og_url":"https:\/\/www.rri.ro\/fr\/actualites\/le-flash\/16-04-2025-id880929.html","og_site_name":"Radio Roumanie Internationale","article_published_time":"2025-04-16T10:07:30+00:00","og_image":[{"width":960,"height":540,"url":"https:\/\/www.rri.ro\/wp-content\/uploads\/2024\/03\/RRI-960x540-Le-flash-2-NOU.jpg","type":"image\/jpeg"}],"author":"Newsroom","twitter_card":"summary_large_image","twitter_misc":{"\u00c9crit par":"Newsroom","Dur\u00e9e de lecture estim\u00e9e":"5 minutes","Written by":"Newsroom"},"schema":{"@context":"https:\/\/schema.org","@graph":[{"@type":"Article","@id":"https:\/\/www.rri.ro\/fr\/actualites\/le-flash\/16-04-2025-id880929.html#article","isPartOf":{"@id":"https:\/\/www.rri.ro\/fr\/actualites\/le-flash\/16-04-2025-id880929.html"},"author":{"name":"Newsroom","@id":"https:\/\/www.rri.ro\/#\/schema\/person\/4a479940371b9fdefd194f561e8a7f88"},"headline":"16.04.2025","datePublished":"2025-04-16T10:07:30+00:00","mainEntityOfPage":{"@id":"https:\/\/www.rri.ro\/fr\/actualites\/le-flash\/16-04-2025-id880929.html"},"wordCount":1035,"image":{"@id":"https:\/\/www.rri.ro\/fr\/actualites\/le-flash\/16-04-2025-id880929.html#primaryimage"},"thumbnailUrl":"https:\/\/www.rri.ro\/wp-content\/uploads\/2024\/03\/RRI-960x540-Le-flash-2-NOU.jpg","keywords":["guerre","mer Noire","OTAN","P\u00e2ques","politique","presse roumaine","R\u00e9publique de Moldova","revue de presse","Roumanie","Russie","Ukraine"],"articleSection":["Le flash"],"inLanguage":"fr-FR"},{"@type":"WebPage","@id":"https:\/\/www.rri.ro\/fr\/actualites\/le-flash\/16-04-2025-id880929.html","url":"https:\/\/www.rri.ro\/fr\/actualites\/le-flash\/16-04-2025-id880929.html","name":"16.04.2025 - Radio Roumanie Internationale","isPartOf":{"@id":"https:\/\/www.rri.ro\/#website"},"primaryImageOfPage":{"@id":"https:\/\/www.rri.ro\/fr\/actualites\/le-flash\/16-04-2025-id880929.html#primaryimage"},"image":{"@id":"https:\/\/www.rri.ro\/fr\/actualites\/le-flash\/16-04-2025-id880929.html#primaryimage"},"thumbnailUrl":"https:\/\/www.rri.ro\/wp-content\/uploads\/2024\/03\/RRI-960x540-Le-flash-2-NOU.jpg","datePublished":"2025-04-16T10:07:30+00:00","author":{"@id":"https:\/\/www.rri.ro\/#\/schema\/person\/4a479940371b9fdefd194f561e8a7f88"},"breadcrumb":{"@id":"https:\/\/www.rri.ro\/fr\/actualites\/le-flash\/16-04-2025-id880929.html#breadcrumb"},"inLanguage":"fr-FR","potentialAction":[{"@type":"ReadAction","target":["https:\/\/www.rri.ro\/fr\/actualites\/le-flash\/16-04-2025-id880929.html"]}]},{"@type":"ImageObject","inLanguage":"fr-FR","@id":"https:\/\/www.rri.ro\/fr\/actualites\/le-flash\/16-04-2025-id880929.html#primaryimage","url":"https:\/\/www.rri.ro\/wp-content\/uploads\/2024\/03\/RRI-960x540-Le-flash-2-NOU.jpg","contentUrl":"https:\/\/www.rri.ro\/wp-content\/uploads\/2024\/03\/RRI-960x540-Le-flash-2-NOU.jpg","width":960,"height":540},{"@type":"BreadcrumbList","@id":"https:\/\/www.rri.ro\/fr\/actualites\/le-flash\/16-04-2025-id880929.html#breadcrumb","itemListElement":[{"@type":"ListItem","position":1,"name":"Page d'accueil","item":"https:\/\/www.rri.ro\/fr"},{"@type":"ListItem","position":2,"name":"Actualit\u00e9s","item":"https:\/\/www.rri.ro\/fr\/actualites"},{"@type":"ListItem","position":3,"name":"Le flash","item":"https:\/\/www.rri.ro\/fr\/actualites\/le-flash"},{"@type":"ListItem","position":4,"name":"16.04.2025"}]},{"@type":"WebSite","@id":"https:\/\/www.rri.ro\/#website","url":"https:\/\/www.rri.ro\/","name":"Radio Roumanie Internationale","description":"Totul despre Rom\u00e2nia \u015fi rom\u00e2ni, \u00een 13 limbi\/dialecte!","inLanguage":"fr-FR"},{"@type":"Person","@id":"https:\/\/www.rri.ro\/#\/schema\/person\/4a479940371b9fdefd194f561e8a7f88","name":"Newsroom","url":"https:\/\/www.rri.ro\/fr\/author\/newsroom"}]}},"_links":{"self":[{"href":"https:\/\/www.rri.ro\/fr\/wp-json\/wp\/v2\/posts\/880929","targetHints":{"allow":["GET"]}}],"collection":[{"href":"https:\/\/www.rri.ro\/fr\/wp-json\/wp\/v2\/posts"}],"about":[{"href":"https:\/\/www.rri.ro\/fr\/wp-json\/wp\/v2\/types\/post"}],"author":[{"embeddable":true,"href":"https:\/\/www.rri.ro\/fr\/wp-json\/wp\/v2\/users\/113"}],"replies":[{"embeddable":true,"href":"https:\/\/www.rri.ro\/fr\/wp-json\/wp\/v2\/comments?post=880929"}],"version-history":[{"count":0,"href":"https:\/\/www.rri.ro\/fr\/wp-json\/wp\/v2\/posts\/880929\/revisions"}],"wp:featuredmedia":[{"embeddable":true,"href":"https:\/\/www.rri.ro\/fr\/wp-json\/wp\/v2\/media\/723357"}],"wp:attachment":[{"href":"https:\/\/www.rri.ro\/fr\/wp-json\/wp\/v2\/media?parent=880929"}],"wp:term":[{"taxonomy":"category","embeddable":true,"href":"https:\/\/www.rri.ro\/fr\/wp-json\/wp\/v2\/categories?post=880929"},{"taxonomy":"post_tag","embeddable":true,"href":"https:\/\/www.rri.ro\/fr\/wp-json\/wp\/v2\/tags?post=880929"},{"taxonomy":"author","embeddable":true,"href":"https:\/\/www.rri.ro\/fr\/wp-json\/wp\/v2\/coauthors?post=880929"}],"curies":[{"name":"wp","href":"https:\/\/api.w.org\/{rel}","templated":true}]}}