{"id":893433,"date":"2025-05-29T18:30:58","date_gmt":"2025-05-29T15:30:58","guid":{"rendered":"https:\/\/www.rri.ro\/?p=893433"},"modified":"2025-05-29T19:33:54","modified_gmt":"2025-05-29T16:33:54","slug":"29-05-2025-mise-a-jour","status":"publish","type":"post","link":"https:\/\/www.rri.ro\/fr\/actualites\/le-flash\/29-05-2025-mise-a-jour-id893433.html","title":{"rendered":"29.05.2025 (mise \u00e0 jour)"},"content":{"rendered":"<h3><strong>[mise \u00e0 jour 19:30]<\/strong><\/h3>\n<p><strong>Cour Constitutionnelle<\/strong> &#8211; La Cour constitutionnelle de Roumanie (CCR) a d\u00e9cid\u00e9 ce jeudi que les d\u00e9clarations de patrimoine et d&rsquo;int\u00e9r\u00eats ne devraient plus \u00eatre publi\u00e9es sur le site web de l&rsquo;Agence nationale pour l&rsquo;int\u00e9grit\u00e9 (ANI) ou sur les pages en ligne d&rsquo;autres institutions publiques, et que ces d\u00e9clarations ne devraient plus inclure les revenus et les biens des conjoints et des enfants. Les juges constitutionnels soutiennent qu&rsquo;une d\u00e9claration sous serment ne peut \u00eatre faite qu&rsquo;en son nom propre. Selon la CCR, ces d\u00e9clarations de patrimoine et d&rsquo;int\u00e9r\u00eats ne peuvent plus \u00eatre publi\u00e9es car elles violent \u00ab le droit \u00e0 la vie priv\u00e9e \u00bb. La d\u00e9cision de la CCR pourrait violer tous les engagements internationaux pris par la Roumanie au cours des 20 derni\u00e8res ann\u00e9es et pourrait affecter le processus d&rsquo;adh\u00e9sion \u00e0 l&rsquo;OCDE, selon l&rsquo;ANI. Le portail de l&rsquo;ANI compte plus de 12 millions de d\u00e9clarations publi\u00e9es en vertu de la loi 176\/2010.<\/p>\n<p>&nbsp;<\/p>\n<h3><strong>[mise \u00e0 jour 18:30]<\/strong><\/h3>\n<p>&nbsp;<\/p>\n<p><strong>Budget<\/strong> \u2013 Ce jeudi, \u00e0 Bucarest, les discussions au niveau des experts des partis parlementaires pro-europ\u00e9ens ont commenc\u00e9 afin d&rsquo;esquisser un plan de r\u00e9duction du d\u00e9ficit budg\u00e9taire du pays. La d\u00e9cision de cr\u00e9er ce groupe a \u00e9t\u00e9 prise mercredi lors des consultations marathon que le nouveau pr\u00e9sident, Nicu\u0219or Dan, a men\u00e9es avec les partis repr\u00e9sent\u00e9s au parlement en vue de la formation d&rsquo;un nouveau gouvernement. Le chef de l&rsquo;\u00c9tat a d\u00e9clar\u00e9 que la meilleure solution pour le pays serait un gouvernement dirig\u00e9 par un leader politique, et non par un premier ministre technocrate. Il a ajout\u00e9 que les discussions sur la formule de gouvernement se poursuivront parall\u00e8lement \u00e0 celles visant \u00e0 \u00e9tablir un plan de r\u00e9duction du d\u00e9ficit budg\u00e9taire. Nicu\u0219or Dan a \u00e9galement d\u00e9clar\u00e9 que les quatre partis pro-europ\u00e9ens se sont mis d&rsquo;accord sur la question de la r\u00e9duction des d\u00e9penses de l&rsquo;\u00c9tat.<\/p>\n<p>&nbsp;<\/p>\n<p><strong>\u00a0<\/strong><\/p>\n<p><strong>Innondations<\/strong> &#8211; Le pr\u00e9sident roumain Nicu\u0219or Dan a appel\u00e9 les autorit\u00e9s \u00e0 intervenir rapidement en cas de besoin, \u00e0 mobiliser toutes les ressources n\u00e9cessaires et \u00e0 prendre des mesures urgentes pour sauver des vies et prot\u00e9ger les biens dans les zones \u00e0 risque d&rsquo;inondation. Il a soulign\u00e9 qu&rsquo;il \u00e9tait vital pour la Roumanie d&rsquo;investir dans des syst\u00e8mes d&rsquo;alerte pr\u00e9coce, dans des infrastructures r\u00e9silientes adapt\u00e9es aux nouveaux risques climatiques et dans la formation des autorit\u00e9s locales afin qu&rsquo;elles soient en mesure de r\u00e9pondre efficacement aux situations d&rsquo;urgence. Pr\u00e8s de 70 localit\u00e9s dans 16 comt\u00e9s de Roumanie ont \u00e9t\u00e9 touch\u00e9es par les r\u00e9centes pluies diluviennes. Selon les autorit\u00e9s, dans les r\u00e9gions du sud, de l&rsquo;est et du centre, les autorit\u00e9s sont intervenues pour \u00e9vacuer l&rsquo;eau des maisons, des cours et des sous-sols, ainsi que pour d\u00e9gager les arbres tomb\u00e9s. Afin de prot\u00e9ger la population, les autorit\u00e9s locales ont ordonn\u00e9 l&rsquo;\u00e9vacuation pr\u00e9ventive d&rsquo;environ 375 personnes dans quatre comt\u00e9s. La circulation routi\u00e8re a \u00e9t\u00e9 restreinte sur certaines routes nationales et d\u00e9partementales. Le trafic ferroviaire a \u00e9galement \u00e9t\u00e9 affect\u00e9 sur une ligne de chemin de fer dans la zone montagneuse du sud.<\/p>\n<p>&nbsp;<\/p>\n<p>&nbsp;<\/p>\n<p><strong>Championnat d\u2019Europe de gymnastique<\/strong> &#8211; La Roumaine Ana B\u0103rbosu a remport\u00e9 la m\u00e9daille de bronze du concours g\u00e9n\u00e9ral individuel jeudi aux Championnats d&rsquo;Europe de gymnastique artistique \u00e0 Leipzig (Allemagne). La m\u00e9daille d&rsquo;or est revenue \u00e0 l&rsquo;Italienne Manila Esposito et l&rsquo;argent \u00e0 l&rsquo;Espagnole Alba Petisco. Une autre Roumaine, Denisa Golgot\u0103, qui a r\u00e9cemment repris la comp\u00e9tition apr\u00e8s une longue pause, s&rsquo;est class\u00e9e septi\u00e8me. A Leipzig, Ana B\u0103rbosu participera \u00e9galement aux finales par engin au sol et \u00e0 la poutre, et Denisa Golgot\u0103 \u00e0 la poutre.<\/p>\n<p>&nbsp;<\/p>\n<p>&nbsp;<\/p>\n<p><strong>Foot<\/strong> \u2013 L&rsquo;\u00e9quipe roumaine Espoirs de football se rendait ce jeudi en Autriche, \u00e0 Bad Loipersdorf, pour un stage d&rsquo;entra\u00eenement jusqu&rsquo;au 9 juin. Le 4 juin, l&rsquo;\u00e9quipe disputera un match amical contre la G\u00e9orgie, qualifi\u00e9e comme la Roumanie au Championnat d&rsquo;Europe en Slovaquie. Le s\u00e9lectionneur Daniel Pancu a annonc\u00e9 une liste pr\u00e9liminaire de 26 joueurs, dont 9 \u00e9trangers et 17 inscrits dans des clubs roumains. La liste des 23 joueurs qui participeront \u00e0 la phase finale sera \u00e9galement d\u00e9voil\u00e9e le 4 juin. Pour l&rsquo;\u00e9quipe Espoirs nationale, il s&rsquo;agit de la quatri\u00e8me participation cons\u00e9cutive \u00e0 une phase finale. Les Roumains affronteront l&rsquo;Italie \u00e0 Trnava le 11 juin, l&rsquo;Espagne le 14 juin et la Slovaquie le 17 juin \u00e0 Bratislava dans le cadre du Championnat d&rsquo;Europe des jeunes Espoirs qui se d\u00e9roulera du 11 au 28 juin.<\/p>\n<p>&nbsp;<\/p>\n<p>&nbsp;<\/p>\n<p><strong>M\u00e9t\u00e9o<\/strong> &#8211; En Roumanie, les temp\u00e9ratures seront l\u00e9g\u00e8rement en dessous des normales saisonni\u00e8res. Le ciel restera couvert dans la moiti\u00e9 sud du pays ainsi que sur les reliefs, o\u00f9 des orges sont attendus. Ailleurs, le temps restera plus cl\u00e9ment, avec un ciel variable et une instabilit\u00e9 limit\u00e9e \u00e0 quelques zones isol\u00e9es. Le vent se renforcera particuli\u00e8rement dans l\u2019est du pays, o\u00f9 des rafales de 50 \u00e0 60 km\/h sont attendues. Les temp\u00e9ratures maximales oscilleront entre 16 et 25 degr\u00e9s. 22 degr\u00e9s et un ciel variable aujourd\u2019hui \u00e0 Bucarest.<\/p>\n","protected":false},"excerpt":{"rendered":"<p>[mise \u00e0 jour 19:30] Cour Constitutionnelle &#8211; La Cour constitutionnelle de Roumanie (CCR) a d\u00e9cid\u00e9 ce jeudi que les d\u00e9clarations de patrimoine et d&rsquo;int\u00e9r\u00eats ne devraient plus \u00eatre publi\u00e9es sur le site web de l&rsquo;Agence nationale pour l&rsquo;int\u00e9grit\u00e9 (ANI) ou sur les pages en ligne d&rsquo;autres institutions publiques, et que ces d\u00e9clarations ne devraient plus [&hellip;]<\/p>\n","protected":false},"author":113,"featured_media":723357,"comment_status":"closed","ping_status":"closed","sticky":false,"template":"","format":"standard","meta":{"_acf_changed":false,"footnotes":""},"categories":[89002],"tags":[86797,148455,89595,89545,85567,85412],"coauthors":[116091],"class_list":["post-893433","post","type-post","status-publish","format-standard","has-post-thumbnail","hentry","category-le-flash","tag-championnat","tag-football-fr","tag-gymnastique","tag-inondations","tag-politique","tag-roumanie"],"acf":[],"yoast_head":"<!-- This site is optimized with the Yoast SEO plugin v27.3 - https:\/\/yoast.com\/product\/yoast-seo-wordpress\/ -->\n<title>29.05.2025 (mise \u00e0 jour) - Radio Roumanie Internationale<\/title>\n<meta name=\"robots\" content=\"index, follow, max-snippet:-1, max-image-preview:large, max-video-preview:-1\" \/>\n<link rel=\"canonical\" href=\"https:\/\/www.rri.ro\/fr\/actualites\/le-flash\/29-05-2025-mise-a-jour-id893433.html\" \/>\n<meta property=\"og:locale\" content=\"fr_FR\" \/>\n<meta property=\"og:type\" content=\"article\" \/>\n<meta property=\"og:title\" content=\"29.05.2025 (mise \u00e0 jour) - Radio Roumanie Internationale\" \/>\n<meta property=\"og:description\" content=\"[mise \u00e0 jour 19:30] Cour Constitutionnelle &#8211; La Cour constitutionnelle de Roumanie (CCR) a d\u00e9cid\u00e9 ce jeudi que les d\u00e9clarations de patrimoine et d&rsquo;int\u00e9r\u00eats ne devraient plus \u00eatre publi\u00e9es sur le site web de l&rsquo;Agence nationale pour l&rsquo;int\u00e9grit\u00e9 (ANI) ou sur les pages en ligne d&rsquo;autres institutions publiques, et que ces d\u00e9clarations ne devraient plus [&hellip;]\" \/>\n<meta property=\"og:url\" content=\"https:\/\/www.rri.ro\/fr\/actualites\/le-flash\/29-05-2025-mise-a-jour-id893433.html\" \/>\n<meta property=\"og:site_name\" content=\"Radio Roumanie Internationale\" \/>\n<meta property=\"article:published_time\" content=\"2025-05-29T15:30:58+00:00\" \/>\n<meta property=\"article:modified_time\" content=\"2025-05-29T16:33:54+00:00\" \/>\n<meta property=\"og:image\" content=\"https:\/\/www.rri.ro\/wp-content\/uploads\/2024\/03\/RRI-960x540-Le-flash-2-NOU.jpg\" \/>\n\t<meta property=\"og:image:width\" content=\"960\" \/>\n\t<meta property=\"og:image:height\" content=\"540\" \/>\n\t<meta property=\"og:image:type\" content=\"image\/jpeg\" \/>\n<meta name=\"author\" content=\"Newsroom\" \/>\n<meta name=\"twitter:card\" content=\"summary_large_image\" \/>\n<meta name=\"twitter:label1\" content=\"\u00c9crit par\" \/>\n\t<meta name=\"twitter:data1\" content=\"Newsroom\" \/>\n\t<meta name=\"twitter:label2\" content=\"Dur\u00e9e de lecture estim\u00e9e\" \/>\n\t<meta name=\"twitter:data2\" content=\"4 minutes\" \/>\n\t<meta name=\"twitter:label3\" content=\"Written by\" \/>\n\t<meta name=\"twitter:data3\" content=\"Newsroom\" \/>\n<script type=\"application\/ld+json\" class=\"yoast-schema-graph\">{\"@context\":\"https:\\\/\\\/schema.org\",\"@graph\":[{\"@type\":\"Article\",\"@id\":\"https:\\\/\\\/www.rri.ro\\\/fr\\\/actualites\\\/le-flash\\\/29-05-2025-mise-a-jour-id893433.html#article\",\"isPartOf\":{\"@id\":\"https:\\\/\\\/www.rri.ro\\\/fr\\\/actualites\\\/le-flash\\\/29-05-2025-mise-a-jour-id893433.html\"},\"author\":{\"name\":\"Newsroom\",\"@id\":\"https:\\\/\\\/www.rri.ro\\\/#\\\/schema\\\/person\\\/4a479940371b9fdefd194f561e8a7f88\"},\"headline\":\"29.05.2025 (mise \u00e0 jour)\",\"datePublished\":\"2025-05-29T15:30:58+00:00\",\"dateModified\":\"2025-05-29T16:33:54+00:00\",\"mainEntityOfPage\":{\"@id\":\"https:\\\/\\\/www.rri.ro\\\/fr\\\/actualites\\\/le-flash\\\/29-05-2025-mise-a-jour-id893433.html\"},\"wordCount\":902,\"image\":{\"@id\":\"https:\\\/\\\/www.rri.ro\\\/fr\\\/actualites\\\/le-flash\\\/29-05-2025-mise-a-jour-id893433.html#primaryimage\"},\"thumbnailUrl\":\"https:\\\/\\\/www.rri.ro\\\/wp-content\\\/uploads\\\/2024\\\/03\\\/RRI-960x540-Le-flash-2-NOU.jpg\",\"keywords\":[\"championnat\",\"football\",\"gymnastique\",\"inondations\",\"politique\",\"Roumanie\"],\"articleSection\":[\"Le flash\"],\"inLanguage\":\"fr-FR\"},{\"@type\":\"WebPage\",\"@id\":\"https:\\\/\\\/www.rri.ro\\\/fr\\\/actualites\\\/le-flash\\\/29-05-2025-mise-a-jour-id893433.html\",\"url\":\"https:\\\/\\\/www.rri.ro\\\/fr\\\/actualites\\\/le-flash\\\/29-05-2025-mise-a-jour-id893433.html\",\"name\":\"29.05.2025 (mise \u00e0 jour) - Radio Roumanie Internationale\",\"isPartOf\":{\"@id\":\"https:\\\/\\\/www.rri.ro\\\/#website\"},\"primaryImageOfPage\":{\"@id\":\"https:\\\/\\\/www.rri.ro\\\/fr\\\/actualites\\\/le-flash\\\/29-05-2025-mise-a-jour-id893433.html#primaryimage\"},\"image\":{\"@id\":\"https:\\\/\\\/www.rri.ro\\\/fr\\\/actualites\\\/le-flash\\\/29-05-2025-mise-a-jour-id893433.html#primaryimage\"},\"thumbnailUrl\":\"https:\\\/\\\/www.rri.ro\\\/wp-content\\\/uploads\\\/2024\\\/03\\\/RRI-960x540-Le-flash-2-NOU.jpg\",\"datePublished\":\"2025-05-29T15:30:58+00:00\",\"dateModified\":\"2025-05-29T16:33:54+00:00\",\"author\":{\"@id\":\"https:\\\/\\\/www.rri.ro\\\/#\\\/schema\\\/person\\\/4a479940371b9fdefd194f561e8a7f88\"},\"breadcrumb\":{\"@id\":\"https:\\\/\\\/www.rri.ro\\\/fr\\\/actualites\\\/le-flash\\\/29-05-2025-mise-a-jour-id893433.html#breadcrumb\"},\"inLanguage\":\"fr-FR\",\"potentialAction\":[{\"@type\":\"ReadAction\",\"target\":[\"https:\\\/\\\/www.rri.ro\\\/fr\\\/actualites\\\/le-flash\\\/29-05-2025-mise-a-jour-id893433.html\"]}]},{\"@type\":\"ImageObject\",\"inLanguage\":\"fr-FR\",\"@id\":\"https:\\\/\\\/www.rri.ro\\\/fr\\\/actualites\\\/le-flash\\\/29-05-2025-mise-a-jour-id893433.html#primaryimage\",\"url\":\"https:\\\/\\\/www.rri.ro\\\/wp-content\\\/uploads\\\/2024\\\/03\\\/RRI-960x540-Le-flash-2-NOU.jpg\",\"contentUrl\":\"https:\\\/\\\/www.rri.ro\\\/wp-content\\\/uploads\\\/2024\\\/03\\\/RRI-960x540-Le-flash-2-NOU.jpg\",\"width\":960,\"height\":540},{\"@type\":\"BreadcrumbList\",\"@id\":\"https:\\\/\\\/www.rri.ro\\\/fr\\\/actualites\\\/le-flash\\\/29-05-2025-mise-a-jour-id893433.html#breadcrumb\",\"itemListElement\":[{\"@type\":\"ListItem\",\"position\":1,\"name\":\"Page d'accueil\",\"item\":\"https:\\\/\\\/www.rri.ro\\\/fr\"},{\"@type\":\"ListItem\",\"position\":2,\"name\":\"Actualit\u00e9s\",\"item\":\"https:\\\/\\\/www.rri.ro\\\/fr\\\/actualites\"},{\"@type\":\"ListItem\",\"position\":3,\"name\":\"Le flash\",\"item\":\"https:\\\/\\\/www.rri.ro\\\/fr\\\/actualites\\\/le-flash\"},{\"@type\":\"ListItem\",\"position\":4,\"name\":\"29.05.2025 (mise \u00e0 jour)\"}]},{\"@type\":\"WebSite\",\"@id\":\"https:\\\/\\\/www.rri.ro\\\/#website\",\"url\":\"https:\\\/\\\/www.rri.ro\\\/\",\"name\":\"Radio Roumanie Internationale\",\"description\":\"Totul despre Rom\u00e2nia \u015fi rom\u00e2ni, \u00een 13 limbi\\\/dialecte!\",\"inLanguage\":\"fr-FR\"},{\"@type\":\"Person\",\"@id\":\"https:\\\/\\\/www.rri.ro\\\/#\\\/schema\\\/person\\\/4a479940371b9fdefd194f561e8a7f88\",\"name\":\"Newsroom\",\"url\":\"https:\\\/\\\/www.rri.ro\\\/fr\\\/author\\\/newsroom\"}]}<\/script>\n<!-- \/ Yoast SEO plugin. -->","yoast_head_json":{"title":"29.05.2025 (mise \u00e0 jour) - Radio Roumanie Internationale","robots":{"index":"index","follow":"follow","max-snippet":"max-snippet:-1","max-image-preview":"max-image-preview:large","max-video-preview":"max-video-preview:-1"},"canonical":"https:\/\/www.rri.ro\/fr\/actualites\/le-flash\/29-05-2025-mise-a-jour-id893433.html","og_locale":"fr_FR","og_type":"article","og_title":"29.05.2025 (mise \u00e0 jour) - Radio Roumanie Internationale","og_description":"[mise \u00e0 jour 19:30] Cour Constitutionnelle &#8211; La Cour constitutionnelle de Roumanie (CCR) a d\u00e9cid\u00e9 ce jeudi que les d\u00e9clarations de patrimoine et d&rsquo;int\u00e9r\u00eats ne devraient plus \u00eatre publi\u00e9es sur le site web de l&rsquo;Agence nationale pour l&rsquo;int\u00e9grit\u00e9 (ANI) ou sur les pages en ligne d&rsquo;autres institutions publiques, et que ces d\u00e9clarations ne devraient plus [&hellip;]","og_url":"https:\/\/www.rri.ro\/fr\/actualites\/le-flash\/29-05-2025-mise-a-jour-id893433.html","og_site_name":"Radio Roumanie Internationale","article_published_time":"2025-05-29T15:30:58+00:00","article_modified_time":"2025-05-29T16:33:54+00:00","og_image":[{"width":960,"height":540,"url":"https:\/\/www.rri.ro\/wp-content\/uploads\/2024\/03\/RRI-960x540-Le-flash-2-NOU.jpg","type":"image\/jpeg"}],"author":"Newsroom","twitter_card":"summary_large_image","twitter_misc":{"\u00c9crit par":"Newsroom","Dur\u00e9e de lecture estim\u00e9e":"4 minutes","Written by":"Newsroom"},"schema":{"@context":"https:\/\/schema.org","@graph":[{"@type":"Article","@id":"https:\/\/www.rri.ro\/fr\/actualites\/le-flash\/29-05-2025-mise-a-jour-id893433.html#article","isPartOf":{"@id":"https:\/\/www.rri.ro\/fr\/actualites\/le-flash\/29-05-2025-mise-a-jour-id893433.html"},"author":{"name":"Newsroom","@id":"https:\/\/www.rri.ro\/#\/schema\/person\/4a479940371b9fdefd194f561e8a7f88"},"headline":"29.05.2025 (mise \u00e0 jour)","datePublished":"2025-05-29T15:30:58+00:00","dateModified":"2025-05-29T16:33:54+00:00","mainEntityOfPage":{"@id":"https:\/\/www.rri.ro\/fr\/actualites\/le-flash\/29-05-2025-mise-a-jour-id893433.html"},"wordCount":902,"image":{"@id":"https:\/\/www.rri.ro\/fr\/actualites\/le-flash\/29-05-2025-mise-a-jour-id893433.html#primaryimage"},"thumbnailUrl":"https:\/\/www.rri.ro\/wp-content\/uploads\/2024\/03\/RRI-960x540-Le-flash-2-NOU.jpg","keywords":["championnat","football","gymnastique","inondations","politique","Roumanie"],"articleSection":["Le flash"],"inLanguage":"fr-FR"},{"@type":"WebPage","@id":"https:\/\/www.rri.ro\/fr\/actualites\/le-flash\/29-05-2025-mise-a-jour-id893433.html","url":"https:\/\/www.rri.ro\/fr\/actualites\/le-flash\/29-05-2025-mise-a-jour-id893433.html","name":"29.05.2025 (mise \u00e0 jour) - Radio Roumanie Internationale","isPartOf":{"@id":"https:\/\/www.rri.ro\/#website"},"primaryImageOfPage":{"@id":"https:\/\/www.rri.ro\/fr\/actualites\/le-flash\/29-05-2025-mise-a-jour-id893433.html#primaryimage"},"image":{"@id":"https:\/\/www.rri.ro\/fr\/actualites\/le-flash\/29-05-2025-mise-a-jour-id893433.html#primaryimage"},"thumbnailUrl":"https:\/\/www.rri.ro\/wp-content\/uploads\/2024\/03\/RRI-960x540-Le-flash-2-NOU.jpg","datePublished":"2025-05-29T15:30:58+00:00","dateModified":"2025-05-29T16:33:54+00:00","author":{"@id":"https:\/\/www.rri.ro\/#\/schema\/person\/4a479940371b9fdefd194f561e8a7f88"},"breadcrumb":{"@id":"https:\/\/www.rri.ro\/fr\/actualites\/le-flash\/29-05-2025-mise-a-jour-id893433.html#breadcrumb"},"inLanguage":"fr-FR","potentialAction":[{"@type":"ReadAction","target":["https:\/\/www.rri.ro\/fr\/actualites\/le-flash\/29-05-2025-mise-a-jour-id893433.html"]}]},{"@type":"ImageObject","inLanguage":"fr-FR","@id":"https:\/\/www.rri.ro\/fr\/actualites\/le-flash\/29-05-2025-mise-a-jour-id893433.html#primaryimage","url":"https:\/\/www.rri.ro\/wp-content\/uploads\/2024\/03\/RRI-960x540-Le-flash-2-NOU.jpg","contentUrl":"https:\/\/www.rri.ro\/wp-content\/uploads\/2024\/03\/RRI-960x540-Le-flash-2-NOU.jpg","width":960,"height":540},{"@type":"BreadcrumbList","@id":"https:\/\/www.rri.ro\/fr\/actualites\/le-flash\/29-05-2025-mise-a-jour-id893433.html#breadcrumb","itemListElement":[{"@type":"ListItem","position":1,"name":"Page d'accueil","item":"https:\/\/www.rri.ro\/fr"},{"@type":"ListItem","position":2,"name":"Actualit\u00e9s","item":"https:\/\/www.rri.ro\/fr\/actualites"},{"@type":"ListItem","position":3,"name":"Le flash","item":"https:\/\/www.rri.ro\/fr\/actualites\/le-flash"},{"@type":"ListItem","position":4,"name":"29.05.2025 (mise \u00e0 jour)"}]},{"@type":"WebSite","@id":"https:\/\/www.rri.ro\/#website","url":"https:\/\/www.rri.ro\/","name":"Radio Roumanie Internationale","description":"Totul despre Rom\u00e2nia \u015fi rom\u00e2ni, \u00een 13 limbi\/dialecte!","inLanguage":"fr-FR"},{"@type":"Person","@id":"https:\/\/www.rri.ro\/#\/schema\/person\/4a479940371b9fdefd194f561e8a7f88","name":"Newsroom","url":"https:\/\/www.rri.ro\/fr\/author\/newsroom"}]}},"_links":{"self":[{"href":"https:\/\/www.rri.ro\/fr\/wp-json\/wp\/v2\/posts\/893433","targetHints":{"allow":["GET"]}}],"collection":[{"href":"https:\/\/www.rri.ro\/fr\/wp-json\/wp\/v2\/posts"}],"about":[{"href":"https:\/\/www.rri.ro\/fr\/wp-json\/wp\/v2\/types\/post"}],"author":[{"embeddable":true,"href":"https:\/\/www.rri.ro\/fr\/wp-json\/wp\/v2\/users\/113"}],"replies":[{"embeddable":true,"href":"https:\/\/www.rri.ro\/fr\/wp-json\/wp\/v2\/comments?post=893433"}],"version-history":[{"count":0,"href":"https:\/\/www.rri.ro\/fr\/wp-json\/wp\/v2\/posts\/893433\/revisions"}],"wp:featuredmedia":[{"embeddable":true,"href":"https:\/\/www.rri.ro\/fr\/wp-json\/wp\/v2\/media\/723357"}],"wp:attachment":[{"href":"https:\/\/www.rri.ro\/fr\/wp-json\/wp\/v2\/media?parent=893433"}],"wp:term":[{"taxonomy":"category","embeddable":true,"href":"https:\/\/www.rri.ro\/fr\/wp-json\/wp\/v2\/categories?post=893433"},{"taxonomy":"post_tag","embeddable":true,"href":"https:\/\/www.rri.ro\/fr\/wp-json\/wp\/v2\/tags?post=893433"},{"taxonomy":"author","embeddable":true,"href":"https:\/\/www.rri.ro\/fr\/wp-json\/wp\/v2\/coauthors?post=893433"}],"curies":[{"name":"wp","href":"https:\/\/api.w.org\/{rel}","templated":true}]}}