{"id":896386,"date":"2025-06-06T19:00:22","date_gmt":"2025-06-06T16:00:22","guid":{"rendered":"https:\/\/www.rri.ro\/?p=896386"},"modified":"2025-06-06T19:03:08","modified_gmt":"2025-06-06T16:03:08","slug":"06-06-2025-mise-a-jour","status":"publish","type":"post","link":"https:\/\/www.rri.ro\/fr\/actualites\/le-flash\/06-06-2025-mise-a-jour-id896386.html","title":{"rendered":"06.06.2025 (mise \u00e0 jour)"},"content":{"rendered":"<p><strong>D\u00e9ficit<\/strong> &#8211; D\u00e9battu ces derniers jours \u00e0 Bucarest au sein du groupe de travail pluripartite, le paquet fiscal visant la r\u00e9duction du d\u00e9ficit budg\u00e9taire sera n\u00e9goci\u00e9 au d\u00e9but de la semaine prochaine, par le pr\u00e9sident roumain, Nicusor Dan et les responsables des quatre partis pro-europ\u00e9ens et du groupe des minorit\u00e9s nationales. Les experts du Parti Social-D\u00e9mocrate, du Parti National Lib\u00e9ral, de l\u2019Union Sauvez la Roumanie et de l\u2019Union D\u00e9mocrate Magyare de Roumanie ont examin\u00e9 une longue liste de propositions, mais la d\u00e9cision finale sera annonc\u00e9e lundi, dans la soir\u00e9e, \u00e0 l\u2019issue des n\u00e9gociations men\u00e9es par le chef de l\u2019Etat avec les chefs de file des quatre formations.\u00a0 L\u2019Etat est oblig\u00e9 de trouver 30 milliards de lei afin de r\u00e9duire son d\u00e9ficit \u00e0 7,5 %.<\/p>\n<p>&nbsp;<\/p>\n<p><strong>FMI<\/strong>\u2013 Une \u00e9quipe d&rsquo;experts du Fonds mon\u00e9taire international a publi\u00e9 ce vendredi une s\u00e9rie de recommandations pour r\u00e9former le syst\u00e8me fiscal en Roumanie et transf\u00e9rer la charge fiscale des charges sociales vers l&rsquo;imp\u00f4t sur la consommation et sur le capital. Selon l&rsquo;institution, si elles sont pleinement mises en \u0153uvre, ces propositions pourraient g\u00e9n\u00e9rer des recettes suppl\u00e9mentaires se chiffrant \u00e0 au moins 1,2% du PIB en 2025. En ce qui concerne la fiscalisation du travail, la principale recommandation du FMI est de passer du taux d&rsquo;imposition unique de 10% sur le revenu \u00e0 un syst\u00e8me comprenant deux taux d&rsquo;imposition, de 15% et de 25%, ce dernier devant s&rsquo;appliquer \u00e0 ceux ayant les revenus les plus \u00e9lev\u00e9s. Selon le FMI, l\u2019imp\u00f4t sur les dividendes, distribu\u00e9es aux personnes physiques devrait passer de 8% \u00e0 10%, ce qui entra\u00eenerait une augmentation des recettes.<\/p>\n<p>&nbsp;<\/p>\n<p><strong>PIB<\/strong> &#8211; Le taux du Produit int\u00e9rieur brut de la Roumanie a stagn\u00e9 au premier trimestre de cette ann\u00e9e par rapport au trimestre pr\u00e9c\u00e9dent. Selon les donn\u00e9es provisoires publi\u00e9es vendredi par l&rsquo;Institut national de la statistique, le PIB a augment\u00e9 de 0,3 % par rapport au m\u00eame trimestre de 2024. Les secteurs du BTP, du TIC et des communications, ainsi que celui des transactions immobili\u00e8res ont particuli\u00e8rement contribu\u00e9 \u00e0 la croissance du PIB au premier trimestre de 2025 par rapport au premier trimestre de 2024. En revanche, le secteur industriel a eu quant \u00e0 lui une contribution n\u00e9gative \u00e0 la croissance du PIB.<\/p>\n<p>&nbsp;<\/p>\n<p><strong>Moldavie<\/strong> \u2013 La R\u00e9publique de Moldavie est d\u00e9finitivement inscrite sur la voie de l\u2019adh\u00e9sion \u00e0 l\u2019UE et son avenir est europ\u00e9en. C\u2019est ce qu\u2019a d\u00e9clar\u00e9 vendredi, \u00e0 Chisinau, le commissaire europ\u00e9en charg\u00e9 de la D\u00e9mocratie, de la Justice et de l\u2019Etat de droit, Michael McGrath. Lors d\u2019un point de presse avec la ministre moldave de la Justice, Veronica Mihailov-Moraru, le responsable de Bruxelles a soulign\u00e9 que l\u2019Etat de droit, les droits de l\u2019homme et la lutte contre la corruption sont des principes fondamentaux du parcours europ\u00e9en. Selon Radio Chisinau, lors des pourparlers avec plusieurs responsables moldaves, Michael McGrath a mis en \u00e9vidence les progr\u00e8s que le pays a faits dans la r\u00e9forme de la justice et du parcours europ\u00e9en. Bruxelles continuera \u00e0 offrir son soutien technique et financier \u00e0 Chisinau, a encore ajout\u00e9 le commissaire europ\u00e9en.<\/p>\n<p>&nbsp;<\/p>\n<p><strong>Sant\u00e9<\/strong> \u2013 L\u2019ancienne ministre roumaine de la Sant\u00e9, Sorina Pintea, a \u00e9t\u00e9 condamn\u00e9e d\u00e9finitivement \u00e0 trois ans et demi de prison ferme. La Cour d\u2019Appel de Cluj a rejet\u00e9 son appel \u00e0 la sentence prononc\u00e9e par le Tribunal Bucarest. Mme Pintea a fait l\u2019objet d\u2019un dossier de corruption dans lequel elle \u00e9tait accus\u00e9e d\u2019avoir re\u00e7u 10.000 euros et 120.000 lei de pots-de-vin \u00e0 l\u2019\u00e9poque o\u00f9 elle s\u2019est trouv\u00e9e \u00e0 la t\u00eate de l\u2019H\u00f4pital des Urgences de Baia\u00a0Mare. L\u2019argent, soit un total de 34.000 euros, repr\u00e9sentait 7% de la valeur totale d\u2019un contrat d\u2019achat public sign\u00e9 par l\u2019h\u00f4pital en question.<\/p>\n<p>&nbsp;<\/p>\n<p><strong>Enqu\u00eate<\/strong> &#8211; Le Parquet de Bucarest poursuit l\u2019enqu\u00eate dans le cas des d\u00e9c\u00e8s suspects survenus dans la section d&rsquo;anesth\u00e9sie-r\u00e9animation de l&rsquo;h\u00f4pital Saint-Pant\u00e9limon de la capitale entre mars 2022 et avril 2024. Quatre m\u00e9decins au total sont mis sous accusation dans cette affaire. Selon les repr\u00e9sentants du parquet,\u00a0les quatre ont contribu\u00e9 \u00e0 la mort de plusieurs patients en \u00e9tat grave, en r\u00e9duisant la dose de noradr\u00e9naline administr\u00e9e par un dispositif d\u2019injection automatis\u00e9. Selon le parquet, les suspects auraient pu intervenir \u00e0 tout moment pour sauver la vie des victimes, mais ils ne l&rsquo;ont pas fait.<\/p>\n<p><strong>\u00a0<\/strong><\/p>\n<p><strong>\u00a0<\/strong><strong>Tourisme<\/strong> \u2013 Selon les donn\u00e9es statistiques, la Roumanie figure parmi les pays de l&rsquo;Union europ\u00e9enne les moins visit\u00e9s par les touristes \u00e9trangers au cours du premier trimestre de l&rsquo;ann\u00e9e. Au cours du premier trimestre 2025, l\u2019UE a enregistr\u00e9 452,4 millions de nuit\u00e9es pass\u00e9es en h\u00e9bergement touristique. Cela repr\u00e9sente une l\u00e9g\u00e8re baisse par rapport \u00e0 la m\u00eame p\u00e9riode de 2024. Environ 45,6 % du total des nuit\u00e9es ont \u00e9t\u00e9 repr\u00e9sent\u00e9es par les visiteurs \u00e9trangers. Qui plus est, on constate d\u2019importants \u00e9carts entre les diff\u00e9rents pays europ\u00e9ens. Le nombre le plus \u00e9lev\u00e9 de nuit\u00e9es pass\u00e9es \u00e0 l&rsquo;\u00e9tranger au cours de la p\u00e9riode mentionn\u00e9e a \u00e9t\u00e9 enregistr\u00e9e \u00e0 Malte, \u00e0 Chypre et au Luxembourg.<\/p>\n<p>&nbsp;<\/p>\n<p><strong>Praid<\/strong> \u2013 Les autorit\u00e9s de Roumanie prennent des mesures urgentes pour sauver la mine de sel Praid, o\u00f9 la situation est toujours dramatique, des journ\u00e9es apr\u00e8s les inondations terribles. Le gouvernement roumain a demand\u00e9 l&rsquo;intervention de l&rsquo;UE, en activant le m\u00e9canisme europ\u00e9en de protection civile. Des experts de diff\u00e9rents pays travaillent actuellement sur le terrain pour limiter les d\u00e9g\u00e2ts et pr\u00e9venir tout nouvel affaissement. Dans le m\u00eame temps, un cours d&rsquo;eau proche de la mine a \u00e9t\u00e9 d\u00e9tourn\u00e9 afin d&rsquo;\u00e9viter toute nouvelle infiltration. Selon les autorit\u00e9s, l\u2019utilisation des drones est interdite dans le p\u00e9rim\u00e8tre de la mine de sel \u00e0 l\u2019exception de celles utilis\u00e9es par les autorit\u00e9s.<\/p>\n<p><strong>\u00a0<\/strong><\/p>\n<p><strong>Foot<\/strong> &#8211; L&rsquo;\u00e9quipe nationale roumaine de football rencontre samedi \u00e0 Vienne la s\u00e9lection autrichienne, au tableau du troisi\u00e8me tour des qualifications pour la Coupe du monde 2026. Mardi prochain, les Tricolores roumains affronteront \u00e0 Bucarest l\u2019\u00e9quipe de Chypre. La Bosnie-Herz\u00e9govine est en t\u00eate du classement. L&rsquo;Autriche, consid\u00e9r\u00e9e comme favorite du groupe H, n&rsquo;a pas encore disput\u00e9 de matchs. Elle fera ses d\u00e9buts contre la Roumanie.<\/p>\n<p>&nbsp;<\/p>\n<p><strong>M\u00e9t\u00e9o<\/strong> \u2013 Il fera chaud en Roumanie dans les jours \u00e0 venir, les temp\u00e9ratures se situeront entre 30 et 35 degr\u00e9s et l\u2019indice humidex d\u00e9passera le seuil critique de 80 unit\u00e9s. Le ciel sera variable, plut\u00f4t nuageux en fin d\u2019apr\u00e8s-midi et dans la soir\u00e9e quand des averses de pluie risquent de tomber, notamment sur les sommets et aux pieds des Carpates. Une vigilance jaune \u00e0 la canicule est en vigueur jusqu\u2019\u00e0 dimanche, partout en Roumanie, \u00e0 l\u2019exception de quelques r\u00e9gions du sud, du sud-est et de l\u2019est.<\/p>\n","protected":false},"excerpt":{"rendered":"<p>D\u00e9ficit &#8211; D\u00e9battu ces derniers jours \u00e0 Bucarest au sein du groupe de travail pluripartite, le paquet fiscal visant la r\u00e9duction du d\u00e9ficit budg\u00e9taire sera n\u00e9goci\u00e9 au d\u00e9but de la semaine prochaine, par le pr\u00e9sident roumain, Nicusor Dan et les responsables des quatre partis pro-europ\u00e9ens et du groupe des minorit\u00e9s nationales. Les experts du Parti [&hellip;]<\/p>\n","protected":false},"author":113,"featured_media":723357,"comment_status":"closed","ping_status":"closed","sticky":false,"template":"","format":"standard","meta":{"_acf_changed":false,"footnotes":""},"categories":[89002],"tags":[148510,148455,116088,90078],"coauthors":[116091],"class_list":["post-896386","post","type-post","status-publish","format-standard","has-post-thumbnail","hentry","category-le-flash","tag-deficit-fr","tag-football-fr","tag-pib-fr","tag-pourparlers"],"acf":[],"yoast_head":"<!-- This site is optimized with the Yoast SEO plugin v27.3 - https:\/\/yoast.com\/product\/yoast-seo-wordpress\/ -->\n<title>06.06.2025 (mise \u00e0 jour) - Radio Roumanie Internationale<\/title>\n<meta name=\"robots\" content=\"index, follow, max-snippet:-1, max-image-preview:large, max-video-preview:-1\" \/>\n<link rel=\"canonical\" href=\"https:\/\/www.rri.ro\/fr\/actualites\/le-flash\/06-06-2025-mise-a-jour-id896386.html\" \/>\n<meta property=\"og:locale\" content=\"fr_FR\" \/>\n<meta property=\"og:type\" content=\"article\" \/>\n<meta property=\"og:title\" content=\"06.06.2025 (mise \u00e0 jour) - Radio Roumanie Internationale\" \/>\n<meta property=\"og:description\" content=\"D\u00e9ficit &#8211; D\u00e9battu ces derniers jours \u00e0 Bucarest au sein du groupe de travail pluripartite, le paquet fiscal visant la r\u00e9duction du d\u00e9ficit budg\u00e9taire sera n\u00e9goci\u00e9 au d\u00e9but de la semaine prochaine, par le pr\u00e9sident roumain, Nicusor Dan et les responsables des quatre partis pro-europ\u00e9ens et du groupe des minorit\u00e9s nationales. Les experts du Parti [&hellip;]\" \/>\n<meta property=\"og:url\" content=\"https:\/\/www.rri.ro\/fr\/actualites\/le-flash\/06-06-2025-mise-a-jour-id896386.html\" \/>\n<meta property=\"og:site_name\" content=\"Radio Roumanie Internationale\" \/>\n<meta property=\"article:published_time\" content=\"2025-06-06T16:00:22+00:00\" \/>\n<meta property=\"article:modified_time\" content=\"2025-06-06T16:03:08+00:00\" \/>\n<meta property=\"og:image\" content=\"https:\/\/www.rri.ro\/wp-content\/uploads\/2024\/03\/RRI-960x540-Le-flash-2-NOU.jpg\" \/>\n\t<meta property=\"og:image:width\" content=\"960\" \/>\n\t<meta property=\"og:image:height\" content=\"540\" \/>\n\t<meta property=\"og:image:type\" content=\"image\/jpeg\" \/>\n<meta name=\"author\" content=\"Newsroom\" \/>\n<meta name=\"twitter:card\" content=\"summary_large_image\" \/>\n<meta name=\"twitter:label1\" content=\"\u00c9crit par\" \/>\n\t<meta name=\"twitter:data1\" content=\"Newsroom\" \/>\n\t<meta name=\"twitter:label2\" content=\"Dur\u00e9e de lecture estim\u00e9e\" \/>\n\t<meta name=\"twitter:data2\" content=\"6 minutes\" \/>\n\t<meta name=\"twitter:label3\" content=\"Written by\" \/>\n\t<meta name=\"twitter:data3\" content=\"Newsroom\" \/>\n<script type=\"application\/ld+json\" class=\"yoast-schema-graph\">{\"@context\":\"https:\\\/\\\/schema.org\",\"@graph\":[{\"@type\":\"Article\",\"@id\":\"https:\\\/\\\/www.rri.ro\\\/fr\\\/actualites\\\/le-flash\\\/06-06-2025-mise-a-jour-id896386.html#article\",\"isPartOf\":{\"@id\":\"https:\\\/\\\/www.rri.ro\\\/fr\\\/actualites\\\/le-flash\\\/06-06-2025-mise-a-jour-id896386.html\"},\"author\":{\"name\":\"Newsroom\",\"@id\":\"https:\\\/\\\/www.rri.ro\\\/#\\\/schema\\\/person\\\/4a479940371b9fdefd194f561e8a7f88\"},\"headline\":\"06.06.2025 (mise \u00e0 jour)\",\"datePublished\":\"2025-06-06T16:00:22+00:00\",\"dateModified\":\"2025-06-06T16:03:08+00:00\",\"mainEntityOfPage\":{\"@id\":\"https:\\\/\\\/www.rri.ro\\\/fr\\\/actualites\\\/le-flash\\\/06-06-2025-mise-a-jour-id896386.html\"},\"wordCount\":1202,\"image\":{\"@id\":\"https:\\\/\\\/www.rri.ro\\\/fr\\\/actualites\\\/le-flash\\\/06-06-2025-mise-a-jour-id896386.html#primaryimage\"},\"thumbnailUrl\":\"https:\\\/\\\/www.rri.ro\\\/wp-content\\\/uploads\\\/2024\\\/03\\\/RRI-960x540-Le-flash-2-NOU.jpg\",\"keywords\":[\"deficit\",\"football\",\"PIB\",\"pourparlers\"],\"articleSection\":[\"Le flash\"],\"inLanguage\":\"fr-FR\"},{\"@type\":\"WebPage\",\"@id\":\"https:\\\/\\\/www.rri.ro\\\/fr\\\/actualites\\\/le-flash\\\/06-06-2025-mise-a-jour-id896386.html\",\"url\":\"https:\\\/\\\/www.rri.ro\\\/fr\\\/actualites\\\/le-flash\\\/06-06-2025-mise-a-jour-id896386.html\",\"name\":\"06.06.2025 (mise \u00e0 jour) - Radio Roumanie Internationale\",\"isPartOf\":{\"@id\":\"https:\\\/\\\/www.rri.ro\\\/#website\"},\"primaryImageOfPage\":{\"@id\":\"https:\\\/\\\/www.rri.ro\\\/fr\\\/actualites\\\/le-flash\\\/06-06-2025-mise-a-jour-id896386.html#primaryimage\"},\"image\":{\"@id\":\"https:\\\/\\\/www.rri.ro\\\/fr\\\/actualites\\\/le-flash\\\/06-06-2025-mise-a-jour-id896386.html#primaryimage\"},\"thumbnailUrl\":\"https:\\\/\\\/www.rri.ro\\\/wp-content\\\/uploads\\\/2024\\\/03\\\/RRI-960x540-Le-flash-2-NOU.jpg\",\"datePublished\":\"2025-06-06T16:00:22+00:00\",\"dateModified\":\"2025-06-06T16:03:08+00:00\",\"author\":{\"@id\":\"https:\\\/\\\/www.rri.ro\\\/#\\\/schema\\\/person\\\/4a479940371b9fdefd194f561e8a7f88\"},\"breadcrumb\":{\"@id\":\"https:\\\/\\\/www.rri.ro\\\/fr\\\/actualites\\\/le-flash\\\/06-06-2025-mise-a-jour-id896386.html#breadcrumb\"},\"inLanguage\":\"fr-FR\",\"potentialAction\":[{\"@type\":\"ReadAction\",\"target\":[\"https:\\\/\\\/www.rri.ro\\\/fr\\\/actualites\\\/le-flash\\\/06-06-2025-mise-a-jour-id896386.html\"]}]},{\"@type\":\"ImageObject\",\"inLanguage\":\"fr-FR\",\"@id\":\"https:\\\/\\\/www.rri.ro\\\/fr\\\/actualites\\\/le-flash\\\/06-06-2025-mise-a-jour-id896386.html#primaryimage\",\"url\":\"https:\\\/\\\/www.rri.ro\\\/wp-content\\\/uploads\\\/2024\\\/03\\\/RRI-960x540-Le-flash-2-NOU.jpg\",\"contentUrl\":\"https:\\\/\\\/www.rri.ro\\\/wp-content\\\/uploads\\\/2024\\\/03\\\/RRI-960x540-Le-flash-2-NOU.jpg\",\"width\":960,\"height\":540},{\"@type\":\"BreadcrumbList\",\"@id\":\"https:\\\/\\\/www.rri.ro\\\/fr\\\/actualites\\\/le-flash\\\/06-06-2025-mise-a-jour-id896386.html#breadcrumb\",\"itemListElement\":[{\"@type\":\"ListItem\",\"position\":1,\"name\":\"Page d'accueil\",\"item\":\"https:\\\/\\\/www.rri.ro\\\/fr\"},{\"@type\":\"ListItem\",\"position\":2,\"name\":\"Actualit\u00e9s\",\"item\":\"https:\\\/\\\/www.rri.ro\\\/fr\\\/actualites\"},{\"@type\":\"ListItem\",\"position\":3,\"name\":\"Le flash\",\"item\":\"https:\\\/\\\/www.rri.ro\\\/fr\\\/actualites\\\/le-flash\"},{\"@type\":\"ListItem\",\"position\":4,\"name\":\"06.06.2025 (mise \u00e0 jour)\"}]},{\"@type\":\"WebSite\",\"@id\":\"https:\\\/\\\/www.rri.ro\\\/#website\",\"url\":\"https:\\\/\\\/www.rri.ro\\\/\",\"name\":\"Radio Roumanie Internationale\",\"description\":\"Totul despre Rom\u00e2nia \u015fi rom\u00e2ni, \u00een 13 limbi\\\/dialecte!\",\"inLanguage\":\"fr-FR\"},{\"@type\":\"Person\",\"@id\":\"https:\\\/\\\/www.rri.ro\\\/#\\\/schema\\\/person\\\/4a479940371b9fdefd194f561e8a7f88\",\"name\":\"Newsroom\",\"url\":\"https:\\\/\\\/www.rri.ro\\\/fr\\\/author\\\/newsroom\"}]}<\/script>\n<!-- \/ Yoast SEO plugin. -->","yoast_head_json":{"title":"06.06.2025 (mise \u00e0 jour) - Radio Roumanie Internationale","robots":{"index":"index","follow":"follow","max-snippet":"max-snippet:-1","max-image-preview":"max-image-preview:large","max-video-preview":"max-video-preview:-1"},"canonical":"https:\/\/www.rri.ro\/fr\/actualites\/le-flash\/06-06-2025-mise-a-jour-id896386.html","og_locale":"fr_FR","og_type":"article","og_title":"06.06.2025 (mise \u00e0 jour) - Radio Roumanie Internationale","og_description":"D\u00e9ficit &#8211; D\u00e9battu ces derniers jours \u00e0 Bucarest au sein du groupe de travail pluripartite, le paquet fiscal visant la r\u00e9duction du d\u00e9ficit budg\u00e9taire sera n\u00e9goci\u00e9 au d\u00e9but de la semaine prochaine, par le pr\u00e9sident roumain, Nicusor Dan et les responsables des quatre partis pro-europ\u00e9ens et du groupe des minorit\u00e9s nationales. Les experts du Parti [&hellip;]","og_url":"https:\/\/www.rri.ro\/fr\/actualites\/le-flash\/06-06-2025-mise-a-jour-id896386.html","og_site_name":"Radio Roumanie Internationale","article_published_time":"2025-06-06T16:00:22+00:00","article_modified_time":"2025-06-06T16:03:08+00:00","og_image":[{"width":960,"height":540,"url":"https:\/\/www.rri.ro\/wp-content\/uploads\/2024\/03\/RRI-960x540-Le-flash-2-NOU.jpg","type":"image\/jpeg"}],"author":"Newsroom","twitter_card":"summary_large_image","twitter_misc":{"\u00c9crit par":"Newsroom","Dur\u00e9e de lecture estim\u00e9e":"6 minutes","Written by":"Newsroom"},"schema":{"@context":"https:\/\/schema.org","@graph":[{"@type":"Article","@id":"https:\/\/www.rri.ro\/fr\/actualites\/le-flash\/06-06-2025-mise-a-jour-id896386.html#article","isPartOf":{"@id":"https:\/\/www.rri.ro\/fr\/actualites\/le-flash\/06-06-2025-mise-a-jour-id896386.html"},"author":{"name":"Newsroom","@id":"https:\/\/www.rri.ro\/#\/schema\/person\/4a479940371b9fdefd194f561e8a7f88"},"headline":"06.06.2025 (mise \u00e0 jour)","datePublished":"2025-06-06T16:00:22+00:00","dateModified":"2025-06-06T16:03:08+00:00","mainEntityOfPage":{"@id":"https:\/\/www.rri.ro\/fr\/actualites\/le-flash\/06-06-2025-mise-a-jour-id896386.html"},"wordCount":1202,"image":{"@id":"https:\/\/www.rri.ro\/fr\/actualites\/le-flash\/06-06-2025-mise-a-jour-id896386.html#primaryimage"},"thumbnailUrl":"https:\/\/www.rri.ro\/wp-content\/uploads\/2024\/03\/RRI-960x540-Le-flash-2-NOU.jpg","keywords":["deficit","football","PIB","pourparlers"],"articleSection":["Le flash"],"inLanguage":"fr-FR"},{"@type":"WebPage","@id":"https:\/\/www.rri.ro\/fr\/actualites\/le-flash\/06-06-2025-mise-a-jour-id896386.html","url":"https:\/\/www.rri.ro\/fr\/actualites\/le-flash\/06-06-2025-mise-a-jour-id896386.html","name":"06.06.2025 (mise \u00e0 jour) - Radio Roumanie Internationale","isPartOf":{"@id":"https:\/\/www.rri.ro\/#website"},"primaryImageOfPage":{"@id":"https:\/\/www.rri.ro\/fr\/actualites\/le-flash\/06-06-2025-mise-a-jour-id896386.html#primaryimage"},"image":{"@id":"https:\/\/www.rri.ro\/fr\/actualites\/le-flash\/06-06-2025-mise-a-jour-id896386.html#primaryimage"},"thumbnailUrl":"https:\/\/www.rri.ro\/wp-content\/uploads\/2024\/03\/RRI-960x540-Le-flash-2-NOU.jpg","datePublished":"2025-06-06T16:00:22+00:00","dateModified":"2025-06-06T16:03:08+00:00","author":{"@id":"https:\/\/www.rri.ro\/#\/schema\/person\/4a479940371b9fdefd194f561e8a7f88"},"breadcrumb":{"@id":"https:\/\/www.rri.ro\/fr\/actualites\/le-flash\/06-06-2025-mise-a-jour-id896386.html#breadcrumb"},"inLanguage":"fr-FR","potentialAction":[{"@type":"ReadAction","target":["https:\/\/www.rri.ro\/fr\/actualites\/le-flash\/06-06-2025-mise-a-jour-id896386.html"]}]},{"@type":"ImageObject","inLanguage":"fr-FR","@id":"https:\/\/www.rri.ro\/fr\/actualites\/le-flash\/06-06-2025-mise-a-jour-id896386.html#primaryimage","url":"https:\/\/www.rri.ro\/wp-content\/uploads\/2024\/03\/RRI-960x540-Le-flash-2-NOU.jpg","contentUrl":"https:\/\/www.rri.ro\/wp-content\/uploads\/2024\/03\/RRI-960x540-Le-flash-2-NOU.jpg","width":960,"height":540},{"@type":"BreadcrumbList","@id":"https:\/\/www.rri.ro\/fr\/actualites\/le-flash\/06-06-2025-mise-a-jour-id896386.html#breadcrumb","itemListElement":[{"@type":"ListItem","position":1,"name":"Page d'accueil","item":"https:\/\/www.rri.ro\/fr"},{"@type":"ListItem","position":2,"name":"Actualit\u00e9s","item":"https:\/\/www.rri.ro\/fr\/actualites"},{"@type":"ListItem","position":3,"name":"Le flash","item":"https:\/\/www.rri.ro\/fr\/actualites\/le-flash"},{"@type":"ListItem","position":4,"name":"06.06.2025 (mise \u00e0 jour)"}]},{"@type":"WebSite","@id":"https:\/\/www.rri.ro\/#website","url":"https:\/\/www.rri.ro\/","name":"Radio Roumanie Internationale","description":"Totul despre Rom\u00e2nia \u015fi rom\u00e2ni, \u00een 13 limbi\/dialecte!","inLanguage":"fr-FR"},{"@type":"Person","@id":"https:\/\/www.rri.ro\/#\/schema\/person\/4a479940371b9fdefd194f561e8a7f88","name":"Newsroom","url":"https:\/\/www.rri.ro\/fr\/author\/newsroom"}]}},"_links":{"self":[{"href":"https:\/\/www.rri.ro\/fr\/wp-json\/wp\/v2\/posts\/896386","targetHints":{"allow":["GET"]}}],"collection":[{"href":"https:\/\/www.rri.ro\/fr\/wp-json\/wp\/v2\/posts"}],"about":[{"href":"https:\/\/www.rri.ro\/fr\/wp-json\/wp\/v2\/types\/post"}],"author":[{"embeddable":true,"href":"https:\/\/www.rri.ro\/fr\/wp-json\/wp\/v2\/users\/113"}],"replies":[{"embeddable":true,"href":"https:\/\/www.rri.ro\/fr\/wp-json\/wp\/v2\/comments?post=896386"}],"version-history":[{"count":0,"href":"https:\/\/www.rri.ro\/fr\/wp-json\/wp\/v2\/posts\/896386\/revisions"}],"wp:featuredmedia":[{"embeddable":true,"href":"https:\/\/www.rri.ro\/fr\/wp-json\/wp\/v2\/media\/723357"}],"wp:attachment":[{"href":"https:\/\/www.rri.ro\/fr\/wp-json\/wp\/v2\/media?parent=896386"}],"wp:term":[{"taxonomy":"category","embeddable":true,"href":"https:\/\/www.rri.ro\/fr\/wp-json\/wp\/v2\/categories?post=896386"},{"taxonomy":"post_tag","embeddable":true,"href":"https:\/\/www.rri.ro\/fr\/wp-json\/wp\/v2\/tags?post=896386"},{"taxonomy":"author","embeddable":true,"href":"https:\/\/www.rri.ro\/fr\/wp-json\/wp\/v2\/coauthors?post=896386"}],"curies":[{"name":"wp","href":"https:\/\/api.w.org\/{rel}","templated":true}]}}