{"id":896850,"date":"2025-06-09T12:40:56","date_gmt":"2025-06-09T09:40:56","guid":{"rendered":"https:\/\/www.rri.ro\/?p=896850"},"modified":"2025-06-09T12:52:51","modified_gmt":"2025-06-09T09:52:51","slug":"09-06-2025","status":"publish","type":"post","link":"https:\/\/www.rri.ro\/fr\/actualites\/le-flash\/09-06-2025-id896850.html","title":{"rendered":"09.06.2025"},"content":{"rendered":"<p><strong>Gouvernement<\/strong> &#8211; Le pr\u00e9sident roumain Nicu\u0219or Dan, s&rsquo;entretient ce lundi avec les leaders des partis pro-europ\u00e9ens qui formeront la future coalition gouvernementale, le Parti Social-D\u00e9mocrate (PSD), le Parti National Lib\u00e9ral (PNL), l\u2019Union Sauvez la Roumanie (USR) et L\u2019Union d\u00e9mocrate-magyare de Roumanie (UDMR), afin de se mettre d&rsquo;accord sur les mesures \u00e9conomiques n\u00e9cessaires \u00e0 la r\u00e9duction du d\u00e9ficit budg\u00e9taire. Une \u00e9bauche de ces mesures est attendue en fin de journ\u00e9e, mais pas la version finale, selon le chef de l&rsquo;Etat. Parmi les mesures envisag\u00e9es par les experts du groupe technique figurent l&rsquo;augmentation des imp\u00f4ts, la r\u00e9organisation des entreprises publiques par la r\u00e9duction des primes et les fusions, ainsi que la lutte efficace contre l&rsquo;\u00e9vasion fiscale. D&rsquo;autre part, M. Dan s&rsquo;est montr\u00e9 optimiste sur le fait que la Roumanie aura un gouvernement asserment\u00e9 dans 10 jours. Le pr\u00e9sident a d\u00e9clar\u00e9 qu&rsquo;il pourrait m\u00eame annoncer le nom du prochain premier ministre d&rsquo;ici la fin de la semaine. Le mandat du premier ministre int\u00e9rimaire, le lib\u00e9ral C\u0103t\u0103lin Predoiu, expire le 20 juin.<\/p>\n<p>&nbsp;<\/p>\n<p><strong>R\u00e9publique de Moldova<\/strong>\u00a0 &#8211; Le pr\u00e9sident roumain Nicu\u0219or Dan se rendra mardi en visite officielle en R\u00e9publique de Moldova voisine, o\u00f9 il rencontrera les dirigeants de l&rsquo;administration pro-occidentale de Chisinau : la pr\u00e9sidente Maia Sandu, le pr\u00e9sident du Parlement Igor Grosu et le premier ministre Dorin Recean. Le programme de la visite pr\u00e9voit \u00e9galement une rencontre avec des \u00e9tudiants laur\u00e9ats des olympiades moldaves. Mardi \u00e9galement, avant sa visite \u00e0 Chisinau, le chef de l&rsquo;\u00c9tat se rendra avec le roi Felipe d&rsquo;Espagne au centre d&rsquo;entra\u00eenement conjoint de Cincu, dans le d\u00e9partement de Brasov (centre), o\u00f9 des soldats espagnols sont d\u00e9ploy\u00e9s dans le cadre de missions de l&rsquo;OTAN. Mercredi, M. Dan se rendra en Ukraine pour le sommet d&rsquo;Odessa, apr\u00e8s avoir r\u00e9cemment reconfirm\u00e9 le soutien de la Roumanie au pays voisin, envahi par les troupes russes. \u00c0 la fin du mois, le chef d&rsquo;\u00c9tat assistera au sommet de l&rsquo;OTAN \u00e0 La Haye et au Conseil europ\u00e9en \u00e0 Bruxelles.<\/p>\n<p>&nbsp;<\/p>\n<p><strong>Fonds pour l\u2019agriculture<\/strong> &#8211; Le minist\u00e8re roumain de l&rsquo;Agriculture pourrait recevoir pr\u00e8s d&rsquo;un milliard d&rsquo;euros, par tranches, au cours des quatre prochaines ann\u00e9es pour remettre en \u00e9tat les syst\u00e8mes d&rsquo;irrigation. Cette mesure figure dans un projet de loi \u00e0 l&rsquo;ordre du jour de la Chambre des d\u00e9put\u00e9s \u00e0 Bucarest cette semaine. Les d\u00e9put\u00e9s des commissions sp\u00e9cialis\u00e9es analyseront \u00e9galement plusieurs initiatives l\u00e9gislatives sur le trafic et la consommation de drogue. Celles-ci pr\u00e9voient des peines d&#8217;emprisonnement de 2 \u00e0 7 ans pour l&rsquo;importation ou l&rsquo;exportation de drogues \u00e0 haut risque pour la consommation personnelle et des peines r\u00e9duites de moiti\u00e9 pour la distribution de substances psychoactives dans les \u00e9coles ou les lieux fr\u00e9quent\u00e9s par les jeunes dans le cadre d&rsquo;activit\u00e9s \u00e9ducatives. Des r\u00e9unions pl\u00e9ni\u00e8res et de commissions sont \u00e9galement pr\u00e9vues au S\u00e9nat. L&rsquo;une des initiatives \u00e0 l&rsquo;ordre du jour pr\u00e9voit la prolongation automatique de l&rsquo;ordonnance de protection provisoire jusqu&rsquo;\u00e0 une d\u00e9cision de justice dans les cas de violence domestique. Elle pr\u00e9voit \u00e9galement des sanctions plus lourdes pour les r\u00e9cidivistes.<\/p>\n<p><strong>\u00a0<\/strong><\/p>\n<p><strong>Obligations d\u2019Etat<\/strong> &#8211; Cette semaine encore, les Roumains pourront acheter des obligations d&rsquo;\u00c9tat Fidelis \u00e0 des taux d&rsquo;int\u00e9r\u00eat de 7,35 % pour les titres \u00e0 2 ans libell\u00e9s en lei et de 7,95 % pour les \u00e9missions \u00e0 6 ans. Ceux qui peuvent prouver qu&rsquo;ils ont donn\u00e9 du sang b\u00e9n\u00e9ficieront d&rsquo;un taux d&rsquo;int\u00e9r\u00eat plus \u00e9lev\u00e9 de 8,35 % sur les obligations \u00e0 2 ans. En euros, le taux d&rsquo;int\u00e9r\u00eat est de 3,9 % pour l&rsquo;\u00e9ch\u00e9ance \u00e0 2 ans, de 5,6 % pour l&rsquo;\u00e9ch\u00e9ance \u00e0 5 ans et de 6,5 % pour l&rsquo;\u00e9ch\u00e9ance \u00e0 7 ans. Les souscriptions peuvent \u00eatre effectu\u00e9es jusqu&rsquo;au 16 juin et le produit est exon\u00e9r\u00e9 d&rsquo;imp\u00f4t. Les fonds acquis par l&rsquo;\u00c9tat par le biais de ces titres sont utilis\u00e9s pour financer le d\u00e9ficit budg\u00e9taire et refinancer la dette publique.<\/p>\n<p>&nbsp;<\/p>\n<p><strong>Football<\/strong> &#8211; L&rsquo;\u00e9quipe nationale de football de Roumanie affrontera Chypre ce mardi \u00e0 Bucarest dans un nouveau match du groupe H des \u00e9liminatoires de la Coupe du monde 2026. Lors des trois premiers matches, les Roumains ont \u00e9t\u00e9 battus \u00e0 domicile par la Bosnie et \u00e0 l&rsquo;ext\u00e9rieur par l&rsquo;Autriche, et se sont impos\u00e9s \u00e0 Saint-Marin. Les vainqueurs des 12 groupes pr\u00e9liminaires se qualifieront directement pour la Coupe du monde 2026. Les 12 \u00e9quipes class\u00e9es deuxi\u00e8mes dans les groupes et les vainqueurs de groupe les mieux class\u00e9s de l&rsquo;\u00e9dition 2024-25 de la Ligue des nations, qui ne se sont pas qualifi\u00e9es \u00e0 l&rsquo;issue des pr\u00e9liminaires, se battront pour les quatre autres places disponibles dans la zone Europe. La derni\u00e8re participation de la Roumanie \u00e0 une phase finale de Coupe du monde remonte \u00e0 1998, en France.<\/p>\n<p><strong>\u00a0<\/strong><\/p>\n<p><strong>M\u00e9t\u00e9o<\/strong> &#8211; Fortes chaleurs ce lundi en Roumanie o\u00f9 des orages sont attendus. Une alerte jaune est entr\u00e9e en vigueur dans le sud du pays, o\u00f9 de fortes pluies, des orages, et de la gr\u00eale sont annonc\u00e9s. Le sud est \u00e9galement plac\u00e9 sous vigilance jaune \u00e0 la canicule. Les temp\u00e9ratures maximales seront comprises entre 22 et 34 degr\u00e9s Celsius. 31 degr\u00e9s et du soleil aujourd\u2019hui \u00e0 Bucarest<\/p>\n","protected":false},"excerpt":{"rendered":"<p>Gouvernement &#8211; Le pr\u00e9sident roumain Nicu\u0219or Dan, s&rsquo;entretient ce lundi avec les leaders des partis pro-europ\u00e9ens qui formeront la future coalition gouvernementale, le Parti Social-D\u00e9mocrate (PSD), le Parti National Lib\u00e9ral (PNL), l\u2019Union Sauvez la Roumanie (USR) et L\u2019Union d\u00e9mocrate-magyare de Roumanie (UDMR), afin de se mettre d&rsquo;accord sur les mesures \u00e9conomiques n\u00e9cessaires \u00e0 la r\u00e9duction [&hellip;]<\/p>\n","protected":false},"author":113,"featured_media":723357,"comment_status":"closed","ping_status":"closed","sticky":false,"template":"","format":"standard","meta":{"_acf_changed":false,"footnotes":""},"categories":[89002],"tags":[148511,160103,148510,87096,142548,85567,85412,86349],"coauthors":[116091],"class_list":["post-896850","post","type-post","status-publish","format-standard","has-post-thumbnail","hentry","category-le-flash","tag-budget-fr","tag-coalition-fr","tag-deficit-fr","tag-gouvernement","tag-moldova-fr","tag-politique","tag-roumanie","tag-visite"],"acf":[],"yoast_head":"<!-- This site is optimized with the Yoast SEO plugin v27.3 - https:\/\/yoast.com\/product\/yoast-seo-wordpress\/ -->\n<title>09.06.2025 - Radio Roumanie Internationale<\/title>\n<meta name=\"robots\" content=\"index, follow, max-snippet:-1, max-image-preview:large, max-video-preview:-1\" \/>\n<link rel=\"canonical\" href=\"https:\/\/www.rri.ro\/fr\/actualites\/le-flash\/09-06-2025-id896850.html\" \/>\n<meta property=\"og:locale\" content=\"fr_FR\" \/>\n<meta property=\"og:type\" content=\"article\" \/>\n<meta property=\"og:title\" content=\"09.06.2025 - Radio Roumanie Internationale\" \/>\n<meta property=\"og:description\" content=\"Gouvernement &#8211; Le pr\u00e9sident roumain Nicu\u0219or Dan, s&rsquo;entretient ce lundi avec les leaders des partis pro-europ\u00e9ens qui formeront la future coalition gouvernementale, le Parti Social-D\u00e9mocrate (PSD), le Parti National Lib\u00e9ral (PNL), l\u2019Union Sauvez la Roumanie (USR) et L\u2019Union d\u00e9mocrate-magyare de Roumanie (UDMR), afin de se mettre d&rsquo;accord sur les mesures \u00e9conomiques n\u00e9cessaires \u00e0 la r\u00e9duction [&hellip;]\" \/>\n<meta property=\"og:url\" content=\"https:\/\/www.rri.ro\/fr\/actualites\/le-flash\/09-06-2025-id896850.html\" \/>\n<meta property=\"og:site_name\" content=\"Radio Roumanie Internationale\" \/>\n<meta property=\"article:published_time\" content=\"2025-06-09T09:40:56+00:00\" \/>\n<meta property=\"article:modified_time\" content=\"2025-06-09T09:52:51+00:00\" \/>\n<meta property=\"og:image\" content=\"https:\/\/www.rri.ro\/wp-content\/uploads\/2024\/03\/RRI-960x540-Le-flash-2-NOU.jpg\" \/>\n\t<meta property=\"og:image:width\" content=\"960\" \/>\n\t<meta property=\"og:image:height\" content=\"540\" \/>\n\t<meta property=\"og:image:type\" content=\"image\/jpeg\" \/>\n<meta name=\"author\" content=\"Newsroom\" \/>\n<meta name=\"twitter:card\" content=\"summary_large_image\" \/>\n<meta name=\"twitter:label1\" content=\"\u00c9crit par\" \/>\n\t<meta name=\"twitter:data1\" content=\"Newsroom\" \/>\n\t<meta name=\"twitter:label2\" content=\"Dur\u00e9e de lecture estim\u00e9e\" \/>\n\t<meta name=\"twitter:data2\" content=\"4 minutes\" \/>\n\t<meta name=\"twitter:label3\" content=\"Written by\" \/>\n\t<meta name=\"twitter:data3\" content=\"Newsroom\" \/>\n<script type=\"application\/ld+json\" class=\"yoast-schema-graph\">{\"@context\":\"https:\\\/\\\/schema.org\",\"@graph\":[{\"@type\":\"Article\",\"@id\":\"https:\\\/\\\/www.rri.ro\\\/fr\\\/actualites\\\/le-flash\\\/09-06-2025-id896850.html#article\",\"isPartOf\":{\"@id\":\"https:\\\/\\\/www.rri.ro\\\/fr\\\/actualites\\\/le-flash\\\/09-06-2025-id896850.html\"},\"author\":{\"name\":\"Newsroom\",\"@id\":\"https:\\\/\\\/www.rri.ro\\\/#\\\/schema\\\/person\\\/4a479940371b9fdefd194f561e8a7f88\"},\"headline\":\"09.06.2025\",\"datePublished\":\"2025-06-09T09:40:56+00:00\",\"dateModified\":\"2025-06-09T09:52:51+00:00\",\"mainEntityOfPage\":{\"@id\":\"https:\\\/\\\/www.rri.ro\\\/fr\\\/actualites\\\/le-flash\\\/09-06-2025-id896850.html\"},\"wordCount\":918,\"image\":{\"@id\":\"https:\\\/\\\/www.rri.ro\\\/fr\\\/actualites\\\/le-flash\\\/09-06-2025-id896850.html#primaryimage\"},\"thumbnailUrl\":\"https:\\\/\\\/www.rri.ro\\\/wp-content\\\/uploads\\\/2024\\\/03\\\/RRI-960x540-Le-flash-2-NOU.jpg\",\"keywords\":[\"budget\",\"coalition\",\"deficit\",\"gouvernement\",\"Moldova\",\"politique\",\"Roumanie\",\"visite\"],\"articleSection\":[\"Le flash\"],\"inLanguage\":\"fr-FR\"},{\"@type\":\"WebPage\",\"@id\":\"https:\\\/\\\/www.rri.ro\\\/fr\\\/actualites\\\/le-flash\\\/09-06-2025-id896850.html\",\"url\":\"https:\\\/\\\/www.rri.ro\\\/fr\\\/actualites\\\/le-flash\\\/09-06-2025-id896850.html\",\"name\":\"09.06.2025 - Radio Roumanie Internationale\",\"isPartOf\":{\"@id\":\"https:\\\/\\\/www.rri.ro\\\/#website\"},\"primaryImageOfPage\":{\"@id\":\"https:\\\/\\\/www.rri.ro\\\/fr\\\/actualites\\\/le-flash\\\/09-06-2025-id896850.html#primaryimage\"},\"image\":{\"@id\":\"https:\\\/\\\/www.rri.ro\\\/fr\\\/actualites\\\/le-flash\\\/09-06-2025-id896850.html#primaryimage\"},\"thumbnailUrl\":\"https:\\\/\\\/www.rri.ro\\\/wp-content\\\/uploads\\\/2024\\\/03\\\/RRI-960x540-Le-flash-2-NOU.jpg\",\"datePublished\":\"2025-06-09T09:40:56+00:00\",\"dateModified\":\"2025-06-09T09:52:51+00:00\",\"author\":{\"@id\":\"https:\\\/\\\/www.rri.ro\\\/#\\\/schema\\\/person\\\/4a479940371b9fdefd194f561e8a7f88\"},\"breadcrumb\":{\"@id\":\"https:\\\/\\\/www.rri.ro\\\/fr\\\/actualites\\\/le-flash\\\/09-06-2025-id896850.html#breadcrumb\"},\"inLanguage\":\"fr-FR\",\"potentialAction\":[{\"@type\":\"ReadAction\",\"target\":[\"https:\\\/\\\/www.rri.ro\\\/fr\\\/actualites\\\/le-flash\\\/09-06-2025-id896850.html\"]}]},{\"@type\":\"ImageObject\",\"inLanguage\":\"fr-FR\",\"@id\":\"https:\\\/\\\/www.rri.ro\\\/fr\\\/actualites\\\/le-flash\\\/09-06-2025-id896850.html#primaryimage\",\"url\":\"https:\\\/\\\/www.rri.ro\\\/wp-content\\\/uploads\\\/2024\\\/03\\\/RRI-960x540-Le-flash-2-NOU.jpg\",\"contentUrl\":\"https:\\\/\\\/www.rri.ro\\\/wp-content\\\/uploads\\\/2024\\\/03\\\/RRI-960x540-Le-flash-2-NOU.jpg\",\"width\":960,\"height\":540},{\"@type\":\"BreadcrumbList\",\"@id\":\"https:\\\/\\\/www.rri.ro\\\/fr\\\/actualites\\\/le-flash\\\/09-06-2025-id896850.html#breadcrumb\",\"itemListElement\":[{\"@type\":\"ListItem\",\"position\":1,\"name\":\"Page d'accueil\",\"item\":\"https:\\\/\\\/www.rri.ro\\\/fr\"},{\"@type\":\"ListItem\",\"position\":2,\"name\":\"Actualit\u00e9s\",\"item\":\"https:\\\/\\\/www.rri.ro\\\/fr\\\/actualites\"},{\"@type\":\"ListItem\",\"position\":3,\"name\":\"Le flash\",\"item\":\"https:\\\/\\\/www.rri.ro\\\/fr\\\/actualites\\\/le-flash\"},{\"@type\":\"ListItem\",\"position\":4,\"name\":\"09.06.2025\"}]},{\"@type\":\"WebSite\",\"@id\":\"https:\\\/\\\/www.rri.ro\\\/#website\",\"url\":\"https:\\\/\\\/www.rri.ro\\\/\",\"name\":\"Radio Roumanie Internationale\",\"description\":\"Totul despre Rom\u00e2nia \u015fi rom\u00e2ni, \u00een 13 limbi\\\/dialecte!\",\"inLanguage\":\"fr-FR\"},{\"@type\":\"Person\",\"@id\":\"https:\\\/\\\/www.rri.ro\\\/#\\\/schema\\\/person\\\/4a479940371b9fdefd194f561e8a7f88\",\"name\":\"Newsroom\",\"url\":\"https:\\\/\\\/www.rri.ro\\\/fr\\\/author\\\/newsroom\"}]}<\/script>\n<!-- \/ Yoast SEO plugin. -->","yoast_head_json":{"title":"09.06.2025 - Radio Roumanie Internationale","robots":{"index":"index","follow":"follow","max-snippet":"max-snippet:-1","max-image-preview":"max-image-preview:large","max-video-preview":"max-video-preview:-1"},"canonical":"https:\/\/www.rri.ro\/fr\/actualites\/le-flash\/09-06-2025-id896850.html","og_locale":"fr_FR","og_type":"article","og_title":"09.06.2025 - Radio Roumanie Internationale","og_description":"Gouvernement &#8211; Le pr\u00e9sident roumain Nicu\u0219or Dan, s&rsquo;entretient ce lundi avec les leaders des partis pro-europ\u00e9ens qui formeront la future coalition gouvernementale, le Parti Social-D\u00e9mocrate (PSD), le Parti National Lib\u00e9ral (PNL), l\u2019Union Sauvez la Roumanie (USR) et L\u2019Union d\u00e9mocrate-magyare de Roumanie (UDMR), afin de se mettre d&rsquo;accord sur les mesures \u00e9conomiques n\u00e9cessaires \u00e0 la r\u00e9duction [&hellip;]","og_url":"https:\/\/www.rri.ro\/fr\/actualites\/le-flash\/09-06-2025-id896850.html","og_site_name":"Radio Roumanie Internationale","article_published_time":"2025-06-09T09:40:56+00:00","article_modified_time":"2025-06-09T09:52:51+00:00","og_image":[{"width":960,"height":540,"url":"https:\/\/www.rri.ro\/wp-content\/uploads\/2024\/03\/RRI-960x540-Le-flash-2-NOU.jpg","type":"image\/jpeg"}],"author":"Newsroom","twitter_card":"summary_large_image","twitter_misc":{"\u00c9crit par":"Newsroom","Dur\u00e9e de lecture estim\u00e9e":"4 minutes","Written by":"Newsroom"},"schema":{"@context":"https:\/\/schema.org","@graph":[{"@type":"Article","@id":"https:\/\/www.rri.ro\/fr\/actualites\/le-flash\/09-06-2025-id896850.html#article","isPartOf":{"@id":"https:\/\/www.rri.ro\/fr\/actualites\/le-flash\/09-06-2025-id896850.html"},"author":{"name":"Newsroom","@id":"https:\/\/www.rri.ro\/#\/schema\/person\/4a479940371b9fdefd194f561e8a7f88"},"headline":"09.06.2025","datePublished":"2025-06-09T09:40:56+00:00","dateModified":"2025-06-09T09:52:51+00:00","mainEntityOfPage":{"@id":"https:\/\/www.rri.ro\/fr\/actualites\/le-flash\/09-06-2025-id896850.html"},"wordCount":918,"image":{"@id":"https:\/\/www.rri.ro\/fr\/actualites\/le-flash\/09-06-2025-id896850.html#primaryimage"},"thumbnailUrl":"https:\/\/www.rri.ro\/wp-content\/uploads\/2024\/03\/RRI-960x540-Le-flash-2-NOU.jpg","keywords":["budget","coalition","deficit","gouvernement","Moldova","politique","Roumanie","visite"],"articleSection":["Le flash"],"inLanguage":"fr-FR"},{"@type":"WebPage","@id":"https:\/\/www.rri.ro\/fr\/actualites\/le-flash\/09-06-2025-id896850.html","url":"https:\/\/www.rri.ro\/fr\/actualites\/le-flash\/09-06-2025-id896850.html","name":"09.06.2025 - Radio Roumanie Internationale","isPartOf":{"@id":"https:\/\/www.rri.ro\/#website"},"primaryImageOfPage":{"@id":"https:\/\/www.rri.ro\/fr\/actualites\/le-flash\/09-06-2025-id896850.html#primaryimage"},"image":{"@id":"https:\/\/www.rri.ro\/fr\/actualites\/le-flash\/09-06-2025-id896850.html#primaryimage"},"thumbnailUrl":"https:\/\/www.rri.ro\/wp-content\/uploads\/2024\/03\/RRI-960x540-Le-flash-2-NOU.jpg","datePublished":"2025-06-09T09:40:56+00:00","dateModified":"2025-06-09T09:52:51+00:00","author":{"@id":"https:\/\/www.rri.ro\/#\/schema\/person\/4a479940371b9fdefd194f561e8a7f88"},"breadcrumb":{"@id":"https:\/\/www.rri.ro\/fr\/actualites\/le-flash\/09-06-2025-id896850.html#breadcrumb"},"inLanguage":"fr-FR","potentialAction":[{"@type":"ReadAction","target":["https:\/\/www.rri.ro\/fr\/actualites\/le-flash\/09-06-2025-id896850.html"]}]},{"@type":"ImageObject","inLanguage":"fr-FR","@id":"https:\/\/www.rri.ro\/fr\/actualites\/le-flash\/09-06-2025-id896850.html#primaryimage","url":"https:\/\/www.rri.ro\/wp-content\/uploads\/2024\/03\/RRI-960x540-Le-flash-2-NOU.jpg","contentUrl":"https:\/\/www.rri.ro\/wp-content\/uploads\/2024\/03\/RRI-960x540-Le-flash-2-NOU.jpg","width":960,"height":540},{"@type":"BreadcrumbList","@id":"https:\/\/www.rri.ro\/fr\/actualites\/le-flash\/09-06-2025-id896850.html#breadcrumb","itemListElement":[{"@type":"ListItem","position":1,"name":"Page d'accueil","item":"https:\/\/www.rri.ro\/fr"},{"@type":"ListItem","position":2,"name":"Actualit\u00e9s","item":"https:\/\/www.rri.ro\/fr\/actualites"},{"@type":"ListItem","position":3,"name":"Le flash","item":"https:\/\/www.rri.ro\/fr\/actualites\/le-flash"},{"@type":"ListItem","position":4,"name":"09.06.2025"}]},{"@type":"WebSite","@id":"https:\/\/www.rri.ro\/#website","url":"https:\/\/www.rri.ro\/","name":"Radio Roumanie Internationale","description":"Totul despre Rom\u00e2nia \u015fi rom\u00e2ni, \u00een 13 limbi\/dialecte!","inLanguage":"fr-FR"},{"@type":"Person","@id":"https:\/\/www.rri.ro\/#\/schema\/person\/4a479940371b9fdefd194f561e8a7f88","name":"Newsroom","url":"https:\/\/www.rri.ro\/fr\/author\/newsroom"}]}},"_links":{"self":[{"href":"https:\/\/www.rri.ro\/fr\/wp-json\/wp\/v2\/posts\/896850","targetHints":{"allow":["GET"]}}],"collection":[{"href":"https:\/\/www.rri.ro\/fr\/wp-json\/wp\/v2\/posts"}],"about":[{"href":"https:\/\/www.rri.ro\/fr\/wp-json\/wp\/v2\/types\/post"}],"author":[{"embeddable":true,"href":"https:\/\/www.rri.ro\/fr\/wp-json\/wp\/v2\/users\/113"}],"replies":[{"embeddable":true,"href":"https:\/\/www.rri.ro\/fr\/wp-json\/wp\/v2\/comments?post=896850"}],"version-history":[{"count":0,"href":"https:\/\/www.rri.ro\/fr\/wp-json\/wp\/v2\/posts\/896850\/revisions"}],"wp:featuredmedia":[{"embeddable":true,"href":"https:\/\/www.rri.ro\/fr\/wp-json\/wp\/v2\/media\/723357"}],"wp:attachment":[{"href":"https:\/\/www.rri.ro\/fr\/wp-json\/wp\/v2\/media?parent=896850"}],"wp:term":[{"taxonomy":"category","embeddable":true,"href":"https:\/\/www.rri.ro\/fr\/wp-json\/wp\/v2\/categories?post=896850"},{"taxonomy":"post_tag","embeddable":true,"href":"https:\/\/www.rri.ro\/fr\/wp-json\/wp\/v2\/tags?post=896850"},{"taxonomy":"author","embeddable":true,"href":"https:\/\/www.rri.ro\/fr\/wp-json\/wp\/v2\/coauthors?post=896850"}],"curies":[{"name":"wp","href":"https:\/\/api.w.org\/{rel}","templated":true}]}}