{"id":897107,"date":"2025-06-10T11:16:02","date_gmt":"2025-06-10T08:16:02","guid":{"rendered":"https:\/\/www.rri.ro\/?p=897107"},"modified":"2025-06-10T11:16:02","modified_gmt":"2025-06-10T08:16:02","slug":"roumanie-un-avenir-budgetaire-sous-tension","status":"publish","type":"post","link":"https:\/\/www.rri.ro\/fr\/actualites\/les-dossiers-de-lactualite\/roumanie-un-avenir-budgetaire-sous-tension-id897107.html","title":{"rendered":"Roumanie : un avenir budg\u00e9taire sous tension"},"content":{"rendered":"<p><span style=\"font-weight: 400;\">La Roumanie continue de voir son endettement s\u2019aggraver \u00e0 un rythme pr\u00e9occupant. Selon les derni\u00e8res donn\u00e9es publi\u00e9es par le minist\u00e8re des Finances \u00e0 Bucarest, la dette publique \u2013 c\u2019est-\u00e0-dire l\u2019ensemble des engagements des administrations centrales et locales \u2013 a franchi en f\u00e9vrier 2025 la barre des 990 milliards de lei, soit l&rsquo;\u00e9quivalent de 198 milliards d\u2019euros. Ce chiffre marque une hausse notable par rapport aux 964 milliards de lei enregistr\u00e9s en janvier. Rapport\u00e9e au produit int\u00e9rieur brut, la dette a bondi de 54,8 % \u00e0 56,3 % en l\u2019espace d\u2019un mois. Dans le d\u00e9tail, la dette \u00e0 moyen et long terme repr\u00e9sente la part la plus importante, atteignant pr\u00e8s de 913 milliards de lei, contre 889 milliards en janvier. La dette \u00e0 court terme, quant \u00e0 elle, s\u2019est \u00e9galement accrue, passant de 75 \u00e0 78 milliards de lei. Les titres d\u2019\u00c9tat demeurent l\u2019instrument d\u2019endettement principal, cumulant \u00e0 eux seuls plus de 800 milliards de lei, tandis que les emprunts s\u2019\u00e9l\u00e8vent \u00e0 161 milliards. La structure mon\u00e9taire de la dette fait appara\u00eetre une r\u00e9partition diversifi\u00e9e : 470 milliards de lei sont libell\u00e9s en monnaie nationale, 413,5 milliards en euros, et pr\u00e8s de 105 milliards en dollars am\u00e9ricains. L\u2019essentiel de la dette est support\u00e9 par le gouvernement central, dont les obligations se montaient en f\u00e9vrier \u00e0 plus de 966 milliards de lei, contre 940 milliards un mois plus t\u00f4t. Cette dette est majoritairement contract\u00e9e en lei et en euros, et s\u2019inscrit principalement sur le moyen et long terme. Les collectivit\u00e9s locales, de leur c\u00f4t\u00e9, contribuent marginalement \u00e0 l\u2019endettement national, avec une dette l\u00e9g\u00e8rement revue \u00e0 la hausse \u00e0 24,5 milliards de lei. Du point de vue de la provenance des financements, la dette int\u00e9rieure atteint pr\u00e8s de 494 milliards de lei (28 % du PIB), tandis que la dette ext\u00e9rieure s\u2019\u00e9tablit \u00e0 497 milliards, \u00e9galement 28 % du PIB. Dans les deux cas, le gouvernement central concentre l\u2019essentiel des engagements, les administrations locales n\u2019en repr\u00e9sentant qu\u2019une fraction.<\/span><\/p>\n<p>&nbsp;<\/p>\n<h3><b>Une trajectoire alarmante selon Bruxelles<\/b><\/h3>\n<p>&nbsp;<\/p>\n<p><span style=\"font-weight: 400;\">Dans sa derni\u00e8re \u00e9valuation macro\u00e9conomique, la Commission europ\u00e9enne tire la sonnette d\u2019alarme. Elle note que la dette publique de la Roumanie avoisine d\u00e9j\u00e0 les 55 % du PIB et pourrait atteindre 60 % d\u2019ici la fin de l\u2019ann\u00e9e si aucune mesure structurelle n\u2019est prise. Pire encore : le d\u00e9ficit budg\u00e9taire roumain serait, \u00e0 l\u2019heure actuelle, le plus \u00e9lev\u00e9 de l\u2019Union europ\u00e9enne. Selon le rapport de Bruxelles, cette d\u00e9gradation des comptes publics s\u2019explique principalement par l\u2019augmentation constante des d\u00e9penses courantes, notamment en mati\u00e8re de salaires dans la fonction publique et de retraites. Le gouvernement roumain n\u2019a pas su corriger le tir : la r\u00e9forme fiscale promise \u2013 qui devait entrer en vigueur en avril \u2013 a \u00e9t\u00e9 report\u00e9e sine die, faute de consensus politique et de volont\u00e9 ex\u00e9cutive.<\/span><\/p>\n<p>&nbsp;<\/p>\n<h3><b>Vers une discipline budg\u00e9taire renforc\u00e9e ?<\/b><\/h3>\n<p>&nbsp;<\/p>\n<p><span style=\"font-weight: 400;\">Face \u00e0 cette d\u00e9rive, les partis pro-europ\u00e9ens pr\u00e9sents au Parlement roumain tentent actuellement d\u2019\u00e9laborer un programme de redressement budg\u00e9taire. Leurs discussions portent sur un ensemble de mesures visant \u00e0 r\u00e9duire les d\u00e9penses publiques et \u00e0 renforcer l\u2019efficacit\u00e9 de la collecte fiscale. Une d\u00e9marche salu\u00e9e par Bruxelles mais jug\u00e9e fragile par plusieurs observateurs. Certains analystes s\u2019inqui\u00e8tent de l\u2019impossibilit\u00e9 pour le gouvernement de contenir le d\u00e9ficit sans avoir recours \u00e0 des hausses d\u2019imp\u00f4ts, une perspective peu populaire, en particulier aupr\u00e8s des acteurs \u00e9conomiques. Ces derniers redoutent que de nouvelles pressions fiscales viennent freiner la comp\u00e9titivit\u00e9 et les investissements dans un climat d\u00e9j\u00e0 fragilis\u00e9.<\/span><\/p>\n<p>&nbsp;<\/p>\n<h3><b>Entre pressions internationales et marges de man\u0153uvre \u00e9troites<\/b><\/h3>\n<p>&nbsp;<\/p>\n<p><span style=\"font-weight: 400;\">L\u2019\u00e9volution de la dette publique roumaine constitue d\u00e9sormais un test de cr\u00e9dibilit\u00e9 pour l\u2019\u00c9tat, tant sur le plan interne qu\u2019europ\u00e9en. Avec une dette en expansion rapide, un d\u00e9ficit budg\u00e9taire hors norme, et une r\u00e9forme fiscale report\u00e9e, les marges de man\u0153uvre de Bucarest se r\u00e9duisent consid\u00e9rablement. La pression de la Commission europ\u00e9enne, conjugu\u00e9e \u00e0 celle des march\u00e9s, impose un r\u00e9ajustement budg\u00e9taire rigoureux, dans un contexte o\u00f9 les \u00e9quilibres politiques internes restent fragiles. Entre promesses de rationalisation et tentation du court-termisme, le gouvernement devra choisir : soit s\u2019engager dans une strat\u00e9gie de r\u00e9\u00e9quilibrage cr\u00e9dible, m\u00eame au prix de mesures impopulaires, soit risquer de voir s\u2019aggraver la d\u00e9fiance des bailleurs, des investisseurs et de ses partenaires europ\u00e9ens. \u00c0 l\u2019aube d\u2019une ann\u00e9e \u00e9lectorale et face \u00e0 des d\u00e9fis structurels, l\u2019heure des d\u00e9cisions difficiles semble in\u00e9vitable.<\/span><\/p>\n","protected":false},"excerpt":{"rendered":"<p>La Roumanie continue de voir son endettement s\u2019aggraver \u00e0 un rythme pr\u00e9occupant. Selon les derni\u00e8res donn\u00e9es publi\u00e9es par le minist\u00e8re des Finances \u00e0 Bucarest, la dette publique \u2013 c\u2019est-\u00e0-dire l\u2019ensemble des engagements des administrations centrales et locales \u2013 a franchi en f\u00e9vrier 2025 la barre des 990 milliards de lei, soit l&rsquo;\u00e9quivalent de 198 milliards [&hellip;]<\/p>\n","protected":false},"author":110,"featured_media":862820,"comment_status":"closed","ping_status":"closed","sticky":false,"template":"","format":"standard","meta":{"_acf_changed":false,"footnotes":""},"categories":[93377],"tags":[89594,148511,89209,91511,85412,143291],"coauthors":[113257],"class_list":["post-897107","post","type-post","status-publish","format-standard","has-post-thumbnail","hentry","category-les-dossiers-de-lactualite","tag-austerite","tag-budget-fr","tag-dette","tag-impot","tag-roumanie","tag-ue-fr"],"acf":[],"yoast_head":"<!-- This site is optimized with the Yoast SEO plugin v27.3 - https:\/\/yoast.com\/product\/yoast-seo-wordpress\/ -->\n<title>Roumanie : un avenir budg\u00e9taire sous tension - Radio Roumanie Internationale<\/title>\n<meta name=\"robots\" content=\"index, follow, max-snippet:-1, max-image-preview:large, max-video-preview:-1\" \/>\n<link rel=\"canonical\" href=\"https:\/\/www.rri.ro\/fr\/actualites\/les-dossiers-de-lactualite\/roumanie-un-avenir-budgetaire-sous-tension-id897107.html\" \/>\n<meta property=\"og:locale\" content=\"fr_FR\" \/>\n<meta property=\"og:type\" content=\"article\" \/>\n<meta property=\"og:title\" content=\"Roumanie : un avenir budg\u00e9taire sous tension - Radio Roumanie Internationale\" \/>\n<meta property=\"og:description\" content=\"La Roumanie continue de voir son endettement s\u2019aggraver \u00e0 un rythme pr\u00e9occupant. Selon les derni\u00e8res donn\u00e9es publi\u00e9es par le minist\u00e8re des Finances \u00e0 Bucarest, la dette publique \u2013 c\u2019est-\u00e0-dire l\u2019ensemble des engagements des administrations centrales et locales \u2013 a franchi en f\u00e9vrier 2025 la barre des 990 milliards de lei, soit l&rsquo;\u00e9quivalent de 198 milliards [&hellip;]\" \/>\n<meta property=\"og:url\" content=\"https:\/\/www.rri.ro\/fr\/actualites\/les-dossiers-de-lactualite\/roumanie-un-avenir-budgetaire-sous-tension-id897107.html\" \/>\n<meta property=\"og:site_name\" content=\"Radio Roumanie Internationale\" \/>\n<meta property=\"article:published_time\" content=\"2025-06-10T08:16:02+00:00\" \/>\n<meta property=\"og:image\" content=\"https:\/\/www.rri.ro\/wp-content\/uploads\/2025\/02\/finante-grafic-bani-inflatie-foto-Tumisu-pixabay.jpg\" \/>\n\t<meta property=\"og:image:width\" content=\"1280\" \/>\n\t<meta property=\"og:image:height\" content=\"720\" \/>\n\t<meta property=\"og:image:type\" content=\"image\/jpeg\" \/>\n<meta name=\"author\" content=\"\u015etefan Stoica\" \/>\n<meta name=\"twitter:card\" content=\"summary_large_image\" \/>\n<meta name=\"twitter:label1\" content=\"\u00c9crit par\" \/>\n\t<meta name=\"twitter:data1\" content=\"\u015etefan Stoica\" \/>\n\t<meta name=\"twitter:label2\" content=\"Dur\u00e9e de lecture estim\u00e9e\" \/>\n\t<meta name=\"twitter:data2\" content=\"4 minutes\" \/>\n\t<meta name=\"twitter:label3\" content=\"Written by\" \/>\n\t<meta name=\"twitter:data3\" content=\"\u015etefan Stoica\" \/>\n<script type=\"application\/ld+json\" class=\"yoast-schema-graph\">{\"@context\":\"https:\\\/\\\/schema.org\",\"@graph\":[{\"@type\":\"Article\",\"@id\":\"https:\\\/\\\/www.rri.ro\\\/fr\\\/actualites\\\/les-dossiers-de-lactualite\\\/roumanie-un-avenir-budgetaire-sous-tension-id897107.html#article\",\"isPartOf\":{\"@id\":\"https:\\\/\\\/www.rri.ro\\\/fr\\\/actualites\\\/les-dossiers-de-lactualite\\\/roumanie-un-avenir-budgetaire-sous-tension-id897107.html\"},\"author\":{\"name\":\"\u015etefan Stoica\",\"@id\":\"https:\\\/\\\/www.rri.ro\\\/#\\\/schema\\\/person\\\/2d81d5dc94d44190d13245f64551d334\"},\"headline\":\"Roumanie : un avenir budg\u00e9taire sous tension\",\"datePublished\":\"2025-06-10T08:16:02+00:00\",\"mainEntityOfPage\":{\"@id\":\"https:\\\/\\\/www.rri.ro\\\/fr\\\/actualites\\\/les-dossiers-de-lactualite\\\/roumanie-un-avenir-budgetaire-sous-tension-id897107.html\"},\"wordCount\":785,\"image\":{\"@id\":\"https:\\\/\\\/www.rri.ro\\\/fr\\\/actualites\\\/les-dossiers-de-lactualite\\\/roumanie-un-avenir-budgetaire-sous-tension-id897107.html#primaryimage\"},\"thumbnailUrl\":\"https:\\\/\\\/www.rri.ro\\\/wp-content\\\/uploads\\\/2025\\\/02\\\/finante-grafic-bani-inflatie-foto-Tumisu-pixabay.jpg\",\"keywords\":[\"aust\u00e9rit\u00e9\",\"budget\",\"dette\",\"imp\u00f4t\",\"Roumanie\",\"UE\"],\"articleSection\":[\"Les dossiers de l'actualit\u00e9\"],\"inLanguage\":\"fr-FR\"},{\"@type\":\"WebPage\",\"@id\":\"https:\\\/\\\/www.rri.ro\\\/fr\\\/actualites\\\/les-dossiers-de-lactualite\\\/roumanie-un-avenir-budgetaire-sous-tension-id897107.html\",\"url\":\"https:\\\/\\\/www.rri.ro\\\/fr\\\/actualites\\\/les-dossiers-de-lactualite\\\/roumanie-un-avenir-budgetaire-sous-tension-id897107.html\",\"name\":\"Roumanie : un avenir budg\u00e9taire sous tension - Radio Roumanie Internationale\",\"isPartOf\":{\"@id\":\"https:\\\/\\\/www.rri.ro\\\/#website\"},\"primaryImageOfPage\":{\"@id\":\"https:\\\/\\\/www.rri.ro\\\/fr\\\/actualites\\\/les-dossiers-de-lactualite\\\/roumanie-un-avenir-budgetaire-sous-tension-id897107.html#primaryimage\"},\"image\":{\"@id\":\"https:\\\/\\\/www.rri.ro\\\/fr\\\/actualites\\\/les-dossiers-de-lactualite\\\/roumanie-un-avenir-budgetaire-sous-tension-id897107.html#primaryimage\"},\"thumbnailUrl\":\"https:\\\/\\\/www.rri.ro\\\/wp-content\\\/uploads\\\/2025\\\/02\\\/finante-grafic-bani-inflatie-foto-Tumisu-pixabay.jpg\",\"datePublished\":\"2025-06-10T08:16:02+00:00\",\"author\":{\"@id\":\"https:\\\/\\\/www.rri.ro\\\/#\\\/schema\\\/person\\\/2d81d5dc94d44190d13245f64551d334\"},\"breadcrumb\":{\"@id\":\"https:\\\/\\\/www.rri.ro\\\/fr\\\/actualites\\\/les-dossiers-de-lactualite\\\/roumanie-un-avenir-budgetaire-sous-tension-id897107.html#breadcrumb\"},\"inLanguage\":\"fr-FR\",\"potentialAction\":[{\"@type\":\"ReadAction\",\"target\":[\"https:\\\/\\\/www.rri.ro\\\/fr\\\/actualites\\\/les-dossiers-de-lactualite\\\/roumanie-un-avenir-budgetaire-sous-tension-id897107.html\"]}]},{\"@type\":\"ImageObject\",\"inLanguage\":\"fr-FR\",\"@id\":\"https:\\\/\\\/www.rri.ro\\\/fr\\\/actualites\\\/les-dossiers-de-lactualite\\\/roumanie-un-avenir-budgetaire-sous-tension-id897107.html#primaryimage\",\"url\":\"https:\\\/\\\/www.rri.ro\\\/wp-content\\\/uploads\\\/2025\\\/02\\\/finante-grafic-bani-inflatie-foto-Tumisu-pixabay.jpg\",\"contentUrl\":\"https:\\\/\\\/www.rri.ro\\\/wp-content\\\/uploads\\\/2025\\\/02\\\/finante-grafic-bani-inflatie-foto-Tumisu-pixabay.jpg\",\"width\":1280,\"height\":720,\"caption\":\"\u0414\u0435\u0440\u0436\u0430\u0432\u043d\u0438\u0439 \u0431\u043e\u0440\u0433 \u0437\u0440\u043e\u0441\u0442\u0430\u0454\"},{\"@type\":\"BreadcrumbList\",\"@id\":\"https:\\\/\\\/www.rri.ro\\\/fr\\\/actualites\\\/les-dossiers-de-lactualite\\\/roumanie-un-avenir-budgetaire-sous-tension-id897107.html#breadcrumb\",\"itemListElement\":[{\"@type\":\"ListItem\",\"position\":1,\"name\":\"Page d'accueil\",\"item\":\"https:\\\/\\\/www.rri.ro\\\/fr\"},{\"@type\":\"ListItem\",\"position\":2,\"name\":\"Actualit\u00e9s\",\"item\":\"https:\\\/\\\/www.rri.ro\\\/fr\\\/actualites\"},{\"@type\":\"ListItem\",\"position\":3,\"name\":\"Les dossiers de l'actualit\u00e9\",\"item\":\"https:\\\/\\\/www.rri.ro\\\/fr\\\/actualites\\\/les-dossiers-de-lactualite\"},{\"@type\":\"ListItem\",\"position\":4,\"name\":\"Roumanie : un avenir budg\u00e9taire sous tension\"}]},{\"@type\":\"WebSite\",\"@id\":\"https:\\\/\\\/www.rri.ro\\\/#website\",\"url\":\"https:\\\/\\\/www.rri.ro\\\/\",\"name\":\"Radio Roumanie Internationale\",\"description\":\"Totul despre Rom\u00e2nia \u015fi rom\u00e2ni, \u00een 13 limbi\\\/dialecte!\",\"inLanguage\":\"fr-FR\"},{\"@type\":\"Person\",\"@id\":\"https:\\\/\\\/www.rri.ro\\\/#\\\/schema\\\/person\\\/2d81d5dc94d44190d13245f64551d334\",\"name\":\"\u015etefan Stoica\",\"url\":\"https:\\\/\\\/www.rri.ro\\\/fr\\\/author\\\/stefan-stoica\"}]}<\/script>\n<!-- \/ Yoast SEO plugin. -->","yoast_head_json":{"title":"Roumanie : un avenir budg\u00e9taire sous tension - Radio Roumanie Internationale","robots":{"index":"index","follow":"follow","max-snippet":"max-snippet:-1","max-image-preview":"max-image-preview:large","max-video-preview":"max-video-preview:-1"},"canonical":"https:\/\/www.rri.ro\/fr\/actualites\/les-dossiers-de-lactualite\/roumanie-un-avenir-budgetaire-sous-tension-id897107.html","og_locale":"fr_FR","og_type":"article","og_title":"Roumanie : un avenir budg\u00e9taire sous tension - Radio Roumanie Internationale","og_description":"La Roumanie continue de voir son endettement s\u2019aggraver \u00e0 un rythme pr\u00e9occupant. Selon les derni\u00e8res donn\u00e9es publi\u00e9es par le minist\u00e8re des Finances \u00e0 Bucarest, la dette publique \u2013 c\u2019est-\u00e0-dire l\u2019ensemble des engagements des administrations centrales et locales \u2013 a franchi en f\u00e9vrier 2025 la barre des 990 milliards de lei, soit l&rsquo;\u00e9quivalent de 198 milliards [&hellip;]","og_url":"https:\/\/www.rri.ro\/fr\/actualites\/les-dossiers-de-lactualite\/roumanie-un-avenir-budgetaire-sous-tension-id897107.html","og_site_name":"Radio Roumanie Internationale","article_published_time":"2025-06-10T08:16:02+00:00","og_image":[{"width":1280,"height":720,"url":"https:\/\/www.rri.ro\/wp-content\/uploads\/2025\/02\/finante-grafic-bani-inflatie-foto-Tumisu-pixabay.jpg","type":"image\/jpeg"}],"author":"\u015etefan Stoica","twitter_card":"summary_large_image","twitter_misc":{"\u00c9crit par":"\u015etefan Stoica","Dur\u00e9e de lecture estim\u00e9e":"4 minutes","Written by":"\u015etefan Stoica"},"schema":{"@context":"https:\/\/schema.org","@graph":[{"@type":"Article","@id":"https:\/\/www.rri.ro\/fr\/actualites\/les-dossiers-de-lactualite\/roumanie-un-avenir-budgetaire-sous-tension-id897107.html#article","isPartOf":{"@id":"https:\/\/www.rri.ro\/fr\/actualites\/les-dossiers-de-lactualite\/roumanie-un-avenir-budgetaire-sous-tension-id897107.html"},"author":{"name":"\u015etefan Stoica","@id":"https:\/\/www.rri.ro\/#\/schema\/person\/2d81d5dc94d44190d13245f64551d334"},"headline":"Roumanie : un avenir budg\u00e9taire sous tension","datePublished":"2025-06-10T08:16:02+00:00","mainEntityOfPage":{"@id":"https:\/\/www.rri.ro\/fr\/actualites\/les-dossiers-de-lactualite\/roumanie-un-avenir-budgetaire-sous-tension-id897107.html"},"wordCount":785,"image":{"@id":"https:\/\/www.rri.ro\/fr\/actualites\/les-dossiers-de-lactualite\/roumanie-un-avenir-budgetaire-sous-tension-id897107.html#primaryimage"},"thumbnailUrl":"https:\/\/www.rri.ro\/wp-content\/uploads\/2025\/02\/finante-grafic-bani-inflatie-foto-Tumisu-pixabay.jpg","keywords":["aust\u00e9rit\u00e9","budget","dette","imp\u00f4t","Roumanie","UE"],"articleSection":["Les dossiers de l'actualit\u00e9"],"inLanguage":"fr-FR"},{"@type":"WebPage","@id":"https:\/\/www.rri.ro\/fr\/actualites\/les-dossiers-de-lactualite\/roumanie-un-avenir-budgetaire-sous-tension-id897107.html","url":"https:\/\/www.rri.ro\/fr\/actualites\/les-dossiers-de-lactualite\/roumanie-un-avenir-budgetaire-sous-tension-id897107.html","name":"Roumanie : un avenir budg\u00e9taire sous tension - Radio Roumanie Internationale","isPartOf":{"@id":"https:\/\/www.rri.ro\/#website"},"primaryImageOfPage":{"@id":"https:\/\/www.rri.ro\/fr\/actualites\/les-dossiers-de-lactualite\/roumanie-un-avenir-budgetaire-sous-tension-id897107.html#primaryimage"},"image":{"@id":"https:\/\/www.rri.ro\/fr\/actualites\/les-dossiers-de-lactualite\/roumanie-un-avenir-budgetaire-sous-tension-id897107.html#primaryimage"},"thumbnailUrl":"https:\/\/www.rri.ro\/wp-content\/uploads\/2025\/02\/finante-grafic-bani-inflatie-foto-Tumisu-pixabay.jpg","datePublished":"2025-06-10T08:16:02+00:00","author":{"@id":"https:\/\/www.rri.ro\/#\/schema\/person\/2d81d5dc94d44190d13245f64551d334"},"breadcrumb":{"@id":"https:\/\/www.rri.ro\/fr\/actualites\/les-dossiers-de-lactualite\/roumanie-un-avenir-budgetaire-sous-tension-id897107.html#breadcrumb"},"inLanguage":"fr-FR","potentialAction":[{"@type":"ReadAction","target":["https:\/\/www.rri.ro\/fr\/actualites\/les-dossiers-de-lactualite\/roumanie-un-avenir-budgetaire-sous-tension-id897107.html"]}]},{"@type":"ImageObject","inLanguage":"fr-FR","@id":"https:\/\/www.rri.ro\/fr\/actualites\/les-dossiers-de-lactualite\/roumanie-un-avenir-budgetaire-sous-tension-id897107.html#primaryimage","url":"https:\/\/www.rri.ro\/wp-content\/uploads\/2025\/02\/finante-grafic-bani-inflatie-foto-Tumisu-pixabay.jpg","contentUrl":"https:\/\/www.rri.ro\/wp-content\/uploads\/2025\/02\/finante-grafic-bani-inflatie-foto-Tumisu-pixabay.jpg","width":1280,"height":720,"caption":"\u0414\u0435\u0440\u0436\u0430\u0432\u043d\u0438\u0439 \u0431\u043e\u0440\u0433 \u0437\u0440\u043e\u0441\u0442\u0430\u0454"},{"@type":"BreadcrumbList","@id":"https:\/\/www.rri.ro\/fr\/actualites\/les-dossiers-de-lactualite\/roumanie-un-avenir-budgetaire-sous-tension-id897107.html#breadcrumb","itemListElement":[{"@type":"ListItem","position":1,"name":"Page d'accueil","item":"https:\/\/www.rri.ro\/fr"},{"@type":"ListItem","position":2,"name":"Actualit\u00e9s","item":"https:\/\/www.rri.ro\/fr\/actualites"},{"@type":"ListItem","position":3,"name":"Les dossiers de l'actualit\u00e9","item":"https:\/\/www.rri.ro\/fr\/actualites\/les-dossiers-de-lactualite"},{"@type":"ListItem","position":4,"name":"Roumanie : un avenir budg\u00e9taire sous tension"}]},{"@type":"WebSite","@id":"https:\/\/www.rri.ro\/#website","url":"https:\/\/www.rri.ro\/","name":"Radio Roumanie Internationale","description":"Totul despre Rom\u00e2nia \u015fi rom\u00e2ni, \u00een 13 limbi\/dialecte!","inLanguage":"fr-FR"},{"@type":"Person","@id":"https:\/\/www.rri.ro\/#\/schema\/person\/2d81d5dc94d44190d13245f64551d334","name":"\u015etefan Stoica","url":"https:\/\/www.rri.ro\/fr\/author\/stefan-stoica"}]}},"_links":{"self":[{"href":"https:\/\/www.rri.ro\/fr\/wp-json\/wp\/v2\/posts\/897107","targetHints":{"allow":["GET"]}}],"collection":[{"href":"https:\/\/www.rri.ro\/fr\/wp-json\/wp\/v2\/posts"}],"about":[{"href":"https:\/\/www.rri.ro\/fr\/wp-json\/wp\/v2\/types\/post"}],"author":[{"embeddable":true,"href":"https:\/\/www.rri.ro\/fr\/wp-json\/wp\/v2\/users\/110"}],"replies":[{"embeddable":true,"href":"https:\/\/www.rri.ro\/fr\/wp-json\/wp\/v2\/comments?post=897107"}],"version-history":[{"count":0,"href":"https:\/\/www.rri.ro\/fr\/wp-json\/wp\/v2\/posts\/897107\/revisions"}],"wp:featuredmedia":[{"embeddable":true,"href":"https:\/\/www.rri.ro\/fr\/wp-json\/wp\/v2\/media\/862820"}],"wp:attachment":[{"href":"https:\/\/www.rri.ro\/fr\/wp-json\/wp\/v2\/media?parent=897107"}],"wp:term":[{"taxonomy":"category","embeddable":true,"href":"https:\/\/www.rri.ro\/fr\/wp-json\/wp\/v2\/categories?post=897107"},{"taxonomy":"post_tag","embeddable":true,"href":"https:\/\/www.rri.ro\/fr\/wp-json\/wp\/v2\/tags?post=897107"},{"taxonomy":"author","embeddable":true,"href":"https:\/\/www.rri.ro\/fr\/wp-json\/wp\/v2\/coauthors?post=897107"}],"curies":[{"name":"wp","href":"https:\/\/api.w.org\/{rel}","templated":true}]}}