{"id":898438,"date":"2025-06-17T11:07:25","date_gmt":"2025-06-17T08:07:25","guid":{"rendered":"https:\/\/www.rri.ro\/?p=898438"},"modified":"2025-06-12T19:11:23","modified_gmt":"2025-06-12T16:11:23","slug":"le-festival-cybersea-2025","status":"publish","type":"post","link":"https:\/\/www.rri.ro\/fr\/chroniques-hebdomadaires\/la-roumanie-chez-elle\/le-festival-cybersea-2025-id898438.html","title":{"rendered":"Le festival CyberSea 2025"},"content":{"rendered":"<p>L\u2019\u00e9t\u00e9 rime avec vacances \u00e0 la plage, au bord de la mer. Mais en Roumanie cela peut rimer aussi avec cyber-s\u00e9curit\u00e9\u00a0! Eh oui\u00a0! C\u2019est bien \u00e0 un festival consacr\u00e9 \u00e0 la s\u00e9curit\u00e9 cybern\u00e9tique, au bord de la mer Noire, que nous vous invitons aujourd\u2019hui. Le CyberSea Festival 2025 s\u2019adresse aux \u00e9l\u00e8ves et \u00e9tudiants roumains qui s\u2019int\u00e9ressent \u00e0 l\u2019avenir de la cybers\u00e9curit\u00e9 en Roumanie et dans le monde.<\/p>\n<p>Pour en savoir davantage, nous avons invit\u00e9 au micro Fraga \u021aariuc, pr\u00e9sidente de l\u2019organisation Women4Cyber, \u00e0 l\u2019origine de cet \u00e9v\u00e9nement. Elle nous pr\u00e9sente son organisation\u00a0:<\/p>\n<p><em>\u00ab\u00a0Women4Cyber est un mouvement europ\u00e9en qui fait partie de la Fondation Women4Cyber, qui se d\u00e9cline en 31 filiales \u00e0 travers l\u2019Europe. Notre but\u00a0: promouvoir les femmes dans le domaine de la cybers\u00e9curit\u00e9. Nous ciblons principalement les jeunes qui s\u2019int\u00e9ressent \u00e0 ce domaine tellement dynamique et tr\u00e8s important \u00e0 l\u2019heure o\u00f9 l\u2019on parle. En Roumanie, l\u2019organisation a officiellement ouvert ses portes l\u2019ann\u00e9e derni\u00e8re et depuis, nous organisons diff\u00e9rentes activit\u00e9s visant notamment \u00e0 sensibiliser \u00e0 la question de la s\u00e9curit\u00e9 cybern\u00e9tique et \u00e0 la n\u00e9cessit\u00e9 de promouvoir les femmes et les jeunes dans ce domaine. \u00bb\u00a0<\/em><\/p>\n<p>&nbsp;<\/p>\n<h3><strong>Une belle opportunit\u00e9 d\u2019orientation pour les jeunes Roumains<\/strong><\/h3>\n<p>&nbsp;<\/p>\n<p>Le festival CyberSea 2025 se veut un \u00e9v\u00e9nement unique au bord de la mer, explique notre invit\u00e9e\u00a0:<\/p>\n<p><em>\u00ab Les 18 et 19 juillet, Constanta accueille donc le festival CyberSea, un \u00e9v\u00e9nement in\u00e9dit en Roumanie, o\u00f9 la passion pour la technologie rencontre l\u2019\u00e9duction pratique et le divertissement, le tout dans un cadre non-conventionnel, \u00e0 la base nautique de l\u2019Universit\u00e9 Maritime de Constanta. Plus qu\u2019un festival, l\u2019\u00e9v\u00e9nement se veut un tremplin pour les jeunes qui r\u00eavent de transformer leur passion pour la cybers\u00e9curit\u00e9 en une carri\u00e8re professionnelle. Il ne s\u2019agit pas seulement d\u2019en parler, mais aussi de la mettre en pratique. Nous voulons donner l\u2019occasion aux jeunes de s\u2019exprimer librement, mais aussi et surtout d\u2019apprendre et de tester des techniques r\u00e9elles. Bref, un \u00e9v\u00e9nement sans barri\u00e8res. \u00bb\u00a0<\/em><\/p>\n<p>&nbsp;<\/p>\n<h3><strong>De nombreuses activit\u00e9s pour petits et grands<\/strong><\/h3>\n<p>&nbsp;<\/p>\n<p>Fraga \u021aariuc, pr\u00e9sidente de l\u2019organisation Women4Cyber\u00a0 passe en revue les principaux moments pr\u00e9vus \u00e0 l\u2019affiche du festival\u00a0:<\/p>\n<p><em>\u00a0\u00ab Concr\u00e8tement il s\u2019agit de deux journ\u00e9es qui abondent en activit\u00e9s pour les passionn\u00e9s de technologie, de cybers\u00e9curit\u00e9, d\u2019intelligence artificielle et d\u2019entrepreneuriat dans le domaine technique. L\u2019acc\u00e8s aux d\u00e9bats avec des experts roumains et internationaux est libre, pour parler de sujets divers, \u00e0 commencer par comment mettre sur pied une soci\u00e9t\u00e9 de la technologie en Europe, jusqu\u2019aux plus r\u00e9centes attaques \u00e0 l\u2019aide de l\u2019IA et le Deep Fake. S\u2019y ajoutent des ateliers pratiques sur ce que l\u2019on appelle \u00ab hacking \u00e9thique\u00a0\u00bb, sur la protection des donn\u00e9es, sur les mani\u00e8res de s\u00e9curiser les syst\u00e8mes de drones, ou encore une incursion dans le \u00ab\u00a0Red Teaming\u00a0\u00bb (l\u2019\u00e9quipe rouge, pratique qui consiste \u00e0 tester la s\u00e9curit\u00e9 de vos syst\u00e8mes en essayant de les pirater ndlr.), un autre atelier sur les mani\u00e8res de s\u00e9curiser un logiciel d\u00e8s sa conception et plein d\u2019autres activit\u00e9s similaires. Egalement \u00e0 l\u2019affiche\u00a0: un espace destin\u00e9 aux activit\u00e9s qui vous montreront comment montrer votre entreprise dans le domaine de la cybers\u00e9curit\u00e9, ce que les investisseurs cherchent, et comment transformer son id\u00e9e en licorne (start-up dont la valeur s\u2019\u00e9l\u00e8ve \u00e0 plus d\u2019un milliard de dollars ndlr.), un concept tr\u00e8s \u00e0 la mode actuellement. Des experts, des mentors et fondateurs de start-ups seront sur place pour vous donner des conseils. Les jeux pratiques ne manqueront pas non plus, il y en aura pour tous les niveaux, d\u00e8s d\u00e9butants jusqu\u2019aux avanc\u00e9s. Nous avons aussi pr\u00e9vu des sessions de 10 minutes en t\u00eate-\u00e0-t\u00eate avec des professionnels du domaine, sur un mod\u00e8le de \u00ab\u00a0speed mentoring \u00bb, 10 minutes qui pourront sans nul doute changer une carri\u00e8re. Sans oublier les enfants, qui auront largement de quoi s\u2019occuper aussi, puisque nous leur proposons des activit\u00e9s \u00e0 la fois ludiques et amusantes cibl\u00e9es sur la s\u00e9curit\u00e9 en ligne. Enfin, nous organisons aussi un Salon de l\u2019emplois. Le samedi soir, l\u2019\u00e9v\u00e9nement s\u2019ach\u00e8vera par une f\u00eate sur la plage, avec une remise de prix, puisqu\u2019on le sait tr\u00e8s bien, les meilleures id\u00e9es \u00e9mergent l\u00e0 o\u00f9 les gens se sentent bien ensemble\u00a0\u00bb.<\/em><\/p>\n<p>Une centaine de participants se sont d\u00e9j\u00e0 inscrits sur le site <a href=\"http:\/\/www.cybersea.ro\">www.cybersea.ro<\/a> . Le festival CyberSea 2025 sera un v\u00e9ritable moment de partage entre passionn\u00e9s et experts de la cybers\u00e9curit\u00e9, un domaine qui ne cesse de se d\u00e9velopper, anim\u00e9 par une communaut\u00e9 qui forgera sans doute notre avenir. Tout le monde est donc attendu les 18 et 19 juillet \u00e0 Constanta. \u00a0(trad. Valentina Beleavski)<\/p>\n","protected":false},"excerpt":{"rendered":"<p>L\u2019\u00e9t\u00e9 rime avec vacances \u00e0 la plage, au bord de la mer. Mais en Roumanie cela peut rimer aussi avec cyber-s\u00e9curit\u00e9\u00a0! Eh oui\u00a0! C\u2019est bien \u00e0 un festival consacr\u00e9 \u00e0 la s\u00e9curit\u00e9 cybern\u00e9tique, au bord de la mer Noire, que nous vous invitons aujourd\u2019hui. Le CyberSea Festival 2025 s\u2019adresse aux \u00e9l\u00e8ves et \u00e9tudiants roumains qui [&hellip;]<\/p>\n","protected":false},"author":126,"featured_media":897059,"comment_status":"closed","ping_status":"closed","sticky":false,"template":"","format":"standard","meta":{"_acf_changed":false,"footnotes":""},"categories":[85306],"tags":[88130,146431,85412],"coauthors":[113240],"class_list":["post-898438","post","type-post","status-publish","format-standard","has-post-thumbnail","hentry","category-la-roumanie-chez-elle","tag-cybersecurite","tag-festival-fr","tag-roumanie"],"acf":[],"yoast_head":"<!-- This site is optimized with the Yoast SEO plugin v27.3 - https:\/\/yoast.com\/product\/yoast-seo-wordpress\/ -->\n<title>Le festival CyberSea 2025 - Radio Roumanie Internationale<\/title>\n<meta name=\"robots\" content=\"index, follow, max-snippet:-1, max-image-preview:large, max-video-preview:-1\" \/>\n<link rel=\"canonical\" href=\"https:\/\/www.rri.ro\/fr\/chroniques-hebdomadaires\/la-roumanie-chez-elle\/le-festival-cybersea-2025-id898438.html\" \/>\n<meta property=\"og:locale\" content=\"fr_FR\" \/>\n<meta property=\"og:type\" content=\"article\" \/>\n<meta property=\"og:title\" content=\"Le festival CyberSea 2025 - Radio Roumanie Internationale\" \/>\n<meta property=\"og:description\" content=\"L\u2019\u00e9t\u00e9 rime avec vacances \u00e0 la plage, au bord de la mer. Mais en Roumanie cela peut rimer aussi avec cyber-s\u00e9curit\u00e9\u00a0! Eh oui\u00a0! C\u2019est bien \u00e0 un festival consacr\u00e9 \u00e0 la s\u00e9curit\u00e9 cybern\u00e9tique, au bord de la mer Noire, que nous vous invitons aujourd\u2019hui. Le CyberSea Festival 2025 s\u2019adresse aux \u00e9l\u00e8ves et \u00e9tudiants roumains qui [&hellip;]\" \/>\n<meta property=\"og:url\" content=\"https:\/\/www.rri.ro\/fr\/chroniques-hebdomadaires\/la-roumanie-chez-elle\/le-festival-cybersea-2025-id898438.html\" \/>\n<meta property=\"og:site_name\" content=\"Radio Roumanie Internationale\" \/>\n<meta property=\"article:published_time\" content=\"2025-06-17T08:07:25+00:00\" \/>\n<meta property=\"og:image\" content=\"https:\/\/www.rri.ro\/wp-content\/uploads\/2025\/06\/cybersea-festival-2025.jpg\" \/>\n\t<meta property=\"og:image:width\" content=\"1256\" \/>\n\t<meta property=\"og:image:height\" content=\"847\" \/>\n\t<meta property=\"og:image:type\" content=\"image\/jpeg\" \/>\n<meta name=\"author\" content=\"Ana-Maria Cononovici\" \/>\n<meta name=\"twitter:card\" content=\"summary_large_image\" \/>\n<meta name=\"twitter:label1\" content=\"\u00c9crit par\" \/>\n\t<meta name=\"twitter:data1\" content=\"Ana-Maria Cononovici\" \/>\n\t<meta name=\"twitter:label2\" content=\"Dur\u00e9e de lecture estim\u00e9e\" \/>\n\t<meta name=\"twitter:data2\" content=\"4 minutes\" \/>\n\t<meta name=\"twitter:label3\" content=\"Written by\" \/>\n\t<meta name=\"twitter:data3\" content=\"Ana-Maria Cononovici\" \/>\n<script type=\"application\/ld+json\" class=\"yoast-schema-graph\">{\"@context\":\"https:\\\/\\\/schema.org\",\"@graph\":[{\"@type\":\"Article\",\"@id\":\"https:\\\/\\\/www.rri.ro\\\/fr\\\/chroniques-hebdomadaires\\\/la-roumanie-chez-elle\\\/le-festival-cybersea-2025-id898438.html#article\",\"isPartOf\":{\"@id\":\"https:\\\/\\\/www.rri.ro\\\/fr\\\/chroniques-hebdomadaires\\\/la-roumanie-chez-elle\\\/le-festival-cybersea-2025-id898438.html\"},\"author\":{\"name\":\"Ana-Maria Cononovici\",\"@id\":\"https:\\\/\\\/www.rri.ro\\\/#\\\/schema\\\/person\\\/70ee98042ca8b95ae29876ed4848670e\"},\"headline\":\"Le festival CyberSea 2025\",\"datePublished\":\"2025-06-17T08:07:25+00:00\",\"mainEntityOfPage\":{\"@id\":\"https:\\\/\\\/www.rri.ro\\\/fr\\\/chroniques-hebdomadaires\\\/la-roumanie-chez-elle\\\/le-festival-cybersea-2025-id898438.html\"},\"wordCount\":839,\"image\":{\"@id\":\"https:\\\/\\\/www.rri.ro\\\/fr\\\/chroniques-hebdomadaires\\\/la-roumanie-chez-elle\\\/le-festival-cybersea-2025-id898438.html#primaryimage\"},\"thumbnailUrl\":\"https:\\\/\\\/www.rri.ro\\\/wp-content\\\/uploads\\\/2025\\\/06\\\/cybersea-festival-2025.jpg\",\"keywords\":[\"cybers\u00e9curit\u00e9\",\"festival\",\"Roumanie\"],\"articleSection\":[\"La Roumanie chez elle\"],\"inLanguage\":\"fr-FR\"},{\"@type\":\"WebPage\",\"@id\":\"https:\\\/\\\/www.rri.ro\\\/fr\\\/chroniques-hebdomadaires\\\/la-roumanie-chez-elle\\\/le-festival-cybersea-2025-id898438.html\",\"url\":\"https:\\\/\\\/www.rri.ro\\\/fr\\\/chroniques-hebdomadaires\\\/la-roumanie-chez-elle\\\/le-festival-cybersea-2025-id898438.html\",\"name\":\"Le festival CyberSea 2025 - Radio Roumanie Internationale\",\"isPartOf\":{\"@id\":\"https:\\\/\\\/www.rri.ro\\\/#website\"},\"primaryImageOfPage\":{\"@id\":\"https:\\\/\\\/www.rri.ro\\\/fr\\\/chroniques-hebdomadaires\\\/la-roumanie-chez-elle\\\/le-festival-cybersea-2025-id898438.html#primaryimage\"},\"image\":{\"@id\":\"https:\\\/\\\/www.rri.ro\\\/fr\\\/chroniques-hebdomadaires\\\/la-roumanie-chez-elle\\\/le-festival-cybersea-2025-id898438.html#primaryimage\"},\"thumbnailUrl\":\"https:\\\/\\\/www.rri.ro\\\/wp-content\\\/uploads\\\/2025\\\/06\\\/cybersea-festival-2025.jpg\",\"datePublished\":\"2025-06-17T08:07:25+00:00\",\"author\":{\"@id\":\"https:\\\/\\\/www.rri.ro\\\/#\\\/schema\\\/person\\\/70ee98042ca8b95ae29876ed4848670e\"},\"breadcrumb\":{\"@id\":\"https:\\\/\\\/www.rri.ro\\\/fr\\\/chroniques-hebdomadaires\\\/la-roumanie-chez-elle\\\/le-festival-cybersea-2025-id898438.html#breadcrumb\"},\"inLanguage\":\"fr-FR\",\"potentialAction\":[{\"@type\":\"ReadAction\",\"target\":[\"https:\\\/\\\/www.rri.ro\\\/fr\\\/chroniques-hebdomadaires\\\/la-roumanie-chez-elle\\\/le-festival-cybersea-2025-id898438.html\"]}]},{\"@type\":\"ImageObject\",\"inLanguage\":\"fr-FR\",\"@id\":\"https:\\\/\\\/www.rri.ro\\\/fr\\\/chroniques-hebdomadaires\\\/la-roumanie-chez-elle\\\/le-festival-cybersea-2025-id898438.html#primaryimage\",\"url\":\"https:\\\/\\\/www.rri.ro\\\/wp-content\\\/uploads\\\/2025\\\/06\\\/cybersea-festival-2025.jpg\",\"contentUrl\":\"https:\\\/\\\/www.rri.ro\\\/wp-content\\\/uploads\\\/2025\\\/06\\\/cybersea-festival-2025.jpg\",\"width\":1256,\"height\":847,\"caption\":\"\u041a\u0456\u0431\u0435\u0440\u0431\u0435\u0437\u043f\u0435\u043a\u0430 \u043d\u0430 \u0444\u0435\u0441\u0442\u0438\u0432\u0430\u043b\u0456!\"},{\"@type\":\"BreadcrumbList\",\"@id\":\"https:\\\/\\\/www.rri.ro\\\/fr\\\/chroniques-hebdomadaires\\\/la-roumanie-chez-elle\\\/le-festival-cybersea-2025-id898438.html#breadcrumb\",\"itemListElement\":[{\"@type\":\"ListItem\",\"position\":1,\"name\":\"Page d'accueil\",\"item\":\"https:\\\/\\\/www.rri.ro\\\/fr\"},{\"@type\":\"ListItem\",\"position\":2,\"name\":\"Panoramice\",\"item\":\"https:\\\/\\\/www.rri.ro\\\/panoramice\"},{\"@type\":\"ListItem\",\"position\":3,\"name\":\"La Roumanie chez elle\",\"item\":\"https:\\\/\\\/www.rri.ro\\\/fr\\\/chroniques-hebdomadaires\\\/la-roumanie-chez-elle\"},{\"@type\":\"ListItem\",\"position\":4,\"name\":\"Le festival CyberSea 2025\"}]},{\"@type\":\"WebSite\",\"@id\":\"https:\\\/\\\/www.rri.ro\\\/#website\",\"url\":\"https:\\\/\\\/www.rri.ro\\\/\",\"name\":\"Radio Roumanie Internationale\",\"description\":\"Totul despre Rom\u00e2nia \u015fi rom\u00e2ni, \u00een 13 limbi\\\/dialecte!\",\"inLanguage\":\"fr-FR\"},{\"@type\":\"Person\",\"@id\":\"https:\\\/\\\/www.rri.ro\\\/#\\\/schema\\\/person\\\/70ee98042ca8b95ae29876ed4848670e\",\"name\":\"Ana-Maria Cononovici\",\"url\":\"https:\\\/\\\/www.rri.ro\\\/fr\\\/author\\\/ana-maria-cononovici\"}]}<\/script>\n<!-- \/ Yoast SEO plugin. -->","yoast_head_json":{"title":"Le festival CyberSea 2025 - Radio Roumanie Internationale","robots":{"index":"index","follow":"follow","max-snippet":"max-snippet:-1","max-image-preview":"max-image-preview:large","max-video-preview":"max-video-preview:-1"},"canonical":"https:\/\/www.rri.ro\/fr\/chroniques-hebdomadaires\/la-roumanie-chez-elle\/le-festival-cybersea-2025-id898438.html","og_locale":"fr_FR","og_type":"article","og_title":"Le festival CyberSea 2025 - Radio Roumanie Internationale","og_description":"L\u2019\u00e9t\u00e9 rime avec vacances \u00e0 la plage, au bord de la mer. Mais en Roumanie cela peut rimer aussi avec cyber-s\u00e9curit\u00e9\u00a0! Eh oui\u00a0! C\u2019est bien \u00e0 un festival consacr\u00e9 \u00e0 la s\u00e9curit\u00e9 cybern\u00e9tique, au bord de la mer Noire, que nous vous invitons aujourd\u2019hui. Le CyberSea Festival 2025 s\u2019adresse aux \u00e9l\u00e8ves et \u00e9tudiants roumains qui [&hellip;]","og_url":"https:\/\/www.rri.ro\/fr\/chroniques-hebdomadaires\/la-roumanie-chez-elle\/le-festival-cybersea-2025-id898438.html","og_site_name":"Radio Roumanie Internationale","article_published_time":"2025-06-17T08:07:25+00:00","og_image":[{"width":1256,"height":847,"url":"https:\/\/www.rri.ro\/wp-content\/uploads\/2025\/06\/cybersea-festival-2025.jpg","type":"image\/jpeg"}],"author":"Ana-Maria Cononovici","twitter_card":"summary_large_image","twitter_misc":{"\u00c9crit par":"Ana-Maria Cononovici","Dur\u00e9e de lecture estim\u00e9e":"4 minutes","Written by":"Ana-Maria Cononovici"},"schema":{"@context":"https:\/\/schema.org","@graph":[{"@type":"Article","@id":"https:\/\/www.rri.ro\/fr\/chroniques-hebdomadaires\/la-roumanie-chez-elle\/le-festival-cybersea-2025-id898438.html#article","isPartOf":{"@id":"https:\/\/www.rri.ro\/fr\/chroniques-hebdomadaires\/la-roumanie-chez-elle\/le-festival-cybersea-2025-id898438.html"},"author":{"name":"Ana-Maria Cononovici","@id":"https:\/\/www.rri.ro\/#\/schema\/person\/70ee98042ca8b95ae29876ed4848670e"},"headline":"Le festival CyberSea 2025","datePublished":"2025-06-17T08:07:25+00:00","mainEntityOfPage":{"@id":"https:\/\/www.rri.ro\/fr\/chroniques-hebdomadaires\/la-roumanie-chez-elle\/le-festival-cybersea-2025-id898438.html"},"wordCount":839,"image":{"@id":"https:\/\/www.rri.ro\/fr\/chroniques-hebdomadaires\/la-roumanie-chez-elle\/le-festival-cybersea-2025-id898438.html#primaryimage"},"thumbnailUrl":"https:\/\/www.rri.ro\/wp-content\/uploads\/2025\/06\/cybersea-festival-2025.jpg","keywords":["cybers\u00e9curit\u00e9","festival","Roumanie"],"articleSection":["La Roumanie chez elle"],"inLanguage":"fr-FR"},{"@type":"WebPage","@id":"https:\/\/www.rri.ro\/fr\/chroniques-hebdomadaires\/la-roumanie-chez-elle\/le-festival-cybersea-2025-id898438.html","url":"https:\/\/www.rri.ro\/fr\/chroniques-hebdomadaires\/la-roumanie-chez-elle\/le-festival-cybersea-2025-id898438.html","name":"Le festival CyberSea 2025 - Radio Roumanie Internationale","isPartOf":{"@id":"https:\/\/www.rri.ro\/#website"},"primaryImageOfPage":{"@id":"https:\/\/www.rri.ro\/fr\/chroniques-hebdomadaires\/la-roumanie-chez-elle\/le-festival-cybersea-2025-id898438.html#primaryimage"},"image":{"@id":"https:\/\/www.rri.ro\/fr\/chroniques-hebdomadaires\/la-roumanie-chez-elle\/le-festival-cybersea-2025-id898438.html#primaryimage"},"thumbnailUrl":"https:\/\/www.rri.ro\/wp-content\/uploads\/2025\/06\/cybersea-festival-2025.jpg","datePublished":"2025-06-17T08:07:25+00:00","author":{"@id":"https:\/\/www.rri.ro\/#\/schema\/person\/70ee98042ca8b95ae29876ed4848670e"},"breadcrumb":{"@id":"https:\/\/www.rri.ro\/fr\/chroniques-hebdomadaires\/la-roumanie-chez-elle\/le-festival-cybersea-2025-id898438.html#breadcrumb"},"inLanguage":"fr-FR","potentialAction":[{"@type":"ReadAction","target":["https:\/\/www.rri.ro\/fr\/chroniques-hebdomadaires\/la-roumanie-chez-elle\/le-festival-cybersea-2025-id898438.html"]}]},{"@type":"ImageObject","inLanguage":"fr-FR","@id":"https:\/\/www.rri.ro\/fr\/chroniques-hebdomadaires\/la-roumanie-chez-elle\/le-festival-cybersea-2025-id898438.html#primaryimage","url":"https:\/\/www.rri.ro\/wp-content\/uploads\/2025\/06\/cybersea-festival-2025.jpg","contentUrl":"https:\/\/www.rri.ro\/wp-content\/uploads\/2025\/06\/cybersea-festival-2025.jpg","width":1256,"height":847,"caption":"\u041a\u0456\u0431\u0435\u0440\u0431\u0435\u0437\u043f\u0435\u043a\u0430 \u043d\u0430 \u0444\u0435\u0441\u0442\u0438\u0432\u0430\u043b\u0456!"},{"@type":"BreadcrumbList","@id":"https:\/\/www.rri.ro\/fr\/chroniques-hebdomadaires\/la-roumanie-chez-elle\/le-festival-cybersea-2025-id898438.html#breadcrumb","itemListElement":[{"@type":"ListItem","position":1,"name":"Page d'accueil","item":"https:\/\/www.rri.ro\/fr"},{"@type":"ListItem","position":2,"name":"Panoramice","item":"https:\/\/www.rri.ro\/panoramice"},{"@type":"ListItem","position":3,"name":"La Roumanie chez elle","item":"https:\/\/www.rri.ro\/fr\/chroniques-hebdomadaires\/la-roumanie-chez-elle"},{"@type":"ListItem","position":4,"name":"Le festival CyberSea 2025"}]},{"@type":"WebSite","@id":"https:\/\/www.rri.ro\/#website","url":"https:\/\/www.rri.ro\/","name":"Radio Roumanie Internationale","description":"Totul despre Rom\u00e2nia \u015fi rom\u00e2ni, \u00een 13 limbi\/dialecte!","inLanguage":"fr-FR"},{"@type":"Person","@id":"https:\/\/www.rri.ro\/#\/schema\/person\/70ee98042ca8b95ae29876ed4848670e","name":"Ana-Maria Cononovici","url":"https:\/\/www.rri.ro\/fr\/author\/ana-maria-cononovici"}]}},"_links":{"self":[{"href":"https:\/\/www.rri.ro\/fr\/wp-json\/wp\/v2\/posts\/898438","targetHints":{"allow":["GET"]}}],"collection":[{"href":"https:\/\/www.rri.ro\/fr\/wp-json\/wp\/v2\/posts"}],"about":[{"href":"https:\/\/www.rri.ro\/fr\/wp-json\/wp\/v2\/types\/post"}],"author":[{"embeddable":true,"href":"https:\/\/www.rri.ro\/fr\/wp-json\/wp\/v2\/users\/126"}],"replies":[{"embeddable":true,"href":"https:\/\/www.rri.ro\/fr\/wp-json\/wp\/v2\/comments?post=898438"}],"version-history":[{"count":0,"href":"https:\/\/www.rri.ro\/fr\/wp-json\/wp\/v2\/posts\/898438\/revisions"}],"wp:featuredmedia":[{"embeddable":true,"href":"https:\/\/www.rri.ro\/fr\/wp-json\/wp\/v2\/media\/897059"}],"wp:attachment":[{"href":"https:\/\/www.rri.ro\/fr\/wp-json\/wp\/v2\/media?parent=898438"}],"wp:term":[{"taxonomy":"category","embeddable":true,"href":"https:\/\/www.rri.ro\/fr\/wp-json\/wp\/v2\/categories?post=898438"},{"taxonomy":"post_tag","embeddable":true,"href":"https:\/\/www.rri.ro\/fr\/wp-json\/wp\/v2\/tags?post=898438"},{"taxonomy":"author","embeddable":true,"href":"https:\/\/www.rri.ro\/fr\/wp-json\/wp\/v2\/coauthors?post=898438"}],"curies":[{"name":"wp","href":"https:\/\/api.w.org\/{rel}","templated":true}]}}