{"id":906485,"date":"2025-07-07T13:02:05","date_gmt":"2025-07-07T10:02:05","guid":{"rendered":"https:\/\/www.rri.ro\/?p=906485"},"modified":"2025-07-07T13:08:25","modified_gmt":"2025-07-07T10:08:25","slug":"summet-ue-republique-de-moldova-les-conclusions","status":"publish","type":"post","link":"https:\/\/www.rri.ro\/fr\/actualites\/les-dossiers-de-lactualite\/summet-ue-republique-de-moldova-les-conclusions-id906485.html","title":{"rendered":"Sommet UE &#8211; R\u00e9publique de Moldova, les conclusions"},"content":{"rendered":"<p><strong>\u00ab\u00a0L\u2019avenir de la Moldova est auu sein de l\u2019Union Europ\u00e9enne\u00a0\u00bb<\/strong><\/p>\n<p>&nbsp;<\/p>\n<p>Accueilli vendredi dernier par la capitale moldave, Chisinau, \u00ab\u00a0le premier sommet R\u00e9publique de Moldova &#8211; Union Europ\u00e9enne marque une \u00e9tape importante dans les relations entre ce pays et l\u2019espace communautaire, r\u00e9affirmant l\u2019engagement commun pour la paix, la s\u00e9curit\u00e9, la stabilit\u00e9 et la prosp\u00e9rit\u00e9 sur l\u2019ensemble de l\u2019Europe\u00a0\u00bb, lit-on dans la d\u00e9claration de cet \u00e9v\u00e8nement.\u00a0 \u00ab\u00a0L\u2019avenir de la Moldova, pays \u00e0 population majoritaire roumanophone, et de ses citoyens est au sein de l\u2019Union Europ\u00e9enne\u00a0\u00bb, pr\u00e9cise le m\u00eame document. La coop\u00e9ration entre Chisinau et Bruxelles est plus \u00e9troite que jamais, tant d\u2019un point de vue politique, qu\u2019\u00e9conomique, tout cela devant les menaces plus intenses \u00e0 l\u2019adresse de la s\u00e9curit\u00e9 r\u00e9gionale, caus\u00e9es par la guerre d\u2019agression injustifi\u00e9e et non provoqu\u00e9e de la Russie contre l\u2019Ukraine. \u00ab\u00a0Nous r\u00e9affirmons le soutien continu de l\u2019Union Europ\u00e9enne pour la souverainet\u00e9, la stabilit\u00e9, la r\u00e9silience et le d\u00e9veloppement \u00e9conomique de la Moldavie\u00a0\u00bb pr\u00e9cise la m\u00eame d\u00e9claration.<\/p>\n<p>&nbsp;<\/p>\n<p><strong>Un moment crucial pour ce pays<\/strong><\/p>\n<p>&nbsp;<\/p>\n<p>A noter que le somment s\u2019est tenu \u00e0 un moment crucial pour l\u2019avenir europ\u00e9en de cette petite ex-r\u00e9publique sovi\u00e9tique, \u00e9tant donn\u00e9 que des \u00e9lections l\u00e9gislatives sont pr\u00e9vues en Moldavie cet automne et que la guerre hybride men\u00e9e par la Russie se poursuit. Lors du sommet, la pr\u00e9sidente de la Commission europ\u00e9enne (CE), Ursula von der Leyen, et le pr\u00e9sident du Conseil europ\u00e9en, Antonio Costa, ont discut\u00e9 avec la pr\u00e9sidente Maia Sandu et d\u2019autres responsables moldaves du parcours europ\u00e9en de Chisinau, de la s\u00e9curit\u00e9 r\u00e9gionale et du soutien de l\u2019UE dans le contexte de la guerre en Ukraine.<\/p>\n<p>&nbsp;<\/p>\n<p>L\u2019occasion pour les responsables europ\u00e9ens de souligner l\u2019importance strat\u00e9gique de l\u2019Accord d\u2019Association UE-Moldova et de la Zone de Libre-Echange Approfondi et Complet, gr\u00e2ce auxquels l\u2019\u00e9conomie moldave a une place ferme dans l\u2019Union europ\u00e9enne. D\u2019ailleurs, le bloc communautaire est le plus grand partenaire commercial de ce pays et la principale destination des exportations moldaves, offrant aux producteurs moldave l\u2019acc\u00e8s direct aux plus grand march\u00e9 unique au monde.<\/p>\n<p>&nbsp;<\/p>\n<p><strong>L&rsquo;UE alloue des fonds pour Chisinau<\/strong><\/p>\n<p>&nbsp;<\/p>\n<p>Un point central \u00e0 l\u2019agenda des pourparlers du sommet a \u00e9t\u00e9 la mise en place du Plan de croissance pour la R\u00e9publique de Moldova. Etal\u00e9 sur les trois ann\u00e9es \u00e0 venir, le plan est chiffr\u00e9 \u00e0 1,9 milliards d\u2019euros et il est destin\u00e9 \u00e0 moderniser l\u2019\u00e9conomie de ce pays et \u00e0 am\u00e9liorer le niveau de vie des citoyens moldaves.<\/p>\n<p>&nbsp;<\/p>\n<p>Lors du Sommet, la CE a aussi annonc\u00e9 le versement d\u2019une la premi\u00e8re tranche de 270 millions d\u2019euros de ce Plan de r\u00e9forme et de croissance, qui servira \u00e0 construire un nouvel h\u00f4pital r\u00e9gional, \u00e0 moderniser le syst\u00e8me de chauffage urbain de Chisinau et autres grandes villes et \u00e0 r\u00e9duire les factures d\u2019\u00e9nergie. Selon la pr\u00e9sidente moldave, Maia Sandu ce premier sommet avec l\u2019UE \u00ab transmet \u00a0un message clair que la R\u00e9publique de Moldova est importante et son adh\u00e9sion est en cours \u00bb.<\/p>\n<p>&nbsp;<\/p>\n<p><strong>Antonio Costa et Ursula von der Leyen, pr\u00e9sents au Sommet<\/strong><\/p>\n<p>&nbsp;<\/p>\n<p>Pr\u00e9sent au sommet, le pr\u00e9sident du Conseil europ\u00e9en, Antonio Costa, a soulign\u00e9 l\u2019importance d\u2019avoir une coop\u00e9ration \u00e9troite avec Chisinau et les progr\u00e8s remarquables enregistr\u00e9s par la Moldavie dans son processus d\u2019adh\u00e9sion. \u00ab La R\u00e9publique de Moldova est pr\u00eate \u00e0 avancer dans les n\u00e9gociations d\u2019adh\u00e9sion \u00e0 l\u2019UE \u00bb, a d\u00e9clar\u00e9, \u00e0 son tour, la pr\u00e9sidente de la Commission europ\u00e9enne (CE), Ursula von der Leyen. Et d\u2019ajouter que l\u2019UE \u00e9tait pr\u00eate \u00e0 soutenir ce pays face aux menaces hybrides et \u00e9nerg\u00e9tiques, accusant indirectement la Russie de tenter de d\u00e9stabiliser cette petite ex-r\u00e9publique sovi\u00e9tique. Dans ce contexte, la R\u00e9publique de Moldova sera bient\u00f4t connect\u00e9e au march\u00e9 \u00e9nerg\u00e9tique de l\u2019UE et int\u00e9gr\u00e9e au sein de l\u2019espace unique de paiements en euros (SEPA) avant octobre prochain, tout cela afin de faciliter les transferts d\u2019argent s\u00fbrs et rapides. Et pas en dernier lieu, Ursula von der Leyen a confirm\u00e9 la suppression des frais d\u2019itin\u00e9rance entre la Moldavie et l\u2019Etats-membres de l\u2019UE, r\u00e9it\u00e9rant le plein soutien politique de Bruxelles pour Chisinau. (trad. Valentina Beleavski)<\/p>\n","protected":false},"excerpt":{"rendered":"<p>\u00ab\u00a0L\u2019avenir de la Moldova est auu sein de l\u2019Union Europ\u00e9enne\u00a0\u00bb &nbsp; Accueilli vendredi dernier par la capitale moldave, Chisinau, \u00ab\u00a0le premier sommet R\u00e9publique de Moldova &#8211; Union Europ\u00e9enne marque une \u00e9tape importante dans les relations entre ce pays et l\u2019espace communautaire, r\u00e9affirmant l\u2019engagement commun pour la paix, la s\u00e9curit\u00e9, la stabilit\u00e9 et la prosp\u00e9rit\u00e9 sur [&hellip;]<\/p>\n","protected":false},"author":106,"featured_media":906308,"comment_status":"closed","ping_status":"closed","sticky":false,"template":"","format":"standard","meta":{"_acf_changed":false,"footnotes":""},"categories":[93377],"tags":[164976,143859,142548,88110,143291,143680],"coauthors":[113311],"class_list":["post-906485","post","type-post","status-publish","format-standard","has-post-thumbnail","hentry","category-les-dossiers-de-lactualite","tag-antonio-costa-fr","tag-chisinau-fr","tag-moldova-fr","tag-sommet","tag-ue-fr","tag-ursula-von-der-leyen-fr"],"acf":[],"yoast_head":"<!-- This site is optimized with the Yoast SEO plugin v27.3 - https:\/\/yoast.com\/product\/yoast-seo-wordpress\/ -->\n<title>Sommet UE - R\u00e9publique de Moldova, les conclusions - Radio Roumanie Internationale<\/title>\n<meta name=\"robots\" content=\"index, follow, max-snippet:-1, max-image-preview:large, max-video-preview:-1\" \/>\n<link rel=\"canonical\" href=\"https:\/\/www.rri.ro\/fr\/actualites\/les-dossiers-de-lactualite\/summet-ue-republique-de-moldova-les-conclusions-id906485.html\" \/>\n<meta property=\"og:locale\" content=\"fr_FR\" \/>\n<meta property=\"og:type\" content=\"article\" \/>\n<meta property=\"og:title\" content=\"Sommet UE - R\u00e9publique de Moldova, les conclusions - Radio Roumanie Internationale\" \/>\n<meta property=\"og:description\" content=\"\u00ab\u00a0L\u2019avenir de la Moldova est auu sein de l\u2019Union Europ\u00e9enne\u00a0\u00bb &nbsp; Accueilli vendredi dernier par la capitale moldave, Chisinau, \u00ab\u00a0le premier sommet R\u00e9publique de Moldova &#8211; Union Europ\u00e9enne marque une \u00e9tape importante dans les relations entre ce pays et l\u2019espace communautaire, r\u00e9affirmant l\u2019engagement commun pour la paix, la s\u00e9curit\u00e9, la stabilit\u00e9 et la prosp\u00e9rit\u00e9 sur [&hellip;]\" \/>\n<meta property=\"og:url\" content=\"https:\/\/www.rri.ro\/fr\/actualites\/les-dossiers-de-lactualite\/summet-ue-republique-de-moldova-les-conclusions-id906485.html\" \/>\n<meta property=\"og:site_name\" content=\"Radio Roumanie Internationale\" \/>\n<meta property=\"article:published_time\" content=\"2025-07-07T10:02:05+00:00\" \/>\n<meta property=\"article:modified_time\" content=\"2025-07-07T10:08:25+00:00\" \/>\n<meta property=\"og:image\" content=\"https:\/\/www.rri.ro\/wp-content\/uploads\/2025\/07\/summit-R-Moldova-UE-foto-presedinte-md.jpg\" \/>\n\t<meta property=\"og:image:width\" content=\"960\" \/>\n\t<meta property=\"og:image:height\" content=\"540\" \/>\n\t<meta property=\"og:image:type\" content=\"image\/jpeg\" \/>\n<meta name=\"author\" content=\"Mihai Pelin\" \/>\n<meta name=\"twitter:card\" content=\"summary_large_image\" \/>\n<meta name=\"twitter:label1\" content=\"\u00c9crit par\" \/>\n\t<meta name=\"twitter:data1\" content=\"Mihai Pelin\" \/>\n\t<meta name=\"twitter:label2\" content=\"Dur\u00e9e de lecture estim\u00e9e\" \/>\n\t<meta name=\"twitter:data2\" content=\"4 minutes\" \/>\n\t<meta name=\"twitter:label3\" content=\"Written by\" \/>\n\t<meta name=\"twitter:data3\" content=\"Mihai Pelin\" \/>\n<script type=\"application\/ld+json\" class=\"yoast-schema-graph\">{\"@context\":\"https:\\\/\\\/schema.org\",\"@graph\":[{\"@type\":\"Article\",\"@id\":\"https:\\\/\\\/www.rri.ro\\\/fr\\\/actualites\\\/les-dossiers-de-lactualite\\\/summet-ue-republique-de-moldova-les-conclusions-id906485.html#article\",\"isPartOf\":{\"@id\":\"https:\\\/\\\/www.rri.ro\\\/fr\\\/actualites\\\/les-dossiers-de-lactualite\\\/summet-ue-republique-de-moldova-les-conclusions-id906485.html\"},\"author\":{\"name\":\"Mihai Pelin\",\"@id\":\"https:\\\/\\\/www.rri.ro\\\/#\\\/schema\\\/person\\\/c6036c822534c855dc3aad41a484f05d\"},\"headline\":\"Sommet UE &#8211; R\u00e9publique de Moldova, les conclusions\",\"datePublished\":\"2025-07-07T10:02:05+00:00\",\"dateModified\":\"2025-07-07T10:08:25+00:00\",\"mainEntityOfPage\":{\"@id\":\"https:\\\/\\\/www.rri.ro\\\/fr\\\/actualites\\\/les-dossiers-de-lactualite\\\/summet-ue-republique-de-moldova-les-conclusions-id906485.html\"},\"wordCount\":781,\"image\":{\"@id\":\"https:\\\/\\\/www.rri.ro\\\/fr\\\/actualites\\\/les-dossiers-de-lactualite\\\/summet-ue-republique-de-moldova-les-conclusions-id906485.html#primaryimage\"},\"thumbnailUrl\":\"https:\\\/\\\/www.rri.ro\\\/wp-content\\\/uploads\\\/2025\\\/07\\\/summit-R-Moldova-UE-foto-presedinte-md.jpg\",\"keywords\":[\"Antonio Costa\",\"chisinau\",\"Moldova\",\"sommet\",\"UE\",\"Ursula von der Leyen\"],\"articleSection\":[\"Les dossiers de l'actualit\u00e9\"],\"inLanguage\":\"fr-FR\"},{\"@type\":\"WebPage\",\"@id\":\"https:\\\/\\\/www.rri.ro\\\/fr\\\/actualites\\\/les-dossiers-de-lactualite\\\/summet-ue-republique-de-moldova-les-conclusions-id906485.html\",\"url\":\"https:\\\/\\\/www.rri.ro\\\/fr\\\/actualites\\\/les-dossiers-de-lactualite\\\/summet-ue-republique-de-moldova-les-conclusions-id906485.html\",\"name\":\"Sommet UE - R\u00e9publique de Moldova, les conclusions - Radio Roumanie Internationale\",\"isPartOf\":{\"@id\":\"https:\\\/\\\/www.rri.ro\\\/#website\"},\"primaryImageOfPage\":{\"@id\":\"https:\\\/\\\/www.rri.ro\\\/fr\\\/actualites\\\/les-dossiers-de-lactualite\\\/summet-ue-republique-de-moldova-les-conclusions-id906485.html#primaryimage\"},\"image\":{\"@id\":\"https:\\\/\\\/www.rri.ro\\\/fr\\\/actualites\\\/les-dossiers-de-lactualite\\\/summet-ue-republique-de-moldova-les-conclusions-id906485.html#primaryimage\"},\"thumbnailUrl\":\"https:\\\/\\\/www.rri.ro\\\/wp-content\\\/uploads\\\/2025\\\/07\\\/summit-R-Moldova-UE-foto-presedinte-md.jpg\",\"datePublished\":\"2025-07-07T10:02:05+00:00\",\"dateModified\":\"2025-07-07T10:08:25+00:00\",\"author\":{\"@id\":\"https:\\\/\\\/www.rri.ro\\\/#\\\/schema\\\/person\\\/c6036c822534c855dc3aad41a484f05d\"},\"breadcrumb\":{\"@id\":\"https:\\\/\\\/www.rri.ro\\\/fr\\\/actualites\\\/les-dossiers-de-lactualite\\\/summet-ue-republique-de-moldova-les-conclusions-id906485.html#breadcrumb\"},\"inLanguage\":\"fr-FR\",\"potentialAction\":[{\"@type\":\"ReadAction\",\"target\":[\"https:\\\/\\\/www.rri.ro\\\/fr\\\/actualites\\\/les-dossiers-de-lactualite\\\/summet-ue-republique-de-moldova-les-conclusions-id906485.html\"]}]},{\"@type\":\"ImageObject\",\"inLanguage\":\"fr-FR\",\"@id\":\"https:\\\/\\\/www.rri.ro\\\/fr\\\/actualites\\\/les-dossiers-de-lactualite\\\/summet-ue-republique-de-moldova-les-conclusions-id906485.html#primaryimage\",\"url\":\"https:\\\/\\\/www.rri.ro\\\/wp-content\\\/uploads\\\/2025\\\/07\\\/summit-R-Moldova-UE-foto-presedinte-md.jpg\",\"contentUrl\":\"https:\\\/\\\/www.rri.ro\\\/wp-content\\\/uploads\\\/2025\\\/07\\\/summit-R-Moldova-UE-foto-presedinte-md.jpg\",\"width\":960,\"height\":540,\"caption\":\"Summit bilateral Republica Moldova\u2013Uniunea European\u0103 (surs\u0103 foto:\"},{\"@type\":\"BreadcrumbList\",\"@id\":\"https:\\\/\\\/www.rri.ro\\\/fr\\\/actualites\\\/les-dossiers-de-lactualite\\\/summet-ue-republique-de-moldova-les-conclusions-id906485.html#breadcrumb\",\"itemListElement\":[{\"@type\":\"ListItem\",\"position\":1,\"name\":\"Page d'accueil\",\"item\":\"https:\\\/\\\/www.rri.ro\\\/fr\"},{\"@type\":\"ListItem\",\"position\":2,\"name\":\"Actualit\u00e9s\",\"item\":\"https:\\\/\\\/www.rri.ro\\\/fr\\\/actualites\"},{\"@type\":\"ListItem\",\"position\":3,\"name\":\"Les dossiers de l'actualit\u00e9\",\"item\":\"https:\\\/\\\/www.rri.ro\\\/fr\\\/actualites\\\/les-dossiers-de-lactualite\"},{\"@type\":\"ListItem\",\"position\":4,\"name\":\"Sommet UE &#8211; R\u00e9publique de Moldova, les conclusions\"}]},{\"@type\":\"WebSite\",\"@id\":\"https:\\\/\\\/www.rri.ro\\\/#website\",\"url\":\"https:\\\/\\\/www.rri.ro\\\/\",\"name\":\"Radio Roumanie Internationale\",\"description\":\"Totul despre Rom\u00e2nia \u015fi rom\u00e2ni, \u00een 13 limbi\\\/dialecte!\",\"inLanguage\":\"fr-FR\"},{\"@type\":\"Person\",\"@id\":\"https:\\\/\\\/www.rri.ro\\\/#\\\/schema\\\/person\\\/c6036c822534c855dc3aad41a484f05d\",\"name\":\"Mihai Pelin\",\"url\":\"https:\\\/\\\/www.rri.ro\\\/fr\\\/author\\\/mihai-pelin\"}]}<\/script>\n<!-- \/ Yoast SEO plugin. -->","yoast_head_json":{"title":"Sommet UE - R\u00e9publique de Moldova, les conclusions - Radio Roumanie Internationale","robots":{"index":"index","follow":"follow","max-snippet":"max-snippet:-1","max-image-preview":"max-image-preview:large","max-video-preview":"max-video-preview:-1"},"canonical":"https:\/\/www.rri.ro\/fr\/actualites\/les-dossiers-de-lactualite\/summet-ue-republique-de-moldova-les-conclusions-id906485.html","og_locale":"fr_FR","og_type":"article","og_title":"Sommet UE - R\u00e9publique de Moldova, les conclusions - Radio Roumanie Internationale","og_description":"\u00ab\u00a0L\u2019avenir de la Moldova est auu sein de l\u2019Union Europ\u00e9enne\u00a0\u00bb &nbsp; Accueilli vendredi dernier par la capitale moldave, Chisinau, \u00ab\u00a0le premier sommet R\u00e9publique de Moldova &#8211; Union Europ\u00e9enne marque une \u00e9tape importante dans les relations entre ce pays et l\u2019espace communautaire, r\u00e9affirmant l\u2019engagement commun pour la paix, la s\u00e9curit\u00e9, la stabilit\u00e9 et la prosp\u00e9rit\u00e9 sur [&hellip;]","og_url":"https:\/\/www.rri.ro\/fr\/actualites\/les-dossiers-de-lactualite\/summet-ue-republique-de-moldova-les-conclusions-id906485.html","og_site_name":"Radio Roumanie Internationale","article_published_time":"2025-07-07T10:02:05+00:00","article_modified_time":"2025-07-07T10:08:25+00:00","og_image":[{"width":960,"height":540,"url":"https:\/\/www.rri.ro\/wp-content\/uploads\/2025\/07\/summit-R-Moldova-UE-foto-presedinte-md.jpg","type":"image\/jpeg"}],"author":"Mihai Pelin","twitter_card":"summary_large_image","twitter_misc":{"\u00c9crit par":"Mihai Pelin","Dur\u00e9e de lecture estim\u00e9e":"4 minutes","Written by":"Mihai Pelin"},"schema":{"@context":"https:\/\/schema.org","@graph":[{"@type":"Article","@id":"https:\/\/www.rri.ro\/fr\/actualites\/les-dossiers-de-lactualite\/summet-ue-republique-de-moldova-les-conclusions-id906485.html#article","isPartOf":{"@id":"https:\/\/www.rri.ro\/fr\/actualites\/les-dossiers-de-lactualite\/summet-ue-republique-de-moldova-les-conclusions-id906485.html"},"author":{"name":"Mihai Pelin","@id":"https:\/\/www.rri.ro\/#\/schema\/person\/c6036c822534c855dc3aad41a484f05d"},"headline":"Sommet UE &#8211; R\u00e9publique de Moldova, les conclusions","datePublished":"2025-07-07T10:02:05+00:00","dateModified":"2025-07-07T10:08:25+00:00","mainEntityOfPage":{"@id":"https:\/\/www.rri.ro\/fr\/actualites\/les-dossiers-de-lactualite\/summet-ue-republique-de-moldova-les-conclusions-id906485.html"},"wordCount":781,"image":{"@id":"https:\/\/www.rri.ro\/fr\/actualites\/les-dossiers-de-lactualite\/summet-ue-republique-de-moldova-les-conclusions-id906485.html#primaryimage"},"thumbnailUrl":"https:\/\/www.rri.ro\/wp-content\/uploads\/2025\/07\/summit-R-Moldova-UE-foto-presedinte-md.jpg","keywords":["Antonio Costa","chisinau","Moldova","sommet","UE","Ursula von der Leyen"],"articleSection":["Les dossiers de l'actualit\u00e9"],"inLanguage":"fr-FR"},{"@type":"WebPage","@id":"https:\/\/www.rri.ro\/fr\/actualites\/les-dossiers-de-lactualite\/summet-ue-republique-de-moldova-les-conclusions-id906485.html","url":"https:\/\/www.rri.ro\/fr\/actualites\/les-dossiers-de-lactualite\/summet-ue-republique-de-moldova-les-conclusions-id906485.html","name":"Sommet UE - R\u00e9publique de Moldova, les conclusions - Radio Roumanie Internationale","isPartOf":{"@id":"https:\/\/www.rri.ro\/#website"},"primaryImageOfPage":{"@id":"https:\/\/www.rri.ro\/fr\/actualites\/les-dossiers-de-lactualite\/summet-ue-republique-de-moldova-les-conclusions-id906485.html#primaryimage"},"image":{"@id":"https:\/\/www.rri.ro\/fr\/actualites\/les-dossiers-de-lactualite\/summet-ue-republique-de-moldova-les-conclusions-id906485.html#primaryimage"},"thumbnailUrl":"https:\/\/www.rri.ro\/wp-content\/uploads\/2025\/07\/summit-R-Moldova-UE-foto-presedinte-md.jpg","datePublished":"2025-07-07T10:02:05+00:00","dateModified":"2025-07-07T10:08:25+00:00","author":{"@id":"https:\/\/www.rri.ro\/#\/schema\/person\/c6036c822534c855dc3aad41a484f05d"},"breadcrumb":{"@id":"https:\/\/www.rri.ro\/fr\/actualites\/les-dossiers-de-lactualite\/summet-ue-republique-de-moldova-les-conclusions-id906485.html#breadcrumb"},"inLanguage":"fr-FR","potentialAction":[{"@type":"ReadAction","target":["https:\/\/www.rri.ro\/fr\/actualites\/les-dossiers-de-lactualite\/summet-ue-republique-de-moldova-les-conclusions-id906485.html"]}]},{"@type":"ImageObject","inLanguage":"fr-FR","@id":"https:\/\/www.rri.ro\/fr\/actualites\/les-dossiers-de-lactualite\/summet-ue-republique-de-moldova-les-conclusions-id906485.html#primaryimage","url":"https:\/\/www.rri.ro\/wp-content\/uploads\/2025\/07\/summit-R-Moldova-UE-foto-presedinte-md.jpg","contentUrl":"https:\/\/www.rri.ro\/wp-content\/uploads\/2025\/07\/summit-R-Moldova-UE-foto-presedinte-md.jpg","width":960,"height":540,"caption":"Summit bilateral Republica Moldova\u2013Uniunea European\u0103 (surs\u0103 foto:"},{"@type":"BreadcrumbList","@id":"https:\/\/www.rri.ro\/fr\/actualites\/les-dossiers-de-lactualite\/summet-ue-republique-de-moldova-les-conclusions-id906485.html#breadcrumb","itemListElement":[{"@type":"ListItem","position":1,"name":"Page d'accueil","item":"https:\/\/www.rri.ro\/fr"},{"@type":"ListItem","position":2,"name":"Actualit\u00e9s","item":"https:\/\/www.rri.ro\/fr\/actualites"},{"@type":"ListItem","position":3,"name":"Les dossiers de l'actualit\u00e9","item":"https:\/\/www.rri.ro\/fr\/actualites\/les-dossiers-de-lactualite"},{"@type":"ListItem","position":4,"name":"Sommet UE &#8211; R\u00e9publique de Moldova, les conclusions"}]},{"@type":"WebSite","@id":"https:\/\/www.rri.ro\/#website","url":"https:\/\/www.rri.ro\/","name":"Radio Roumanie Internationale","description":"Totul despre Rom\u00e2nia \u015fi rom\u00e2ni, \u00een 13 limbi\/dialecte!","inLanguage":"fr-FR"},{"@type":"Person","@id":"https:\/\/www.rri.ro\/#\/schema\/person\/c6036c822534c855dc3aad41a484f05d","name":"Mihai Pelin","url":"https:\/\/www.rri.ro\/fr\/author\/mihai-pelin"}]}},"_links":{"self":[{"href":"https:\/\/www.rri.ro\/fr\/wp-json\/wp\/v2\/posts\/906485","targetHints":{"allow":["GET"]}}],"collection":[{"href":"https:\/\/www.rri.ro\/fr\/wp-json\/wp\/v2\/posts"}],"about":[{"href":"https:\/\/www.rri.ro\/fr\/wp-json\/wp\/v2\/types\/post"}],"author":[{"embeddable":true,"href":"https:\/\/www.rri.ro\/fr\/wp-json\/wp\/v2\/users\/106"}],"replies":[{"embeddable":true,"href":"https:\/\/www.rri.ro\/fr\/wp-json\/wp\/v2\/comments?post=906485"}],"version-history":[{"count":0,"href":"https:\/\/www.rri.ro\/fr\/wp-json\/wp\/v2\/posts\/906485\/revisions"}],"wp:featuredmedia":[{"embeddable":true,"href":"https:\/\/www.rri.ro\/fr\/wp-json\/wp\/v2\/media\/906308"}],"wp:attachment":[{"href":"https:\/\/www.rri.ro\/fr\/wp-json\/wp\/v2\/media?parent=906485"}],"wp:term":[{"taxonomy":"category","embeddable":true,"href":"https:\/\/www.rri.ro\/fr\/wp-json\/wp\/v2\/categories?post=906485"},{"taxonomy":"post_tag","embeddable":true,"href":"https:\/\/www.rri.ro\/fr\/wp-json\/wp\/v2\/tags?post=906485"},{"taxonomy":"author","embeddable":true,"href":"https:\/\/www.rri.ro\/fr\/wp-json\/wp\/v2\/coauthors?post=906485"}],"curies":[{"name":"wp","href":"https:\/\/api.w.org\/{rel}","templated":true}]}}