{"id":907530,"date":"2025-07-10T12:49:51","date_gmt":"2025-07-10T09:49:51","guid":{"rendered":"https:\/\/www.rri.ro\/?p=907530"},"modified":"2025-07-10T12:49:51","modified_gmt":"2025-07-10T09:49:51","slug":"10-07-2025","status":"publish","type":"post","link":"https:\/\/www.rri.ro\/fr\/actualites\/le-flash\/10-07-2025-id907530.html","title":{"rendered":"10.07.2025"},"content":{"rendered":"<p><strong>Motion<\/strong> \u2013 La motion de censure d\u00e9pos\u00e9e par l\u2019opposition nationaliste contre la coalition au pouvoir en Roumanie se trouve ce jeudi sur la table du Parlement roumain. La d\u00e9marche a \u00e9t\u00e9 initi\u00e9e apr\u00e8s que le cabinet Bolojan eut engag\u00e9 sa responsabilit\u00e9 sur le premier paquet de mesures d\u2019aust\u00e9rit\u00e9 cens\u00e9es corriger le d\u00e9ficit budg\u00e9taire excessif. Intitul\u00e9e \u00ab\u00a0Le pays en ruine, \u00a0les Roumains oblig\u00e9s \u00e0 payer l\u2019addition. Que ce Gouvernement hypocrite s\u2019en aille\u00a0!\u00a0\u00bb, la motion sera d\u00e9battue le lundi, 14 juillet. Si elle passe, le gouvernement sera destitu\u00e9. Si la motion ne re\u00e7oit pas le vote de la majorit\u00e9 parlementaire, le projet de mesures fiscales sur lequel l\u2019Ex\u00e9cutif a engag\u00e9 sa responsabilit\u00e9 sera adopt\u00e9.<\/p>\n<p>&nbsp;<\/p>\n<p><strong>Protestations<\/strong> \u2013 Le Bloc National Syndical organise ce jeudi une manifestation devant le si\u00e8ge du minist\u00e8re des Finances de Bucarest.\u00a0 Y participent des salari\u00e9s du minist\u00e8re mentionn\u00e9, membres de syndicat, et des fonctionnaires du Fisc. Vendredi, les protestations auront lieu devant le minist\u00e8re de l\u2019Environnement, des Eaux et des For\u00eats. Les syndicalistes ont d\u00e9cid\u00e9 d\u2019organiser des protestations chaque jeudi, de 10h00 \u00e0 midi, devant toutes les institutions publiques o\u00f9 le Bloc national syndical a des membres. Les manifestations surviennent \u00e0 l\u2019engagement de la responsabilit\u00e9 gouvernementale sur un premier paquet de mesures d\u2019aust\u00e9rit\u00e9 et \u00e0 l\u2019annonce d\u2019un deuxi\u00e8me paquet de mesures fiscales. Le premier paquet pr\u00e9voit, entre autres, la hausse de la TVA, des accises et de l\u2019imp\u00f4t sur les dividendes, tout comme la baisse des d\u00e9penses publiques. Les mesures ont d\u00e9clench\u00e9 le m\u00e9contentement des fonctionnaires publics.<\/p>\n<p>&nbsp;<\/p>\n<p><strong>D\u00e9ficit<\/strong> \u2013 Durant les cinq premiers mois de l\u2019ann\u00e9e en cours, le d\u00e9ficit de la balance commerciale de la Roumanie a augment\u00e9 de 16,4% par rapport \u00e0 la m\u00eame p\u00e9riode de l\u2019ann\u00e9e derni\u00e8re et se chiffre d\u00e9sormais \u00e0 14,32 milliards d\u2019euros, informe l\u2019INS ce jeudi. Du janvier au mai 2025, les exportations libres \u00e0 bord ont totalis\u00e9 39,47 milliards d\u2019euros et les importations \u00ab\u00a0Co\u00fbts, assurance et fret\u00a0\u00bb sont mont\u00e9es \u00e0 53,79 milliards d\u2019euros. Par ailleurs, le PIB de la Roumanie a stagn\u00e9 au premier trimestre de l\u2019ann\u00e9e par rapport au trimestre pr\u00e9c\u00e9dent et a progress\u00e9 de 0,3% par rapport au m\u00eame trimestre de 2024. Cette situation s\u2019explique par un recul de 3% des activit\u00e9s industrielles. La construction budg\u00e9taire de cette ann\u00e9e table sur une croissance \u00e9conomique de 2,5%.<\/p>\n<p>&nbsp;<\/p>\n<p><strong>Notation<\/strong> \u2013 Selon l\u2019agence internationale de notation, Moody\u2019s, les mesures fiscales adopt\u00e9es r\u00e9cemment par le gouvernement roumain sont un pas en avant sur la voie de l\u2019\u00e9quilibre budg\u00e9taire. En revanche, si le programme assum\u00e9 n\u2019est pas respect\u00e9 au pied de la lettre, les efforts de stabilit\u00e9 \u00e9conomique pourraient \u00eatre d\u00e9truits et par cons\u00e9quent, le pays pourrait voir sa note abaisser. C\u2019est ce qu\u2019a annonc\u00e9 le minist\u00e8re des Finances de Bucarest, en citant un rapport rendu public mercredi par les experts de Moody\u2019s. Selon cette source, le projet du gouvernement roumain devrait entra\u00eener une baisse du d\u00e9ficit et un ralentissement de la majoration de la dette publique. Le respect des cibles fix\u00e9es reste essentiel pour que le programme de consolidation financi\u00e8re soit un succ\u00e8s, affirme encore Moody\u2019s. L\u2019agence est rest\u00e9e la seule \u00e0 avoir confirm\u00e9 pour la Roumanie une perspective stable. Fitch et S&amp;P Global Ratings ont confirm\u00e9 une perspective n\u00e9gative ce qui repr\u00e9sente un risque que le pays se retrouve dans une cat\u00e9gorie d\u00e9conseill\u00e9e aux investisseurs.<\/p>\n<p>&nbsp;<\/p>\n<p><strong>Football<\/strong> \u2013 L\u2019\u00e9quipe championne de la Coupe de Roumanie au football, CFR Cluj, rencontre ce jeudi les Hongrois de Paksi FC, pour un premier match au tableau du premier tour de la Ligue Europe. En cas de victoire, les Tricolores roumains se qualifieront au deuxi\u00e8me tour pr\u00e9liminaire et joueront contre les Suisses de Lugano. Par ailleurs, au tableau du premier tour pr\u00e9liminaire de la Ligue des Champions, l\u2019\u00e9quipe roumaine FCSB a remport\u00e9 son premier match face \u00e0 l\u2019\u00e9quipe Inter Club d\u2019Escaldes d\u2019Andorre. Si la Roumanie remporte aussi le match retour, alors elle se qualifiera au deuxi\u00e8me tour pr\u00e9liminaire et jouera contre l\u2019\u00e9quipe qui gagnera le match entre le New Saints FC du Pays de Galles et le KF Shkendija de Mac\u00e9doine du Nord.<\/p>\n<p>&nbsp;<\/p>\n<p><strong>Tennis<\/strong> \u2013 Le duo roumano-russe, Sorana C\u00eerstea\/Ana Kalinskaia, a perdu mercredi dans les quarts de finale du concours de tennis de Wimbledon, face au duo Su-wei Hsieh (de Taiwan)\/Jelena Ostapenko (de Lettonie). Sorana C\u00eerstea et Ana Kalinskaia ont d\u00e9j\u00e0 remport\u00e9 la finale du concours de double dames de l\u2019Open de Madrid, l\u2019\u00e9dition 2025.<\/p>\n<p>&nbsp;<\/p>\n<p><strong>Orages<\/strong> \u2013 Un orage particuli\u00e8rement puissant a touch\u00e9 mercredi plusieurs localit\u00e9s du d\u00e9partement d\u2019Arges, dans le sud de la Roumanie. Le vent tr\u00e8s fort a d\u00e9racin\u00e9 des arbres qui sont tomb\u00e9s sur des voitures. De fortes rafales ont souffl\u00e9 aussi dans le nord-ouest du pays, au Maramures, o\u00f9 des d\u00e9g\u00e2ts mat\u00e9riels ont \u00e9t\u00e9 enregistr\u00e9s. Une temp\u00eate particuli\u00e8rement puissante a fait ravage dans la station de Sinaia. Plusieurs personnes ont \u00e9t\u00e9 bless\u00e9es, le trafic ferroviaire a \u00e9t\u00e9 perturb\u00e9 et plusieurs \u00e9difices de patrimoine ont \u00e9t\u00e9 endommag\u00e9s. 16 personnes dont des citoyens isra\u00e9liens et canadiens, souffrant de diff\u00e9rents traumatismes, ont n\u00e9cessit\u00e9 une prise en charge m\u00e9dicale. Le vent a arrach\u00e9 la toiture de la Gare royale de Sinaia. Des dizaines de touristes surpris par l\u2019orage en haut de la montagne ont \u00e9t\u00e9 r\u00e9cup\u00e9r\u00e9s par des secouristes apr\u00e8s que les t\u00e9l\u00e9cabines sont tomb\u00e9es en panne.<\/p>\n<p>&nbsp;<\/p>\n<p><strong>M\u00e9t\u00e9o<\/strong> \u2013 En Roumanie, les temp\u00e9ratures sont \u00e0 la baisse et la n\u00e9bulosit\u00e9 persiste dans l\u2019ouest, le nord et le centre du pays o\u00f9 des pluies \u00e9parses sont signal\u00e9es. Dans le reste des r\u00e9gions, les temp\u00e9ratures se situent proche des moyennes sp\u00e9cifiques au mois de juillet. Par endroits, la vitesse du vent peut atteindre 65 km\/h. Les temp\u00e9ratures maximales vont ce jeudi de 18 \u00e0 30 degr\u00e9s.<\/p>\n","protected":false},"excerpt":{"rendered":"<p>Motion \u2013 La motion de censure d\u00e9pos\u00e9e par l\u2019opposition nationaliste contre la coalition au pouvoir en Roumanie se trouve ce jeudi sur la table du Parlement roumain. La d\u00e9marche a \u00e9t\u00e9 initi\u00e9e apr\u00e8s que le cabinet Bolojan eut engag\u00e9 sa responsabilit\u00e9 sur le premier paquet de mesures d\u2019aust\u00e9rit\u00e9 cens\u00e9es corriger le d\u00e9ficit budg\u00e9taire excessif. Intitul\u00e9e [&hellip;]<\/p>\n","protected":false},"author":113,"featured_media":723357,"comment_status":"closed","ping_status":"closed","sticky":false,"template":"","format":"standard","meta":{"_acf_changed":false,"footnotes":""},"categories":[89002],"tags":[148455,87096,165948,163836,89474,85700],"coauthors":[116091],"class_list":["post-907530","post","type-post","status-publish","format-standard","has-post-thumbnail","hentry","category-le-flash","tag-football-fr","tag-gouvernement","tag-moodys-fr","tag-motion-fr","tag-orage","tag-protestations"],"acf":[],"yoast_head":"<!-- This site is optimized with the Yoast SEO plugin v27.3 - https:\/\/yoast.com\/product\/yoast-seo-wordpress\/ -->\n<title>10.07.2025 - Radio Roumanie Internationale<\/title>\n<meta name=\"robots\" content=\"index, follow, max-snippet:-1, max-image-preview:large, max-video-preview:-1\" \/>\n<link rel=\"canonical\" href=\"https:\/\/www.rri.ro\/fr\/actualites\/le-flash\/10-07-2025-id907530.html\" \/>\n<meta property=\"og:locale\" content=\"fr_FR\" \/>\n<meta property=\"og:type\" content=\"article\" \/>\n<meta property=\"og:title\" content=\"10.07.2025 - Radio Roumanie Internationale\" \/>\n<meta property=\"og:description\" content=\"Motion \u2013 La motion de censure d\u00e9pos\u00e9e par l\u2019opposition nationaliste contre la coalition au pouvoir en Roumanie se trouve ce jeudi sur la table du Parlement roumain. La d\u00e9marche a \u00e9t\u00e9 initi\u00e9e apr\u00e8s que le cabinet Bolojan eut engag\u00e9 sa responsabilit\u00e9 sur le premier paquet de mesures d\u2019aust\u00e9rit\u00e9 cens\u00e9es corriger le d\u00e9ficit budg\u00e9taire excessif. Intitul\u00e9e [&hellip;]\" \/>\n<meta property=\"og:url\" content=\"https:\/\/www.rri.ro\/fr\/actualites\/le-flash\/10-07-2025-id907530.html\" \/>\n<meta property=\"og:site_name\" content=\"Radio Roumanie Internationale\" \/>\n<meta property=\"article:published_time\" content=\"2025-07-10T09:49:51+00:00\" \/>\n<meta property=\"og:image\" content=\"https:\/\/www.rri.ro\/wp-content\/uploads\/2024\/03\/RRI-960x540-Le-flash-2-NOU.jpg\" \/>\n\t<meta property=\"og:image:width\" content=\"960\" \/>\n\t<meta property=\"og:image:height\" content=\"540\" \/>\n\t<meta property=\"og:image:type\" content=\"image\/jpeg\" \/>\n<meta name=\"author\" content=\"Newsroom\" \/>\n<meta name=\"twitter:card\" content=\"summary_large_image\" \/>\n<meta name=\"twitter:label1\" content=\"\u00c9crit par\" \/>\n\t<meta name=\"twitter:data1\" content=\"Newsroom\" \/>\n\t<meta name=\"twitter:label2\" content=\"Dur\u00e9e de lecture estim\u00e9e\" \/>\n\t<meta name=\"twitter:data2\" content=\"5 minutes\" \/>\n\t<meta name=\"twitter:label3\" content=\"Written by\" \/>\n\t<meta name=\"twitter:data3\" content=\"Newsroom\" \/>\n<script type=\"application\/ld+json\" class=\"yoast-schema-graph\">{\"@context\":\"https:\\\/\\\/schema.org\",\"@graph\":[{\"@type\":\"Article\",\"@id\":\"https:\\\/\\\/www.rri.ro\\\/fr\\\/actualites\\\/le-flash\\\/10-07-2025-id907530.html#article\",\"isPartOf\":{\"@id\":\"https:\\\/\\\/www.rri.ro\\\/fr\\\/actualites\\\/le-flash\\\/10-07-2025-id907530.html\"},\"author\":{\"name\":\"Newsroom\",\"@id\":\"https:\\\/\\\/www.rri.ro\\\/#\\\/schema\\\/person\\\/4a479940371b9fdefd194f561e8a7f88\"},\"headline\":\"10.07.2025\",\"datePublished\":\"2025-07-10T09:49:51+00:00\",\"mainEntityOfPage\":{\"@id\":\"https:\\\/\\\/www.rri.ro\\\/fr\\\/actualites\\\/le-flash\\\/10-07-2025-id907530.html\"},\"wordCount\":1050,\"image\":{\"@id\":\"https:\\\/\\\/www.rri.ro\\\/fr\\\/actualites\\\/le-flash\\\/10-07-2025-id907530.html#primaryimage\"},\"thumbnailUrl\":\"https:\\\/\\\/www.rri.ro\\\/wp-content\\\/uploads\\\/2024\\\/03\\\/RRI-960x540-Le-flash-2-NOU.jpg\",\"keywords\":[\"football\",\"gouvernement\",\"Moody's\",\"motion\",\"orage\",\"protestations\"],\"articleSection\":[\"Le flash\"],\"inLanguage\":\"fr-FR\"},{\"@type\":\"WebPage\",\"@id\":\"https:\\\/\\\/www.rri.ro\\\/fr\\\/actualites\\\/le-flash\\\/10-07-2025-id907530.html\",\"url\":\"https:\\\/\\\/www.rri.ro\\\/fr\\\/actualites\\\/le-flash\\\/10-07-2025-id907530.html\",\"name\":\"10.07.2025 - Radio Roumanie Internationale\",\"isPartOf\":{\"@id\":\"https:\\\/\\\/www.rri.ro\\\/#website\"},\"primaryImageOfPage\":{\"@id\":\"https:\\\/\\\/www.rri.ro\\\/fr\\\/actualites\\\/le-flash\\\/10-07-2025-id907530.html#primaryimage\"},\"image\":{\"@id\":\"https:\\\/\\\/www.rri.ro\\\/fr\\\/actualites\\\/le-flash\\\/10-07-2025-id907530.html#primaryimage\"},\"thumbnailUrl\":\"https:\\\/\\\/www.rri.ro\\\/wp-content\\\/uploads\\\/2024\\\/03\\\/RRI-960x540-Le-flash-2-NOU.jpg\",\"datePublished\":\"2025-07-10T09:49:51+00:00\",\"author\":{\"@id\":\"https:\\\/\\\/www.rri.ro\\\/#\\\/schema\\\/person\\\/4a479940371b9fdefd194f561e8a7f88\"},\"breadcrumb\":{\"@id\":\"https:\\\/\\\/www.rri.ro\\\/fr\\\/actualites\\\/le-flash\\\/10-07-2025-id907530.html#breadcrumb\"},\"inLanguage\":\"fr-FR\",\"potentialAction\":[{\"@type\":\"ReadAction\",\"target\":[\"https:\\\/\\\/www.rri.ro\\\/fr\\\/actualites\\\/le-flash\\\/10-07-2025-id907530.html\"]}]},{\"@type\":\"ImageObject\",\"inLanguage\":\"fr-FR\",\"@id\":\"https:\\\/\\\/www.rri.ro\\\/fr\\\/actualites\\\/le-flash\\\/10-07-2025-id907530.html#primaryimage\",\"url\":\"https:\\\/\\\/www.rri.ro\\\/wp-content\\\/uploads\\\/2024\\\/03\\\/RRI-960x540-Le-flash-2-NOU.jpg\",\"contentUrl\":\"https:\\\/\\\/www.rri.ro\\\/wp-content\\\/uploads\\\/2024\\\/03\\\/RRI-960x540-Le-flash-2-NOU.jpg\",\"width\":960,\"height\":540},{\"@type\":\"BreadcrumbList\",\"@id\":\"https:\\\/\\\/www.rri.ro\\\/fr\\\/actualites\\\/le-flash\\\/10-07-2025-id907530.html#breadcrumb\",\"itemListElement\":[{\"@type\":\"ListItem\",\"position\":1,\"name\":\"Page d'accueil\",\"item\":\"https:\\\/\\\/www.rri.ro\\\/fr\"},{\"@type\":\"ListItem\",\"position\":2,\"name\":\"Actualit\u00e9s\",\"item\":\"https:\\\/\\\/www.rri.ro\\\/fr\\\/actualites\"},{\"@type\":\"ListItem\",\"position\":3,\"name\":\"Le flash\",\"item\":\"https:\\\/\\\/www.rri.ro\\\/fr\\\/actualites\\\/le-flash\"},{\"@type\":\"ListItem\",\"position\":4,\"name\":\"10.07.2025\"}]},{\"@type\":\"WebSite\",\"@id\":\"https:\\\/\\\/www.rri.ro\\\/#website\",\"url\":\"https:\\\/\\\/www.rri.ro\\\/\",\"name\":\"Radio Roumanie Internationale\",\"description\":\"Totul despre Rom\u00e2nia \u015fi rom\u00e2ni, \u00een 13 limbi\\\/dialecte!\",\"inLanguage\":\"fr-FR\"},{\"@type\":\"Person\",\"@id\":\"https:\\\/\\\/www.rri.ro\\\/#\\\/schema\\\/person\\\/4a479940371b9fdefd194f561e8a7f88\",\"name\":\"Newsroom\",\"url\":\"https:\\\/\\\/www.rri.ro\\\/fr\\\/author\\\/newsroom\"}]}<\/script>\n<!-- \/ Yoast SEO plugin. -->","yoast_head_json":{"title":"10.07.2025 - Radio Roumanie Internationale","robots":{"index":"index","follow":"follow","max-snippet":"max-snippet:-1","max-image-preview":"max-image-preview:large","max-video-preview":"max-video-preview:-1"},"canonical":"https:\/\/www.rri.ro\/fr\/actualites\/le-flash\/10-07-2025-id907530.html","og_locale":"fr_FR","og_type":"article","og_title":"10.07.2025 - Radio Roumanie Internationale","og_description":"Motion \u2013 La motion de censure d\u00e9pos\u00e9e par l\u2019opposition nationaliste contre la coalition au pouvoir en Roumanie se trouve ce jeudi sur la table du Parlement roumain. La d\u00e9marche a \u00e9t\u00e9 initi\u00e9e apr\u00e8s que le cabinet Bolojan eut engag\u00e9 sa responsabilit\u00e9 sur le premier paquet de mesures d\u2019aust\u00e9rit\u00e9 cens\u00e9es corriger le d\u00e9ficit budg\u00e9taire excessif. Intitul\u00e9e [&hellip;]","og_url":"https:\/\/www.rri.ro\/fr\/actualites\/le-flash\/10-07-2025-id907530.html","og_site_name":"Radio Roumanie Internationale","article_published_time":"2025-07-10T09:49:51+00:00","og_image":[{"width":960,"height":540,"url":"https:\/\/www.rri.ro\/wp-content\/uploads\/2024\/03\/RRI-960x540-Le-flash-2-NOU.jpg","type":"image\/jpeg"}],"author":"Newsroom","twitter_card":"summary_large_image","twitter_misc":{"\u00c9crit par":"Newsroom","Dur\u00e9e de lecture estim\u00e9e":"5 minutes","Written by":"Newsroom"},"schema":{"@context":"https:\/\/schema.org","@graph":[{"@type":"Article","@id":"https:\/\/www.rri.ro\/fr\/actualites\/le-flash\/10-07-2025-id907530.html#article","isPartOf":{"@id":"https:\/\/www.rri.ro\/fr\/actualites\/le-flash\/10-07-2025-id907530.html"},"author":{"name":"Newsroom","@id":"https:\/\/www.rri.ro\/#\/schema\/person\/4a479940371b9fdefd194f561e8a7f88"},"headline":"10.07.2025","datePublished":"2025-07-10T09:49:51+00:00","mainEntityOfPage":{"@id":"https:\/\/www.rri.ro\/fr\/actualites\/le-flash\/10-07-2025-id907530.html"},"wordCount":1050,"image":{"@id":"https:\/\/www.rri.ro\/fr\/actualites\/le-flash\/10-07-2025-id907530.html#primaryimage"},"thumbnailUrl":"https:\/\/www.rri.ro\/wp-content\/uploads\/2024\/03\/RRI-960x540-Le-flash-2-NOU.jpg","keywords":["football","gouvernement","Moody's","motion","orage","protestations"],"articleSection":["Le flash"],"inLanguage":"fr-FR"},{"@type":"WebPage","@id":"https:\/\/www.rri.ro\/fr\/actualites\/le-flash\/10-07-2025-id907530.html","url":"https:\/\/www.rri.ro\/fr\/actualites\/le-flash\/10-07-2025-id907530.html","name":"10.07.2025 - Radio Roumanie Internationale","isPartOf":{"@id":"https:\/\/www.rri.ro\/#website"},"primaryImageOfPage":{"@id":"https:\/\/www.rri.ro\/fr\/actualites\/le-flash\/10-07-2025-id907530.html#primaryimage"},"image":{"@id":"https:\/\/www.rri.ro\/fr\/actualites\/le-flash\/10-07-2025-id907530.html#primaryimage"},"thumbnailUrl":"https:\/\/www.rri.ro\/wp-content\/uploads\/2024\/03\/RRI-960x540-Le-flash-2-NOU.jpg","datePublished":"2025-07-10T09:49:51+00:00","author":{"@id":"https:\/\/www.rri.ro\/#\/schema\/person\/4a479940371b9fdefd194f561e8a7f88"},"breadcrumb":{"@id":"https:\/\/www.rri.ro\/fr\/actualites\/le-flash\/10-07-2025-id907530.html#breadcrumb"},"inLanguage":"fr-FR","potentialAction":[{"@type":"ReadAction","target":["https:\/\/www.rri.ro\/fr\/actualites\/le-flash\/10-07-2025-id907530.html"]}]},{"@type":"ImageObject","inLanguage":"fr-FR","@id":"https:\/\/www.rri.ro\/fr\/actualites\/le-flash\/10-07-2025-id907530.html#primaryimage","url":"https:\/\/www.rri.ro\/wp-content\/uploads\/2024\/03\/RRI-960x540-Le-flash-2-NOU.jpg","contentUrl":"https:\/\/www.rri.ro\/wp-content\/uploads\/2024\/03\/RRI-960x540-Le-flash-2-NOU.jpg","width":960,"height":540},{"@type":"BreadcrumbList","@id":"https:\/\/www.rri.ro\/fr\/actualites\/le-flash\/10-07-2025-id907530.html#breadcrumb","itemListElement":[{"@type":"ListItem","position":1,"name":"Page d'accueil","item":"https:\/\/www.rri.ro\/fr"},{"@type":"ListItem","position":2,"name":"Actualit\u00e9s","item":"https:\/\/www.rri.ro\/fr\/actualites"},{"@type":"ListItem","position":3,"name":"Le flash","item":"https:\/\/www.rri.ro\/fr\/actualites\/le-flash"},{"@type":"ListItem","position":4,"name":"10.07.2025"}]},{"@type":"WebSite","@id":"https:\/\/www.rri.ro\/#website","url":"https:\/\/www.rri.ro\/","name":"Radio Roumanie Internationale","description":"Totul despre Rom\u00e2nia \u015fi rom\u00e2ni, \u00een 13 limbi\/dialecte!","inLanguage":"fr-FR"},{"@type":"Person","@id":"https:\/\/www.rri.ro\/#\/schema\/person\/4a479940371b9fdefd194f561e8a7f88","name":"Newsroom","url":"https:\/\/www.rri.ro\/fr\/author\/newsroom"}]}},"_links":{"self":[{"href":"https:\/\/www.rri.ro\/fr\/wp-json\/wp\/v2\/posts\/907530","targetHints":{"allow":["GET"]}}],"collection":[{"href":"https:\/\/www.rri.ro\/fr\/wp-json\/wp\/v2\/posts"}],"about":[{"href":"https:\/\/www.rri.ro\/fr\/wp-json\/wp\/v2\/types\/post"}],"author":[{"embeddable":true,"href":"https:\/\/www.rri.ro\/fr\/wp-json\/wp\/v2\/users\/113"}],"replies":[{"embeddable":true,"href":"https:\/\/www.rri.ro\/fr\/wp-json\/wp\/v2\/comments?post=907530"}],"version-history":[{"count":0,"href":"https:\/\/www.rri.ro\/fr\/wp-json\/wp\/v2\/posts\/907530\/revisions"}],"wp:featuredmedia":[{"embeddable":true,"href":"https:\/\/www.rri.ro\/fr\/wp-json\/wp\/v2\/media\/723357"}],"wp:attachment":[{"href":"https:\/\/www.rri.ro\/fr\/wp-json\/wp\/v2\/media?parent=907530"}],"wp:term":[{"taxonomy":"category","embeddable":true,"href":"https:\/\/www.rri.ro\/fr\/wp-json\/wp\/v2\/categories?post=907530"},{"taxonomy":"post_tag","embeddable":true,"href":"https:\/\/www.rri.ro\/fr\/wp-json\/wp\/v2\/tags?post=907530"},{"taxonomy":"author","embeddable":true,"href":"https:\/\/www.rri.ro\/fr\/wp-json\/wp\/v2\/coauthors?post=907530"}],"curies":[{"name":"wp","href":"https:\/\/api.w.org\/{rel}","templated":true}]}}