{"id":908238,"date":"2025-07-12T18:02:40","date_gmt":"2025-07-12T15:02:40","guid":{"rendered":"https:\/\/www.rri.ro\/?p=908238"},"modified":"2025-07-12T18:18:24","modified_gmt":"2025-07-12T15:18:24","slug":"12-07-2025-mise-a-jour","status":"publish","type":"post","link":"https:\/\/www.rri.ro\/fr\/actualites\/le-flash\/12-07-2025-mise-a-jour-id908238.html","title":{"rendered":"12.07.2025 (mise \u00e0 jour)"},"content":{"rendered":"<p><strong>Visite<\/strong> &#8211; Le pr\u00e9sident roumain Nicu\u0219or Dan, effectuera une visite officielle en Allemagne le vendredi 18 juillet, o\u00f9 il rencontrera son homologue Frank-Walter Steinmeier. Il rencontrera ensuite le chancelier f\u00e9d\u00e9ral Friedrich Merz. Les discussions porteront sur des questions bilat\u00e9rales, europ\u00e9ennes et de politique de s\u00e9curit\u00e9. Cette ann\u00e9e, la Roumanie et l\u2019Allemagne c\u00e9l\u00e8brent 145 ans de relations diplomatiques. L&rsquo;Allemagne est le premier partenaire commercial de la Roumanie, repr\u00e9sentant 19,82 % du commerce ext\u00e9rieur total du pays, 20,95 % des exportations et 18,98 % des importations.<\/p>\n<p><strong>\u00a0<\/strong><\/p>\n<p><strong>\u00a0<\/strong><\/p>\n<p><strong>Congr\u00e8s<\/strong> &#8211; A Bucarest, le congr\u00e8s extraordinaire du Parti national lib\u00e9ral (au gouvernement avec les Parti social d\u00e9mocrate -\u2013 Union sauvez\u00a0 la Roumanie et Union d\u00e9mocrate magyar de Roumanie a \u00e9lu samedi le pr\u00e9sident int\u00e9rimaire du parti, Ilie Bolojan, comme nouveau pr\u00e9sident. Le Premier ministre Ilie Bolojan \u00e9tait le seul candidat. Il a d\u00e9clar\u00e9 que la fonction de pr\u00e9sident du parti \u00e9tait un honneur et une grande responsabilit\u00e9, montrant qu&rsquo;il \u00e9tait pr\u00eat \u00e0 faire tout ce qui \u00e9tait en son pouvoir pour que le nom du parti s&rsquo;apparente \u00e0 celui de la Roumanie modernis\u00e9e. Nous avons deux objectifs politiques majeurs. Un bon gouvernement, parce que c&rsquo;est notre premi\u00e8re responsabilit\u00e9 aujourd&rsquo;hui, le destin de notre pays, dans le respect des citoyens, visant deux choses : \u00e0 court terme, r\u00e9\u00e9quilibrer le pays d&rsquo;un point de vue budg\u00e9taire et \u00e9conomique, et \u00e0 moyen terme, cr\u00e9er les conditions du d\u00e9veloppement et de la prosp\u00e9rit\u00e9\u00a0\u00bb, a d\u00e9clar\u00e9 Ilie Bolojan. Il a ajout\u00e9 que, sur le plan interne et politique, l&rsquo;objectif principal est de reconstruire la droite d\u00e9mocratique roumaine autour du PNL.<\/p>\n<p>&nbsp;<\/p>\n<p>&nbsp;<\/p>\n<p><strong>Rencontre<\/strong> &#8211; Le pr\u00e9sident du S\u00e9nat roumain, Mircea Abrudean, a rencontr\u00e9 ce samedi \u00e0 Bucarest le pr\u00e9sident du Parlement de la R\u00e9publique de Moldova, Igor Grosu. A cette occasion, le caract\u00e8re \u00ab privil\u00e9gi\u00e9 et strat\u00e9gique \u00bb de la relation bilat\u00e9rale entre les deux pays, bas\u00e9e sur des liens historiques et culturels et des valeurs europ\u00e9ennes communes, a \u00e9t\u00e9 soulign\u00e9, selon un communiqu\u00e9 de presse publi\u00e9 par le S\u00e9nat. Mircea Abrudean a rappel\u00e9 que les \u00e9lections l\u00e9gislatives en R\u00e9publique de Moldova, pr\u00e9vues en septembre, constituent un moment cl\u00e9 pour le destin pro-europ\u00e9en des Roumains de l&rsquo;autre c\u00f4t\u00e9 du Prut et a soulign\u00e9 l&rsquo;importance de renforcer les institutions d\u00e9mocratiques et de poursuivre le chemin des r\u00e9formes. Il a \u00e9galement transmis le \u00ab soutien constant \u00bb de la Roumanie aux autorit\u00e9s de Chisinau dans leurs efforts pour d\u00e9fendre la d\u00e9mocratie, l&rsquo;unit\u00e9 et l&rsquo;objectif strat\u00e9gique de rejoindre les structures europ\u00e9ennes.<\/p>\n<p>&nbsp;<\/p>\n<p>&nbsp;<\/p>\n<p><strong>Festival<\/strong> &#8211; Des centaines de milliers de jeunes de Roumanie et de l&rsquo;\u00e9tranger participent \u00e0 \u00ab\u00a0Beach, Please !\u00a0\u00bb, le plus grand festival de musique hip-hop urbaine d&rsquo;Europe, dans la station baln\u00e9aire de Costinesti, sur les bords de la mer Noire. 200 artistes roumains et \u00e9trangers ont \u00e9t\u00e9 invit\u00e9s \u00e0 cet \u00e9v\u00e9nement musical. Organis\u00e9e sur 21 hectares, l&rsquo;\u00e9dition de cette ann\u00e9e offre une exp\u00e9rience sans pr\u00e9c\u00e9dent : la plus grande sc\u00e8ne jamais install\u00e9e en Europe, le syst\u00e8me de sonorisation le plus puissant jamais mis en place sur le continent et une production \u00e0 la hauteur des plus grands festivals des \u00c9tats-Unis.<\/p>\n","protected":false},"excerpt":{"rendered":"<p>Visite &#8211; Le pr\u00e9sident roumain Nicu\u0219or Dan, effectuera une visite officielle en Allemagne le vendredi 18 juillet, o\u00f9 il rencontrera son homologue Frank-Walter Steinmeier. Il rencontrera ensuite le chancelier f\u00e9d\u00e9ral Friedrich Merz. Les discussions porteront sur des questions bilat\u00e9rales, europ\u00e9ennes et de politique de s\u00e9curit\u00e9. Cette ann\u00e9e, la Roumanie et l\u2019Allemagne c\u00e9l\u00e8brent 145 ans de [&hellip;]<\/p>\n","protected":false},"author":113,"featured_media":723357,"comment_status":"closed","ping_status":"closed","sticky":false,"template":"","format":"standard","meta":{"_acf_changed":false,"footnotes":""},"categories":[89002],"tags":[85498,149356,146431,85943,88296,85567,85944,86149,85918,89559,95075,85412],"coauthors":[116091],"class_list":["post-908238","post","type-post","status-publish","format-standard","has-post-thumbnail","hentry","category-le-flash","tag-allemagne","tag-diplomatie-fr","tag-festival-fr","tag-mer-noire","tag-parlement","tag-politique","tag-presse-roumaine","tag-rencontre","tag-republique-de-moldova","tag-reunion","tag-revue-de-presse","tag-roumanie"],"acf":[],"yoast_head":"<!-- This site is optimized with the Yoast SEO plugin v27.3 - https:\/\/yoast.com\/product\/yoast-seo-wordpress\/ -->\n<title>12.07.2025 (mise \u00e0 jour) - Radio Roumanie Internationale<\/title>\n<meta name=\"robots\" content=\"index, follow, max-snippet:-1, max-image-preview:large, max-video-preview:-1\" \/>\n<link rel=\"canonical\" href=\"https:\/\/www.rri.ro\/fr\/actualites\/le-flash\/12-07-2025-mise-a-jour-id908238.html\" \/>\n<meta property=\"og:locale\" content=\"fr_FR\" \/>\n<meta property=\"og:type\" content=\"article\" \/>\n<meta property=\"og:title\" content=\"12.07.2025 (mise \u00e0 jour) - Radio Roumanie Internationale\" \/>\n<meta property=\"og:description\" content=\"Visite &#8211; Le pr\u00e9sident roumain Nicu\u0219or Dan, effectuera une visite officielle en Allemagne le vendredi 18 juillet, o\u00f9 il rencontrera son homologue Frank-Walter Steinmeier. Il rencontrera ensuite le chancelier f\u00e9d\u00e9ral Friedrich Merz. Les discussions porteront sur des questions bilat\u00e9rales, europ\u00e9ennes et de politique de s\u00e9curit\u00e9. Cette ann\u00e9e, la Roumanie et l\u2019Allemagne c\u00e9l\u00e8brent 145 ans de [&hellip;]\" \/>\n<meta property=\"og:url\" content=\"https:\/\/www.rri.ro\/fr\/actualites\/le-flash\/12-07-2025-mise-a-jour-id908238.html\" \/>\n<meta property=\"og:site_name\" content=\"Radio Roumanie Internationale\" \/>\n<meta property=\"article:published_time\" content=\"2025-07-12T15:02:40+00:00\" \/>\n<meta property=\"article:modified_time\" content=\"2025-07-12T15:18:24+00:00\" \/>\n<meta property=\"og:image\" content=\"https:\/\/www.rri.ro\/wp-content\/uploads\/2024\/03\/RRI-960x540-Le-flash-2-NOU.jpg\" \/>\n\t<meta property=\"og:image:width\" content=\"960\" \/>\n\t<meta property=\"og:image:height\" content=\"540\" \/>\n\t<meta property=\"og:image:type\" content=\"image\/jpeg\" \/>\n<meta name=\"author\" content=\"Newsroom\" \/>\n<meta name=\"twitter:card\" content=\"summary_large_image\" \/>\n<meta name=\"twitter:label1\" content=\"\u00c9crit par\" \/>\n\t<meta name=\"twitter:data1\" content=\"Newsroom\" \/>\n\t<meta name=\"twitter:label2\" content=\"Dur\u00e9e de lecture estim\u00e9e\" \/>\n\t<meta name=\"twitter:data2\" content=\"3 minutes\" \/>\n\t<meta name=\"twitter:label3\" content=\"Written by\" \/>\n\t<meta name=\"twitter:data3\" content=\"Newsroom\" \/>\n<script type=\"application\/ld+json\" class=\"yoast-schema-graph\">{\"@context\":\"https:\\\/\\\/schema.org\",\"@graph\":[{\"@type\":\"Article\",\"@id\":\"https:\\\/\\\/www.rri.ro\\\/fr\\\/actualites\\\/le-flash\\\/12-07-2025-mise-a-jour-id908238.html#article\",\"isPartOf\":{\"@id\":\"https:\\\/\\\/www.rri.ro\\\/fr\\\/actualites\\\/le-flash\\\/12-07-2025-mise-a-jour-id908238.html\"},\"author\":{\"name\":\"Newsroom\",\"@id\":\"https:\\\/\\\/www.rri.ro\\\/#\\\/schema\\\/person\\\/4a479940371b9fdefd194f561e8a7f88\"},\"headline\":\"12.07.2025 (mise \u00e0 jour)\",\"datePublished\":\"2025-07-12T15:02:40+00:00\",\"dateModified\":\"2025-07-12T15:18:24+00:00\",\"mainEntityOfPage\":{\"@id\":\"https:\\\/\\\/www.rri.ro\\\/fr\\\/actualites\\\/le-flash\\\/12-07-2025-mise-a-jour-id908238.html\"},\"wordCount\":568,\"image\":{\"@id\":\"https:\\\/\\\/www.rri.ro\\\/fr\\\/actualites\\\/le-flash\\\/12-07-2025-mise-a-jour-id908238.html#primaryimage\"},\"thumbnailUrl\":\"https:\\\/\\\/www.rri.ro\\\/wp-content\\\/uploads\\\/2024\\\/03\\\/RRI-960x540-Le-flash-2-NOU.jpg\",\"keywords\":[\"Allemagne\",\"diplomatie\",\"festival\",\"mer Noire\",\"Parlement\",\"politique\",\"presse roumaine\",\"rencontre\",\"R\u00e9publique de Moldova\",\"r\u00e9union\",\"revue de presse\",\"Roumanie\"],\"articleSection\":[\"Le flash\"],\"inLanguage\":\"fr-FR\"},{\"@type\":\"WebPage\",\"@id\":\"https:\\\/\\\/www.rri.ro\\\/fr\\\/actualites\\\/le-flash\\\/12-07-2025-mise-a-jour-id908238.html\",\"url\":\"https:\\\/\\\/www.rri.ro\\\/fr\\\/actualites\\\/le-flash\\\/12-07-2025-mise-a-jour-id908238.html\",\"name\":\"12.07.2025 (mise \u00e0 jour) - Radio Roumanie Internationale\",\"isPartOf\":{\"@id\":\"https:\\\/\\\/www.rri.ro\\\/#website\"},\"primaryImageOfPage\":{\"@id\":\"https:\\\/\\\/www.rri.ro\\\/fr\\\/actualites\\\/le-flash\\\/12-07-2025-mise-a-jour-id908238.html#primaryimage\"},\"image\":{\"@id\":\"https:\\\/\\\/www.rri.ro\\\/fr\\\/actualites\\\/le-flash\\\/12-07-2025-mise-a-jour-id908238.html#primaryimage\"},\"thumbnailUrl\":\"https:\\\/\\\/www.rri.ro\\\/wp-content\\\/uploads\\\/2024\\\/03\\\/RRI-960x540-Le-flash-2-NOU.jpg\",\"datePublished\":\"2025-07-12T15:02:40+00:00\",\"dateModified\":\"2025-07-12T15:18:24+00:00\",\"author\":{\"@id\":\"https:\\\/\\\/www.rri.ro\\\/#\\\/schema\\\/person\\\/4a479940371b9fdefd194f561e8a7f88\"},\"breadcrumb\":{\"@id\":\"https:\\\/\\\/www.rri.ro\\\/fr\\\/actualites\\\/le-flash\\\/12-07-2025-mise-a-jour-id908238.html#breadcrumb\"},\"inLanguage\":\"fr-FR\",\"potentialAction\":[{\"@type\":\"ReadAction\",\"target\":[\"https:\\\/\\\/www.rri.ro\\\/fr\\\/actualites\\\/le-flash\\\/12-07-2025-mise-a-jour-id908238.html\"]}]},{\"@type\":\"ImageObject\",\"inLanguage\":\"fr-FR\",\"@id\":\"https:\\\/\\\/www.rri.ro\\\/fr\\\/actualites\\\/le-flash\\\/12-07-2025-mise-a-jour-id908238.html#primaryimage\",\"url\":\"https:\\\/\\\/www.rri.ro\\\/wp-content\\\/uploads\\\/2024\\\/03\\\/RRI-960x540-Le-flash-2-NOU.jpg\",\"contentUrl\":\"https:\\\/\\\/www.rri.ro\\\/wp-content\\\/uploads\\\/2024\\\/03\\\/RRI-960x540-Le-flash-2-NOU.jpg\",\"width\":960,\"height\":540},{\"@type\":\"BreadcrumbList\",\"@id\":\"https:\\\/\\\/www.rri.ro\\\/fr\\\/actualites\\\/le-flash\\\/12-07-2025-mise-a-jour-id908238.html#breadcrumb\",\"itemListElement\":[{\"@type\":\"ListItem\",\"position\":1,\"name\":\"Page d'accueil\",\"item\":\"https:\\\/\\\/www.rri.ro\\\/fr\"},{\"@type\":\"ListItem\",\"position\":2,\"name\":\"Actualit\u00e9s\",\"item\":\"https:\\\/\\\/www.rri.ro\\\/fr\\\/actualites\"},{\"@type\":\"ListItem\",\"position\":3,\"name\":\"Le flash\",\"item\":\"https:\\\/\\\/www.rri.ro\\\/fr\\\/actualites\\\/le-flash\"},{\"@type\":\"ListItem\",\"position\":4,\"name\":\"12.07.2025 (mise \u00e0 jour)\"}]},{\"@type\":\"WebSite\",\"@id\":\"https:\\\/\\\/www.rri.ro\\\/#website\",\"url\":\"https:\\\/\\\/www.rri.ro\\\/\",\"name\":\"Radio Roumanie Internationale\",\"description\":\"Totul despre Rom\u00e2nia \u015fi rom\u00e2ni, \u00een 13 limbi\\\/dialecte!\",\"inLanguage\":\"fr-FR\"},{\"@type\":\"Person\",\"@id\":\"https:\\\/\\\/www.rri.ro\\\/#\\\/schema\\\/person\\\/4a479940371b9fdefd194f561e8a7f88\",\"name\":\"Newsroom\",\"url\":\"https:\\\/\\\/www.rri.ro\\\/fr\\\/author\\\/newsroom\"}]}<\/script>\n<!-- \/ Yoast SEO plugin. -->","yoast_head_json":{"title":"12.07.2025 (mise \u00e0 jour) - Radio Roumanie Internationale","robots":{"index":"index","follow":"follow","max-snippet":"max-snippet:-1","max-image-preview":"max-image-preview:large","max-video-preview":"max-video-preview:-1"},"canonical":"https:\/\/www.rri.ro\/fr\/actualites\/le-flash\/12-07-2025-mise-a-jour-id908238.html","og_locale":"fr_FR","og_type":"article","og_title":"12.07.2025 (mise \u00e0 jour) - Radio Roumanie Internationale","og_description":"Visite &#8211; Le pr\u00e9sident roumain Nicu\u0219or Dan, effectuera une visite officielle en Allemagne le vendredi 18 juillet, o\u00f9 il rencontrera son homologue Frank-Walter Steinmeier. Il rencontrera ensuite le chancelier f\u00e9d\u00e9ral Friedrich Merz. Les discussions porteront sur des questions bilat\u00e9rales, europ\u00e9ennes et de politique de s\u00e9curit\u00e9. Cette ann\u00e9e, la Roumanie et l\u2019Allemagne c\u00e9l\u00e8brent 145 ans de [&hellip;]","og_url":"https:\/\/www.rri.ro\/fr\/actualites\/le-flash\/12-07-2025-mise-a-jour-id908238.html","og_site_name":"Radio Roumanie Internationale","article_published_time":"2025-07-12T15:02:40+00:00","article_modified_time":"2025-07-12T15:18:24+00:00","og_image":[{"width":960,"height":540,"url":"https:\/\/www.rri.ro\/wp-content\/uploads\/2024\/03\/RRI-960x540-Le-flash-2-NOU.jpg","type":"image\/jpeg"}],"author":"Newsroom","twitter_card":"summary_large_image","twitter_misc":{"\u00c9crit par":"Newsroom","Dur\u00e9e de lecture estim\u00e9e":"3 minutes","Written by":"Newsroom"},"schema":{"@context":"https:\/\/schema.org","@graph":[{"@type":"Article","@id":"https:\/\/www.rri.ro\/fr\/actualites\/le-flash\/12-07-2025-mise-a-jour-id908238.html#article","isPartOf":{"@id":"https:\/\/www.rri.ro\/fr\/actualites\/le-flash\/12-07-2025-mise-a-jour-id908238.html"},"author":{"name":"Newsroom","@id":"https:\/\/www.rri.ro\/#\/schema\/person\/4a479940371b9fdefd194f561e8a7f88"},"headline":"12.07.2025 (mise \u00e0 jour)","datePublished":"2025-07-12T15:02:40+00:00","dateModified":"2025-07-12T15:18:24+00:00","mainEntityOfPage":{"@id":"https:\/\/www.rri.ro\/fr\/actualites\/le-flash\/12-07-2025-mise-a-jour-id908238.html"},"wordCount":568,"image":{"@id":"https:\/\/www.rri.ro\/fr\/actualites\/le-flash\/12-07-2025-mise-a-jour-id908238.html#primaryimage"},"thumbnailUrl":"https:\/\/www.rri.ro\/wp-content\/uploads\/2024\/03\/RRI-960x540-Le-flash-2-NOU.jpg","keywords":["Allemagne","diplomatie","festival","mer Noire","Parlement","politique","presse roumaine","rencontre","R\u00e9publique de Moldova","r\u00e9union","revue de presse","Roumanie"],"articleSection":["Le flash"],"inLanguage":"fr-FR"},{"@type":"WebPage","@id":"https:\/\/www.rri.ro\/fr\/actualites\/le-flash\/12-07-2025-mise-a-jour-id908238.html","url":"https:\/\/www.rri.ro\/fr\/actualites\/le-flash\/12-07-2025-mise-a-jour-id908238.html","name":"12.07.2025 (mise \u00e0 jour) - Radio Roumanie Internationale","isPartOf":{"@id":"https:\/\/www.rri.ro\/#website"},"primaryImageOfPage":{"@id":"https:\/\/www.rri.ro\/fr\/actualites\/le-flash\/12-07-2025-mise-a-jour-id908238.html#primaryimage"},"image":{"@id":"https:\/\/www.rri.ro\/fr\/actualites\/le-flash\/12-07-2025-mise-a-jour-id908238.html#primaryimage"},"thumbnailUrl":"https:\/\/www.rri.ro\/wp-content\/uploads\/2024\/03\/RRI-960x540-Le-flash-2-NOU.jpg","datePublished":"2025-07-12T15:02:40+00:00","dateModified":"2025-07-12T15:18:24+00:00","author":{"@id":"https:\/\/www.rri.ro\/#\/schema\/person\/4a479940371b9fdefd194f561e8a7f88"},"breadcrumb":{"@id":"https:\/\/www.rri.ro\/fr\/actualites\/le-flash\/12-07-2025-mise-a-jour-id908238.html#breadcrumb"},"inLanguage":"fr-FR","potentialAction":[{"@type":"ReadAction","target":["https:\/\/www.rri.ro\/fr\/actualites\/le-flash\/12-07-2025-mise-a-jour-id908238.html"]}]},{"@type":"ImageObject","inLanguage":"fr-FR","@id":"https:\/\/www.rri.ro\/fr\/actualites\/le-flash\/12-07-2025-mise-a-jour-id908238.html#primaryimage","url":"https:\/\/www.rri.ro\/wp-content\/uploads\/2024\/03\/RRI-960x540-Le-flash-2-NOU.jpg","contentUrl":"https:\/\/www.rri.ro\/wp-content\/uploads\/2024\/03\/RRI-960x540-Le-flash-2-NOU.jpg","width":960,"height":540},{"@type":"BreadcrumbList","@id":"https:\/\/www.rri.ro\/fr\/actualites\/le-flash\/12-07-2025-mise-a-jour-id908238.html#breadcrumb","itemListElement":[{"@type":"ListItem","position":1,"name":"Page d'accueil","item":"https:\/\/www.rri.ro\/fr"},{"@type":"ListItem","position":2,"name":"Actualit\u00e9s","item":"https:\/\/www.rri.ro\/fr\/actualites"},{"@type":"ListItem","position":3,"name":"Le flash","item":"https:\/\/www.rri.ro\/fr\/actualites\/le-flash"},{"@type":"ListItem","position":4,"name":"12.07.2025 (mise \u00e0 jour)"}]},{"@type":"WebSite","@id":"https:\/\/www.rri.ro\/#website","url":"https:\/\/www.rri.ro\/","name":"Radio Roumanie Internationale","description":"Totul despre Rom\u00e2nia \u015fi rom\u00e2ni, \u00een 13 limbi\/dialecte!","inLanguage":"fr-FR"},{"@type":"Person","@id":"https:\/\/www.rri.ro\/#\/schema\/person\/4a479940371b9fdefd194f561e8a7f88","name":"Newsroom","url":"https:\/\/www.rri.ro\/fr\/author\/newsroom"}]}},"_links":{"self":[{"href":"https:\/\/www.rri.ro\/fr\/wp-json\/wp\/v2\/posts\/908238","targetHints":{"allow":["GET"]}}],"collection":[{"href":"https:\/\/www.rri.ro\/fr\/wp-json\/wp\/v2\/posts"}],"about":[{"href":"https:\/\/www.rri.ro\/fr\/wp-json\/wp\/v2\/types\/post"}],"author":[{"embeddable":true,"href":"https:\/\/www.rri.ro\/fr\/wp-json\/wp\/v2\/users\/113"}],"replies":[{"embeddable":true,"href":"https:\/\/www.rri.ro\/fr\/wp-json\/wp\/v2\/comments?post=908238"}],"version-history":[{"count":0,"href":"https:\/\/www.rri.ro\/fr\/wp-json\/wp\/v2\/posts\/908238\/revisions"}],"wp:featuredmedia":[{"embeddable":true,"href":"https:\/\/www.rri.ro\/fr\/wp-json\/wp\/v2\/media\/723357"}],"wp:attachment":[{"href":"https:\/\/www.rri.ro\/fr\/wp-json\/wp\/v2\/media?parent=908238"}],"wp:term":[{"taxonomy":"category","embeddable":true,"href":"https:\/\/www.rri.ro\/fr\/wp-json\/wp\/v2\/categories?post=908238"},{"taxonomy":"post_tag","embeddable":true,"href":"https:\/\/www.rri.ro\/fr\/wp-json\/wp\/v2\/tags?post=908238"},{"taxonomy":"author","embeddable":true,"href":"https:\/\/www.rri.ro\/fr\/wp-json\/wp\/v2\/coauthors?post=908238"}],"curies":[{"name":"wp","href":"https:\/\/api.w.org\/{rel}","templated":true}]}}