{"id":909266,"date":"2025-07-15T12:53:27","date_gmt":"2025-07-15T09:53:27","guid":{"rendered":"https:\/\/www.rri.ro\/?p=909266"},"modified":"2025-07-15T13:59:13","modified_gmt":"2025-07-15T10:59:13","slug":"le-parlement-roumain-rejette-la-motion-de-censure-contre-le-gouvernement-de-ilie-bolojan","status":"publish","type":"post","link":"https:\/\/www.rri.ro\/fr\/actualites\/les-dossiers-de-lactualite\/le-parlement-roumain-rejette-la-motion-de-censure-contre-le-gouvernement-de-ilie-bolojan-id909266.html","title":{"rendered":"Le Parlement roumain rejette la motion de censure contre le gouvernement de Ilie Bolojan"},"content":{"rendered":"<p>Le Parlement roumain, convoqu\u00e9 en session extraordinaire, a rejet\u00e9 ce lundi la motion de censure d\u00e9pos\u00e9e par l\u2019opposition populiste et ultranationaliste contre le gouvernement de coalition form\u00e9 par le Parti social-d\u00e9mocrate (PSD), le Parti national lib\u00e9ral (PNL), l\u2019Union sauvez la Roumanie (USR) et l\u2019Union d\u00e9mocratique hongroise de Roumanie (UDMR). La motion, initi\u00e9e par l\u2019Alliance pour l\u2019union des Roumains (AUR), avait \u00e9t\u00e9 soutenue par des d\u00e9put\u00e9s du parti S.O.S. Roumanie, du Parti des jeunes gens (POT) ainsi que par plusieurs \u00e9lus non affili\u00e9s. Cette initiative faisait suite \u00e0 la d\u00e9cision du gouvernement dirig\u00e9 par le lib\u00e9ral Ilie Bolojan d\u2019engager sa responsabilit\u00e9 sur un premier paquet de r\u00e9formes fiscales destin\u00e9es \u00e0 freiner un d\u00e9ficit budg\u00e9taire record, le plus \u00e9lev\u00e9 de l\u2019Union europ\u00e9enne, atteignant 9,3 % du PIB. Les auteurs de la motion entendaient ainsi bloquer les hausses d\u2019imp\u00f4ts pr\u00e9vues, qu\u2019ils jugent synonymes d\u2019aust\u00e9rit\u00e9 pour les citoyens ordinaires. Le rejet de la motion de censure entra\u00eene de facto l\u2019adoption du paquet fiscal, qui sera d\u00e9sormais transmis pour promulgation.<\/p>\n<p>&nbsp;<\/p>\n<h3><strong>Des mesures fiscales impopulaires mais jug\u00e9es indispensables<\/strong><\/h3>\n<p>&nbsp;<\/p>\n<p>Lors du d\u00e9bat g\u00e9n\u00e9ral, le leader de l\u2019AUR, George Simion, a fustig\u00e9 la prolif\u00e9ration des postes de vice-ministres ainsi qu\u2019un effort d\u2019aust\u00e9rit\u00e9 reposant essentiellement, selon lui, sur les revenus modestes. Le paquet fiscal controvers\u00e9 pr\u00e9voit notamment une augmentation de la taxe sur la valeur ajout\u00e9e (TVA), la suppression de l\u2019exon\u00e9ration de la contribution sociale de sant\u00e9 (CASS) pour les retrait\u00e9s dont les pensions d\u00e9passent 3 000 lei (environ 600 euros), ainsi qu\u2019un rel\u00e8vement des droits d\u2019accise sur le tabac, l\u2019alcool et les carburants. En outre, les salaires et pensions du secteur public resteront plafonn\u00e9s pour l\u2019ann\u00e9e prochaine.<\/p>\n<p>Face \u00e0 ces critiques, le Premier ministre Ilie Bolojan a d\u00e9fendu la n\u00e9cessit\u00e9 du plan en rappelant l\u2019\u00e9tat critique des finances publiques. Il a qualifi\u00e9 certaines attaques d\u2019\u00ab infond\u00e9es \u00bb et a invit\u00e9 les opposants \u00e0 proposer des alternatives \u00e9quitables. Bolojan a soulign\u00e9 que la Roumanie avait commenc\u00e9 \u00e0 regagner la confiance des march\u00e9s internationaux, avec une baisse progressive du co\u00fbt de ses emprunts. Il a r\u00e9affirm\u00e9 son engagement \u00e0 poursuivre le redressement budg\u00e9taire \u00e0 travers la fin du gaspillage des ressources publiques, la restauration de l\u2019\u00e9quit\u00e9 fiscale et une responsabilisation accrue des institutions \u00e9tatiques.<\/p>\n<p>&nbsp;<\/p>\n<h3><strong>Un \u00e9quilibre pr\u00e9caire entre r\u00e9formes, promesses et tensions sociales<\/strong><\/h3>\n<p>&nbsp;<\/p>\n<p>L\u2019une des mesures les plus critiqu\u00e9es reste l\u2019augmentation de la TVA, jug\u00e9e contraire aux engagements \u00e9lectoraux. Le pr\u00e9sident de la R\u00e9publique, Nicu\u0219or Dan, qui avait promis de ne pas alourdir la fiscalit\u00e9 indirecte, a maintenu que cette hausse aurait pu \u00eatre \u00e9vit\u00e9e. Il a toutefois conc\u00e9d\u00e9 que cela aurait n\u00e9cessit\u00e9 un plan fiscal plus complexe, assorti de n\u00e9gociations approfondies avec la Commission europ\u00e9enne et les agences de notation. Il a expliqu\u00e9 que le gouvernement, confront\u00e9 \u00e0 l\u2019urgence budg\u00e9taire, avait \u00e9t\u00e9 contraint d\u2019agir rapidement pour pr\u00e9server la note de cr\u00e9dit du pays.<\/p>\n<p>Malgr\u00e9 tout, le chef de l\u2019\u00c9tat reste optimiste et consid\u00e8re ces restrictions budg\u00e9taires comme temporaires. Il pr\u00e9voit une am\u00e9lioration significative de la situation financi\u00e8re une fois que la Roumanie aura finalis\u00e9 son adh\u00e9sion \u00e0 l\u2019Organisation de coop\u00e9ration et de d\u00e9veloppement \u00e9conomiques (OCDE), attendue pour la fin de l\u2019ann\u00e9e prochaine. En parall\u00e8le, les mesures prises ont provoqu\u00e9 l\u2019ire des syndicats, qui sont descendus dans la rue pour manifester leur d\u00e9saccord. Ces derniers d\u00e9noncent ce qu\u2019ils per\u00e7oivent comme une offensive contre les travailleurs, les retrait\u00e9s et les citoyens les plus vuln\u00e9rables, critiquant une politique \u00e9conomique jug\u00e9e socialement injuste et d\u00e9connect\u00e9e des r\u00e9alit\u00e9s du quotidien.<\/p>\n","protected":false},"excerpt":{"rendered":"<p>Le Parlement roumain, convoqu\u00e9 en session extraordinaire, a rejet\u00e9 ce lundi la motion de censure d\u00e9pos\u00e9e par l\u2019opposition populiste et ultranationaliste contre le gouvernement de coalition form\u00e9 par le Parti social-d\u00e9mocrate (PSD), le Parti national lib\u00e9ral (PNL), l\u2019Union sauvez la Roumanie (USR) et l\u2019Union d\u00e9mocratique hongroise de Roumanie (UDMR). La motion, initi\u00e9e par l\u2019Alliance pour [&hellip;]<\/p>\n","protected":false},"author":46,"featured_media":909175,"comment_status":"closed","ping_status":"closed","sticky":false,"template":"","format":"standard","meta":{"_acf_changed":false,"footnotes":""},"categories":[93377],"tags":[89594,87096,163836,88296,85567,85944,85700,95075,85412],"coauthors":[115852],"class_list":["post-909266","post","type-post","status-publish","format-standard","has-post-thumbnail","hentry","category-les-dossiers-de-lactualite","tag-austerite","tag-gouvernement","tag-motion-fr","tag-parlement","tag-politique","tag-presse-roumaine","tag-protestations","tag-revue-de-presse","tag-roumanie"],"acf":[],"yoast_head":"<!-- This site is optimized with the Yoast SEO plugin v27.3 - https:\/\/yoast.com\/product\/yoast-seo-wordpress\/ -->\n<title>Le Parlement roumain rejette la motion de censure contre le gouvernement de Ilie Bolojan - Radio Roumanie Internationale<\/title>\n<meta name=\"robots\" content=\"index, follow, max-snippet:-1, max-image-preview:large, max-video-preview:-1\" \/>\n<link rel=\"canonical\" href=\"https:\/\/www.rri.ro\/fr\/actualites\/les-dossiers-de-lactualite\/le-parlement-roumain-rejette-la-motion-de-censure-contre-le-gouvernement-de-ilie-bolojan-id909266.html\" \/>\n<meta property=\"og:locale\" content=\"fr_FR\" \/>\n<meta property=\"og:type\" content=\"article\" \/>\n<meta property=\"og:title\" content=\"Le Parlement roumain rejette la motion de censure contre le gouvernement de Ilie Bolojan - Radio Roumanie Internationale\" \/>\n<meta property=\"og:description\" content=\"Le Parlement roumain, convoqu\u00e9 en session extraordinaire, a rejet\u00e9 ce lundi la motion de censure d\u00e9pos\u00e9e par l\u2019opposition populiste et ultranationaliste contre le gouvernement de coalition form\u00e9 par le Parti social-d\u00e9mocrate (PSD), le Parti national lib\u00e9ral (PNL), l\u2019Union sauvez la Roumanie (USR) et l\u2019Union d\u00e9mocratique hongroise de Roumanie (UDMR). La motion, initi\u00e9e par l\u2019Alliance pour [&hellip;]\" \/>\n<meta property=\"og:url\" content=\"https:\/\/www.rri.ro\/fr\/actualites\/les-dossiers-de-lactualite\/le-parlement-roumain-rejette-la-motion-de-censure-contre-le-gouvernement-de-ilie-bolojan-id909266.html\" \/>\n<meta property=\"og:site_name\" content=\"Radio Roumanie Internationale\" \/>\n<meta property=\"article:published_time\" content=\"2025-07-15T09:53:27+00:00\" \/>\n<meta property=\"article:modified_time\" content=\"2025-07-15T10:59:13+00:00\" \/>\n<meta property=\"og:image\" content=\"https:\/\/www.rri.ro\/wp-content\/uploads\/2025\/07\/bolojan-parlament-motiune-iul2025-gov-ro.jpeg\" \/>\n\t<meta property=\"og:image:width\" content=\"1280\" \/>\n\t<meta property=\"og:image:height\" content=\"726\" \/>\n\t<meta property=\"og:image:type\" content=\"image\/jpeg\" \/>\n<meta name=\"author\" content=\"Leyla Cheamil\" \/>\n<meta name=\"twitter:card\" content=\"summary_large_image\" \/>\n<meta name=\"twitter:label1\" content=\"\u00c9crit par\" \/>\n\t<meta name=\"twitter:data1\" content=\"Leyla Cheamil\" \/>\n\t<meta name=\"twitter:label2\" content=\"Dur\u00e9e de lecture estim\u00e9e\" \/>\n\t<meta name=\"twitter:data2\" content=\"3 minutes\" \/>\n\t<meta name=\"twitter:label3\" content=\"Written by\" \/>\n\t<meta name=\"twitter:data3\" content=\"Leyla Cheamil\" \/>\n<script type=\"application\/ld+json\" class=\"yoast-schema-graph\">{\"@context\":\"https:\\\/\\\/schema.org\",\"@graph\":[{\"@type\":\"Article\",\"@id\":\"https:\\\/\\\/www.rri.ro\\\/fr\\\/actualites\\\/les-dossiers-de-lactualite\\\/le-parlement-roumain-rejette-la-motion-de-censure-contre-le-gouvernement-de-ilie-bolojan-id909266.html#article\",\"isPartOf\":{\"@id\":\"https:\\\/\\\/www.rri.ro\\\/fr\\\/actualites\\\/les-dossiers-de-lactualite\\\/le-parlement-roumain-rejette-la-motion-de-censure-contre-le-gouvernement-de-ilie-bolojan-id909266.html\"},\"author\":{\"name\":\"Leyla Cheamil\",\"@id\":\"https:\\\/\\\/www.rri.ro\\\/#\\\/schema\\\/person\\\/e6364ed2d4b6af207a82ca66000d07e0\"},\"headline\":\"Le Parlement roumain rejette la motion de censure contre le gouvernement de Ilie Bolojan\",\"datePublished\":\"2025-07-15T09:53:27+00:00\",\"dateModified\":\"2025-07-15T10:59:13+00:00\",\"mainEntityOfPage\":{\"@id\":\"https:\\\/\\\/www.rri.ro\\\/fr\\\/actualites\\\/les-dossiers-de-lactualite\\\/le-parlement-roumain-rejette-la-motion-de-censure-contre-le-gouvernement-de-ilie-bolojan-id909266.html\"},\"wordCount\":678,\"image\":{\"@id\":\"https:\\\/\\\/www.rri.ro\\\/fr\\\/actualites\\\/les-dossiers-de-lactualite\\\/le-parlement-roumain-rejette-la-motion-de-censure-contre-le-gouvernement-de-ilie-bolojan-id909266.html#primaryimage\"},\"thumbnailUrl\":\"https:\\\/\\\/www.rri.ro\\\/wp-content\\\/uploads\\\/2025\\\/07\\\/bolojan-parlament-motiune-iul2025-gov-ro.jpeg\",\"keywords\":[\"aust\u00e9rit\u00e9\",\"gouvernement\",\"motion\",\"Parlement\",\"politique\",\"presse roumaine\",\"protestations\",\"revue de presse\",\"Roumanie\"],\"articleSection\":[\"Les dossiers de l'actualit\u00e9\"],\"inLanguage\":\"fr-FR\"},{\"@type\":\"WebPage\",\"@id\":\"https:\\\/\\\/www.rri.ro\\\/fr\\\/actualites\\\/les-dossiers-de-lactualite\\\/le-parlement-roumain-rejette-la-motion-de-censure-contre-le-gouvernement-de-ilie-bolojan-id909266.html\",\"url\":\"https:\\\/\\\/www.rri.ro\\\/fr\\\/actualites\\\/les-dossiers-de-lactualite\\\/le-parlement-roumain-rejette-la-motion-de-censure-contre-le-gouvernement-de-ilie-bolojan-id909266.html\",\"name\":\"Le Parlement roumain rejette la motion de censure contre le gouvernement de Ilie Bolojan - Radio Roumanie Internationale\",\"isPartOf\":{\"@id\":\"https:\\\/\\\/www.rri.ro\\\/#website\"},\"primaryImageOfPage\":{\"@id\":\"https:\\\/\\\/www.rri.ro\\\/fr\\\/actualites\\\/les-dossiers-de-lactualite\\\/le-parlement-roumain-rejette-la-motion-de-censure-contre-le-gouvernement-de-ilie-bolojan-id909266.html#primaryimage\"},\"image\":{\"@id\":\"https:\\\/\\\/www.rri.ro\\\/fr\\\/actualites\\\/les-dossiers-de-lactualite\\\/le-parlement-roumain-rejette-la-motion-de-censure-contre-le-gouvernement-de-ilie-bolojan-id909266.html#primaryimage\"},\"thumbnailUrl\":\"https:\\\/\\\/www.rri.ro\\\/wp-content\\\/uploads\\\/2025\\\/07\\\/bolojan-parlament-motiune-iul2025-gov-ro.jpeg\",\"datePublished\":\"2025-07-15T09:53:27+00:00\",\"dateModified\":\"2025-07-15T10:59:13+00:00\",\"author\":{\"@id\":\"https:\\\/\\\/www.rri.ro\\\/#\\\/schema\\\/person\\\/e6364ed2d4b6af207a82ca66000d07e0\"},\"breadcrumb\":{\"@id\":\"https:\\\/\\\/www.rri.ro\\\/fr\\\/actualites\\\/les-dossiers-de-lactualite\\\/le-parlement-roumain-rejette-la-motion-de-censure-contre-le-gouvernement-de-ilie-bolojan-id909266.html#breadcrumb\"},\"inLanguage\":\"fr-FR\",\"potentialAction\":[{\"@type\":\"ReadAction\",\"target\":[\"https:\\\/\\\/www.rri.ro\\\/fr\\\/actualites\\\/les-dossiers-de-lactualite\\\/le-parlement-roumain-rejette-la-motion-de-censure-contre-le-gouvernement-de-ilie-bolojan-id909266.html\"]}]},{\"@type\":\"ImageObject\",\"inLanguage\":\"fr-FR\",\"@id\":\"https:\\\/\\\/www.rri.ro\\\/fr\\\/actualites\\\/les-dossiers-de-lactualite\\\/le-parlement-roumain-rejette-la-motion-de-censure-contre-le-gouvernement-de-ilie-bolojan-id909266.html#primaryimage\",\"url\":\"https:\\\/\\\/www.rri.ro\\\/wp-content\\\/uploads\\\/2025\\\/07\\\/bolojan-parlament-motiune-iul2025-gov-ro.jpeg\",\"contentUrl\":\"https:\\\/\\\/www.rri.ro\\\/wp-content\\\/uploads\\\/2025\\\/07\\\/bolojan-parlament-motiune-iul2025-gov-ro.jpeg\",\"width\":1280,\"height\":726,\"caption\":\"\u0406\u043b\u0456\u0454 \u0411\u043e\u043b\u043e\u0436\u0430\u043d\"},{\"@type\":\"BreadcrumbList\",\"@id\":\"https:\\\/\\\/www.rri.ro\\\/fr\\\/actualites\\\/les-dossiers-de-lactualite\\\/le-parlement-roumain-rejette-la-motion-de-censure-contre-le-gouvernement-de-ilie-bolojan-id909266.html#breadcrumb\",\"itemListElement\":[{\"@type\":\"ListItem\",\"position\":1,\"name\":\"Page d'accueil\",\"item\":\"https:\\\/\\\/www.rri.ro\\\/fr\"},{\"@type\":\"ListItem\",\"position\":2,\"name\":\"Actualit\u00e9s\",\"item\":\"https:\\\/\\\/www.rri.ro\\\/fr\\\/actualites\"},{\"@type\":\"ListItem\",\"position\":3,\"name\":\"Les dossiers de l'actualit\u00e9\",\"item\":\"https:\\\/\\\/www.rri.ro\\\/fr\\\/actualites\\\/les-dossiers-de-lactualite\"},{\"@type\":\"ListItem\",\"position\":4,\"name\":\"Le Parlement roumain rejette la motion de censure contre le gouvernement de Ilie Bolojan\"}]},{\"@type\":\"WebSite\",\"@id\":\"https:\\\/\\\/www.rri.ro\\\/#website\",\"url\":\"https:\\\/\\\/www.rri.ro\\\/\",\"name\":\"Radio Roumanie Internationale\",\"description\":\"Totul despre Rom\u00e2nia \u015fi rom\u00e2ni, \u00een 13 limbi\\\/dialecte!\",\"inLanguage\":\"fr-FR\"},{\"@type\":\"Person\",\"@id\":\"https:\\\/\\\/www.rri.ro\\\/#\\\/schema\\\/person\\\/e6364ed2d4b6af207a82ca66000d07e0\",\"name\":\"Leyla Cheamil\",\"url\":\"https:\\\/\\\/www.rri.ro\\\/fr\\\/author\\\/leyla-cheamil\"}]}<\/script>\n<!-- \/ Yoast SEO plugin. -->","yoast_head_json":{"title":"Le Parlement roumain rejette la motion de censure contre le gouvernement de Ilie Bolojan - Radio Roumanie Internationale","robots":{"index":"index","follow":"follow","max-snippet":"max-snippet:-1","max-image-preview":"max-image-preview:large","max-video-preview":"max-video-preview:-1"},"canonical":"https:\/\/www.rri.ro\/fr\/actualites\/les-dossiers-de-lactualite\/le-parlement-roumain-rejette-la-motion-de-censure-contre-le-gouvernement-de-ilie-bolojan-id909266.html","og_locale":"fr_FR","og_type":"article","og_title":"Le Parlement roumain rejette la motion de censure contre le gouvernement de Ilie Bolojan - Radio Roumanie Internationale","og_description":"Le Parlement roumain, convoqu\u00e9 en session extraordinaire, a rejet\u00e9 ce lundi la motion de censure d\u00e9pos\u00e9e par l\u2019opposition populiste et ultranationaliste contre le gouvernement de coalition form\u00e9 par le Parti social-d\u00e9mocrate (PSD), le Parti national lib\u00e9ral (PNL), l\u2019Union sauvez la Roumanie (USR) et l\u2019Union d\u00e9mocratique hongroise de Roumanie (UDMR). La motion, initi\u00e9e par l\u2019Alliance pour [&hellip;]","og_url":"https:\/\/www.rri.ro\/fr\/actualites\/les-dossiers-de-lactualite\/le-parlement-roumain-rejette-la-motion-de-censure-contre-le-gouvernement-de-ilie-bolojan-id909266.html","og_site_name":"Radio Roumanie Internationale","article_published_time":"2025-07-15T09:53:27+00:00","article_modified_time":"2025-07-15T10:59:13+00:00","og_image":[{"width":1280,"height":726,"url":"https:\/\/www.rri.ro\/wp-content\/uploads\/2025\/07\/bolojan-parlament-motiune-iul2025-gov-ro.jpeg","type":"image\/jpeg"}],"author":"Leyla Cheamil","twitter_card":"summary_large_image","twitter_misc":{"\u00c9crit par":"Leyla Cheamil","Dur\u00e9e de lecture estim\u00e9e":"3 minutes","Written by":"Leyla Cheamil"},"schema":{"@context":"https:\/\/schema.org","@graph":[{"@type":"Article","@id":"https:\/\/www.rri.ro\/fr\/actualites\/les-dossiers-de-lactualite\/le-parlement-roumain-rejette-la-motion-de-censure-contre-le-gouvernement-de-ilie-bolojan-id909266.html#article","isPartOf":{"@id":"https:\/\/www.rri.ro\/fr\/actualites\/les-dossiers-de-lactualite\/le-parlement-roumain-rejette-la-motion-de-censure-contre-le-gouvernement-de-ilie-bolojan-id909266.html"},"author":{"name":"Leyla Cheamil","@id":"https:\/\/www.rri.ro\/#\/schema\/person\/e6364ed2d4b6af207a82ca66000d07e0"},"headline":"Le Parlement roumain rejette la motion de censure contre le gouvernement de Ilie Bolojan","datePublished":"2025-07-15T09:53:27+00:00","dateModified":"2025-07-15T10:59:13+00:00","mainEntityOfPage":{"@id":"https:\/\/www.rri.ro\/fr\/actualites\/les-dossiers-de-lactualite\/le-parlement-roumain-rejette-la-motion-de-censure-contre-le-gouvernement-de-ilie-bolojan-id909266.html"},"wordCount":678,"image":{"@id":"https:\/\/www.rri.ro\/fr\/actualites\/les-dossiers-de-lactualite\/le-parlement-roumain-rejette-la-motion-de-censure-contre-le-gouvernement-de-ilie-bolojan-id909266.html#primaryimage"},"thumbnailUrl":"https:\/\/www.rri.ro\/wp-content\/uploads\/2025\/07\/bolojan-parlament-motiune-iul2025-gov-ro.jpeg","keywords":["aust\u00e9rit\u00e9","gouvernement","motion","Parlement","politique","presse roumaine","protestations","revue de presse","Roumanie"],"articleSection":["Les dossiers de l'actualit\u00e9"],"inLanguage":"fr-FR"},{"@type":"WebPage","@id":"https:\/\/www.rri.ro\/fr\/actualites\/les-dossiers-de-lactualite\/le-parlement-roumain-rejette-la-motion-de-censure-contre-le-gouvernement-de-ilie-bolojan-id909266.html","url":"https:\/\/www.rri.ro\/fr\/actualites\/les-dossiers-de-lactualite\/le-parlement-roumain-rejette-la-motion-de-censure-contre-le-gouvernement-de-ilie-bolojan-id909266.html","name":"Le Parlement roumain rejette la motion de censure contre le gouvernement de Ilie Bolojan - Radio Roumanie Internationale","isPartOf":{"@id":"https:\/\/www.rri.ro\/#website"},"primaryImageOfPage":{"@id":"https:\/\/www.rri.ro\/fr\/actualites\/les-dossiers-de-lactualite\/le-parlement-roumain-rejette-la-motion-de-censure-contre-le-gouvernement-de-ilie-bolojan-id909266.html#primaryimage"},"image":{"@id":"https:\/\/www.rri.ro\/fr\/actualites\/les-dossiers-de-lactualite\/le-parlement-roumain-rejette-la-motion-de-censure-contre-le-gouvernement-de-ilie-bolojan-id909266.html#primaryimage"},"thumbnailUrl":"https:\/\/www.rri.ro\/wp-content\/uploads\/2025\/07\/bolojan-parlament-motiune-iul2025-gov-ro.jpeg","datePublished":"2025-07-15T09:53:27+00:00","dateModified":"2025-07-15T10:59:13+00:00","author":{"@id":"https:\/\/www.rri.ro\/#\/schema\/person\/e6364ed2d4b6af207a82ca66000d07e0"},"breadcrumb":{"@id":"https:\/\/www.rri.ro\/fr\/actualites\/les-dossiers-de-lactualite\/le-parlement-roumain-rejette-la-motion-de-censure-contre-le-gouvernement-de-ilie-bolojan-id909266.html#breadcrumb"},"inLanguage":"fr-FR","potentialAction":[{"@type":"ReadAction","target":["https:\/\/www.rri.ro\/fr\/actualites\/les-dossiers-de-lactualite\/le-parlement-roumain-rejette-la-motion-de-censure-contre-le-gouvernement-de-ilie-bolojan-id909266.html"]}]},{"@type":"ImageObject","inLanguage":"fr-FR","@id":"https:\/\/www.rri.ro\/fr\/actualites\/les-dossiers-de-lactualite\/le-parlement-roumain-rejette-la-motion-de-censure-contre-le-gouvernement-de-ilie-bolojan-id909266.html#primaryimage","url":"https:\/\/www.rri.ro\/wp-content\/uploads\/2025\/07\/bolojan-parlament-motiune-iul2025-gov-ro.jpeg","contentUrl":"https:\/\/www.rri.ro\/wp-content\/uploads\/2025\/07\/bolojan-parlament-motiune-iul2025-gov-ro.jpeg","width":1280,"height":726,"caption":"\u0406\u043b\u0456\u0454 \u0411\u043e\u043b\u043e\u0436\u0430\u043d"},{"@type":"BreadcrumbList","@id":"https:\/\/www.rri.ro\/fr\/actualites\/les-dossiers-de-lactualite\/le-parlement-roumain-rejette-la-motion-de-censure-contre-le-gouvernement-de-ilie-bolojan-id909266.html#breadcrumb","itemListElement":[{"@type":"ListItem","position":1,"name":"Page d'accueil","item":"https:\/\/www.rri.ro\/fr"},{"@type":"ListItem","position":2,"name":"Actualit\u00e9s","item":"https:\/\/www.rri.ro\/fr\/actualites"},{"@type":"ListItem","position":3,"name":"Les dossiers de l'actualit\u00e9","item":"https:\/\/www.rri.ro\/fr\/actualites\/les-dossiers-de-lactualite"},{"@type":"ListItem","position":4,"name":"Le Parlement roumain rejette la motion de censure contre le gouvernement de Ilie Bolojan"}]},{"@type":"WebSite","@id":"https:\/\/www.rri.ro\/#website","url":"https:\/\/www.rri.ro\/","name":"Radio Roumanie Internationale","description":"Totul despre Rom\u00e2nia \u015fi rom\u00e2ni, \u00een 13 limbi\/dialecte!","inLanguage":"fr-FR"},{"@type":"Person","@id":"https:\/\/www.rri.ro\/#\/schema\/person\/e6364ed2d4b6af207a82ca66000d07e0","name":"Leyla Cheamil","url":"https:\/\/www.rri.ro\/fr\/author\/leyla-cheamil"}]}},"_links":{"self":[{"href":"https:\/\/www.rri.ro\/fr\/wp-json\/wp\/v2\/posts\/909266","targetHints":{"allow":["GET"]}}],"collection":[{"href":"https:\/\/www.rri.ro\/fr\/wp-json\/wp\/v2\/posts"}],"about":[{"href":"https:\/\/www.rri.ro\/fr\/wp-json\/wp\/v2\/types\/post"}],"author":[{"embeddable":true,"href":"https:\/\/www.rri.ro\/fr\/wp-json\/wp\/v2\/users\/46"}],"replies":[{"embeddable":true,"href":"https:\/\/www.rri.ro\/fr\/wp-json\/wp\/v2\/comments?post=909266"}],"version-history":[{"count":0,"href":"https:\/\/www.rri.ro\/fr\/wp-json\/wp\/v2\/posts\/909266\/revisions"}],"wp:featuredmedia":[{"embeddable":true,"href":"https:\/\/www.rri.ro\/fr\/wp-json\/wp\/v2\/media\/909175"}],"wp:attachment":[{"href":"https:\/\/www.rri.ro\/fr\/wp-json\/wp\/v2\/media?parent=909266"}],"wp:term":[{"taxonomy":"category","embeddable":true,"href":"https:\/\/www.rri.ro\/fr\/wp-json\/wp\/v2\/categories?post=909266"},{"taxonomy":"post_tag","embeddable":true,"href":"https:\/\/www.rri.ro\/fr\/wp-json\/wp\/v2\/tags?post=909266"},{"taxonomy":"author","embeddable":true,"href":"https:\/\/www.rri.ro\/fr\/wp-json\/wp\/v2\/coauthors?post=909266"}],"curies":[{"name":"wp","href":"https:\/\/api.w.org\/{rel}","templated":true}]}}