{"id":910246,"date":"2025-07-20T11:00:17","date_gmt":"2025-07-20T08:00:17","guid":{"rendered":"https:\/\/www.rri.ro\/?p=910246"},"modified":"2025-07-18T13:05:55","modified_gmt":"2025-07-18T10:05:55","slug":"la-semaine-du-14-au-20-juillet-2025","status":"publish","type":"post","link":"https:\/\/www.rri.ro\/fr\/actualites\/cette-semaine-en-roumanie\/la-semaine-du-14-au-20-juillet-2025-id910246.html","title":{"rendered":"La semaine du 14 au 20 juillet 2025"},"content":{"rendered":"<h3><strong>Le Parlement roumain rejette la motion de censure d\u00e9pos\u00e9e contre le gouvernement Bolojan<\/strong><\/h3>\n<p>&nbsp;<\/p>\n<p>La motion de censure contre le gouvernement lib\u00e9ral d\u2019Ilie Bolojan, d\u00e9pos\u00e9e par 131 d\u00e9put\u00e9s et s\u00e9nateurs roumains, a \u00e9t\u00e9 rejet\u00e9e par le Parlement de Bucarest lundi. L&rsquo;ex\u00e9cutif reste donc en place et les mesures d&rsquo;aust\u00e9rit\u00e9, pour lesquelles le gouvernement s&rsquo;est engag\u00e9, entreront en vigueur si elles passent le test de constitutionnalit\u00e9. Les principales mesures qui devraient entrer en vigueur le 1er ao\u00fbt comprennent des hausses de la TVA, une r\u00e9organisation du syst\u00e8me de bourses scolaires, des droits d&rsquo;accise plus \u00e9lev\u00e9s sur l&rsquo;alcool, le tabac et le carburant, et l&rsquo;imposition de cotisations de sant\u00e9 sur les retraites sup\u00e9rieures \u00e0 3 000 lei (environ 600 euros). \u00c0 partir de l&rsquo;ann\u00e9e prochaine, les b\u00e9n\u00e9fices des banques et les gains issus des jeux de hasard seront davantage tax\u00e9s, les salaires et les pensions de retraite dans le syst\u00e8me public n&rsquo;augmenteront plus et les embauches et primes injustifi\u00e9es seront limit\u00e9es. Le Premier ministre Ilie Bolojan a expliqu\u00e9 que toutes ces mesures \u00e9taient n\u00e9cessaires pour r\u00e9tablir le d\u00e9ficit budg\u00e9taire et, selon lui, la Roumanie commence d\u00e9j\u00e0 \u00e0 retrouver la confiance sur les march\u00e9s internationaux, en t\u00e9moigne la baisse des taux d&#8217;emprunt. Cependant, l&rsquo;Alliance pour l&rsquo;unit\u00e9 des Roumains (le parti d\u2019extr\u00eame droite ultranationaliste AUR), \u00e0 l&rsquo;origine de la motion, a contest\u00e9 devant la Cour constitutionnelle ce premier paquet de mesures fiscales. Le d\u00e9bat aura lieu le 22 juillet. Les personnes touch\u00e9es par les premi\u00e8res mesures d&rsquo;aust\u00e9rit\u00e9 annonc\u00e9es par le gouvernement sont descendues dans la rue pour manifester.<\/p>\n<p><strong>\u00a0<\/strong><\/p>\n<h3><strong>Nouvelle configuration de la <\/strong><strong>Cour constitutionnelle de Roumanie<\/strong><\/h3>\n<p>&nbsp;<\/p>\n<p>La Cour constitutionnelle de Roumanie a vu sa composition modifi\u00e9e, avec, pour la premi\u00e8re fois, une pr\u00e9sidente \u00e0 sa t\u00eate. Il s&rsquo;agit de Simina Tanasescu, nomm\u00e9e juge \u00e0 la Cour constitutionnelle par l&rsquo;ancien pr\u00e9sident roumain, Klaus Iohannis, en 2019. Elle a \u00e9t\u00e9 \u00e9lue par la majorit\u00e9 des neuf juges constitutionnels, dont trois viennent de commencer leur mandat. Il s&rsquo;agit de Dacian Cosmin Drago\u0219, nomm\u00e9 par le nouveau pr\u00e9sident Nicu\u0219or Dan, professeur d&rsquo;universit\u00e9 et directeur de th\u00e8se \u00e0 la facult\u00e9 de droit de l&rsquo;universit\u00e9 Babe\u0219-Bolyai de Cluj-Napoca, et deux autres juges nomm\u00e9s quant \u00e0 eux par les deux chambres du Parlement : Mihai Busuioc, qui a dirig\u00e9 la Cour des comptes ces huit derni\u00e8res ann\u00e9es, et Csaba Asztalos, ancien pr\u00e9sident du Conseil national de lutte contre les discriminations. La premi\u00e8re d\u00e9cision de la nouvelle CCR a port\u00e9 sur la saisine par le Pr\u00e9sident Nicu\u0219or Dan de la loi relative \u00e0 la lutte contre l&rsquo;antis\u00e9mitisme et la x\u00e9nophobie. Le chef de l&rsquo;\u00c9tat a jug\u00e9 que la loi avait \u00e9t\u00e9 adopt\u00e9e en violation des normes et principes constitutionnels et qu&rsquo;elle n&rsquo;est pas claire dans son explication des notions de l\u00e9gionnaire et de fasciste, ce qui laisserait place \u00e0 l&rsquo;arbitraire dans l&rsquo;interpr\u00e9tation et l&rsquo;application de cette notion par les organes judiciaires comp\u00e9tents. Jeudi, la CRR a annonc\u00e9 qu&rsquo;elle rejetait la saisine.<\/p>\n<p><strong>\u00a0<\/strong><\/p>\n<h3><strong>Le<\/strong> <strong>Plan<\/strong><strong> national de <\/strong><strong>relance<\/strong><strong> et de r\u00e9silience<\/strong><strong> (PNRR) dans le viseur de Bucarest et de Bruxelles<\/strong><\/h3>\n<p>&nbsp;<\/p>\n<p>Certains projets d&rsquo;une valeur d&rsquo;environ 6,3 milliards d&rsquo;euros pourraient ne pas \u00eatre achev\u00e9s d&rsquo;ici ao\u00fbt 2026, et seront donc retir\u00e9s du Plan national de relance et de r\u00e9silience (PNRR), dans lequel ils avaient \u00e9t\u00e9 inclus pour \u00eatre financ\u00e9s. L&rsquo;annonce a \u00e9t\u00e9 faite par Drago\u0219 P\u00eeslaru, ministre des Investissements et des projets europ\u00e9ens, qui a d\u00e9clar\u00e9 que la Roumanie devait envoyer une forme r\u00e9vis\u00e9e de son PNRR \u00e0 la Commission europ\u00e9enne d&rsquo;ici la fin du mois. Le ministre, qui a pr\u00e9sent\u00e9 les conclusions de la r\u00e9union du Comit\u00e9 interminist\u00e9riel de coordination du PNRR et a donn\u00e9 des d\u00e9tails sur les n\u00e9gociations en cours pour que Bruxelles accepte les propositions des autorit\u00e9s roumaines, a assur\u00e9 que la Roumanie ne perdra pas les fonds non remboursables dont elle a d\u00e9j\u00e0 ou va b\u00e9n\u00e9ficier. Selon lui, quelques petits ajustements seront \u00e0 faire, mais il n&rsquo;y a pas de risque que ces projets ne soient pas r\u00e9alis\u00e9s d&rsquo;ici ao\u00fbt 2026. Le montant allou\u00e9 \u00e0 la Roumanie pour la mise en \u0153uvre du PNRR est de 28,5 milliards d&rsquo;euros, et le pays a d\u00e9j\u00e0 re\u00e7u 10,74 milliards d&rsquo;euros.<\/p>\n<p>&nbsp;<\/p>\n<p>&nbsp;<\/p>\n<h3><strong>Le programme Rabla <\/strong><strong>(Le vieux Taco)<\/strong> <strong>relanc\u00e9 \u00e0 destination des particuliers<\/strong><\/h3>\n<p>&nbsp;<\/p>\n<p>Les autorit\u00e9s de Bucarest ont analys\u00e9 et r\u00e9vis\u00e9 le programme visant \u00e0 encourager les Roumains \u00e0 se d\u00e9barrasser de leurs vieilles voitures. La ministre roumaine de l&rsquo;Environnement, Diana Buzoianu, a officiellement annonc\u00e9 que le programme \u00ab\u00a0Rabla\u00a0\u00bb (Le vieux Taco) destin\u00e9 aux particuliers serait relanc\u00e9, mais avec un budget plus r\u00e9duit de seulement 200 millions de lei (environ 40 millions d&rsquo;euros). La ministre a expliqu\u00e9 que, \u00e0 l&rsquo;avenir, il sera n\u00e9cessaire de repenser cette formule, afin de ne pas seulement proposer des bons. Elle a \u00e9galement d\u00e9clar\u00e9 que l\u2019objectif principal doit se concentrer sur la r\u00e9duction des \u00e9missions polluantes. Le programme Rabla, qui a d\u00e9but\u00e9 en 2005, joue un r\u00f4le cl\u00e9 dans l&rsquo;achat de voitures \u00e9lectriques, dont la plupart sont achet\u00e9es par ce biais.<\/p>\n","protected":false},"excerpt":{"rendered":"<p>Le Parlement roumain rejette la motion de censure d\u00e9pos\u00e9e contre le gouvernement Bolojan &nbsp; La motion de censure contre le gouvernement lib\u00e9ral d\u2019Ilie Bolojan, d\u00e9pos\u00e9e par 131 d\u00e9put\u00e9s et s\u00e9nateurs roumains, a \u00e9t\u00e9 rejet\u00e9e par le Parlement de Bucarest lundi. L&rsquo;ex\u00e9cutif reste donc en place et les mesures d&rsquo;aust\u00e9rit\u00e9, pour lesquelles le gouvernement s&rsquo;est engag\u00e9, [&hellip;]<\/p>\n","protected":false},"author":108,"featured_media":892496,"comment_status":"closed","ping_status":"closed","sticky":false,"template":"","format":"standard","meta":{"_acf_changed":false,"footnotes":""},"categories":[94426],"tags":[89594,87061,89340,85536,87096,88121,88082,89835,88296,143995,85567,85944,85700,95075,85412,85937],"coauthors":[113249],"class_list":["post-910246","post","type-post","status-publish","format-standard","has-post-thumbnail","hentry","category-cette-semaine-en-roumanie","tag-austerite","tag-commission-europeenne","tag-cour-constitutionnelle","tag-fiscalite","tag-gouvernement","tag-investissements","tag-mesures","tag-motion-de-censure","tag-parlement","tag-pnrr-fr","tag-politique","tag-presse-roumaine","tag-protestations","tag-revue-de-presse","tag-roumanie","tag-voitures"],"acf":[],"yoast_head":"<!-- This site is optimized with the Yoast SEO plugin v27.3 - https:\/\/yoast.com\/product\/yoast-seo-wordpress\/ -->\n<title>La semaine du 14 au 20 juillet 2025 - Radio Roumanie Internationale<\/title>\n<meta name=\"robots\" content=\"index, follow, max-snippet:-1, max-image-preview:large, max-video-preview:-1\" \/>\n<link rel=\"canonical\" href=\"https:\/\/www.rri.ro\/fr\/actualites\/cette-semaine-en-roumanie\/la-semaine-du-14-au-20-juillet-2025-id910246.html\" \/>\n<meta property=\"og:locale\" content=\"fr_FR\" \/>\n<meta property=\"og:type\" content=\"article\" \/>\n<meta property=\"og:title\" content=\"La semaine du 14 au 20 juillet 2025 - Radio Roumanie Internationale\" \/>\n<meta property=\"og:description\" content=\"Le Parlement roumain rejette la motion de censure d\u00e9pos\u00e9e contre le gouvernement Bolojan &nbsp; La motion de censure contre le gouvernement lib\u00e9ral d\u2019Ilie Bolojan, d\u00e9pos\u00e9e par 131 d\u00e9put\u00e9s et s\u00e9nateurs roumains, a \u00e9t\u00e9 rejet\u00e9e par le Parlement de Bucarest lundi. L&rsquo;ex\u00e9cutif reste donc en place et les mesures d&rsquo;aust\u00e9rit\u00e9, pour lesquelles le gouvernement s&rsquo;est engag\u00e9, [&hellip;]\" \/>\n<meta property=\"og:url\" content=\"https:\/\/www.rri.ro\/fr\/actualites\/cette-semaine-en-roumanie\/la-semaine-du-14-au-20-juillet-2025-id910246.html\" \/>\n<meta property=\"og:site_name\" content=\"Radio Roumanie Internationale\" \/>\n<meta property=\"article:published_time\" content=\"2025-07-20T08:00:17+00:00\" \/>\n<meta property=\"og:image\" content=\"https:\/\/www.rri.ro\/wp-content\/uploads\/2025\/05\/eveniment-top-ND-2025-16x9-1.jpg\" \/>\n\t<meta property=\"og:image:width\" content=\"1280\" \/>\n\t<meta property=\"og:image:height\" content=\"720\" \/>\n\t<meta property=\"og:image:type\" content=\"image\/jpeg\" \/>\n<meta name=\"author\" content=\"Corina Cristea\" \/>\n<meta name=\"twitter:card\" content=\"summary_large_image\" \/>\n<meta name=\"twitter:label1\" content=\"\u00c9crit par\" \/>\n\t<meta name=\"twitter:data1\" content=\"Corina Cristea\" \/>\n\t<meta name=\"twitter:label2\" content=\"Dur\u00e9e de lecture estim\u00e9e\" \/>\n\t<meta name=\"twitter:data2\" content=\"4 minutes\" \/>\n\t<meta name=\"twitter:label3\" content=\"Written by\" \/>\n\t<meta name=\"twitter:data3\" content=\"Corina Cristea\" \/>\n<script type=\"application\/ld+json\" class=\"yoast-schema-graph\">{\"@context\":\"https:\\\/\\\/schema.org\",\"@graph\":[{\"@type\":\"Article\",\"@id\":\"https:\\\/\\\/www.rri.ro\\\/fr\\\/actualites\\\/cette-semaine-en-roumanie\\\/la-semaine-du-14-au-20-juillet-2025-id910246.html#article\",\"isPartOf\":{\"@id\":\"https:\\\/\\\/www.rri.ro\\\/fr\\\/actualites\\\/cette-semaine-en-roumanie\\\/la-semaine-du-14-au-20-juillet-2025-id910246.html\"},\"author\":{\"name\":\"Corina Cristea\",\"@id\":\"https:\\\/\\\/www.rri.ro\\\/#\\\/schema\\\/person\\\/f9ab1cb3569dee1b2c033a814bb7f0fc\"},\"headline\":\"La semaine du 14 au 20 juillet 2025\",\"datePublished\":\"2025-07-20T08:00:17+00:00\",\"mainEntityOfPage\":{\"@id\":\"https:\\\/\\\/www.rri.ro\\\/fr\\\/actualites\\\/cette-semaine-en-roumanie\\\/la-semaine-du-14-au-20-juillet-2025-id910246.html\"},\"wordCount\":929,\"image\":{\"@id\":\"https:\\\/\\\/www.rri.ro\\\/fr\\\/actualites\\\/cette-semaine-en-roumanie\\\/la-semaine-du-14-au-20-juillet-2025-id910246.html#primaryimage\"},\"thumbnailUrl\":\"https:\\\/\\\/www.rri.ro\\\/wp-content\\\/uploads\\\/2025\\\/05\\\/eveniment-top-ND-2025-16x9-1.jpg\",\"keywords\":[\"aust\u00e9rit\u00e9\",\"Commission europ\u00e9enne\",\"Cour Constitutionnelle\",\"fiscalit\u00e9\",\"gouvernement\",\"investissements\",\"mesures\",\"motion de censure\",\"Parlement\",\"PNRR\",\"politique\",\"presse roumaine\",\"protestations\",\"revue de presse\",\"Roumanie\",\"voitures\"],\"articleSection\":[\"Cette semaine, en Roumanie\"],\"inLanguage\":\"fr-FR\"},{\"@type\":\"WebPage\",\"@id\":\"https:\\\/\\\/www.rri.ro\\\/fr\\\/actualites\\\/cette-semaine-en-roumanie\\\/la-semaine-du-14-au-20-juillet-2025-id910246.html\",\"url\":\"https:\\\/\\\/www.rri.ro\\\/fr\\\/actualites\\\/cette-semaine-en-roumanie\\\/la-semaine-du-14-au-20-juillet-2025-id910246.html\",\"name\":\"La semaine du 14 au 20 juillet 2025 - Radio Roumanie Internationale\",\"isPartOf\":{\"@id\":\"https:\\\/\\\/www.rri.ro\\\/#website\"},\"primaryImageOfPage\":{\"@id\":\"https:\\\/\\\/www.rri.ro\\\/fr\\\/actualites\\\/cette-semaine-en-roumanie\\\/la-semaine-du-14-au-20-juillet-2025-id910246.html#primaryimage\"},\"image\":{\"@id\":\"https:\\\/\\\/www.rri.ro\\\/fr\\\/actualites\\\/cette-semaine-en-roumanie\\\/la-semaine-du-14-au-20-juillet-2025-id910246.html#primaryimage\"},\"thumbnailUrl\":\"https:\\\/\\\/www.rri.ro\\\/wp-content\\\/uploads\\\/2025\\\/05\\\/eveniment-top-ND-2025-16x9-1.jpg\",\"datePublished\":\"2025-07-20T08:00:17+00:00\",\"author\":{\"@id\":\"https:\\\/\\\/www.rri.ro\\\/#\\\/schema\\\/person\\\/f9ab1cb3569dee1b2c033a814bb7f0fc\"},\"breadcrumb\":{\"@id\":\"https:\\\/\\\/www.rri.ro\\\/fr\\\/actualites\\\/cette-semaine-en-roumanie\\\/la-semaine-du-14-au-20-juillet-2025-id910246.html#breadcrumb\"},\"inLanguage\":\"fr-FR\",\"potentialAction\":[{\"@type\":\"ReadAction\",\"target\":[\"https:\\\/\\\/www.rri.ro\\\/fr\\\/actualites\\\/cette-semaine-en-roumanie\\\/la-semaine-du-14-au-20-juillet-2025-id910246.html\"]}]},{\"@type\":\"ImageObject\",\"inLanguage\":\"fr-FR\",\"@id\":\"https:\\\/\\\/www.rri.ro\\\/fr\\\/actualites\\\/cette-semaine-en-roumanie\\\/la-semaine-du-14-au-20-juillet-2025-id910246.html#primaryimage\",\"url\":\"https:\\\/\\\/www.rri.ro\\\/wp-content\\\/uploads\\\/2025\\\/05\\\/eveniment-top-ND-2025-16x9-1.jpg\",\"contentUrl\":\"https:\\\/\\\/www.rri.ro\\\/wp-content\\\/uploads\\\/2025\\\/05\\\/eveniment-top-ND-2025-16x9-1.jpg\",\"width\":1280,\"height\":720,\"caption\":\"\u041e\u0433\u043b\u044f\u0434 \u043f\u043e\u0434\u0456\u0439 \u0442\u0438\u0436\u043d\u044f\"},{\"@type\":\"BreadcrumbList\",\"@id\":\"https:\\\/\\\/www.rri.ro\\\/fr\\\/actualites\\\/cette-semaine-en-roumanie\\\/la-semaine-du-14-au-20-juillet-2025-id910246.html#breadcrumb\",\"itemListElement\":[{\"@type\":\"ListItem\",\"position\":1,\"name\":\"Page d'accueil\",\"item\":\"https:\\\/\\\/www.rri.ro\\\/fr\"},{\"@type\":\"ListItem\",\"position\":2,\"name\":\"Actualitate\",\"item\":\"https:\\\/\\\/www.rri.ro\\\/actualitate\"},{\"@type\":\"ListItem\",\"position\":3,\"name\":\"Cette semaine, en Roumanie\",\"item\":\"https:\\\/\\\/www.rri.ro\\\/fr\\\/actualites\\\/cette-semaine-en-roumanie\"},{\"@type\":\"ListItem\",\"position\":4,\"name\":\"La semaine du 14 au 20 juillet 2025\"}]},{\"@type\":\"WebSite\",\"@id\":\"https:\\\/\\\/www.rri.ro\\\/#website\",\"url\":\"https:\\\/\\\/www.rri.ro\\\/\",\"name\":\"Radio Roumanie Internationale\",\"description\":\"Totul despre Rom\u00e2nia \u015fi rom\u00e2ni, \u00een 13 limbi\\\/dialecte!\",\"inLanguage\":\"fr-FR\"},{\"@type\":\"Person\",\"@id\":\"https:\\\/\\\/www.rri.ro\\\/#\\\/schema\\\/person\\\/f9ab1cb3569dee1b2c033a814bb7f0fc\",\"name\":\"Corina Cristea\",\"url\":\"https:\\\/\\\/www.rri.ro\\\/fr\\\/author\\\/corina-cristea\"}]}<\/script>\n<!-- \/ Yoast SEO plugin. -->","yoast_head_json":{"title":"La semaine du 14 au 20 juillet 2025 - Radio Roumanie Internationale","robots":{"index":"index","follow":"follow","max-snippet":"max-snippet:-1","max-image-preview":"max-image-preview:large","max-video-preview":"max-video-preview:-1"},"canonical":"https:\/\/www.rri.ro\/fr\/actualites\/cette-semaine-en-roumanie\/la-semaine-du-14-au-20-juillet-2025-id910246.html","og_locale":"fr_FR","og_type":"article","og_title":"La semaine du 14 au 20 juillet 2025 - Radio Roumanie Internationale","og_description":"Le Parlement roumain rejette la motion de censure d\u00e9pos\u00e9e contre le gouvernement Bolojan &nbsp; La motion de censure contre le gouvernement lib\u00e9ral d\u2019Ilie Bolojan, d\u00e9pos\u00e9e par 131 d\u00e9put\u00e9s et s\u00e9nateurs roumains, a \u00e9t\u00e9 rejet\u00e9e par le Parlement de Bucarest lundi. L&rsquo;ex\u00e9cutif reste donc en place et les mesures d&rsquo;aust\u00e9rit\u00e9, pour lesquelles le gouvernement s&rsquo;est engag\u00e9, [&hellip;]","og_url":"https:\/\/www.rri.ro\/fr\/actualites\/cette-semaine-en-roumanie\/la-semaine-du-14-au-20-juillet-2025-id910246.html","og_site_name":"Radio Roumanie Internationale","article_published_time":"2025-07-20T08:00:17+00:00","og_image":[{"width":1280,"height":720,"url":"https:\/\/www.rri.ro\/wp-content\/uploads\/2025\/05\/eveniment-top-ND-2025-16x9-1.jpg","type":"image\/jpeg"}],"author":"Corina Cristea","twitter_card":"summary_large_image","twitter_misc":{"\u00c9crit par":"Corina Cristea","Dur\u00e9e de lecture estim\u00e9e":"4 minutes","Written by":"Corina Cristea"},"schema":{"@context":"https:\/\/schema.org","@graph":[{"@type":"Article","@id":"https:\/\/www.rri.ro\/fr\/actualites\/cette-semaine-en-roumanie\/la-semaine-du-14-au-20-juillet-2025-id910246.html#article","isPartOf":{"@id":"https:\/\/www.rri.ro\/fr\/actualites\/cette-semaine-en-roumanie\/la-semaine-du-14-au-20-juillet-2025-id910246.html"},"author":{"name":"Corina Cristea","@id":"https:\/\/www.rri.ro\/#\/schema\/person\/f9ab1cb3569dee1b2c033a814bb7f0fc"},"headline":"La semaine du 14 au 20 juillet 2025","datePublished":"2025-07-20T08:00:17+00:00","mainEntityOfPage":{"@id":"https:\/\/www.rri.ro\/fr\/actualites\/cette-semaine-en-roumanie\/la-semaine-du-14-au-20-juillet-2025-id910246.html"},"wordCount":929,"image":{"@id":"https:\/\/www.rri.ro\/fr\/actualites\/cette-semaine-en-roumanie\/la-semaine-du-14-au-20-juillet-2025-id910246.html#primaryimage"},"thumbnailUrl":"https:\/\/www.rri.ro\/wp-content\/uploads\/2025\/05\/eveniment-top-ND-2025-16x9-1.jpg","keywords":["aust\u00e9rit\u00e9","Commission europ\u00e9enne","Cour Constitutionnelle","fiscalit\u00e9","gouvernement","investissements","mesures","motion de censure","Parlement","PNRR","politique","presse roumaine","protestations","revue de presse","Roumanie","voitures"],"articleSection":["Cette semaine, en Roumanie"],"inLanguage":"fr-FR"},{"@type":"WebPage","@id":"https:\/\/www.rri.ro\/fr\/actualites\/cette-semaine-en-roumanie\/la-semaine-du-14-au-20-juillet-2025-id910246.html","url":"https:\/\/www.rri.ro\/fr\/actualites\/cette-semaine-en-roumanie\/la-semaine-du-14-au-20-juillet-2025-id910246.html","name":"La semaine du 14 au 20 juillet 2025 - Radio Roumanie Internationale","isPartOf":{"@id":"https:\/\/www.rri.ro\/#website"},"primaryImageOfPage":{"@id":"https:\/\/www.rri.ro\/fr\/actualites\/cette-semaine-en-roumanie\/la-semaine-du-14-au-20-juillet-2025-id910246.html#primaryimage"},"image":{"@id":"https:\/\/www.rri.ro\/fr\/actualites\/cette-semaine-en-roumanie\/la-semaine-du-14-au-20-juillet-2025-id910246.html#primaryimage"},"thumbnailUrl":"https:\/\/www.rri.ro\/wp-content\/uploads\/2025\/05\/eveniment-top-ND-2025-16x9-1.jpg","datePublished":"2025-07-20T08:00:17+00:00","author":{"@id":"https:\/\/www.rri.ro\/#\/schema\/person\/f9ab1cb3569dee1b2c033a814bb7f0fc"},"breadcrumb":{"@id":"https:\/\/www.rri.ro\/fr\/actualites\/cette-semaine-en-roumanie\/la-semaine-du-14-au-20-juillet-2025-id910246.html#breadcrumb"},"inLanguage":"fr-FR","potentialAction":[{"@type":"ReadAction","target":["https:\/\/www.rri.ro\/fr\/actualites\/cette-semaine-en-roumanie\/la-semaine-du-14-au-20-juillet-2025-id910246.html"]}]},{"@type":"ImageObject","inLanguage":"fr-FR","@id":"https:\/\/www.rri.ro\/fr\/actualites\/cette-semaine-en-roumanie\/la-semaine-du-14-au-20-juillet-2025-id910246.html#primaryimage","url":"https:\/\/www.rri.ro\/wp-content\/uploads\/2025\/05\/eveniment-top-ND-2025-16x9-1.jpg","contentUrl":"https:\/\/www.rri.ro\/wp-content\/uploads\/2025\/05\/eveniment-top-ND-2025-16x9-1.jpg","width":1280,"height":720,"caption":"\u041e\u0433\u043b\u044f\u0434 \u043f\u043e\u0434\u0456\u0439 \u0442\u0438\u0436\u043d\u044f"},{"@type":"BreadcrumbList","@id":"https:\/\/www.rri.ro\/fr\/actualites\/cette-semaine-en-roumanie\/la-semaine-du-14-au-20-juillet-2025-id910246.html#breadcrumb","itemListElement":[{"@type":"ListItem","position":1,"name":"Page d'accueil","item":"https:\/\/www.rri.ro\/fr"},{"@type":"ListItem","position":2,"name":"Actualitate","item":"https:\/\/www.rri.ro\/actualitate"},{"@type":"ListItem","position":3,"name":"Cette semaine, en Roumanie","item":"https:\/\/www.rri.ro\/fr\/actualites\/cette-semaine-en-roumanie"},{"@type":"ListItem","position":4,"name":"La semaine du 14 au 20 juillet 2025"}]},{"@type":"WebSite","@id":"https:\/\/www.rri.ro\/#website","url":"https:\/\/www.rri.ro\/","name":"Radio Roumanie Internationale","description":"Totul despre Rom\u00e2nia \u015fi rom\u00e2ni, \u00een 13 limbi\/dialecte!","inLanguage":"fr-FR"},{"@type":"Person","@id":"https:\/\/www.rri.ro\/#\/schema\/person\/f9ab1cb3569dee1b2c033a814bb7f0fc","name":"Corina Cristea","url":"https:\/\/www.rri.ro\/fr\/author\/corina-cristea"}]}},"_links":{"self":[{"href":"https:\/\/www.rri.ro\/fr\/wp-json\/wp\/v2\/posts\/910246","targetHints":{"allow":["GET"]}}],"collection":[{"href":"https:\/\/www.rri.ro\/fr\/wp-json\/wp\/v2\/posts"}],"about":[{"href":"https:\/\/www.rri.ro\/fr\/wp-json\/wp\/v2\/types\/post"}],"author":[{"embeddable":true,"href":"https:\/\/www.rri.ro\/fr\/wp-json\/wp\/v2\/users\/108"}],"replies":[{"embeddable":true,"href":"https:\/\/www.rri.ro\/fr\/wp-json\/wp\/v2\/comments?post=910246"}],"version-history":[{"count":0,"href":"https:\/\/www.rri.ro\/fr\/wp-json\/wp\/v2\/posts\/910246\/revisions"}],"wp:featuredmedia":[{"embeddable":true,"href":"https:\/\/www.rri.ro\/fr\/wp-json\/wp\/v2\/media\/892496"}],"wp:attachment":[{"href":"https:\/\/www.rri.ro\/fr\/wp-json\/wp\/v2\/media?parent=910246"}],"wp:term":[{"taxonomy":"category","embeddable":true,"href":"https:\/\/www.rri.ro\/fr\/wp-json\/wp\/v2\/categories?post=910246"},{"taxonomy":"post_tag","embeddable":true,"href":"https:\/\/www.rri.ro\/fr\/wp-json\/wp\/v2\/tags?post=910246"},{"taxonomy":"author","embeddable":true,"href":"https:\/\/www.rri.ro\/fr\/wp-json\/wp\/v2\/coauthors?post=910246"}],"curies":[{"name":"wp","href":"https:\/\/api.w.org\/{rel}","templated":true}]}}