{"id":910960,"date":"2025-07-21T18:40:04","date_gmt":"2025-07-21T15:40:04","guid":{"rendered":"https:\/\/www.rri.ro\/?p=910960"},"modified":"2025-07-21T19:32:57","modified_gmt":"2025-07-21T16:32:57","slug":"21-07-2025-mise-a-jour","status":"publish","type":"post","link":"https:\/\/www.rri.ro\/fr\/actualites\/le-flash\/21-07-2025-mise-a-jour-id910960.html","title":{"rendered":"21.07.2025 (mise \u00e0 jour)"},"content":{"rendered":"<p><strong>[mise \u00e0 jour 19:30]<\/strong><\/p>\n<p>&nbsp;<\/p>\n<p><strong>D\u00e9fense<\/strong> &#8211; Le minist\u00e8re roumain de la D\u00e9fense ach\u00e8tera \u00e0 la soci\u00e9t\u00e9 isra\u00e9lienne Rafael des syst\u00e8mes antia\u00e9riens \u00e0 courte et tr\u00e8s courte port\u00e9e con\u00e7us pour se prot\u00e9ger contre les menaces a\u00e9riennes, notamment les drones et les missiles de croisi\u00e8re. L&rsquo;accord-cadre a \u00e9t\u00e9 sign\u00e9 ce lundi, et la valeur de l&rsquo;achat s&rsquo;\u00e9l\u00e8ve \u00e0 plus de 2 milliards d&rsquo;euros hors TVA. Selon le minist\u00e8re, l&rsquo;accord-cadre pr\u00e9voit la signature de trois contrats compl\u00e9mentaires, qui permettront d&rsquo;acqu\u00e9rir les syst\u00e8mes de missiles, les munitions correspondantes, ainsi qu&rsquo;un syst\u00e8me de formation et d&rsquo;entra\u00eenement et un syst\u00e8me de simulation pour la v\u00e9rification et l&rsquo;\u00e9valuation des op\u00e9rateurs des syst\u00e8mes \u00e0 tr\u00e8s courte port\u00e9e. L&rsquo;accord-cadre aura une dur\u00e9e de 7 ans et les deux premiers syst\u00e8mes \u00e0 tr\u00e8s courte port\u00e9e seront livr\u00e9s dans les 3 ans suivant la signature du premier contrat.<\/p>\n<p>&nbsp;<\/p>\n<p><strong>[mise \u00e0 jour 19:00]<\/strong><\/p>\n<p>&nbsp;<\/p>\n<p><strong>Aust\u00e9rit\u00e9<\/strong> &#8211; Le syst\u00e8me de sant\u00e9 roumain a besoin d&rsquo;une rectification budg\u00e9taire suppl\u00e9mentaire d&rsquo;au moins 10 milliards de lei (environ 2 milliards d&rsquo;euros), a d\u00e9clar\u00e9 le Premier ministre Ilie Bolojan. Il a ajout\u00e9 que ce montant repr\u00e9sente, dans les conditions actuelles, \u00ab une forte pression \u00bb sur le budget de l&rsquo;\u00c9tat. Le chef du gouvernement et le ministre de la Sant\u00e9, Alexandru Rogobete, ont pr\u00e9sent\u00e9 ce lundi le paquet de r\u00e9formes sur la sant\u00e9. Ilie Bolojan a soulign\u00e9 que le syst\u00e8me de sant\u00e9 a accumul\u00e9 de \u00ab gros probl\u00e8mes \u00bb ces derni\u00e8res ann\u00e9es et que l&rsquo;une des questions qui affectent son bon fonctionnement est la croissance acc\u00e9l\u00e9r\u00e9e des d\u00e9penses \u00e0 un niveau insoutenable. Le gouvernement propose donc l&rsquo;introduction d&rsquo;indicateurs d&rsquo;\u00e9valuation et de performance pour les chefs de service et les directeurs d&rsquo;h\u00f4pitaux, l&rsquo;obligation pour tous les h\u00f4pitaux publics et priv\u00e9s de d\u00e9clarer les co\u00fbts r\u00e9els des services qu&rsquo;ils fournissent, et si des cas de fraude et de services fictifs sont identifi\u00e9s, la Maison de la Sant\u00e9 et le minist\u00e8re de la Sant\u00e9 appliqueront des sanctions, l&rsquo;\u00e9laboration d&rsquo;une nouvelle m\u00e9thodologie pour l&rsquo;\u00e9valuation et la tarification des m\u00e9dicaments, et l&rsquo;encouragement de l&rsquo;assurance maladie priv\u00e9e. Le budget de la sant\u00e9 pour 2025 s\u2019\u00e9l\u00e8ve \u00e0 77 milliards de lei (environ 15 milliards d&rsquo;euros), mais Ilie Bolojan affirme que ces d\u00e9penses ne se refl\u00e8tent pas dans la qualit\u00e9 des services de sant\u00e9 offerts aux citoyens, ni dans la perception et la satisfaction des patients.<\/p>\n<p>&nbsp;<\/p>\n<p>&nbsp;<\/p>\n<p><strong>[mise \u00e0 jour 18:30]<\/strong><\/p>\n<p>Cour Constitutionnelle \u2013 La Cour Constitutionnelle de Roumanie analysera mardi la motion de censure d\u00e9pos\u00e9e par l\u2019opposition nationaliste au sujet du premier paquet de mesures fiscales et budg\u00e9taires pour lequel le Gouvernement a engag\u00e9 sa responsabilit\u00e9.\u00a0 Apr\u00e8s le rejet au Parlement de la motion de censure d\u00e9pos\u00e9e par l\u2019Alliance pour l\u2019Union des Roumains, SOS Roumanie et le Parti des Jeunes (POT) les repr\u00e9sentants des trois partis ont contest\u00e9 la loi aupr\u00e8s de la Cour Constitutionnelle. Ils d\u00e9noncent le fait que l\u2019Ex\u00e9cutif a utilis\u00e9 de mani\u00e8re abusive la proc\u00e9dure de promotion rapide des mesures qui pourraient toucher gravement les Roumains aux revenus les plus bas. Le premier paquet fiscal pr\u00e9voit entre autres la majoration des taux de la TVA, la hausse des accises, la coupe ou la r\u00e9duction des bonus et le plafonnement des pensions et des salaires du syst\u00e8me public.<\/p>\n<p>&nbsp;<\/p>\n<p><strong>Eurostat<\/strong> &#8211; La Roumanie continue d&rsquo;avoir le d\u00e9ficit budg\u00e9taire le plus \u00e9lev\u00e9 de l&rsquo;Union europ\u00e9enne, bien que l&rsquo;indicateur soit tomb\u00e9 \u00e0 7,5 % du PIB au cours des trois premiers mois de l&rsquo;ann\u00e9e, contre 9,6 au cours du dernier trimestre de l\u2019ann\u00e9e 2024. La tendance \u00e0 la baisse du d\u00e9ficit de la Roumanie est plus importante que celle de l&rsquo;UE, qui a diminu\u00e9 de 0,4 %. Le d\u00e9ficit budg\u00e9taire le plus \u00e9lev\u00e9 apr\u00e8s la Roumanie reste celui de la France, avec 5,6 %, suivi de la Belgique avec 5,5 %, tandis que Chypre, qui a b\u00e9n\u00e9fici\u00e9 d&rsquo;un exc\u00e9dent budg\u00e9taire de 5,6 %, se situe \u00e0 l&rsquo;autre extr\u00e9mit\u00e9 du spectre suivie de pr\u00e8s par la Gr\u00e8ce avec un exc\u00e9dent de 4,2 %. En termes de dette publique par rapport au produit int\u00e9rieur brut, la tendance de l&rsquo;UE est \u00e0 la hausse, passant de 81 % au dernier trimestre 2024 \u00e0 81,8 % au premier trimestre 2025. La Roumanie a \u00e9galement enregistr\u00e9 une hausse de 1 %, passant de 54,8 % \u00e0 55,8 %.<\/p>\n<p>&nbsp;<\/p>\n<p><strong>Gr\u00e8ve<\/strong> &#8211; Les repr\u00e9sentants des conseils d\u00e9partementaux et des mairies de Roumanie ont discut\u00e9 avec le Premier ministre Ilie Bolojan et le ministre du D\u00e9veloppement Cseke Attila de la r\u00e9forme pr\u00e9vue de l&rsquo;administration, qui fait partie du deuxi\u00e8me paquet de mesures visant \u00e0 r\u00e9duire le d\u00e9ficit budg\u00e9taire. Ils ont ensuite rencontr\u00e9 le pr\u00e9sident de la Chambre des d\u00e9put\u00e9s, Sorin Grindeanu, pour lui faire part de leurs dol\u00e9ances concernant les r\u00e9formes. Les employ\u00e9s de mairie ont annonc\u00e9 qu&rsquo;ils protesteraient mercredi par une gr\u00e8ve d&rsquo;avertissement, m\u00e9contents de ne pas avoir \u00e9t\u00e9 consult\u00e9s sur les mesures qui les concernent. Ils ont d\u00e9clar\u00e9 qu&rsquo;un arr\u00eat de travail complet \u00e0 la fin du mois n&rsquo;\u00e9tait pas exclu. Pour sa part, l&rsquo;eurod\u00e9put\u00e9 lib\u00e9ral Florin Roman a averti que la suspension des paiements pour certains projets dans le cadre du programme \u00ab Anghel Saligny \u00bb visant \u00e0 moderniser les communaut\u00e9s locales en investissant dans les infrastructures entra\u00eenera le blocage de milliers de travaux ouverts, en particulier dans les zones rurales. Le Premier ministre a annonc\u00e9 la semaine derni\u00e8re que seuls les projets \u00e0 un stade avanc\u00e9 continueront \u00e0 recevoir un financement dans la p\u00e9riode \u00e0 venir, tandis que les autres seront report\u00e9s et r\u00e9\u00e9valu\u00e9s en 2026. Le chef du gouvernement a indiqu\u00e9 que les projets b\u00e9n\u00e9ficiant d&rsquo;un financement europ\u00e9en seront prioritaires, en particulier ceux du Plan national de relance et de r\u00e9silience.<\/p>\n","protected":false},"excerpt":{"rendered":"<p>[mise \u00e0 jour 19:30] &nbsp; D\u00e9fense &#8211; Le minist\u00e8re roumain de la D\u00e9fense ach\u00e8tera \u00e0 la soci\u00e9t\u00e9 isra\u00e9lienne Rafael des syst\u00e8mes antia\u00e9riens \u00e0 courte et tr\u00e8s courte port\u00e9e con\u00e7us pour se prot\u00e9ger contre les menaces a\u00e9riennes, notamment les drones et les missiles de croisi\u00e8re. L&rsquo;accord-cadre a \u00e9t\u00e9 sign\u00e9 ce lundi, et la valeur de l&rsquo;achat [&hellip;]<\/p>\n","protected":false},"author":113,"featured_media":723357,"comment_status":"closed","ping_status":"closed","sticky":false,"template":"","format":"standard","meta":{"_acf_changed":false,"footnotes":""},"categories":[89002],"tags":[89594,89973,89340,148510,88296,85567,85944,85700,95075,85412,87130,143291],"coauthors":[116091],"class_list":["post-910960","post","type-post","status-publish","format-standard","has-post-thumbnail","hentry","category-le-flash","tag-austerite","tag-contestation","tag-cour-constitutionnelle","tag-deficit-fr","tag-parlement","tag-politique","tag-presse-roumaine","tag-protestations","tag-revue-de-presse","tag-roumanie","tag-statistique","tag-ue-fr"],"acf":[],"yoast_head":"<!-- This site is optimized with the Yoast SEO plugin v27.3 - https:\/\/yoast.com\/product\/yoast-seo-wordpress\/ -->\n<title>21.07.2025 (mise \u00e0 jour) - Radio Roumanie Internationale<\/title>\n<meta name=\"robots\" content=\"index, follow, max-snippet:-1, max-image-preview:large, max-video-preview:-1\" \/>\n<link rel=\"canonical\" href=\"https:\/\/www.rri.ro\/fr\/actualites\/le-flash\/21-07-2025-mise-a-jour-id910960.html\" \/>\n<meta property=\"og:locale\" content=\"fr_FR\" \/>\n<meta property=\"og:type\" content=\"article\" \/>\n<meta property=\"og:title\" content=\"21.07.2025 (mise \u00e0 jour) - Radio Roumanie Internationale\" \/>\n<meta property=\"og:description\" content=\"[mise \u00e0 jour 19:30] &nbsp; D\u00e9fense &#8211; Le minist\u00e8re roumain de la D\u00e9fense ach\u00e8tera \u00e0 la soci\u00e9t\u00e9 isra\u00e9lienne Rafael des syst\u00e8mes antia\u00e9riens \u00e0 courte et tr\u00e8s courte port\u00e9e con\u00e7us pour se prot\u00e9ger contre les menaces a\u00e9riennes, notamment les drones et les missiles de croisi\u00e8re. L&rsquo;accord-cadre a \u00e9t\u00e9 sign\u00e9 ce lundi, et la valeur de l&rsquo;achat [&hellip;]\" \/>\n<meta property=\"og:url\" content=\"https:\/\/www.rri.ro\/fr\/actualites\/le-flash\/21-07-2025-mise-a-jour-id910960.html\" \/>\n<meta property=\"og:site_name\" content=\"Radio Roumanie Internationale\" \/>\n<meta property=\"article:published_time\" content=\"2025-07-21T15:40:04+00:00\" \/>\n<meta property=\"article:modified_time\" content=\"2025-07-21T16:32:57+00:00\" \/>\n<meta property=\"og:image\" content=\"https:\/\/www.rri.ro\/wp-content\/uploads\/2024\/03\/RRI-960x540-Le-flash-2-NOU.jpg\" \/>\n\t<meta property=\"og:image:width\" content=\"960\" \/>\n\t<meta property=\"og:image:height\" content=\"540\" \/>\n\t<meta property=\"og:image:type\" content=\"image\/jpeg\" \/>\n<meta name=\"author\" content=\"Newsroom\" \/>\n<meta name=\"twitter:card\" content=\"summary_large_image\" \/>\n<meta name=\"twitter:label1\" content=\"\u00c9crit par\" \/>\n\t<meta name=\"twitter:data1\" content=\"Newsroom\" \/>\n\t<meta name=\"twitter:label2\" content=\"Dur\u00e9e de lecture estim\u00e9e\" \/>\n\t<meta name=\"twitter:data2\" content=\"5 minutes\" \/>\n\t<meta name=\"twitter:label3\" content=\"Written by\" \/>\n\t<meta name=\"twitter:data3\" content=\"Newsroom\" \/>\n<script type=\"application\/ld+json\" class=\"yoast-schema-graph\">{\"@context\":\"https:\\\/\\\/schema.org\",\"@graph\":[{\"@type\":\"Article\",\"@id\":\"https:\\\/\\\/www.rri.ro\\\/fr\\\/actualites\\\/le-flash\\\/21-07-2025-mise-a-jour-id910960.html#article\",\"isPartOf\":{\"@id\":\"https:\\\/\\\/www.rri.ro\\\/fr\\\/actualites\\\/le-flash\\\/21-07-2025-mise-a-jour-id910960.html\"},\"author\":{\"name\":\"Newsroom\",\"@id\":\"https:\\\/\\\/www.rri.ro\\\/#\\\/schema\\\/person\\\/4a479940371b9fdefd194f561e8a7f88\"},\"headline\":\"21.07.2025 (mise \u00e0 jour)\",\"datePublished\":\"2025-07-21T15:40:04+00:00\",\"dateModified\":\"2025-07-21T16:32:57+00:00\",\"mainEntityOfPage\":{\"@id\":\"https:\\\/\\\/www.rri.ro\\\/fr\\\/actualites\\\/le-flash\\\/21-07-2025-mise-a-jour-id910960.html\"},\"wordCount\":1041,\"image\":{\"@id\":\"https:\\\/\\\/www.rri.ro\\\/fr\\\/actualites\\\/le-flash\\\/21-07-2025-mise-a-jour-id910960.html#primaryimage\"},\"thumbnailUrl\":\"https:\\\/\\\/www.rri.ro\\\/wp-content\\\/uploads\\\/2024\\\/03\\\/RRI-960x540-Le-flash-2-NOU.jpg\",\"keywords\":[\"aust\u00e9rit\u00e9\",\"contestation\",\"Cour Constitutionnelle\",\"deficit\",\"Parlement\",\"politique\",\"presse roumaine\",\"protestations\",\"revue de presse\",\"Roumanie\",\"statistique\",\"UE\"],\"articleSection\":[\"Le flash\"],\"inLanguage\":\"fr-FR\"},{\"@type\":\"WebPage\",\"@id\":\"https:\\\/\\\/www.rri.ro\\\/fr\\\/actualites\\\/le-flash\\\/21-07-2025-mise-a-jour-id910960.html\",\"url\":\"https:\\\/\\\/www.rri.ro\\\/fr\\\/actualites\\\/le-flash\\\/21-07-2025-mise-a-jour-id910960.html\",\"name\":\"21.07.2025 (mise \u00e0 jour) - Radio Roumanie Internationale\",\"isPartOf\":{\"@id\":\"https:\\\/\\\/www.rri.ro\\\/#website\"},\"primaryImageOfPage\":{\"@id\":\"https:\\\/\\\/www.rri.ro\\\/fr\\\/actualites\\\/le-flash\\\/21-07-2025-mise-a-jour-id910960.html#primaryimage\"},\"image\":{\"@id\":\"https:\\\/\\\/www.rri.ro\\\/fr\\\/actualites\\\/le-flash\\\/21-07-2025-mise-a-jour-id910960.html#primaryimage\"},\"thumbnailUrl\":\"https:\\\/\\\/www.rri.ro\\\/wp-content\\\/uploads\\\/2024\\\/03\\\/RRI-960x540-Le-flash-2-NOU.jpg\",\"datePublished\":\"2025-07-21T15:40:04+00:00\",\"dateModified\":\"2025-07-21T16:32:57+00:00\",\"author\":{\"@id\":\"https:\\\/\\\/www.rri.ro\\\/#\\\/schema\\\/person\\\/4a479940371b9fdefd194f561e8a7f88\"},\"breadcrumb\":{\"@id\":\"https:\\\/\\\/www.rri.ro\\\/fr\\\/actualites\\\/le-flash\\\/21-07-2025-mise-a-jour-id910960.html#breadcrumb\"},\"inLanguage\":\"fr-FR\",\"potentialAction\":[{\"@type\":\"ReadAction\",\"target\":[\"https:\\\/\\\/www.rri.ro\\\/fr\\\/actualites\\\/le-flash\\\/21-07-2025-mise-a-jour-id910960.html\"]}]},{\"@type\":\"ImageObject\",\"inLanguage\":\"fr-FR\",\"@id\":\"https:\\\/\\\/www.rri.ro\\\/fr\\\/actualites\\\/le-flash\\\/21-07-2025-mise-a-jour-id910960.html#primaryimage\",\"url\":\"https:\\\/\\\/www.rri.ro\\\/wp-content\\\/uploads\\\/2024\\\/03\\\/RRI-960x540-Le-flash-2-NOU.jpg\",\"contentUrl\":\"https:\\\/\\\/www.rri.ro\\\/wp-content\\\/uploads\\\/2024\\\/03\\\/RRI-960x540-Le-flash-2-NOU.jpg\",\"width\":960,\"height\":540},{\"@type\":\"BreadcrumbList\",\"@id\":\"https:\\\/\\\/www.rri.ro\\\/fr\\\/actualites\\\/le-flash\\\/21-07-2025-mise-a-jour-id910960.html#breadcrumb\",\"itemListElement\":[{\"@type\":\"ListItem\",\"position\":1,\"name\":\"Page d'accueil\",\"item\":\"https:\\\/\\\/www.rri.ro\\\/fr\"},{\"@type\":\"ListItem\",\"position\":2,\"name\":\"Actualit\u00e9s\",\"item\":\"https:\\\/\\\/www.rri.ro\\\/fr\\\/actualites\"},{\"@type\":\"ListItem\",\"position\":3,\"name\":\"Le flash\",\"item\":\"https:\\\/\\\/www.rri.ro\\\/fr\\\/actualites\\\/le-flash\"},{\"@type\":\"ListItem\",\"position\":4,\"name\":\"21.07.2025 (mise \u00e0 jour)\"}]},{\"@type\":\"WebSite\",\"@id\":\"https:\\\/\\\/www.rri.ro\\\/#website\",\"url\":\"https:\\\/\\\/www.rri.ro\\\/\",\"name\":\"Radio Roumanie Internationale\",\"description\":\"Totul despre Rom\u00e2nia \u015fi rom\u00e2ni, \u00een 13 limbi\\\/dialecte!\",\"inLanguage\":\"fr-FR\"},{\"@type\":\"Person\",\"@id\":\"https:\\\/\\\/www.rri.ro\\\/#\\\/schema\\\/person\\\/4a479940371b9fdefd194f561e8a7f88\",\"name\":\"Newsroom\",\"url\":\"https:\\\/\\\/www.rri.ro\\\/fr\\\/author\\\/newsroom\"}]}<\/script>\n<!-- \/ Yoast SEO plugin. -->","yoast_head_json":{"title":"21.07.2025 (mise \u00e0 jour) - Radio Roumanie Internationale","robots":{"index":"index","follow":"follow","max-snippet":"max-snippet:-1","max-image-preview":"max-image-preview:large","max-video-preview":"max-video-preview:-1"},"canonical":"https:\/\/www.rri.ro\/fr\/actualites\/le-flash\/21-07-2025-mise-a-jour-id910960.html","og_locale":"fr_FR","og_type":"article","og_title":"21.07.2025 (mise \u00e0 jour) - Radio Roumanie Internationale","og_description":"[mise \u00e0 jour 19:30] &nbsp; D\u00e9fense &#8211; Le minist\u00e8re roumain de la D\u00e9fense ach\u00e8tera \u00e0 la soci\u00e9t\u00e9 isra\u00e9lienne Rafael des syst\u00e8mes antia\u00e9riens \u00e0 courte et tr\u00e8s courte port\u00e9e con\u00e7us pour se prot\u00e9ger contre les menaces a\u00e9riennes, notamment les drones et les missiles de croisi\u00e8re. L&rsquo;accord-cadre a \u00e9t\u00e9 sign\u00e9 ce lundi, et la valeur de l&rsquo;achat [&hellip;]","og_url":"https:\/\/www.rri.ro\/fr\/actualites\/le-flash\/21-07-2025-mise-a-jour-id910960.html","og_site_name":"Radio Roumanie Internationale","article_published_time":"2025-07-21T15:40:04+00:00","article_modified_time":"2025-07-21T16:32:57+00:00","og_image":[{"width":960,"height":540,"url":"https:\/\/www.rri.ro\/wp-content\/uploads\/2024\/03\/RRI-960x540-Le-flash-2-NOU.jpg","type":"image\/jpeg"}],"author":"Newsroom","twitter_card":"summary_large_image","twitter_misc":{"\u00c9crit par":"Newsroom","Dur\u00e9e de lecture estim\u00e9e":"5 minutes","Written by":"Newsroom"},"schema":{"@context":"https:\/\/schema.org","@graph":[{"@type":"Article","@id":"https:\/\/www.rri.ro\/fr\/actualites\/le-flash\/21-07-2025-mise-a-jour-id910960.html#article","isPartOf":{"@id":"https:\/\/www.rri.ro\/fr\/actualites\/le-flash\/21-07-2025-mise-a-jour-id910960.html"},"author":{"name":"Newsroom","@id":"https:\/\/www.rri.ro\/#\/schema\/person\/4a479940371b9fdefd194f561e8a7f88"},"headline":"21.07.2025 (mise \u00e0 jour)","datePublished":"2025-07-21T15:40:04+00:00","dateModified":"2025-07-21T16:32:57+00:00","mainEntityOfPage":{"@id":"https:\/\/www.rri.ro\/fr\/actualites\/le-flash\/21-07-2025-mise-a-jour-id910960.html"},"wordCount":1041,"image":{"@id":"https:\/\/www.rri.ro\/fr\/actualites\/le-flash\/21-07-2025-mise-a-jour-id910960.html#primaryimage"},"thumbnailUrl":"https:\/\/www.rri.ro\/wp-content\/uploads\/2024\/03\/RRI-960x540-Le-flash-2-NOU.jpg","keywords":["aust\u00e9rit\u00e9","contestation","Cour Constitutionnelle","deficit","Parlement","politique","presse roumaine","protestations","revue de presse","Roumanie","statistique","UE"],"articleSection":["Le flash"],"inLanguage":"fr-FR"},{"@type":"WebPage","@id":"https:\/\/www.rri.ro\/fr\/actualites\/le-flash\/21-07-2025-mise-a-jour-id910960.html","url":"https:\/\/www.rri.ro\/fr\/actualites\/le-flash\/21-07-2025-mise-a-jour-id910960.html","name":"21.07.2025 (mise \u00e0 jour) - Radio Roumanie Internationale","isPartOf":{"@id":"https:\/\/www.rri.ro\/#website"},"primaryImageOfPage":{"@id":"https:\/\/www.rri.ro\/fr\/actualites\/le-flash\/21-07-2025-mise-a-jour-id910960.html#primaryimage"},"image":{"@id":"https:\/\/www.rri.ro\/fr\/actualites\/le-flash\/21-07-2025-mise-a-jour-id910960.html#primaryimage"},"thumbnailUrl":"https:\/\/www.rri.ro\/wp-content\/uploads\/2024\/03\/RRI-960x540-Le-flash-2-NOU.jpg","datePublished":"2025-07-21T15:40:04+00:00","dateModified":"2025-07-21T16:32:57+00:00","author":{"@id":"https:\/\/www.rri.ro\/#\/schema\/person\/4a479940371b9fdefd194f561e8a7f88"},"breadcrumb":{"@id":"https:\/\/www.rri.ro\/fr\/actualites\/le-flash\/21-07-2025-mise-a-jour-id910960.html#breadcrumb"},"inLanguage":"fr-FR","potentialAction":[{"@type":"ReadAction","target":["https:\/\/www.rri.ro\/fr\/actualites\/le-flash\/21-07-2025-mise-a-jour-id910960.html"]}]},{"@type":"ImageObject","inLanguage":"fr-FR","@id":"https:\/\/www.rri.ro\/fr\/actualites\/le-flash\/21-07-2025-mise-a-jour-id910960.html#primaryimage","url":"https:\/\/www.rri.ro\/wp-content\/uploads\/2024\/03\/RRI-960x540-Le-flash-2-NOU.jpg","contentUrl":"https:\/\/www.rri.ro\/wp-content\/uploads\/2024\/03\/RRI-960x540-Le-flash-2-NOU.jpg","width":960,"height":540},{"@type":"BreadcrumbList","@id":"https:\/\/www.rri.ro\/fr\/actualites\/le-flash\/21-07-2025-mise-a-jour-id910960.html#breadcrumb","itemListElement":[{"@type":"ListItem","position":1,"name":"Page d'accueil","item":"https:\/\/www.rri.ro\/fr"},{"@type":"ListItem","position":2,"name":"Actualit\u00e9s","item":"https:\/\/www.rri.ro\/fr\/actualites"},{"@type":"ListItem","position":3,"name":"Le flash","item":"https:\/\/www.rri.ro\/fr\/actualites\/le-flash"},{"@type":"ListItem","position":4,"name":"21.07.2025 (mise \u00e0 jour)"}]},{"@type":"WebSite","@id":"https:\/\/www.rri.ro\/#website","url":"https:\/\/www.rri.ro\/","name":"Radio Roumanie Internationale","description":"Totul despre Rom\u00e2nia \u015fi rom\u00e2ni, \u00een 13 limbi\/dialecte!","inLanguage":"fr-FR"},{"@type":"Person","@id":"https:\/\/www.rri.ro\/#\/schema\/person\/4a479940371b9fdefd194f561e8a7f88","name":"Newsroom","url":"https:\/\/www.rri.ro\/fr\/author\/newsroom"}]}},"_links":{"self":[{"href":"https:\/\/www.rri.ro\/fr\/wp-json\/wp\/v2\/posts\/910960","targetHints":{"allow":["GET"]}}],"collection":[{"href":"https:\/\/www.rri.ro\/fr\/wp-json\/wp\/v2\/posts"}],"about":[{"href":"https:\/\/www.rri.ro\/fr\/wp-json\/wp\/v2\/types\/post"}],"author":[{"embeddable":true,"href":"https:\/\/www.rri.ro\/fr\/wp-json\/wp\/v2\/users\/113"}],"replies":[{"embeddable":true,"href":"https:\/\/www.rri.ro\/fr\/wp-json\/wp\/v2\/comments?post=910960"}],"version-history":[{"count":0,"href":"https:\/\/www.rri.ro\/fr\/wp-json\/wp\/v2\/posts\/910960\/revisions"}],"wp:featuredmedia":[{"embeddable":true,"href":"https:\/\/www.rri.ro\/fr\/wp-json\/wp\/v2\/media\/723357"}],"wp:attachment":[{"href":"https:\/\/www.rri.ro\/fr\/wp-json\/wp\/v2\/media?parent=910960"}],"wp:term":[{"taxonomy":"category","embeddable":true,"href":"https:\/\/www.rri.ro\/fr\/wp-json\/wp\/v2\/categories?post=910960"},{"taxonomy":"post_tag","embeddable":true,"href":"https:\/\/www.rri.ro\/fr\/wp-json\/wp\/v2\/tags?post=910960"},{"taxonomy":"author","embeddable":true,"href":"https:\/\/www.rri.ro\/fr\/wp-json\/wp\/v2\/coauthors?post=910960"}],"curies":[{"name":"wp","href":"https:\/\/api.w.org\/{rel}","templated":true}]}}