{"id":911941,"date":"2025-07-24T19:07:24","date_gmt":"2025-07-24T16:07:24","guid":{"rendered":"https:\/\/www.rri.ro\/?p=911941"},"modified":"2025-07-24T19:41:11","modified_gmt":"2025-07-24T16:41:11","slug":"24-07-2025-mise-a-jour","status":"publish","type":"post","link":"https:\/\/www.rri.ro\/fr\/actualites\/le-flash\/24-07-2025-mise-a-jour-id911941.html","title":{"rendered":"24.07.2025 (mise \u00e0 jour)"},"content":{"rendered":"<p><strong>[mise \u00e0 jour 19:30]<\/strong><\/p>\n<p>&nbsp;<\/p>\n<p><strong>Directive europ\u00e9enne<\/strong> &#8211; Plusieurs entreprises pharmaceutiques et cosm\u00e9tiques europ\u00e9ennes, y compris roumaines, contestent la m\u00e9thodologie utilis\u00e9e pour \u00e9laborer la directive relative au traitement des eaux urbaines r\u00e9siduaires, qui fait partie du Pacte vert pour l&rsquo;Europe. Les dispositions actuelles appliquent le principe du \u00ab pollueur-payeur \u00bb et imposent \u00e0 ces deux types d&rsquo;industries des co\u00fbts suppl\u00e9mentaires pour l&rsquo;\u00e9limination des micropolluants. Le pr\u00e9sident de l&rsquo;Association des fabricants de m\u00e9dicaments g\u00e9n\u00e9riques de Roumanie, Daniel Bran, a attir\u00e9 l&rsquo;attention sur le fait que le mod\u00e8le appliqu\u00e9 pour d\u00e9terminer les pollueurs est erron\u00e9. L&rsquo;ex\u00e9cutif communautaire a \u00e9t\u00e9 invit\u00e9 \u00e0 refaire l&rsquo;\u00e9tude d&rsquo;impact relative \u00e0 la responsabilit\u00e9 \u00e9largie des producteurs, une d\u00e9marche soutenue par 16 \u00c9tats membres de l&rsquo;UE, dont la Roumanie, a d\u00e9clar\u00e9 \u00e0 son tour le directeur ex\u00e9cutif de l&rsquo;Association roumaine des fabricants internationaux de m\u00e9dicaments, Dan Zaharescu. Les deux repr\u00e9sentants de l&rsquo;industrie pharmaceutique ont signal\u00e9 que les prix des m\u00e9dicaments pourraient augmenter de 5 \u00e0 8 fois si cette directive entrait en vigueur sous sa forme actuelle.<\/p>\n<p>&nbsp;<\/p>\n<p><strong>[mise \u00e0 jour 19:00]<\/strong><\/p>\n<p>&nbsp;<\/p>\n<p><strong>Education<\/strong> &#8211; Trois f\u00e9d\u00e9rations syndicales du syst\u00e8me \u00e9ducatif roumain demandent au pr\u00e9sident Nicu\u015for Dan, de ne pas promulguer la loi sur certaines mesures fiscales et budg\u00e9taires telle qu&rsquo;elle a \u00e9t\u00e9 adopt\u00e9e par le gouvernement. L&rsquo;application de cette loi aura de graves r\u00e9percussions sur les employ\u00e9s du secteur de l&rsquo;\u00e9ducation comme sur les \u00e9l\u00e8ves et les \u00e9tudiants, affirment les repr\u00e9sentants de la FSLI, de Spiru Haret et d&rsquo;ALMA MATER, qui soulignent que la r\u00e9ponse donn\u00e9e \u00e0 ce sujet par l&rsquo;Institut des sciences de l&rsquo;\u00e9ducation soutient leur d\u00e9marche. Ils estiment que la norme p\u00e9dagogique se situe au niveau moyen de l&rsquo;Union europ\u00e9enne et ne devrait pas \u00eatre augment\u00e9e, et que l&rsquo;augmentation du nombre d&rsquo;\u00e9l\u00e8ves par classe alt\u00e9rera la qualit\u00e9 de l&rsquo;enseignement et entra\u00eenera une baisse des r\u00e9sultats, y compris dans les \u00e9valuations internationales. Une d\u00e9l\u00e9gation des trois f\u00e9d\u00e9rations syndicales d\u00e9posera vendredi un document \u00e0 ce sujet aupr\u00e8s de l&rsquo;administration pr\u00e9sidentielle. Rappelons que le gouvernement de Bucarest a pris la responsabilit\u00e9 devant le Parlement du premier paquet de mesures fiscales visant \u00e0 r\u00e9duire le d\u00e9ficit budg\u00e9taire du pays. Ce paquet comprend de nouvelles taxes et accises qui entreront en vigueur le 1er ao\u00fbt, parmi lesquelles l&rsquo;augmentation de la TVA qui passerait de 19 \u00e0 21 %.<\/p>\n<p>&nbsp;<\/p>\n<p><strong>Automobile<\/strong> &#8211; Le programme \u00ab Rabla, le vieux taco \u00bb, visant \u00e0 renouveler le parc automobile roumain, sera lanc\u00e9 d\u00e8s l&rsquo;adoption du deuxi\u00e8me paquet de mesures budg\u00e9taires et fiscales, celui concernant la r\u00e9forme des entreprises publiques, a annonc\u00e9 ce jeudi la ministre de l&rsquo;Environnement, Diana Buzoianu. Elle a pr\u00e9cis\u00e9 que la plateforme technique d&rsquo;inscription est la m\u00eame et que les crit\u00e8res et le processus de s\u00e9lection restent inchang\u00e9s. En ce qui concerne ce deuxi\u00e8me ensemble de mesures visant \u00e0 r\u00e9duire le d\u00e9ficit budg\u00e9taire du pays, notamment en renfor\u00e7ant la capacit\u00e9 de l&rsquo;ANAF (Agence nationale d\u2019administration fiscale) \u00e0 collecter les recettes pour le budget de l&rsquo;\u00c9tat, la porte-parole du gouvernement Ioana Dogioiu a d\u00e9clar\u00e9 qu&rsquo;il serait annonc\u00e9 \u00ab tr\u00e8s probablement au milieu de la semaine prochaine \u00bb. Elle a indiqu\u00e9 que des discussions \u00e9taient encore en cours au niveau de l&rsquo;ex\u00e9cutif, que les effets des mesures propos\u00e9es \u00e9taient analys\u00e9s et qu&rsquo;une d\u00e9cision serait prise quant \u00e0 la forme sous laquelle le paquet de mesures serait approuv\u00e9, \u00e0 savoir par engagement de responsabilit\u00e9, comme dans le cas du premier, ou par vote au sein du pouvoir l\u00e9gislatif. Entre-temps, la loi selon laquelle les parlementaires roumains qui poss\u00e8dent un logement \u00e0 Bucarest ou dans le comt\u00e9 limitrophe d&rsquo;Ilfov ne re\u00e7oivent plus d&rsquo;indemnit\u00e9 de l&rsquo;\u00c9tat pour le remboursement de leur loyer a \u00e9t\u00e9 promulgu\u00e9e par le pr\u00e9sident Nicu\u015for Dan.<\/p>\n<p>&nbsp;<\/p>\n<p><strong>Consulat<\/strong> &#8211; Un consulat honoraire de Roumanie sera ouvert \u00e0 Ruse, en Bulgarie. La d\u00e9cision a \u00e9t\u00e9 approuv\u00e9e par le gouvernement du pays voisin, et la circonscription consulaire couvrira le territoire des r\u00e9gions de Ruse, Plevna et Veliko T\u00e2rnovo. Les fonctions de consul honoraire seront exerc\u00e9es par Viktor Gugu\u015fev, un avocat poss\u00e9dant une vaste exp\u00e9rience dans le domaine du conseil juridique transfrontalier, du droit des soci\u00e9t\u00e9s et des fusions et acquisitions internationales, \u00e9galement pr\u00e9sident du conseil d&rsquo;administration de la Chambre de commerce bulgaro-roumaine. L&rsquo;ex\u00e9cutif de Sofia a pr\u00e9cis\u00e9 que l&rsquo;ouverture du consulat honoraire de Roumanie \u00e0 Ruse contribuera \u00e0 renforcer les liens bilat\u00e9raux, commerciaux, \u00e9conomiques, culturels et \u00e9ducatifs entre les deux pays.<\/p>\n","protected":false},"excerpt":{"rendered":"<p>[mise \u00e0 jour 19:30] &nbsp; Directive europ\u00e9enne &#8211; Plusieurs entreprises pharmaceutiques et cosm\u00e9tiques europ\u00e9ennes, y compris roumaines, contestent la m\u00e9thodologie utilis\u00e9e pour \u00e9laborer la directive relative au traitement des eaux urbaines r\u00e9siduaires, qui fait partie du Pacte vert pour l&rsquo;Europe. Les dispositions actuelles appliquent le principe du \u00ab pollueur-payeur \u00bb et imposent \u00e0 ces deux [&hellip;]<\/p>\n","protected":false},"author":113,"featured_media":723357,"comment_status":"closed","ping_status":"closed","sticky":false,"template":"","format":"standard","meta":{"_acf_changed":false,"footnotes":""},"categories":[89002],"tags":[87096,88296,85567,85944,85700,95075,85412],"coauthors":[116091],"class_list":["post-911941","post","type-post","status-publish","format-standard","has-post-thumbnail","hentry","category-le-flash","tag-gouvernement","tag-parlement","tag-politique","tag-presse-roumaine","tag-protestations","tag-revue-de-presse","tag-roumanie"],"acf":[],"yoast_head":"<!-- This site is optimized with the Yoast SEO plugin v27.3 - https:\/\/yoast.com\/product\/yoast-seo-wordpress\/ -->\n<title>24.07.2025 (mise \u00e0 jour) - Radio Roumanie Internationale<\/title>\n<meta name=\"robots\" content=\"index, follow, max-snippet:-1, max-image-preview:large, max-video-preview:-1\" \/>\n<link rel=\"canonical\" href=\"https:\/\/www.rri.ro\/fr\/actualites\/le-flash\/24-07-2025-mise-a-jour-id911941.html\" \/>\n<meta property=\"og:locale\" content=\"fr_FR\" \/>\n<meta property=\"og:type\" content=\"article\" \/>\n<meta property=\"og:title\" content=\"24.07.2025 (mise \u00e0 jour) - Radio Roumanie Internationale\" \/>\n<meta property=\"og:description\" content=\"[mise \u00e0 jour 19:30] &nbsp; Directive europ\u00e9enne &#8211; Plusieurs entreprises pharmaceutiques et cosm\u00e9tiques europ\u00e9ennes, y compris roumaines, contestent la m\u00e9thodologie utilis\u00e9e pour \u00e9laborer la directive relative au traitement des eaux urbaines r\u00e9siduaires, qui fait partie du Pacte vert pour l&rsquo;Europe. Les dispositions actuelles appliquent le principe du \u00ab pollueur-payeur \u00bb et imposent \u00e0 ces deux [&hellip;]\" \/>\n<meta property=\"og:url\" content=\"https:\/\/www.rri.ro\/fr\/actualites\/le-flash\/24-07-2025-mise-a-jour-id911941.html\" \/>\n<meta property=\"og:site_name\" content=\"Radio Roumanie Internationale\" \/>\n<meta property=\"article:published_time\" content=\"2025-07-24T16:07:24+00:00\" \/>\n<meta property=\"article:modified_time\" content=\"2025-07-24T16:41:11+00:00\" \/>\n<meta property=\"og:image\" content=\"https:\/\/www.rri.ro\/wp-content\/uploads\/2024\/03\/RRI-960x540-Le-flash-2-NOU.jpg\" \/>\n\t<meta property=\"og:image:width\" content=\"960\" \/>\n\t<meta property=\"og:image:height\" content=\"540\" \/>\n\t<meta property=\"og:image:type\" content=\"image\/jpeg\" \/>\n<meta name=\"author\" content=\"Newsroom\" \/>\n<meta name=\"twitter:card\" content=\"summary_large_image\" \/>\n<meta name=\"twitter:label1\" content=\"\u00c9crit par\" \/>\n\t<meta name=\"twitter:data1\" content=\"Newsroom\" \/>\n\t<meta name=\"twitter:label2\" content=\"Dur\u00e9e de lecture estim\u00e9e\" \/>\n\t<meta name=\"twitter:data2\" content=\"4 minutes\" \/>\n\t<meta name=\"twitter:label3\" content=\"Written by\" \/>\n\t<meta name=\"twitter:data3\" content=\"Newsroom\" \/>\n<script type=\"application\/ld+json\" class=\"yoast-schema-graph\">{\"@context\":\"https:\\\/\\\/schema.org\",\"@graph\":[{\"@type\":\"Article\",\"@id\":\"https:\\\/\\\/www.rri.ro\\\/fr\\\/actualites\\\/le-flash\\\/24-07-2025-mise-a-jour-id911941.html#article\",\"isPartOf\":{\"@id\":\"https:\\\/\\\/www.rri.ro\\\/fr\\\/actualites\\\/le-flash\\\/24-07-2025-mise-a-jour-id911941.html\"},\"author\":{\"name\":\"Newsroom\",\"@id\":\"https:\\\/\\\/www.rri.ro\\\/#\\\/schema\\\/person\\\/4a479940371b9fdefd194f561e8a7f88\"},\"headline\":\"24.07.2025 (mise \u00e0 jour)\",\"datePublished\":\"2025-07-24T16:07:24+00:00\",\"dateModified\":\"2025-07-24T16:41:11+00:00\",\"mainEntityOfPage\":{\"@id\":\"https:\\\/\\\/www.rri.ro\\\/fr\\\/actualites\\\/le-flash\\\/24-07-2025-mise-a-jour-id911941.html\"},\"wordCount\":816,\"image\":{\"@id\":\"https:\\\/\\\/www.rri.ro\\\/fr\\\/actualites\\\/le-flash\\\/24-07-2025-mise-a-jour-id911941.html#primaryimage\"},\"thumbnailUrl\":\"https:\\\/\\\/www.rri.ro\\\/wp-content\\\/uploads\\\/2024\\\/03\\\/RRI-960x540-Le-flash-2-NOU.jpg\",\"keywords\":[\"gouvernement\",\"Parlement\",\"politique\",\"presse roumaine\",\"protestations\",\"revue de presse\",\"Roumanie\"],\"articleSection\":[\"Le flash\"],\"inLanguage\":\"fr-FR\"},{\"@type\":\"WebPage\",\"@id\":\"https:\\\/\\\/www.rri.ro\\\/fr\\\/actualites\\\/le-flash\\\/24-07-2025-mise-a-jour-id911941.html\",\"url\":\"https:\\\/\\\/www.rri.ro\\\/fr\\\/actualites\\\/le-flash\\\/24-07-2025-mise-a-jour-id911941.html\",\"name\":\"24.07.2025 (mise \u00e0 jour) - Radio Roumanie Internationale\",\"isPartOf\":{\"@id\":\"https:\\\/\\\/www.rri.ro\\\/#website\"},\"primaryImageOfPage\":{\"@id\":\"https:\\\/\\\/www.rri.ro\\\/fr\\\/actualites\\\/le-flash\\\/24-07-2025-mise-a-jour-id911941.html#primaryimage\"},\"image\":{\"@id\":\"https:\\\/\\\/www.rri.ro\\\/fr\\\/actualites\\\/le-flash\\\/24-07-2025-mise-a-jour-id911941.html#primaryimage\"},\"thumbnailUrl\":\"https:\\\/\\\/www.rri.ro\\\/wp-content\\\/uploads\\\/2024\\\/03\\\/RRI-960x540-Le-flash-2-NOU.jpg\",\"datePublished\":\"2025-07-24T16:07:24+00:00\",\"dateModified\":\"2025-07-24T16:41:11+00:00\",\"author\":{\"@id\":\"https:\\\/\\\/www.rri.ro\\\/#\\\/schema\\\/person\\\/4a479940371b9fdefd194f561e8a7f88\"},\"breadcrumb\":{\"@id\":\"https:\\\/\\\/www.rri.ro\\\/fr\\\/actualites\\\/le-flash\\\/24-07-2025-mise-a-jour-id911941.html#breadcrumb\"},\"inLanguage\":\"fr-FR\",\"potentialAction\":[{\"@type\":\"ReadAction\",\"target\":[\"https:\\\/\\\/www.rri.ro\\\/fr\\\/actualites\\\/le-flash\\\/24-07-2025-mise-a-jour-id911941.html\"]}]},{\"@type\":\"ImageObject\",\"inLanguage\":\"fr-FR\",\"@id\":\"https:\\\/\\\/www.rri.ro\\\/fr\\\/actualites\\\/le-flash\\\/24-07-2025-mise-a-jour-id911941.html#primaryimage\",\"url\":\"https:\\\/\\\/www.rri.ro\\\/wp-content\\\/uploads\\\/2024\\\/03\\\/RRI-960x540-Le-flash-2-NOU.jpg\",\"contentUrl\":\"https:\\\/\\\/www.rri.ro\\\/wp-content\\\/uploads\\\/2024\\\/03\\\/RRI-960x540-Le-flash-2-NOU.jpg\",\"width\":960,\"height\":540},{\"@type\":\"BreadcrumbList\",\"@id\":\"https:\\\/\\\/www.rri.ro\\\/fr\\\/actualites\\\/le-flash\\\/24-07-2025-mise-a-jour-id911941.html#breadcrumb\",\"itemListElement\":[{\"@type\":\"ListItem\",\"position\":1,\"name\":\"Page d'accueil\",\"item\":\"https:\\\/\\\/www.rri.ro\\\/fr\"},{\"@type\":\"ListItem\",\"position\":2,\"name\":\"Actualit\u00e9s\",\"item\":\"https:\\\/\\\/www.rri.ro\\\/fr\\\/actualites\"},{\"@type\":\"ListItem\",\"position\":3,\"name\":\"Le flash\",\"item\":\"https:\\\/\\\/www.rri.ro\\\/fr\\\/actualites\\\/le-flash\"},{\"@type\":\"ListItem\",\"position\":4,\"name\":\"24.07.2025 (mise \u00e0 jour)\"}]},{\"@type\":\"WebSite\",\"@id\":\"https:\\\/\\\/www.rri.ro\\\/#website\",\"url\":\"https:\\\/\\\/www.rri.ro\\\/\",\"name\":\"Radio Roumanie Internationale\",\"description\":\"Totul despre Rom\u00e2nia \u015fi rom\u00e2ni, \u00een 13 limbi\\\/dialecte!\",\"inLanguage\":\"fr-FR\"},{\"@type\":\"Person\",\"@id\":\"https:\\\/\\\/www.rri.ro\\\/#\\\/schema\\\/person\\\/4a479940371b9fdefd194f561e8a7f88\",\"name\":\"Newsroom\",\"url\":\"https:\\\/\\\/www.rri.ro\\\/fr\\\/author\\\/newsroom\"}]}<\/script>\n<!-- \/ Yoast SEO plugin. -->","yoast_head_json":{"title":"24.07.2025 (mise \u00e0 jour) - Radio Roumanie Internationale","robots":{"index":"index","follow":"follow","max-snippet":"max-snippet:-1","max-image-preview":"max-image-preview:large","max-video-preview":"max-video-preview:-1"},"canonical":"https:\/\/www.rri.ro\/fr\/actualites\/le-flash\/24-07-2025-mise-a-jour-id911941.html","og_locale":"fr_FR","og_type":"article","og_title":"24.07.2025 (mise \u00e0 jour) - Radio Roumanie Internationale","og_description":"[mise \u00e0 jour 19:30] &nbsp; Directive europ\u00e9enne &#8211; Plusieurs entreprises pharmaceutiques et cosm\u00e9tiques europ\u00e9ennes, y compris roumaines, contestent la m\u00e9thodologie utilis\u00e9e pour \u00e9laborer la directive relative au traitement des eaux urbaines r\u00e9siduaires, qui fait partie du Pacte vert pour l&rsquo;Europe. Les dispositions actuelles appliquent le principe du \u00ab pollueur-payeur \u00bb et imposent \u00e0 ces deux [&hellip;]","og_url":"https:\/\/www.rri.ro\/fr\/actualites\/le-flash\/24-07-2025-mise-a-jour-id911941.html","og_site_name":"Radio Roumanie Internationale","article_published_time":"2025-07-24T16:07:24+00:00","article_modified_time":"2025-07-24T16:41:11+00:00","og_image":[{"width":960,"height":540,"url":"https:\/\/www.rri.ro\/wp-content\/uploads\/2024\/03\/RRI-960x540-Le-flash-2-NOU.jpg","type":"image\/jpeg"}],"author":"Newsroom","twitter_card":"summary_large_image","twitter_misc":{"\u00c9crit par":"Newsroom","Dur\u00e9e de lecture estim\u00e9e":"4 minutes","Written by":"Newsroom"},"schema":{"@context":"https:\/\/schema.org","@graph":[{"@type":"Article","@id":"https:\/\/www.rri.ro\/fr\/actualites\/le-flash\/24-07-2025-mise-a-jour-id911941.html#article","isPartOf":{"@id":"https:\/\/www.rri.ro\/fr\/actualites\/le-flash\/24-07-2025-mise-a-jour-id911941.html"},"author":{"name":"Newsroom","@id":"https:\/\/www.rri.ro\/#\/schema\/person\/4a479940371b9fdefd194f561e8a7f88"},"headline":"24.07.2025 (mise \u00e0 jour)","datePublished":"2025-07-24T16:07:24+00:00","dateModified":"2025-07-24T16:41:11+00:00","mainEntityOfPage":{"@id":"https:\/\/www.rri.ro\/fr\/actualites\/le-flash\/24-07-2025-mise-a-jour-id911941.html"},"wordCount":816,"image":{"@id":"https:\/\/www.rri.ro\/fr\/actualites\/le-flash\/24-07-2025-mise-a-jour-id911941.html#primaryimage"},"thumbnailUrl":"https:\/\/www.rri.ro\/wp-content\/uploads\/2024\/03\/RRI-960x540-Le-flash-2-NOU.jpg","keywords":["gouvernement","Parlement","politique","presse roumaine","protestations","revue de presse","Roumanie"],"articleSection":["Le flash"],"inLanguage":"fr-FR"},{"@type":"WebPage","@id":"https:\/\/www.rri.ro\/fr\/actualites\/le-flash\/24-07-2025-mise-a-jour-id911941.html","url":"https:\/\/www.rri.ro\/fr\/actualites\/le-flash\/24-07-2025-mise-a-jour-id911941.html","name":"24.07.2025 (mise \u00e0 jour) - Radio Roumanie Internationale","isPartOf":{"@id":"https:\/\/www.rri.ro\/#website"},"primaryImageOfPage":{"@id":"https:\/\/www.rri.ro\/fr\/actualites\/le-flash\/24-07-2025-mise-a-jour-id911941.html#primaryimage"},"image":{"@id":"https:\/\/www.rri.ro\/fr\/actualites\/le-flash\/24-07-2025-mise-a-jour-id911941.html#primaryimage"},"thumbnailUrl":"https:\/\/www.rri.ro\/wp-content\/uploads\/2024\/03\/RRI-960x540-Le-flash-2-NOU.jpg","datePublished":"2025-07-24T16:07:24+00:00","dateModified":"2025-07-24T16:41:11+00:00","author":{"@id":"https:\/\/www.rri.ro\/#\/schema\/person\/4a479940371b9fdefd194f561e8a7f88"},"breadcrumb":{"@id":"https:\/\/www.rri.ro\/fr\/actualites\/le-flash\/24-07-2025-mise-a-jour-id911941.html#breadcrumb"},"inLanguage":"fr-FR","potentialAction":[{"@type":"ReadAction","target":["https:\/\/www.rri.ro\/fr\/actualites\/le-flash\/24-07-2025-mise-a-jour-id911941.html"]}]},{"@type":"ImageObject","inLanguage":"fr-FR","@id":"https:\/\/www.rri.ro\/fr\/actualites\/le-flash\/24-07-2025-mise-a-jour-id911941.html#primaryimage","url":"https:\/\/www.rri.ro\/wp-content\/uploads\/2024\/03\/RRI-960x540-Le-flash-2-NOU.jpg","contentUrl":"https:\/\/www.rri.ro\/wp-content\/uploads\/2024\/03\/RRI-960x540-Le-flash-2-NOU.jpg","width":960,"height":540},{"@type":"BreadcrumbList","@id":"https:\/\/www.rri.ro\/fr\/actualites\/le-flash\/24-07-2025-mise-a-jour-id911941.html#breadcrumb","itemListElement":[{"@type":"ListItem","position":1,"name":"Page d'accueil","item":"https:\/\/www.rri.ro\/fr"},{"@type":"ListItem","position":2,"name":"Actualit\u00e9s","item":"https:\/\/www.rri.ro\/fr\/actualites"},{"@type":"ListItem","position":3,"name":"Le flash","item":"https:\/\/www.rri.ro\/fr\/actualites\/le-flash"},{"@type":"ListItem","position":4,"name":"24.07.2025 (mise \u00e0 jour)"}]},{"@type":"WebSite","@id":"https:\/\/www.rri.ro\/#website","url":"https:\/\/www.rri.ro\/","name":"Radio Roumanie Internationale","description":"Totul despre Rom\u00e2nia \u015fi rom\u00e2ni, \u00een 13 limbi\/dialecte!","inLanguage":"fr-FR"},{"@type":"Person","@id":"https:\/\/www.rri.ro\/#\/schema\/person\/4a479940371b9fdefd194f561e8a7f88","name":"Newsroom","url":"https:\/\/www.rri.ro\/fr\/author\/newsroom"}]}},"_links":{"self":[{"href":"https:\/\/www.rri.ro\/fr\/wp-json\/wp\/v2\/posts\/911941","targetHints":{"allow":["GET"]}}],"collection":[{"href":"https:\/\/www.rri.ro\/fr\/wp-json\/wp\/v2\/posts"}],"about":[{"href":"https:\/\/www.rri.ro\/fr\/wp-json\/wp\/v2\/types\/post"}],"author":[{"embeddable":true,"href":"https:\/\/www.rri.ro\/fr\/wp-json\/wp\/v2\/users\/113"}],"replies":[{"embeddable":true,"href":"https:\/\/www.rri.ro\/fr\/wp-json\/wp\/v2\/comments?post=911941"}],"version-history":[{"count":0,"href":"https:\/\/www.rri.ro\/fr\/wp-json\/wp\/v2\/posts\/911941\/revisions"}],"wp:featuredmedia":[{"embeddable":true,"href":"https:\/\/www.rri.ro\/fr\/wp-json\/wp\/v2\/media\/723357"}],"wp:attachment":[{"href":"https:\/\/www.rri.ro\/fr\/wp-json\/wp\/v2\/media?parent=911941"}],"wp:term":[{"taxonomy":"category","embeddable":true,"href":"https:\/\/www.rri.ro\/fr\/wp-json\/wp\/v2\/categories?post=911941"},{"taxonomy":"post_tag","embeddable":true,"href":"https:\/\/www.rri.ro\/fr\/wp-json\/wp\/v2\/tags?post=911941"},{"taxonomy":"author","embeddable":true,"href":"https:\/\/www.rri.ro\/fr\/wp-json\/wp\/v2\/coauthors?post=911941"}],"curies":[{"name":"wp","href":"https:\/\/api.w.org\/{rel}","templated":true}]}}