{"id":919895,"date":"2025-08-22T14:29:32","date_gmt":"2025-08-22T11:29:32","guid":{"rendered":"https:\/\/www.rri.ro\/?p=919895"},"modified":"2025-08-22T14:29:32","modified_gmt":"2025-08-22T11:29:32","slug":"levee-de-rideau-du-festival-george-enescu-2025","status":"publish","type":"post","link":"https:\/\/www.rri.ro\/fr\/actualites\/les-dossiers-de-lactualite\/levee-de-rideau-du-festival-george-enescu-2025-id919895.html","title":{"rendered":"Lev\u00e9e de rideau du festival \u00ab George Enescu \u00bb 2025"},"content":{"rendered":"<h3>Cette ann\u00e9e l\u2019on marque les 70 ans \u00e9coul\u00e9s depuis la disparition du plus grand compositeur roumain, George Enescu.<\/h3>\n<p>&nbsp;<\/p>\n<p>L\u2019occasion parfaite pour l\u2019\u00e9dition 2025 du festival international de musique classique qui porte son nom de mettre les projecteurs tant sur son h\u00e9ritage artistique, que sur son impact profond sur la musique classique universelle. Plus de 4 000 artistes de Roumanie et des 4 coins du monde sont attendus \u00e0 Bucarest, pour participer du 24 ao\u00fbt au 21 septembre \u00e0 cette 27<sup>e<\/sup> \u00e9dition du festival international \u00ab\u00a0George Enescu \u00bb. 29 jours durant, cette \u00e9norme f\u00eate de la musique proposera une centaine de concerts et spectacles pour toutes les cat\u00e9gories de public. Parmi les artistes les plus importants qui monteront sur sc\u00e8ne, mentionnons les chefs d\u2019orchestre Keri-Lynn Wilson, Ustina Dubitsky, Daniele Gatti, Sir Andras Schiff, Ivan Fischer ou encore Cristian Mandeal. S\u2019y ajoutent les pianistes Rudolf Buchbinder, Martha Argerich ainsi que Lucas et Arthur Jussen, les violoncellistes Kian Soltani, Sol Gabetta et le Roumain Andrei Ioni\u0163\u0103. Pour ne donner que quelques exemples.<\/p>\n<p>&nbsp;<\/p>\n<h3>Hommage \u00e0 la cr\u00e9ation d&rsquo;Enescu<\/h3>\n<p>&nbsp;<\/p>\n<p>Somme toute, cette \u00e9dition proposera aussi quelque 45 interpr\u00e9tations de la cr\u00e9ation de George Enescu, dont son op\u00e9ra \u00ab\u00a0\u0152dipe \u00bb, une production de l\u2019Op\u00e9ra national de Bucarest, sign\u00e9e Stefano Poda.\u00a0N\u2019y manqueront pas non plus ses Symphonies, ses Rhapsodies Roumaines, ses Suites pour orchestre, ni la Symphonie concertante pour violoncelle et orchestre, ni la Balade pour violon et orchestre, sans oublier de nombreuses cr\u00e9ations de musique de chambre, pour chorale et autres \u2013 le tout interpr\u00e9t\u00e9 par quelques-uns des plus grands artistes du monde.<\/p>\n<p>&nbsp;<\/p>\n<h3>Une \u00e9dition marqu\u00e9e par la diversit\u00e9<\/h3>\n<p>&nbsp;<\/p>\n<p>La diversit\u00e9 artistique sera le ma\u00eetre-mot de cette 27<sup>e<\/sup> \u00e9dition du Festival \u00ab\u00a0George Enescu \u00bb, avec plus de 80 ensembles invit\u00e9s de 28 pays, y compris des orchestres symphoniques, des chorales et des groupes de musique de chambre. Plus encore, Bucarest n\u2019est pas la seule ville qui les accueillera, des concertes et \u00e9v\u00e9nements connexes (expositions consacr\u00e9es \u00e0 George Enescu et projets innovateurs en r\u00e9alit\u00e9 virtuelle) \u00e9tant pr\u00e9vus dans plusieurs villes \u00e0 travers le pays.<\/p>\n<p>&nbsp;<\/p>\n<h3>Enescu dans des espaces alt\u00e9rnatifs<\/h3>\n<p>&nbsp;<\/p>\n<p>A noter aussi que le festival ne se limitera pas aux salles habituelles de concert et \u00e0 la musique classique, plusieurs concerts \u00e9tant organis\u00e9s en plein air ou accueillis par des clubs, tels le Club Control de Bucarest, qui proposera de la musique exp\u00e9rimentale, du jazz, de la musique \u00e9lectronique et la liste n\u2019est pas termin\u00e9e. Appel\u00e9 \u00ab Enescu\u00a0\u00e0 Control\u00a0\u00bb, ce projet est d\u2019ailleurs une premi\u00e8re pour ce festival, marquant une ouverture vers un espace devenu, ces 17 derni\u00e8res ann\u00e9es, un rep\u00e8re de la musique alternative roumaine.<\/p>\n<p>&nbsp;<\/p>\n<h3>La radio publique roumaine est une partenaire du festival depuis sa cr\u00e9ation<\/h3>\n<p>&nbsp;<\/p>\n<p>Et on ne saurait oublier de dire que, depuis la cr\u00e9ation de ce grand festival, en 1958, Radio Roumanie a \u00e9t\u00e9 un partenaire constant en sa qualit\u00e9 de co-producteur. D\u2019ailleurs, Radio Roumanie Musique est la seule radio du pays consacr\u00e9e \u00e0 la musique classique, avec des performances reconnues au niveau national et international dans le domaine. Sur ses ondes les auditeurs pourront \u00e9couter, en direct, les 63 concerts accueillis par Bucarest dans le cadre du festival. Et c\u2019est aussi gr\u00e2ce \u00e0 Radio Roumanie Musique que 11 des concerts de cette \u00e9dition sont \u00e9galement inclus dans la saison d\u2019\u00e9t\u00e9 de l\u2019Union europ\u00e9enne des radios (EBU), qui r\u00e9unit des enregistrements et transmissions en direct des plus grands festivals europ\u00e9ens, tels BBC Proms, le festival Richard Wagner de Bayreuth (Allemagne) ou encore le festival de Salzbourg et bien d\u2019autres. Et pas en dernier lieu, disons aussi que les orchestres et chorales de la radio publique roumaine ne manqueront pas non plus \u00e0 l\u2019affiche du Festival international de musique classique \u00ab\u00a0George Enescu \u00bb 2025.<\/p>\n","protected":false},"excerpt":{"rendered":"<p>Cette ann\u00e9e l\u2019on marque les 70 ans \u00e9coul\u00e9s depuis la disparition du plus grand compositeur roumain, George Enescu. &nbsp; L\u2019occasion parfaite pour l\u2019\u00e9dition 2025 du festival international de musique classique qui porte son nom de mettre les projecteurs tant sur son h\u00e9ritage artistique, que sur son impact profond sur la musique classique universelle. Plus de [&hellip;]<\/p>\n","protected":false},"author":110,"featured_media":918958,"comment_status":"closed","ping_status":"closed","sticky":false,"template":"","format":"standard","meta":{"_acf_changed":false,"footnotes":""},"categories":[93377],"tags":[142556,152776,146431,85782],"coauthors":[113257],"class_list":["post-919895","post","type-post","status-publish","format-standard","has-post-thumbnail","hentry","category-les-dossiers-de-lactualite","tag-culture-fr","tag-enescu-fr","tag-festival-fr","tag-musique"],"acf":[],"yoast_head":"<!-- This site is optimized with the Yoast SEO plugin v27.3 - https:\/\/yoast.com\/product\/yoast-seo-wordpress\/ -->\n<title>Lev\u00e9e de rideau du festival \u00ab George Enescu \u00bb 2025 - Radio Roumanie Internationale<\/title>\n<meta name=\"robots\" content=\"index, follow, max-snippet:-1, max-image-preview:large, max-video-preview:-1\" \/>\n<link rel=\"canonical\" href=\"https:\/\/www.rri.ro\/fr\/actualites\/les-dossiers-de-lactualite\/levee-de-rideau-du-festival-george-enescu-2025-id919895.html\" \/>\n<meta property=\"og:locale\" content=\"fr_FR\" \/>\n<meta property=\"og:type\" content=\"article\" \/>\n<meta property=\"og:title\" content=\"Lev\u00e9e de rideau du festival \u00ab George Enescu \u00bb 2025 - Radio Roumanie Internationale\" \/>\n<meta property=\"og:description\" content=\"Cette ann\u00e9e l\u2019on marque les 70 ans \u00e9coul\u00e9s depuis la disparition du plus grand compositeur roumain, George Enescu. &nbsp; L\u2019occasion parfaite pour l\u2019\u00e9dition 2025 du festival international de musique classique qui porte son nom de mettre les projecteurs tant sur son h\u00e9ritage artistique, que sur son impact profond sur la musique classique universelle. Plus de [&hellip;]\" \/>\n<meta property=\"og:url\" content=\"https:\/\/www.rri.ro\/fr\/actualites\/les-dossiers-de-lactualite\/levee-de-rideau-du-festival-george-enescu-2025-id919895.html\" \/>\n<meta property=\"og:site_name\" content=\"Radio Roumanie Internationale\" \/>\n<meta property=\"article:published_time\" content=\"2025-08-22T11:29:32+00:00\" \/>\n<meta property=\"og:image\" content=\"https:\/\/www.rri.ro\/wp-content\/uploads\/2025\/08\/Macheta-concert-Enescu-2025-Radio-Romania.jpg\" \/>\n\t<meta property=\"og:image:width\" content=\"960\" \/>\n\t<meta property=\"og:image:height\" content=\"540\" \/>\n\t<meta property=\"og:image:type\" content=\"image\/jpeg\" \/>\n<meta name=\"author\" content=\"\u015etefan Stoica\" \/>\n<meta name=\"twitter:card\" content=\"summary_large_image\" \/>\n<meta name=\"twitter:label1\" content=\"\u00c9crit par\" \/>\n\t<meta name=\"twitter:data1\" content=\"\u015etefan Stoica\" \/>\n\t<meta name=\"twitter:label2\" content=\"Dur\u00e9e de lecture estim\u00e9e\" \/>\n\t<meta name=\"twitter:data2\" content=\"3 minutes\" \/>\n\t<meta name=\"twitter:label3\" content=\"Written by\" \/>\n\t<meta name=\"twitter:data3\" content=\"\u015etefan Stoica\" \/>\n<script type=\"application\/ld+json\" class=\"yoast-schema-graph\">{\"@context\":\"https:\\\/\\\/schema.org\",\"@graph\":[{\"@type\":\"Article\",\"@id\":\"https:\\\/\\\/www.rri.ro\\\/fr\\\/actualites\\\/les-dossiers-de-lactualite\\\/levee-de-rideau-du-festival-george-enescu-2025-id919895.html#article\",\"isPartOf\":{\"@id\":\"https:\\\/\\\/www.rri.ro\\\/fr\\\/actualites\\\/les-dossiers-de-lactualite\\\/levee-de-rideau-du-festival-george-enescu-2025-id919895.html\"},\"author\":{\"name\":\"\u015etefan Stoica\",\"@id\":\"https:\\\/\\\/www.rri.ro\\\/#\\\/schema\\\/person\\\/2d81d5dc94d44190d13245f64551d334\"},\"headline\":\"Lev\u00e9e de rideau du festival \u00ab George Enescu \u00bb 2025\",\"datePublished\":\"2025-08-22T11:29:32+00:00\",\"mainEntityOfPage\":{\"@id\":\"https:\\\/\\\/www.rri.ro\\\/fr\\\/actualites\\\/les-dossiers-de-lactualite\\\/levee-de-rideau-du-festival-george-enescu-2025-id919895.html\"},\"wordCount\":652,\"image\":{\"@id\":\"https:\\\/\\\/www.rri.ro\\\/fr\\\/actualites\\\/les-dossiers-de-lactualite\\\/levee-de-rideau-du-festival-george-enescu-2025-id919895.html#primaryimage\"},\"thumbnailUrl\":\"https:\\\/\\\/www.rri.ro\\\/wp-content\\\/uploads\\\/2025\\\/08\\\/Macheta-concert-Enescu-2025-Radio-Romania.jpg\",\"keywords\":[\"culture\",\"Enescu\",\"festival\",\"musique\"],\"articleSection\":[\"Les dossiers de l'actualit\u00e9\"],\"inLanguage\":\"fr-FR\"},{\"@type\":\"WebPage\",\"@id\":\"https:\\\/\\\/www.rri.ro\\\/fr\\\/actualites\\\/les-dossiers-de-lactualite\\\/levee-de-rideau-du-festival-george-enescu-2025-id919895.html\",\"url\":\"https:\\\/\\\/www.rri.ro\\\/fr\\\/actualites\\\/les-dossiers-de-lactualite\\\/levee-de-rideau-du-festival-george-enescu-2025-id919895.html\",\"name\":\"Lev\u00e9e de rideau du festival \u00ab George Enescu \u00bb 2025 - Radio Roumanie Internationale\",\"isPartOf\":{\"@id\":\"https:\\\/\\\/www.rri.ro\\\/#website\"},\"primaryImageOfPage\":{\"@id\":\"https:\\\/\\\/www.rri.ro\\\/fr\\\/actualites\\\/les-dossiers-de-lactualite\\\/levee-de-rideau-du-festival-george-enescu-2025-id919895.html#primaryimage\"},\"image\":{\"@id\":\"https:\\\/\\\/www.rri.ro\\\/fr\\\/actualites\\\/les-dossiers-de-lactualite\\\/levee-de-rideau-du-festival-george-enescu-2025-id919895.html#primaryimage\"},\"thumbnailUrl\":\"https:\\\/\\\/www.rri.ro\\\/wp-content\\\/uploads\\\/2025\\\/08\\\/Macheta-concert-Enescu-2025-Radio-Romania.jpg\",\"datePublished\":\"2025-08-22T11:29:32+00:00\",\"author\":{\"@id\":\"https:\\\/\\\/www.rri.ro\\\/#\\\/schema\\\/person\\\/2d81d5dc94d44190d13245f64551d334\"},\"breadcrumb\":{\"@id\":\"https:\\\/\\\/www.rri.ro\\\/fr\\\/actualites\\\/les-dossiers-de-lactualite\\\/levee-de-rideau-du-festival-george-enescu-2025-id919895.html#breadcrumb\"},\"inLanguage\":\"fr-FR\",\"potentialAction\":[{\"@type\":\"ReadAction\",\"target\":[\"https:\\\/\\\/www.rri.ro\\\/fr\\\/actualites\\\/les-dossiers-de-lactualite\\\/levee-de-rideau-du-festival-george-enescu-2025-id919895.html\"]}]},{\"@type\":\"ImageObject\",\"inLanguage\":\"fr-FR\",\"@id\":\"https:\\\/\\\/www.rri.ro\\\/fr\\\/actualites\\\/les-dossiers-de-lactualite\\\/levee-de-rideau-du-festival-george-enescu-2025-id919895.html#primaryimage\",\"url\":\"https:\\\/\\\/www.rri.ro\\\/wp-content\\\/uploads\\\/2025\\\/08\\\/Macheta-concert-Enescu-2025-Radio-Romania.jpg\",\"contentUrl\":\"https:\\\/\\\/www.rri.ro\\\/wp-content\\\/uploads\\\/2025\\\/08\\\/Macheta-concert-Enescu-2025-Radio-Romania.jpg\",\"width\":960,\"height\":540},{\"@type\":\"BreadcrumbList\",\"@id\":\"https:\\\/\\\/www.rri.ro\\\/fr\\\/actualites\\\/les-dossiers-de-lactualite\\\/levee-de-rideau-du-festival-george-enescu-2025-id919895.html#breadcrumb\",\"itemListElement\":[{\"@type\":\"ListItem\",\"position\":1,\"name\":\"Page d'accueil\",\"item\":\"https:\\\/\\\/www.rri.ro\\\/fr\"},{\"@type\":\"ListItem\",\"position\":2,\"name\":\"Actualit\u00e9s\",\"item\":\"https:\\\/\\\/www.rri.ro\\\/fr\\\/actualites\"},{\"@type\":\"ListItem\",\"position\":3,\"name\":\"Les dossiers de l'actualit\u00e9\",\"item\":\"https:\\\/\\\/www.rri.ro\\\/fr\\\/actualites\\\/les-dossiers-de-lactualite\"},{\"@type\":\"ListItem\",\"position\":4,\"name\":\"Lev\u00e9e de rideau du festival \u00ab George Enescu \u00bb 2025\"}]},{\"@type\":\"WebSite\",\"@id\":\"https:\\\/\\\/www.rri.ro\\\/#website\",\"url\":\"https:\\\/\\\/www.rri.ro\\\/\",\"name\":\"Radio Roumanie Internationale\",\"description\":\"Totul despre Rom\u00e2nia \u015fi rom\u00e2ni, \u00een 13 limbi\\\/dialecte!\",\"inLanguage\":\"fr-FR\"},{\"@type\":\"Person\",\"@id\":\"https:\\\/\\\/www.rri.ro\\\/#\\\/schema\\\/person\\\/2d81d5dc94d44190d13245f64551d334\",\"name\":\"\u015etefan Stoica\",\"url\":\"https:\\\/\\\/www.rri.ro\\\/fr\\\/author\\\/stefan-stoica\"}]}<\/script>\n<!-- \/ Yoast SEO plugin. -->","yoast_head_json":{"title":"Lev\u00e9e de rideau du festival \u00ab George Enescu \u00bb 2025 - Radio Roumanie Internationale","robots":{"index":"index","follow":"follow","max-snippet":"max-snippet:-1","max-image-preview":"max-image-preview:large","max-video-preview":"max-video-preview:-1"},"canonical":"https:\/\/www.rri.ro\/fr\/actualites\/les-dossiers-de-lactualite\/levee-de-rideau-du-festival-george-enescu-2025-id919895.html","og_locale":"fr_FR","og_type":"article","og_title":"Lev\u00e9e de rideau du festival \u00ab George Enescu \u00bb 2025 - Radio Roumanie Internationale","og_description":"Cette ann\u00e9e l\u2019on marque les 70 ans \u00e9coul\u00e9s depuis la disparition du plus grand compositeur roumain, George Enescu. &nbsp; L\u2019occasion parfaite pour l\u2019\u00e9dition 2025 du festival international de musique classique qui porte son nom de mettre les projecteurs tant sur son h\u00e9ritage artistique, que sur son impact profond sur la musique classique universelle. Plus de [&hellip;]","og_url":"https:\/\/www.rri.ro\/fr\/actualites\/les-dossiers-de-lactualite\/levee-de-rideau-du-festival-george-enescu-2025-id919895.html","og_site_name":"Radio Roumanie Internationale","article_published_time":"2025-08-22T11:29:32+00:00","og_image":[{"width":960,"height":540,"url":"https:\/\/www.rri.ro\/wp-content\/uploads\/2025\/08\/Macheta-concert-Enescu-2025-Radio-Romania.jpg","type":"image\/jpeg"}],"author":"\u015etefan Stoica","twitter_card":"summary_large_image","twitter_misc":{"\u00c9crit par":"\u015etefan Stoica","Dur\u00e9e de lecture estim\u00e9e":"3 minutes","Written by":"\u015etefan Stoica"},"schema":{"@context":"https:\/\/schema.org","@graph":[{"@type":"Article","@id":"https:\/\/www.rri.ro\/fr\/actualites\/les-dossiers-de-lactualite\/levee-de-rideau-du-festival-george-enescu-2025-id919895.html#article","isPartOf":{"@id":"https:\/\/www.rri.ro\/fr\/actualites\/les-dossiers-de-lactualite\/levee-de-rideau-du-festival-george-enescu-2025-id919895.html"},"author":{"name":"\u015etefan Stoica","@id":"https:\/\/www.rri.ro\/#\/schema\/person\/2d81d5dc94d44190d13245f64551d334"},"headline":"Lev\u00e9e de rideau du festival \u00ab George Enescu \u00bb 2025","datePublished":"2025-08-22T11:29:32+00:00","mainEntityOfPage":{"@id":"https:\/\/www.rri.ro\/fr\/actualites\/les-dossiers-de-lactualite\/levee-de-rideau-du-festival-george-enescu-2025-id919895.html"},"wordCount":652,"image":{"@id":"https:\/\/www.rri.ro\/fr\/actualites\/les-dossiers-de-lactualite\/levee-de-rideau-du-festival-george-enescu-2025-id919895.html#primaryimage"},"thumbnailUrl":"https:\/\/www.rri.ro\/wp-content\/uploads\/2025\/08\/Macheta-concert-Enescu-2025-Radio-Romania.jpg","keywords":["culture","Enescu","festival","musique"],"articleSection":["Les dossiers de l'actualit\u00e9"],"inLanguage":"fr-FR"},{"@type":"WebPage","@id":"https:\/\/www.rri.ro\/fr\/actualites\/les-dossiers-de-lactualite\/levee-de-rideau-du-festival-george-enescu-2025-id919895.html","url":"https:\/\/www.rri.ro\/fr\/actualites\/les-dossiers-de-lactualite\/levee-de-rideau-du-festival-george-enescu-2025-id919895.html","name":"Lev\u00e9e de rideau du festival \u00ab George Enescu \u00bb 2025 - Radio Roumanie Internationale","isPartOf":{"@id":"https:\/\/www.rri.ro\/#website"},"primaryImageOfPage":{"@id":"https:\/\/www.rri.ro\/fr\/actualites\/les-dossiers-de-lactualite\/levee-de-rideau-du-festival-george-enescu-2025-id919895.html#primaryimage"},"image":{"@id":"https:\/\/www.rri.ro\/fr\/actualites\/les-dossiers-de-lactualite\/levee-de-rideau-du-festival-george-enescu-2025-id919895.html#primaryimage"},"thumbnailUrl":"https:\/\/www.rri.ro\/wp-content\/uploads\/2025\/08\/Macheta-concert-Enescu-2025-Radio-Romania.jpg","datePublished":"2025-08-22T11:29:32+00:00","author":{"@id":"https:\/\/www.rri.ro\/#\/schema\/person\/2d81d5dc94d44190d13245f64551d334"},"breadcrumb":{"@id":"https:\/\/www.rri.ro\/fr\/actualites\/les-dossiers-de-lactualite\/levee-de-rideau-du-festival-george-enescu-2025-id919895.html#breadcrumb"},"inLanguage":"fr-FR","potentialAction":[{"@type":"ReadAction","target":["https:\/\/www.rri.ro\/fr\/actualites\/les-dossiers-de-lactualite\/levee-de-rideau-du-festival-george-enescu-2025-id919895.html"]}]},{"@type":"ImageObject","inLanguage":"fr-FR","@id":"https:\/\/www.rri.ro\/fr\/actualites\/les-dossiers-de-lactualite\/levee-de-rideau-du-festival-george-enescu-2025-id919895.html#primaryimage","url":"https:\/\/www.rri.ro\/wp-content\/uploads\/2025\/08\/Macheta-concert-Enescu-2025-Radio-Romania.jpg","contentUrl":"https:\/\/www.rri.ro\/wp-content\/uploads\/2025\/08\/Macheta-concert-Enescu-2025-Radio-Romania.jpg","width":960,"height":540},{"@type":"BreadcrumbList","@id":"https:\/\/www.rri.ro\/fr\/actualites\/les-dossiers-de-lactualite\/levee-de-rideau-du-festival-george-enescu-2025-id919895.html#breadcrumb","itemListElement":[{"@type":"ListItem","position":1,"name":"Page d'accueil","item":"https:\/\/www.rri.ro\/fr"},{"@type":"ListItem","position":2,"name":"Actualit\u00e9s","item":"https:\/\/www.rri.ro\/fr\/actualites"},{"@type":"ListItem","position":3,"name":"Les dossiers de l'actualit\u00e9","item":"https:\/\/www.rri.ro\/fr\/actualites\/les-dossiers-de-lactualite"},{"@type":"ListItem","position":4,"name":"Lev\u00e9e de rideau du festival \u00ab George Enescu \u00bb 2025"}]},{"@type":"WebSite","@id":"https:\/\/www.rri.ro\/#website","url":"https:\/\/www.rri.ro\/","name":"Radio Roumanie Internationale","description":"Totul despre Rom\u00e2nia \u015fi rom\u00e2ni, \u00een 13 limbi\/dialecte!","inLanguage":"fr-FR"},{"@type":"Person","@id":"https:\/\/www.rri.ro\/#\/schema\/person\/2d81d5dc94d44190d13245f64551d334","name":"\u015etefan Stoica","url":"https:\/\/www.rri.ro\/fr\/author\/stefan-stoica"}]}},"_links":{"self":[{"href":"https:\/\/www.rri.ro\/fr\/wp-json\/wp\/v2\/posts\/919895","targetHints":{"allow":["GET"]}}],"collection":[{"href":"https:\/\/www.rri.ro\/fr\/wp-json\/wp\/v2\/posts"}],"about":[{"href":"https:\/\/www.rri.ro\/fr\/wp-json\/wp\/v2\/types\/post"}],"author":[{"embeddable":true,"href":"https:\/\/www.rri.ro\/fr\/wp-json\/wp\/v2\/users\/110"}],"replies":[{"embeddable":true,"href":"https:\/\/www.rri.ro\/fr\/wp-json\/wp\/v2\/comments?post=919895"}],"version-history":[{"count":0,"href":"https:\/\/www.rri.ro\/fr\/wp-json\/wp\/v2\/posts\/919895\/revisions"}],"wp:featuredmedia":[{"embeddable":true,"href":"https:\/\/www.rri.ro\/fr\/wp-json\/wp\/v2\/media\/918958"}],"wp:attachment":[{"href":"https:\/\/www.rri.ro\/fr\/wp-json\/wp\/v2\/media?parent=919895"}],"wp:term":[{"taxonomy":"category","embeddable":true,"href":"https:\/\/www.rri.ro\/fr\/wp-json\/wp\/v2\/categories?post=919895"},{"taxonomy":"post_tag","embeddable":true,"href":"https:\/\/www.rri.ro\/fr\/wp-json\/wp\/v2\/tags?post=919895"},{"taxonomy":"author","embeddable":true,"href":"https:\/\/www.rri.ro\/fr\/wp-json\/wp\/v2\/coauthors?post=919895"}],"curies":[{"name":"wp","href":"https:\/\/api.w.org\/{rel}","templated":true}]}}