{"id":922285,"date":"2025-08-31T11:10:29","date_gmt":"2025-08-31T08:10:29","guid":{"rendered":"https:\/\/www.rri.ro\/?p=922285"},"modified":"2025-08-29T13:17:23","modified_gmt":"2025-08-29T10:17:23","slug":"la-semaine-du-24-au-31-aout-2025","status":"publish","type":"post","link":"https:\/\/www.rri.ro\/fr\/actualites\/cette-semaine-en-roumanie\/la-semaine-du-24-au-31-aout-2025-id922285.html","title":{"rendered":"La semaine du 24 au 31 ao\u00fbt 2025"},"content":{"rendered":"<h3><strong>R\u00e9union annuelle de la diplomatie roumaine \u00e0 Bucarest<\/strong><\/h3>\n<p><strong>\u00a0<\/strong><\/p>\n<p>Bucarest a accueilli cette semaine la r\u00e9union annuelle de la diplomatie roumaine, rassemblant les chefs de missions diplomatiques et consulaires, les directeurs des repr\u00e9sentations de l\u2019Institut culturel roumain \u00e0 l\u2019\u00e9tranger, de hauts fonctionnaires ainsi que des invit\u00e9s sp\u00e9ciaux. Les discussions ont port\u00e9 sur le r\u00f4le de la Roumanie dans le contexte international actuel, les priorit\u00e9s de sa politique \u00e9trang\u00e8re, l\u2019unit\u00e9 transatlantique, la solidarit\u00e9 europ\u00e9enne et l\u2019importance de la diplomatie parlementaire. La cheffe de la diplomatie roumaine, Oana \u0162oiu, a rappel\u00e9 que le statut d\u2019\u00c9tat membre de l\u2019Union europ\u00e9enne, l\u2019appartenance \u00e0 l\u2019OTAN et le partenariat strat\u00e9gique avec les \u00c9tats-Unis constituent les piliers de la politique ext\u00e9rieure de Bucarest. Elle a insist\u00e9 sur la clart\u00e9 et la constance du message du pays : \u00ab\u202fVous pouvez compter sur la Roumanie.\u00a0\u00bb\u202f Le pr\u00e9sident Nicu\u015for Dan a soulign\u00e9, pour sa part, que la politique \u00e9trang\u00e8re roumaine devait rester pr\u00e9visible et coh\u00e9rente, fond\u00e9e sur le respect du droit international, un ordre mondial r\u00e9gul\u00e9 par des r\u00e8gles et un dialogue constant avec les partenaires internationaux. L\u2019\u00c9tat roumain se concentrera sur trois axes prioritaires : la s\u00e9curit\u00e9, l\u2019\u00e9conomie et la communaut\u00e9 des Roumains de l\u2019\u00e9tranger. Dans son intervention, \u00a0Nicu\u015for Dan a \u00e9galement mis en avant les opportunit\u00e9s strat\u00e9giques offertes par la position g\u00e9ographique du pays, qui pourrait devenir un hub de connectivit\u00e9 entre l\u2019Europe, l\u2019Asie et l\u2019Afrique, tout en soulignant que la mer Noire doit jouer un r\u00f4le central dans cette vision.<\/p>\n<h3><\/h3>\n<h3><strong>La R\u00e9publique de Moldova soutenue par ses alli\u00e9s de l\u2019UE<\/strong><\/h3>\n<p>&nbsp;<\/p>\n<p>Direction la R\u00e9publique de Moldova, de l\u2019autre c\u00f4t\u00e9 de la rivi\u00e8re Prut, ancien pays sovi\u00e9tique qui a c\u00e9l\u00e9br\u00e9 cette semaine le 34\u1d49 anniversaire de son ind\u00e9pendance. \u00c0 l\u2019occasion de cet anniversaire, Chisinau a re\u00e7u la visite du pr\u00e9sident fran\u00e7ais Emmanuel Macron, du chancelier allemand Friedrich Merz et du Premier ministre polonais Donald Tusk. Ce d\u00e9placement constitue un signal fort de l\u2019Occident, envoy\u00e9 \u00e0 un \u00c9tat europ\u00e9en en plein parcours d\u2019adh\u00e9sion, confront\u00e9 \u00e0 l\u2019ing\u00e9rence et \u00e0 la propagande pro-russes visant \u00e0 le d\u00e9stabiliser et \u00e0 l\u2019\u00e9loigner de l\u2019Union europ\u00e9enne. \u00ab <em>Le message que nous adressons aujourd\u2019hui est un message de soutien, de solidarit\u00e9 et de confiance en notre avenir commun au sein de l\u2019Union europ\u00e9enne<\/em> \u00bb, ont d\u00e9clar\u00e9 les trois dirigeants europ\u00e9ens. Le Premier ministre roumain Ilie Bolojan a quant \u00e0 lui r\u00e9affirm\u00e9 que Bucarest resterait un fervent d\u00e9fenseur des id\u00e9aux de la R\u00e9publique de Moldova et de ses citoyens d\u2019origine roumaine. Il a rappel\u00e9 le lien singulier qui unit les deux \u00c9tats, fond\u00e9 sur la langue, la culture, l\u2019histoire et les traditions, et a soulign\u00e9 que la Roumanie maintiendrait un soutien ferme, concret et multidimensionnel \u00e0 l\u2019adh\u00e9sion de la R\u00e9publique de Moldova \u00e0 l\u2019Union europ\u00e9enne. Dans ce contexte, les \u00e9lections l\u00e9gislatives pr\u00e9vues le 28 septembre prochain rev\u00eatent une importance capitale pour la trajectoire europ\u00e9enne du pays, selon les analystes politiques.<\/p>\n<p>&nbsp;<\/p>\n<h3><strong>Bucarest sur le point d\u2019engager \u00e0 nouveau sa responsabilit\u00e9 sur un nouveau plan d\u2019aust\u00e9rit\u00e9<\/strong><\/h3>\n<p>&nbsp;<\/p>\n<p>Les dirigeants des partis formant la coalition au pouvoir \u00e0 Bucarest se sont retrouv\u00e9s cette semaine pour finaliser les derniers arbitrages concernant le deuxi\u00e8me paquet de mesures fiscales destin\u00e9 \u00e0 r\u00e9duire le d\u00e9ficit budg\u00e9taire du pays. Selon Ioana Dogioiu, porte-parole du gouvernement, six projets de loi sont en cours de finalisation et seront int\u00e9gr\u00e9s \u00e0 ce second ensemble de r\u00e9formes. Ces initiatives couvrent plusieurs domaines strat\u00e9giques : la fiscalit\u00e9, l\u2019insolvabilit\u00e9, la r\u00e9forme des entreprises publiques, la modernisation du syst\u00e8me de Sant\u00e9, la r\u00e9organisation de l\u2019administration locale, la r\u00e9vision des r\u00e9gimes sp\u00e9ciaux de retraites des magistrats, ainsi que la r\u00e9forme des grandes autorit\u00e9s de r\u00e9gulation \u2013 \u00e9nerg\u00e9tique, financi\u00e8re et des communications. Dans le m\u00eame temps, l\u2019ex\u00e9cutif entend mieux encadrer l\u2019externalisation des b\u00e9n\u00e9fices des multinationales, renforcer l\u2019imposition des plus-values boursi\u00e8res, instaurer de nouvelles r\u00e8gles sur les revenus locatifs et appliquer une taxe de 25 lei sur les colis command\u00e9s hors Union europ\u00e9enne. D\u2019autres ajustements concernent la r\u00e9mun\u00e9ration des m\u00e9decins g\u00e9n\u00e9ralistes, d\u00e9sormais bas\u00e9e sur le nombre de consultations plut\u00f4t que sur le nombre de patients inscrits, et la r\u00e9vision des effectifs minimum et maximum par classe. Parmi les mesures les plus sensibles figurent une hausse de 70 % des imp\u00f4ts locaux, la suppression de 40 000 postes dans les administrations locales et le report de l\u2019\u00e2ge de d\u00e9part \u00e0 la retraite des magistrats \u00e0 65 ans. Le Premier ministre lib\u00e9ral Ilie Bolojan a pr\u00e9cis\u00e9 que les effets cumul\u00e9s de ces deux paquets devraient se mat\u00e9rialiser d\u00e8s l\u2019ann\u00e9e prochaine.<\/p>\n<p><strong>\u00a0<\/strong><\/p>\n<h3><strong>Le climat de tension sociale continue de grimper face \u00e0 l\u2019aust\u00e9rit\u00e9<\/strong><\/h3>\n<p>&nbsp;<\/p>\n<p>L\u2019adoption anticip\u00e9e du deuxi\u00e8me train de mesures budg\u00e9taires visant \u00e0 r\u00e9duire le d\u00e9ficit de la Roumanie a de nouveau d\u00e9clench\u00e9 des mouvements de contestation dans plusieurs villes de Roumanie cette semaine. \u00c0 Bucarest, enseignants et professeurs se sont rassembl\u00e9s depuis plus de vingt jours devant le minist\u00e8re de l\u2019\u00c9ducation, inquiets des cons\u00e9quences des r\u00e9formes sur le syst\u00e8me scolaire. Leur m\u00e9contentement porte sur l\u2019\u00e9l\u00e9vation du niveau d\u2019enseignement, la fusion de plus de 500 \u00e9tablissements et la r\u00e9duction de plus de 50 % du taux horaire. Les syndicats de l\u2019enseignement menacent quant \u00e0 eux de boycotter la rentr\u00e9e scolaire, pr\u00e9vue le 8 septembre, pour marquer leur opposition. Pour la premi\u00e8re fois depuis plusieurs ann\u00e9es, des repr\u00e9sentants syndicaux issus de diff\u00e9rents secteurs se sont unis autour de revendications communes, appelant \u00e0 des salaires d\u00e9cents et \u00e0 un partage \u00e9quitable du poids budg\u00e9taire impos\u00e9 par le gouvernement pour r\u00e9duire le d\u00e9ficit. Les \u00e9tudiants, eux aussi affect\u00e9s, d\u00e9noncent des mesures qui compromettent leur niveau de vie. Parall\u00e8lement, des professionnels de sant\u00e9, des transports ferroviaires, de la sylviculture ainsi que des forces de d\u00e9fense et d\u2019ordre public ont particip\u00e9 aux manifestations. Les magistrats, m\u00e9contents des r\u00e9formes touchant l\u2019\u00e2ge de d\u00e9part \u00e0 la retraite et le calcul du montant de leurs pensions, ont pris des mesures in\u00e9dites : les procureurs de 31 parquets du pays ont suspendu leurs activit\u00e9s, ne traitant d\u00e9sormais que les dossiers urgents.<\/p>\n<p>&nbsp;<\/p>\n<h3><strong>La Roumanie sur le devant de la sc\u00e8ne classique internationale<\/strong><\/h3>\n<p><strong>\u00a0<\/strong><\/p>\n<p>Dans ce contexte de troubles sociaux, la 27e \u00e9dition du Festival international de musique classique \u00ab\u00a0George Enescu\u00a0\u00bb, l&rsquo;un des plus importants festivals de ce genre au monde, a d\u00e9but\u00e9 \u00e0 Bucarest. Pendant quatre semaines, jusqu&rsquo;au 21\u00a0septembre\u00a02025, la capitale roumaine est le centre mondial de la musique classique et rassemble plus de 4\u00a0000 artistes de 28\u00a0pays, pour plus de 100\u00a0concerts. Cette ann\u00e9e, le festival c\u00e9l\u00e8bre les 70\u00a0ans de la disparition du grand compositeur roumain George Enescu et propose, sous la direction artistique du chef d&rsquo;orchestre Cristian M\u0103celaru, une \u00e9dition fond\u00e9e sur trois piliers\u00a0: la tradition d\u2019Enescu, l&rsquo;innovation artistique et l&rsquo;ouverture aux nouvelles g\u00e9n\u00e9rations. Le festival propose \u00e9galement des nouveaut\u00e9s, du lancement des cycles de concerts \u00ab\u00a0Enescu in Control\u00a0\u00bb et \u00ab\u00a0Enescu Immersive Experience\u00a0\u00bb, au retour de l&rsquo;op\u00e9ra et du ballet dans son programme. Programme qui comprend \u00e9galement des concerts, des expositions, des r\u00e9citals et des spectacles qui ont lieu dans plusieurs villes de Roumanie, dont Ia\u0219i, Cluj-Napoca, Timi\u0219oara, Sibiu, Bra\u0219ov, Constan\u021ba, et bien d\u2019autres encore.<\/p>\n","protected":false},"excerpt":{"rendered":"<p>R\u00e9union annuelle de la diplomatie roumaine \u00e0 Bucarest \u00a0 Bucarest a accueilli cette semaine la r\u00e9union annuelle de la diplomatie roumaine, rassemblant les chefs de missions diplomatiques et consulaires, les directeurs des repr\u00e9sentations de l\u2019Institut culturel roumain \u00e0 l\u2019\u00e9tranger, de hauts fonctionnaires ainsi que des invit\u00e9s sp\u00e9ciaux. Les discussions ont port\u00e9 sur le r\u00f4le de [&hellip;]<\/p>\n","protected":false},"author":118,"featured_media":892496,"comment_status":"closed","ping_status":"closed","sticky":false,"template":"","format":"standard","meta":{"_acf_changed":false,"footnotes":""},"categories":[94426],"tags":[89594,149356,146431,85536,175529,142548,88930,89808],"coauthors":[113323],"class_list":["post-922285","post","type-post","status-publish","format-standard","has-post-thumbnail","hentry","category-cette-semaine-en-roumanie","tag-austerite","tag-diplomatie-fr","tag-festival-fr","tag-fiscalite","tag-liberal-fr","tag-moldova-fr","tag-musique-classique","tag-reformes"],"acf":[],"yoast_head":"<!-- This site is optimized with the Yoast SEO plugin v27.3 - https:\/\/yoast.com\/product\/yoast-seo-wordpress\/ -->\n<title>La semaine du 24 au 31 ao\u00fbt 2025 - Radio Roumanie Internationale<\/title>\n<meta name=\"robots\" content=\"index, follow, max-snippet:-1, max-image-preview:large, max-video-preview:-1\" \/>\n<link rel=\"canonical\" href=\"https:\/\/www.rri.ro\/fr\/actualites\/cette-semaine-en-roumanie\/la-semaine-du-24-au-31-aout-2025-id922285.html\" \/>\n<meta property=\"og:locale\" content=\"fr_FR\" \/>\n<meta property=\"og:type\" content=\"article\" \/>\n<meta property=\"og:title\" content=\"La semaine du 24 au 31 ao\u00fbt 2025 - Radio Roumanie Internationale\" \/>\n<meta property=\"og:description\" content=\"R\u00e9union annuelle de la diplomatie roumaine \u00e0 Bucarest \u00a0 Bucarest a accueilli cette semaine la r\u00e9union annuelle de la diplomatie roumaine, rassemblant les chefs de missions diplomatiques et consulaires, les directeurs des repr\u00e9sentations de l\u2019Institut culturel roumain \u00e0 l\u2019\u00e9tranger, de hauts fonctionnaires ainsi que des invit\u00e9s sp\u00e9ciaux. Les discussions ont port\u00e9 sur le r\u00f4le de [&hellip;]\" \/>\n<meta property=\"og:url\" content=\"https:\/\/www.rri.ro\/fr\/actualites\/cette-semaine-en-roumanie\/la-semaine-du-24-au-31-aout-2025-id922285.html\" \/>\n<meta property=\"og:site_name\" content=\"Radio Roumanie Internationale\" \/>\n<meta property=\"article:published_time\" content=\"2025-08-31T08:10:29+00:00\" \/>\n<meta property=\"og:image\" content=\"https:\/\/www.rri.ro\/wp-content\/uploads\/2025\/05\/eveniment-top-ND-2025-16x9-1.jpg\" \/>\n\t<meta property=\"og:image:width\" content=\"1280\" \/>\n\t<meta property=\"og:image:height\" content=\"720\" \/>\n\t<meta property=\"og:image:type\" content=\"image\/jpeg\" \/>\n<meta name=\"author\" content=\"Sorin Iordan\" \/>\n<meta name=\"twitter:card\" content=\"summary_large_image\" \/>\n<meta name=\"twitter:label1\" content=\"\u00c9crit par\" \/>\n\t<meta name=\"twitter:data1\" content=\"Sorin Iordan\" \/>\n\t<meta name=\"twitter:label2\" content=\"Dur\u00e9e de lecture estim\u00e9e\" \/>\n\t<meta name=\"twitter:data2\" content=\"7 minutes\" \/>\n\t<meta name=\"twitter:label3\" content=\"Written by\" \/>\n\t<meta name=\"twitter:data3\" content=\"Sorin Iordan\" \/>\n<script type=\"application\/ld+json\" class=\"yoast-schema-graph\">{\"@context\":\"https:\\\/\\\/schema.org\",\"@graph\":[{\"@type\":\"Article\",\"@id\":\"https:\\\/\\\/www.rri.ro\\\/fr\\\/actualites\\\/cette-semaine-en-roumanie\\\/la-semaine-du-24-au-31-aout-2025-id922285.html#article\",\"isPartOf\":{\"@id\":\"https:\\\/\\\/www.rri.ro\\\/fr\\\/actualites\\\/cette-semaine-en-roumanie\\\/la-semaine-du-24-au-31-aout-2025-id922285.html\"},\"author\":{\"name\":\"Sorin Iordan\",\"@id\":\"https:\\\/\\\/www.rri.ro\\\/#\\\/schema\\\/person\\\/4f66d7193567114976ed046851bb8dc3\"},\"headline\":\"La semaine du 24 au 31 ao\u00fbt 2025\",\"datePublished\":\"2025-08-31T08:10:29+00:00\",\"mainEntityOfPage\":{\"@id\":\"https:\\\/\\\/www.rri.ro\\\/fr\\\/actualites\\\/cette-semaine-en-roumanie\\\/la-semaine-du-24-au-31-aout-2025-id922285.html\"},\"wordCount\":1317,\"image\":{\"@id\":\"https:\\\/\\\/www.rri.ro\\\/fr\\\/actualites\\\/cette-semaine-en-roumanie\\\/la-semaine-du-24-au-31-aout-2025-id922285.html#primaryimage\"},\"thumbnailUrl\":\"https:\\\/\\\/www.rri.ro\\\/wp-content\\\/uploads\\\/2025\\\/05\\\/eveniment-top-ND-2025-16x9-1.jpg\",\"keywords\":[\"aust\u00e9rit\u00e9\",\"diplomatie\",\"festival\",\"fiscalit\u00e9\",\"Liberal\",\"Moldova\",\"musique classique\",\"r\u00e9formes\"],\"articleSection\":[\"Cette semaine, en Roumanie\"],\"inLanguage\":\"fr-FR\"},{\"@type\":\"WebPage\",\"@id\":\"https:\\\/\\\/www.rri.ro\\\/fr\\\/actualites\\\/cette-semaine-en-roumanie\\\/la-semaine-du-24-au-31-aout-2025-id922285.html\",\"url\":\"https:\\\/\\\/www.rri.ro\\\/fr\\\/actualites\\\/cette-semaine-en-roumanie\\\/la-semaine-du-24-au-31-aout-2025-id922285.html\",\"name\":\"La semaine du 24 au 31 ao\u00fbt 2025 - Radio Roumanie Internationale\",\"isPartOf\":{\"@id\":\"https:\\\/\\\/www.rri.ro\\\/#website\"},\"primaryImageOfPage\":{\"@id\":\"https:\\\/\\\/www.rri.ro\\\/fr\\\/actualites\\\/cette-semaine-en-roumanie\\\/la-semaine-du-24-au-31-aout-2025-id922285.html#primaryimage\"},\"image\":{\"@id\":\"https:\\\/\\\/www.rri.ro\\\/fr\\\/actualites\\\/cette-semaine-en-roumanie\\\/la-semaine-du-24-au-31-aout-2025-id922285.html#primaryimage\"},\"thumbnailUrl\":\"https:\\\/\\\/www.rri.ro\\\/wp-content\\\/uploads\\\/2025\\\/05\\\/eveniment-top-ND-2025-16x9-1.jpg\",\"datePublished\":\"2025-08-31T08:10:29+00:00\",\"author\":{\"@id\":\"https:\\\/\\\/www.rri.ro\\\/#\\\/schema\\\/person\\\/4f66d7193567114976ed046851bb8dc3\"},\"breadcrumb\":{\"@id\":\"https:\\\/\\\/www.rri.ro\\\/fr\\\/actualites\\\/cette-semaine-en-roumanie\\\/la-semaine-du-24-au-31-aout-2025-id922285.html#breadcrumb\"},\"inLanguage\":\"fr-FR\",\"potentialAction\":[{\"@type\":\"ReadAction\",\"target\":[\"https:\\\/\\\/www.rri.ro\\\/fr\\\/actualites\\\/cette-semaine-en-roumanie\\\/la-semaine-du-24-au-31-aout-2025-id922285.html\"]}]},{\"@type\":\"ImageObject\",\"inLanguage\":\"fr-FR\",\"@id\":\"https:\\\/\\\/www.rri.ro\\\/fr\\\/actualites\\\/cette-semaine-en-roumanie\\\/la-semaine-du-24-au-31-aout-2025-id922285.html#primaryimage\",\"url\":\"https:\\\/\\\/www.rri.ro\\\/wp-content\\\/uploads\\\/2025\\\/05\\\/eveniment-top-ND-2025-16x9-1.jpg\",\"contentUrl\":\"https:\\\/\\\/www.rri.ro\\\/wp-content\\\/uploads\\\/2025\\\/05\\\/eveniment-top-ND-2025-16x9-1.jpg\",\"width\":1280,\"height\":720,\"caption\":\"\u041e\u0433\u043b\u044f\u0434 \u043f\u043e\u0434\u0456\u0439 \u0442\u0438\u0436\u043d\u044f\"},{\"@type\":\"BreadcrumbList\",\"@id\":\"https:\\\/\\\/www.rri.ro\\\/fr\\\/actualites\\\/cette-semaine-en-roumanie\\\/la-semaine-du-24-au-31-aout-2025-id922285.html#breadcrumb\",\"itemListElement\":[{\"@type\":\"ListItem\",\"position\":1,\"name\":\"Page d'accueil\",\"item\":\"https:\\\/\\\/www.rri.ro\\\/fr\"},{\"@type\":\"ListItem\",\"position\":2,\"name\":\"Actualitate\",\"item\":\"https:\\\/\\\/www.rri.ro\\\/actualitate\"},{\"@type\":\"ListItem\",\"position\":3,\"name\":\"Cette semaine, en Roumanie\",\"item\":\"https:\\\/\\\/www.rri.ro\\\/fr\\\/actualites\\\/cette-semaine-en-roumanie\"},{\"@type\":\"ListItem\",\"position\":4,\"name\":\"La semaine du 24 au 31 ao\u00fbt 2025\"}]},{\"@type\":\"WebSite\",\"@id\":\"https:\\\/\\\/www.rri.ro\\\/#website\",\"url\":\"https:\\\/\\\/www.rri.ro\\\/\",\"name\":\"Radio Roumanie Internationale\",\"description\":\"Totul despre Rom\u00e2nia \u015fi rom\u00e2ni, \u00een 13 limbi\\\/dialecte!\",\"inLanguage\":\"fr-FR\"},{\"@type\":\"Person\",\"@id\":\"https:\\\/\\\/www.rri.ro\\\/#\\\/schema\\\/person\\\/4f66d7193567114976ed046851bb8dc3\",\"name\":\"Sorin Iordan\",\"url\":\"https:\\\/\\\/www.rri.ro\\\/fr\\\/author\\\/sorin-iordan\"}]}<\/script>\n<!-- \/ Yoast SEO plugin. -->","yoast_head_json":{"title":"La semaine du 24 au 31 ao\u00fbt 2025 - Radio Roumanie Internationale","robots":{"index":"index","follow":"follow","max-snippet":"max-snippet:-1","max-image-preview":"max-image-preview:large","max-video-preview":"max-video-preview:-1"},"canonical":"https:\/\/www.rri.ro\/fr\/actualites\/cette-semaine-en-roumanie\/la-semaine-du-24-au-31-aout-2025-id922285.html","og_locale":"fr_FR","og_type":"article","og_title":"La semaine du 24 au 31 ao\u00fbt 2025 - Radio Roumanie Internationale","og_description":"R\u00e9union annuelle de la diplomatie roumaine \u00e0 Bucarest \u00a0 Bucarest a accueilli cette semaine la r\u00e9union annuelle de la diplomatie roumaine, rassemblant les chefs de missions diplomatiques et consulaires, les directeurs des repr\u00e9sentations de l\u2019Institut culturel roumain \u00e0 l\u2019\u00e9tranger, de hauts fonctionnaires ainsi que des invit\u00e9s sp\u00e9ciaux. Les discussions ont port\u00e9 sur le r\u00f4le de [&hellip;]","og_url":"https:\/\/www.rri.ro\/fr\/actualites\/cette-semaine-en-roumanie\/la-semaine-du-24-au-31-aout-2025-id922285.html","og_site_name":"Radio Roumanie Internationale","article_published_time":"2025-08-31T08:10:29+00:00","og_image":[{"width":1280,"height":720,"url":"https:\/\/www.rri.ro\/wp-content\/uploads\/2025\/05\/eveniment-top-ND-2025-16x9-1.jpg","type":"image\/jpeg"}],"author":"Sorin Iordan","twitter_card":"summary_large_image","twitter_misc":{"\u00c9crit par":"Sorin Iordan","Dur\u00e9e de lecture estim\u00e9e":"7 minutes","Written by":"Sorin Iordan"},"schema":{"@context":"https:\/\/schema.org","@graph":[{"@type":"Article","@id":"https:\/\/www.rri.ro\/fr\/actualites\/cette-semaine-en-roumanie\/la-semaine-du-24-au-31-aout-2025-id922285.html#article","isPartOf":{"@id":"https:\/\/www.rri.ro\/fr\/actualites\/cette-semaine-en-roumanie\/la-semaine-du-24-au-31-aout-2025-id922285.html"},"author":{"name":"Sorin Iordan","@id":"https:\/\/www.rri.ro\/#\/schema\/person\/4f66d7193567114976ed046851bb8dc3"},"headline":"La semaine du 24 au 31 ao\u00fbt 2025","datePublished":"2025-08-31T08:10:29+00:00","mainEntityOfPage":{"@id":"https:\/\/www.rri.ro\/fr\/actualites\/cette-semaine-en-roumanie\/la-semaine-du-24-au-31-aout-2025-id922285.html"},"wordCount":1317,"image":{"@id":"https:\/\/www.rri.ro\/fr\/actualites\/cette-semaine-en-roumanie\/la-semaine-du-24-au-31-aout-2025-id922285.html#primaryimage"},"thumbnailUrl":"https:\/\/www.rri.ro\/wp-content\/uploads\/2025\/05\/eveniment-top-ND-2025-16x9-1.jpg","keywords":["aust\u00e9rit\u00e9","diplomatie","festival","fiscalit\u00e9","Liberal","Moldova","musique classique","r\u00e9formes"],"articleSection":["Cette semaine, en Roumanie"],"inLanguage":"fr-FR"},{"@type":"WebPage","@id":"https:\/\/www.rri.ro\/fr\/actualites\/cette-semaine-en-roumanie\/la-semaine-du-24-au-31-aout-2025-id922285.html","url":"https:\/\/www.rri.ro\/fr\/actualites\/cette-semaine-en-roumanie\/la-semaine-du-24-au-31-aout-2025-id922285.html","name":"La semaine du 24 au 31 ao\u00fbt 2025 - Radio Roumanie Internationale","isPartOf":{"@id":"https:\/\/www.rri.ro\/#website"},"primaryImageOfPage":{"@id":"https:\/\/www.rri.ro\/fr\/actualites\/cette-semaine-en-roumanie\/la-semaine-du-24-au-31-aout-2025-id922285.html#primaryimage"},"image":{"@id":"https:\/\/www.rri.ro\/fr\/actualites\/cette-semaine-en-roumanie\/la-semaine-du-24-au-31-aout-2025-id922285.html#primaryimage"},"thumbnailUrl":"https:\/\/www.rri.ro\/wp-content\/uploads\/2025\/05\/eveniment-top-ND-2025-16x9-1.jpg","datePublished":"2025-08-31T08:10:29+00:00","author":{"@id":"https:\/\/www.rri.ro\/#\/schema\/person\/4f66d7193567114976ed046851bb8dc3"},"breadcrumb":{"@id":"https:\/\/www.rri.ro\/fr\/actualites\/cette-semaine-en-roumanie\/la-semaine-du-24-au-31-aout-2025-id922285.html#breadcrumb"},"inLanguage":"fr-FR","potentialAction":[{"@type":"ReadAction","target":["https:\/\/www.rri.ro\/fr\/actualites\/cette-semaine-en-roumanie\/la-semaine-du-24-au-31-aout-2025-id922285.html"]}]},{"@type":"ImageObject","inLanguage":"fr-FR","@id":"https:\/\/www.rri.ro\/fr\/actualites\/cette-semaine-en-roumanie\/la-semaine-du-24-au-31-aout-2025-id922285.html#primaryimage","url":"https:\/\/www.rri.ro\/wp-content\/uploads\/2025\/05\/eveniment-top-ND-2025-16x9-1.jpg","contentUrl":"https:\/\/www.rri.ro\/wp-content\/uploads\/2025\/05\/eveniment-top-ND-2025-16x9-1.jpg","width":1280,"height":720,"caption":"\u041e\u0433\u043b\u044f\u0434 \u043f\u043e\u0434\u0456\u0439 \u0442\u0438\u0436\u043d\u044f"},{"@type":"BreadcrumbList","@id":"https:\/\/www.rri.ro\/fr\/actualites\/cette-semaine-en-roumanie\/la-semaine-du-24-au-31-aout-2025-id922285.html#breadcrumb","itemListElement":[{"@type":"ListItem","position":1,"name":"Page d'accueil","item":"https:\/\/www.rri.ro\/fr"},{"@type":"ListItem","position":2,"name":"Actualitate","item":"https:\/\/www.rri.ro\/actualitate"},{"@type":"ListItem","position":3,"name":"Cette semaine, en Roumanie","item":"https:\/\/www.rri.ro\/fr\/actualites\/cette-semaine-en-roumanie"},{"@type":"ListItem","position":4,"name":"La semaine du 24 au 31 ao\u00fbt 2025"}]},{"@type":"WebSite","@id":"https:\/\/www.rri.ro\/#website","url":"https:\/\/www.rri.ro\/","name":"Radio Roumanie Internationale","description":"Totul despre Rom\u00e2nia \u015fi rom\u00e2ni, \u00een 13 limbi\/dialecte!","inLanguage":"fr-FR"},{"@type":"Person","@id":"https:\/\/www.rri.ro\/#\/schema\/person\/4f66d7193567114976ed046851bb8dc3","name":"Sorin Iordan","url":"https:\/\/www.rri.ro\/fr\/author\/sorin-iordan"}]}},"_links":{"self":[{"href":"https:\/\/www.rri.ro\/fr\/wp-json\/wp\/v2\/posts\/922285","targetHints":{"allow":["GET"]}}],"collection":[{"href":"https:\/\/www.rri.ro\/fr\/wp-json\/wp\/v2\/posts"}],"about":[{"href":"https:\/\/www.rri.ro\/fr\/wp-json\/wp\/v2\/types\/post"}],"author":[{"embeddable":true,"href":"https:\/\/www.rri.ro\/fr\/wp-json\/wp\/v2\/users\/118"}],"replies":[{"embeddable":true,"href":"https:\/\/www.rri.ro\/fr\/wp-json\/wp\/v2\/comments?post=922285"}],"version-history":[{"count":0,"href":"https:\/\/www.rri.ro\/fr\/wp-json\/wp\/v2\/posts\/922285\/revisions"}],"wp:featuredmedia":[{"embeddable":true,"href":"https:\/\/www.rri.ro\/fr\/wp-json\/wp\/v2\/media\/892496"}],"wp:attachment":[{"href":"https:\/\/www.rri.ro\/fr\/wp-json\/wp\/v2\/media?parent=922285"}],"wp:term":[{"taxonomy":"category","embeddable":true,"href":"https:\/\/www.rri.ro\/fr\/wp-json\/wp\/v2\/categories?post=922285"},{"taxonomy":"post_tag","embeddable":true,"href":"https:\/\/www.rri.ro\/fr\/wp-json\/wp\/v2\/tags?post=922285"},{"taxonomy":"author","embeddable":true,"href":"https:\/\/www.rri.ro\/fr\/wp-json\/wp\/v2\/coauthors?post=922285"}],"curies":[{"name":"wp","href":"https:\/\/api.w.org\/{rel}","templated":true}]}}