{"id":925153,"date":"2025-09-05T18:45:27","date_gmt":"2025-09-05T15:45:27","guid":{"rendered":"https:\/\/www.rri.ro\/?p=925153"},"modified":"2025-09-05T19:45:25","modified_gmt":"2025-09-05T16:45:25","slug":"05-09-2025-mise-a-jour","status":"publish","type":"post","link":"https:\/\/www.rri.ro\/fr\/actualites\/le-flash\/05-09-2025-mise-a-jour-id925153.html","title":{"rendered":"05.09.2025 (mise \u00e0 jour 2)"},"content":{"rendered":"<p><strong>PIB<\/strong> &#8211; L&rsquo;\u00e9conomie de la zone euro et celle de l&rsquo;Union europ\u00e9enne ont connu une l\u00e9g\u00e8re croissance au 2e trimestre de cette ann\u00e9e, par rapport au trimestre pr\u00e9c\u00e9dent, selon les donn\u00e9es publi\u00e9es ce vendredi par Eurostat. Selon la m\u00eame source, entre avril et juin 2025, le PIB des 20 pays ayant adopt\u00e9 la monnaie unique europ\u00e9enne a progress\u00e9 de 0,1 %, par rapport au trimestre pr\u00e9c\u00e9dent. En m\u00eame temps, l\u2019\u00e9conomie du bloc communautaire a avanc\u00e9 de 0,2 % au 2e trimestre de 2025 par rapport au trimestre pr\u00e9c\u00e9dent. Parmi les Etats-membres, les taux de croissance du PIB les plus \u00e9lev\u00e9s ont \u00e9t\u00e9 enregistr\u00e9 par le Danemark (1,3 %), la Roumanie et la Croatie (les deux avec une hausse de 1,2 %). Les seuls Etats-membres ayant connu une contraction de leur \u00e9conomie sont la Finlande, l&rsquo;Allemagne et l&rsquo;Italie. Pour la Roumanie, les chiffres r\u00e9cemment publi\u00e9s par l&rsquo;Institut national de la Statistique font \u00e9tat d\u2019une hausse de 0,3 % du PIB au deuxi\u00e8me trimestre 2025 par rapport \u00e0 la m\u00eame p\u00e9riode de 2024. Quant au premiers 6 mois de cette ann\u00e9e, le PIB roumain a progress\u00e9 toujours de 03 % par rapport \u00e0 la m\u00eame p\u00e9riode de 2024.<\/p>\n<p>&nbsp;<\/p>\n<p><strong>CCR-<\/strong> La Cour constitutionnelle roumaine examinera le 24 septembre une saisine formul\u00e9e par les juges de la Haute Cour de cassation et de justice au sujet de l\u2019inconstitutionnalit\u00e9 de la loi modifiant le r\u00e9gime sp\u00e9cial des pensions des magistrats et des procureurs, pour laquelle le gouvernement Bolojan a engag\u00e9 sa responsabilit\u00e9 devant le Parlement. Le projet de l&rsquo;ex\u00e9cutif pr\u00e9voit la baisse du montant des pensions des magistrats et le d\u00e9part \u00e0 la retraite relev\u00e9 progressivement \u00e0 65 ans.<\/p>\n<p>&nbsp;<\/p>\n<p><strong>Concordia 25 \u00a0&#8211; <\/strong>Le minist\u00e8re roumain de la D\u00e9fense nationale commence lundi un exercice visant \u00e0 tester la capacit\u00e9 de r\u00e9action en situation de crise. Coordonn\u00e9 par l&rsquo;\u00e9tat-major de la d\u00e9fense, \u00ab Concordia 25 \u00bb se d\u00e9roulera du 8 au 12 septembre, dans neuf d\u00e9partements du pays, en coop\u00e9ration avec le minist\u00e8re de l&rsquo;Int\u00e9rieur, les services secrets roumains, les services de protection et de s\u00e9curit\u00e9 et les services de t\u00e9l\u00e9communications sp\u00e9ciales. L&rsquo;exercice aura pour objectif de g\u00e9rer d&rsquo;\u00e9ventuels incidents chimiques, bact\u00e9riologiques, radiologiques ou nucl\u00e9aires.<\/p>\n<p>&nbsp;<\/p>\n<p><strong>For\u00eats \u2013 <\/strong>Le gouvernement de Bucarest a adopt\u00e9 ce vendredi un d\u00e9cret d&rsquo;urgence visant \u00e0 modifier la Loi du Code Forestier et \u00e0 \u00e9tablir certaines mesures fiscales et budg\u00e9taires, cr\u00e9ant ainsi la base juridique pour la r\u00e9organisation de la R\u00e9gie nationale des for\u00eats Romsilva, sur demande du minist\u00e8re de l&rsquo;Environnement, des Eaux et des For\u00eats. L&rsquo;adoption de cet acte normatif s\u2019explique par la n\u00e9cessit\u00e9 de corriger le cadre juridique existant, afin de mettre en place de mani\u00e8re correcte le 24<sup>\u00e8me<\/sup> Jalon du Plan national de relance et de r\u00e9silience de la Roumanie. Par ailleurs, cet acte normatif cr\u00e9e les conditions pour une gestion durable du fonds forestier public g\u00e9r\u00e9 par Romsilva, selon un communiqu\u00e9 du gouvernement.<\/p>\n<p>&nbsp;<\/p>\n<p><strong>Mandat d\u2019arr\u00eat<\/strong> \u2013 Le minist\u00e8re roumain des Affaires Etrang\u00e8res salue une r\u00e9cente d\u00e9cision de la Cour de Justice de l\u2019Union europ\u00e9enne qui aurait modifie la protection des individus fuyant la justice roumaine, les privant de l&rsquo;asile dans d&rsquo;autres pays de l&rsquo;UE si la Roumanie s&rsquo;y oppose. La Cour europ\u00e9enne de Justice a d\u00e9cid\u00e9 que sans l\u2019accord de la Roumanie, ceux qui fuient la Justice roumaine ne peuvent plus trouver refuge dans des pays qui leur pourraient offrir une confortable assignation \u00e0 domicile alors qu\u2019en Roumanie la peine est la prison ferme,\u00bb a fait savoir ce vendredi la ministre roumaine des Affaires Etrang\u00e8res, Oana Toiu, cit\u00e9e par la presse roumaine.<\/p>\n<p>&nbsp;<\/p>\n<p><strong>Drones<\/strong> \u2013 Deux avions de combat Eurofighter Typhoon de l&rsquo;Arm\u00e9e de l&rsquo;Air Allemande, stationn\u00e9s sur la Base A\u00e9rienne 57 de Mihail Kog\u0103lniceanu (sud-est de la Roumanie), ont survol\u00e9 jeudi la zone proche de la fronti\u00e8re avec l&rsquo;Ukraine, apr\u00e8s que les syst\u00e8mes de surveillance radar du minist\u00e8re roumain de la D\u00e9fense aient d\u00e9tect\u00e9 un groupe de drones \u00e0 36 milles marins dans le nord-est de la ville de Sulina. Selon le minist\u00e8re roumain de la D\u00e9fense, peu apr\u00e8s le contact radar, les drones ont chang\u00e9 de trajectoire vers le nord, puis, le signal \u00e9lectronique a disparu. Les avions Eurofighter Typhoon ont poursuivi leur mission de surveillance, avant de revenir au sol, sur la base a\u00e9rienne 57. Les Forces A\u00e9riennes Allemandes participent, quatre mois durant, avec un d\u00e9tachement de 5 avions de combat, \u00e0 la mission de Police a\u00e9rienne renforc\u00e9e, afin de prot\u00e9ger l&rsquo;espace a\u00e9rien national et alli\u00e9. \u00ab\u00a0La coh\u00e9sion et la solidarit\u00e9 constituent le fondement de l\u2019OTAN et garantissent fermement que toute menace \u00e0 la s\u00e9curit\u00e9 sera accueillie par une r\u00e9ponse unie et d\u00e9termin\u00e9e\u00a0\u00bb, lit-on encore dans le communiqu\u00e9 du minist\u00e8re de la D\u00e9fense nationale.<\/p>\n<p>&nbsp;<\/p>\n<p><strong>Chambre de commerce <\/strong>&#8211; Les \u00e9changes commerciaux entre la Roumanie et l&rsquo;Allemagne ont connu une baisse \u00a0de pr\u00e8s de 2 % au cours du premier semestre de cette ann\u00e9e, par rapport \u00e0 la m\u00eame p\u00e9riode de 2024, selon la Chambre de commerce et d&rsquo;industrie roumano-allemande. La Roumanie recule ainsi d&rsquo;une place et se trouve d\u00e9sormais en 17e position, dans le classement des partenaires commerciaux de l&rsquo;Allemagne. Selon la m\u00eame source, le ralentissement \u00e9conomique et la diminution des activit\u00e9s industrielles en Allemagne, mais aussi la baisse de la croissance \u00e9conomique en Roumanie ont port\u00e9 atteinte aux \u00e9changes \u00e9conomiques bilat\u00e9raux. Les repr\u00e9sentants de la Chambre de commerce et d&rsquo;industrie roumano-allemande soulignent que, dans ce contexte, il est important que les mesures fiscales adopt\u00e9es par l&rsquo;administration de Bucarest ne deviennent pas un fardeau pour les entreprises. Ils critiquent en particulier la r\u00e9cente d\u00e9cision de maintenir en place l\u2019imp\u00f4t sur le chiffre d&rsquo;affaires, ce qui d\u00e9courage les investissements.<\/p>\n<p>&nbsp;<\/p>\n<p><strong>M\u00e9t\u00e9o<\/strong> \u2013 15 d\u00e9partements du nord, ouest, nord-ouest et nord-est de la Roumanie ont \u00e9t\u00e9 plac\u00e9s vendredi en alerte code jaune \u00e0 la canicule. La vague de chaleur et l\u2019inconfort thermique persisteront ce samedi, mettent en garde les m\u00e9t\u00e9orologues, notamment dans l\u2019ouest et le nord-ouest. \u00a0Les temp\u00e9ratures se monteront jusqu\u2019\u00e0 34 degr\u00e9s.<\/p>\n","protected":false},"excerpt":{"rendered":"<p>PIB &#8211; L&rsquo;\u00e9conomie de la zone euro et celle de l&rsquo;Union europ\u00e9enne ont connu une l\u00e9g\u00e8re croissance au 2e trimestre de cette ann\u00e9e, par rapport au trimestre pr\u00e9c\u00e9dent, selon les donn\u00e9es publi\u00e9es ce vendredi par Eurostat. Selon la m\u00eame source, entre avril et juin 2025, le PIB des 20 pays ayant adopt\u00e9 la monnaie unique [&hellip;]<\/p>\n","protected":false},"author":113,"featured_media":723357,"comment_status":"closed","ping_status":"closed","sticky":false,"template":"","format":"standard","meta":{"_acf_changed":false,"footnotes":""},"categories":[89002],"tags":[159164,175776,87120,137214,116088],"coauthors":[116091],"class_list":["post-925153","post","type-post","status-publish","format-standard","has-post-thumbnail","hentry","category-le-flash","tag-ccr-fr","tag-concordia-fr","tag-foret","tag-justice-fr","tag-pib-fr"],"acf":[],"yoast_head":"<!-- This site is optimized with the Yoast SEO plugin v27.3 - https:\/\/yoast.com\/product\/yoast-seo-wordpress\/ -->\n<title>05.09.2025 (mise \u00e0 jour 2) - Radio Roumanie Internationale<\/title>\n<meta name=\"robots\" content=\"index, follow, max-snippet:-1, max-image-preview:large, max-video-preview:-1\" \/>\n<link rel=\"canonical\" href=\"https:\/\/www.rri.ro\/fr\/actualites\/le-flash\/05-09-2025-mise-a-jour-id925153.html\" \/>\n<meta property=\"og:locale\" content=\"fr_FR\" \/>\n<meta property=\"og:type\" content=\"article\" \/>\n<meta property=\"og:title\" content=\"05.09.2025 (mise \u00e0 jour 2) - Radio Roumanie Internationale\" \/>\n<meta property=\"og:description\" content=\"PIB &#8211; L&rsquo;\u00e9conomie de la zone euro et celle de l&rsquo;Union europ\u00e9enne ont connu une l\u00e9g\u00e8re croissance au 2e trimestre de cette ann\u00e9e, par rapport au trimestre pr\u00e9c\u00e9dent, selon les donn\u00e9es publi\u00e9es ce vendredi par Eurostat. Selon la m\u00eame source, entre avril et juin 2025, le PIB des 20 pays ayant adopt\u00e9 la monnaie unique [&hellip;]\" \/>\n<meta property=\"og:url\" content=\"https:\/\/www.rri.ro\/fr\/actualites\/le-flash\/05-09-2025-mise-a-jour-id925153.html\" \/>\n<meta property=\"og:site_name\" content=\"Radio Roumanie Internationale\" \/>\n<meta property=\"article:published_time\" content=\"2025-09-05T15:45:27+00:00\" \/>\n<meta property=\"article:modified_time\" content=\"2025-09-05T16:45:25+00:00\" \/>\n<meta property=\"og:image\" content=\"https:\/\/www.rri.ro\/wp-content\/uploads\/2024\/03\/RRI-960x540-Le-flash-2-NOU.jpg\" \/>\n\t<meta property=\"og:image:width\" content=\"960\" \/>\n\t<meta property=\"og:image:height\" content=\"540\" \/>\n\t<meta property=\"og:image:type\" content=\"image\/jpeg\" \/>\n<meta name=\"author\" content=\"Newsroom\" \/>\n<meta name=\"twitter:card\" content=\"summary_large_image\" \/>\n<meta name=\"twitter:label1\" content=\"\u00c9crit par\" \/>\n\t<meta name=\"twitter:data1\" content=\"Newsroom\" \/>\n\t<meta name=\"twitter:label2\" content=\"Dur\u00e9e de lecture estim\u00e9e\" \/>\n\t<meta name=\"twitter:data2\" content=\"5 minutes\" \/>\n\t<meta name=\"twitter:label3\" content=\"Written by\" \/>\n\t<meta name=\"twitter:data3\" content=\"Newsroom\" \/>\n<script type=\"application\/ld+json\" class=\"yoast-schema-graph\">{\"@context\":\"https:\\\/\\\/schema.org\",\"@graph\":[{\"@type\":\"Article\",\"@id\":\"https:\\\/\\\/www.rri.ro\\\/fr\\\/actualites\\\/le-flash\\\/05-09-2025-mise-a-jour-id925153.html#article\",\"isPartOf\":{\"@id\":\"https:\\\/\\\/www.rri.ro\\\/fr\\\/actualites\\\/le-flash\\\/05-09-2025-mise-a-jour-id925153.html\"},\"author\":{\"name\":\"Newsroom\",\"@id\":\"https:\\\/\\\/www.rri.ro\\\/#\\\/schema\\\/person\\\/4a479940371b9fdefd194f561e8a7f88\"},\"headline\":\"05.09.2025 (mise \u00e0 jour 2)\",\"datePublished\":\"2025-09-05T15:45:27+00:00\",\"dateModified\":\"2025-09-05T16:45:25+00:00\",\"mainEntityOfPage\":{\"@id\":\"https:\\\/\\\/www.rri.ro\\\/fr\\\/actualites\\\/le-flash\\\/05-09-2025-mise-a-jour-id925153.html\"},\"wordCount\":1088,\"image\":{\"@id\":\"https:\\\/\\\/www.rri.ro\\\/fr\\\/actualites\\\/le-flash\\\/05-09-2025-mise-a-jour-id925153.html#primaryimage\"},\"thumbnailUrl\":\"https:\\\/\\\/www.rri.ro\\\/wp-content\\\/uploads\\\/2024\\\/03\\\/RRI-960x540-Le-flash-2-NOU.jpg\",\"keywords\":[\"CCR\",\"CONCORDIA\",\"for\u00eat\",\"justice\",\"PIB\"],\"articleSection\":[\"Le flash\"],\"inLanguage\":\"fr-FR\"},{\"@type\":\"WebPage\",\"@id\":\"https:\\\/\\\/www.rri.ro\\\/fr\\\/actualites\\\/le-flash\\\/05-09-2025-mise-a-jour-id925153.html\",\"url\":\"https:\\\/\\\/www.rri.ro\\\/fr\\\/actualites\\\/le-flash\\\/05-09-2025-mise-a-jour-id925153.html\",\"name\":\"05.09.2025 (mise \u00e0 jour 2) - Radio Roumanie Internationale\",\"isPartOf\":{\"@id\":\"https:\\\/\\\/www.rri.ro\\\/#website\"},\"primaryImageOfPage\":{\"@id\":\"https:\\\/\\\/www.rri.ro\\\/fr\\\/actualites\\\/le-flash\\\/05-09-2025-mise-a-jour-id925153.html#primaryimage\"},\"image\":{\"@id\":\"https:\\\/\\\/www.rri.ro\\\/fr\\\/actualites\\\/le-flash\\\/05-09-2025-mise-a-jour-id925153.html#primaryimage\"},\"thumbnailUrl\":\"https:\\\/\\\/www.rri.ro\\\/wp-content\\\/uploads\\\/2024\\\/03\\\/RRI-960x540-Le-flash-2-NOU.jpg\",\"datePublished\":\"2025-09-05T15:45:27+00:00\",\"dateModified\":\"2025-09-05T16:45:25+00:00\",\"author\":{\"@id\":\"https:\\\/\\\/www.rri.ro\\\/#\\\/schema\\\/person\\\/4a479940371b9fdefd194f561e8a7f88\"},\"breadcrumb\":{\"@id\":\"https:\\\/\\\/www.rri.ro\\\/fr\\\/actualites\\\/le-flash\\\/05-09-2025-mise-a-jour-id925153.html#breadcrumb\"},\"inLanguage\":\"fr-FR\",\"potentialAction\":[{\"@type\":\"ReadAction\",\"target\":[\"https:\\\/\\\/www.rri.ro\\\/fr\\\/actualites\\\/le-flash\\\/05-09-2025-mise-a-jour-id925153.html\"]}]},{\"@type\":\"ImageObject\",\"inLanguage\":\"fr-FR\",\"@id\":\"https:\\\/\\\/www.rri.ro\\\/fr\\\/actualites\\\/le-flash\\\/05-09-2025-mise-a-jour-id925153.html#primaryimage\",\"url\":\"https:\\\/\\\/www.rri.ro\\\/wp-content\\\/uploads\\\/2024\\\/03\\\/RRI-960x540-Le-flash-2-NOU.jpg\",\"contentUrl\":\"https:\\\/\\\/www.rri.ro\\\/wp-content\\\/uploads\\\/2024\\\/03\\\/RRI-960x540-Le-flash-2-NOU.jpg\",\"width\":960,\"height\":540},{\"@type\":\"BreadcrumbList\",\"@id\":\"https:\\\/\\\/www.rri.ro\\\/fr\\\/actualites\\\/le-flash\\\/05-09-2025-mise-a-jour-id925153.html#breadcrumb\",\"itemListElement\":[{\"@type\":\"ListItem\",\"position\":1,\"name\":\"Page d'accueil\",\"item\":\"https:\\\/\\\/www.rri.ro\\\/fr\"},{\"@type\":\"ListItem\",\"position\":2,\"name\":\"Actualit\u00e9s\",\"item\":\"https:\\\/\\\/www.rri.ro\\\/fr\\\/actualites\"},{\"@type\":\"ListItem\",\"position\":3,\"name\":\"Le flash\",\"item\":\"https:\\\/\\\/www.rri.ro\\\/fr\\\/actualites\\\/le-flash\"},{\"@type\":\"ListItem\",\"position\":4,\"name\":\"05.09.2025 (mise \u00e0 jour 2)\"}]},{\"@type\":\"WebSite\",\"@id\":\"https:\\\/\\\/www.rri.ro\\\/#website\",\"url\":\"https:\\\/\\\/www.rri.ro\\\/\",\"name\":\"Radio Roumanie Internationale\",\"description\":\"Totul despre Rom\u00e2nia \u015fi rom\u00e2ni, \u00een 13 limbi\\\/dialecte!\",\"inLanguage\":\"fr-FR\"},{\"@type\":\"Person\",\"@id\":\"https:\\\/\\\/www.rri.ro\\\/#\\\/schema\\\/person\\\/4a479940371b9fdefd194f561e8a7f88\",\"name\":\"Newsroom\",\"url\":\"https:\\\/\\\/www.rri.ro\\\/fr\\\/author\\\/newsroom\"}]}<\/script>\n<!-- \/ Yoast SEO plugin. -->","yoast_head_json":{"title":"05.09.2025 (mise \u00e0 jour 2) - Radio Roumanie Internationale","robots":{"index":"index","follow":"follow","max-snippet":"max-snippet:-1","max-image-preview":"max-image-preview:large","max-video-preview":"max-video-preview:-1"},"canonical":"https:\/\/www.rri.ro\/fr\/actualites\/le-flash\/05-09-2025-mise-a-jour-id925153.html","og_locale":"fr_FR","og_type":"article","og_title":"05.09.2025 (mise \u00e0 jour 2) - Radio Roumanie Internationale","og_description":"PIB &#8211; L&rsquo;\u00e9conomie de la zone euro et celle de l&rsquo;Union europ\u00e9enne ont connu une l\u00e9g\u00e8re croissance au 2e trimestre de cette ann\u00e9e, par rapport au trimestre pr\u00e9c\u00e9dent, selon les donn\u00e9es publi\u00e9es ce vendredi par Eurostat. Selon la m\u00eame source, entre avril et juin 2025, le PIB des 20 pays ayant adopt\u00e9 la monnaie unique [&hellip;]","og_url":"https:\/\/www.rri.ro\/fr\/actualites\/le-flash\/05-09-2025-mise-a-jour-id925153.html","og_site_name":"Radio Roumanie Internationale","article_published_time":"2025-09-05T15:45:27+00:00","article_modified_time":"2025-09-05T16:45:25+00:00","og_image":[{"width":960,"height":540,"url":"https:\/\/www.rri.ro\/wp-content\/uploads\/2024\/03\/RRI-960x540-Le-flash-2-NOU.jpg","type":"image\/jpeg"}],"author":"Newsroom","twitter_card":"summary_large_image","twitter_misc":{"\u00c9crit par":"Newsroom","Dur\u00e9e de lecture estim\u00e9e":"5 minutes","Written by":"Newsroom"},"schema":{"@context":"https:\/\/schema.org","@graph":[{"@type":"Article","@id":"https:\/\/www.rri.ro\/fr\/actualites\/le-flash\/05-09-2025-mise-a-jour-id925153.html#article","isPartOf":{"@id":"https:\/\/www.rri.ro\/fr\/actualites\/le-flash\/05-09-2025-mise-a-jour-id925153.html"},"author":{"name":"Newsroom","@id":"https:\/\/www.rri.ro\/#\/schema\/person\/4a479940371b9fdefd194f561e8a7f88"},"headline":"05.09.2025 (mise \u00e0 jour 2)","datePublished":"2025-09-05T15:45:27+00:00","dateModified":"2025-09-05T16:45:25+00:00","mainEntityOfPage":{"@id":"https:\/\/www.rri.ro\/fr\/actualites\/le-flash\/05-09-2025-mise-a-jour-id925153.html"},"wordCount":1088,"image":{"@id":"https:\/\/www.rri.ro\/fr\/actualites\/le-flash\/05-09-2025-mise-a-jour-id925153.html#primaryimage"},"thumbnailUrl":"https:\/\/www.rri.ro\/wp-content\/uploads\/2024\/03\/RRI-960x540-Le-flash-2-NOU.jpg","keywords":["CCR","CONCORDIA","for\u00eat","justice","PIB"],"articleSection":["Le flash"],"inLanguage":"fr-FR"},{"@type":"WebPage","@id":"https:\/\/www.rri.ro\/fr\/actualites\/le-flash\/05-09-2025-mise-a-jour-id925153.html","url":"https:\/\/www.rri.ro\/fr\/actualites\/le-flash\/05-09-2025-mise-a-jour-id925153.html","name":"05.09.2025 (mise \u00e0 jour 2) - Radio Roumanie Internationale","isPartOf":{"@id":"https:\/\/www.rri.ro\/#website"},"primaryImageOfPage":{"@id":"https:\/\/www.rri.ro\/fr\/actualites\/le-flash\/05-09-2025-mise-a-jour-id925153.html#primaryimage"},"image":{"@id":"https:\/\/www.rri.ro\/fr\/actualites\/le-flash\/05-09-2025-mise-a-jour-id925153.html#primaryimage"},"thumbnailUrl":"https:\/\/www.rri.ro\/wp-content\/uploads\/2024\/03\/RRI-960x540-Le-flash-2-NOU.jpg","datePublished":"2025-09-05T15:45:27+00:00","dateModified":"2025-09-05T16:45:25+00:00","author":{"@id":"https:\/\/www.rri.ro\/#\/schema\/person\/4a479940371b9fdefd194f561e8a7f88"},"breadcrumb":{"@id":"https:\/\/www.rri.ro\/fr\/actualites\/le-flash\/05-09-2025-mise-a-jour-id925153.html#breadcrumb"},"inLanguage":"fr-FR","potentialAction":[{"@type":"ReadAction","target":["https:\/\/www.rri.ro\/fr\/actualites\/le-flash\/05-09-2025-mise-a-jour-id925153.html"]}]},{"@type":"ImageObject","inLanguage":"fr-FR","@id":"https:\/\/www.rri.ro\/fr\/actualites\/le-flash\/05-09-2025-mise-a-jour-id925153.html#primaryimage","url":"https:\/\/www.rri.ro\/wp-content\/uploads\/2024\/03\/RRI-960x540-Le-flash-2-NOU.jpg","contentUrl":"https:\/\/www.rri.ro\/wp-content\/uploads\/2024\/03\/RRI-960x540-Le-flash-2-NOU.jpg","width":960,"height":540},{"@type":"BreadcrumbList","@id":"https:\/\/www.rri.ro\/fr\/actualites\/le-flash\/05-09-2025-mise-a-jour-id925153.html#breadcrumb","itemListElement":[{"@type":"ListItem","position":1,"name":"Page d'accueil","item":"https:\/\/www.rri.ro\/fr"},{"@type":"ListItem","position":2,"name":"Actualit\u00e9s","item":"https:\/\/www.rri.ro\/fr\/actualites"},{"@type":"ListItem","position":3,"name":"Le flash","item":"https:\/\/www.rri.ro\/fr\/actualites\/le-flash"},{"@type":"ListItem","position":4,"name":"05.09.2025 (mise \u00e0 jour 2)"}]},{"@type":"WebSite","@id":"https:\/\/www.rri.ro\/#website","url":"https:\/\/www.rri.ro\/","name":"Radio Roumanie Internationale","description":"Totul despre Rom\u00e2nia \u015fi rom\u00e2ni, \u00een 13 limbi\/dialecte!","inLanguage":"fr-FR"},{"@type":"Person","@id":"https:\/\/www.rri.ro\/#\/schema\/person\/4a479940371b9fdefd194f561e8a7f88","name":"Newsroom","url":"https:\/\/www.rri.ro\/fr\/author\/newsroom"}]}},"_links":{"self":[{"href":"https:\/\/www.rri.ro\/fr\/wp-json\/wp\/v2\/posts\/925153","targetHints":{"allow":["GET"]}}],"collection":[{"href":"https:\/\/www.rri.ro\/fr\/wp-json\/wp\/v2\/posts"}],"about":[{"href":"https:\/\/www.rri.ro\/fr\/wp-json\/wp\/v2\/types\/post"}],"author":[{"embeddable":true,"href":"https:\/\/www.rri.ro\/fr\/wp-json\/wp\/v2\/users\/113"}],"replies":[{"embeddable":true,"href":"https:\/\/www.rri.ro\/fr\/wp-json\/wp\/v2\/comments?post=925153"}],"version-history":[{"count":0,"href":"https:\/\/www.rri.ro\/fr\/wp-json\/wp\/v2\/posts\/925153\/revisions"}],"wp:featuredmedia":[{"embeddable":true,"href":"https:\/\/www.rri.ro\/fr\/wp-json\/wp\/v2\/media\/723357"}],"wp:attachment":[{"href":"https:\/\/www.rri.ro\/fr\/wp-json\/wp\/v2\/media?parent=925153"}],"wp:term":[{"taxonomy":"category","embeddable":true,"href":"https:\/\/www.rri.ro\/fr\/wp-json\/wp\/v2\/categories?post=925153"},{"taxonomy":"post_tag","embeddable":true,"href":"https:\/\/www.rri.ro\/fr\/wp-json\/wp\/v2\/tags?post=925153"},{"taxonomy":"author","embeddable":true,"href":"https:\/\/www.rri.ro\/fr\/wp-json\/wp\/v2\/coauthors?post=925153"}],"curies":[{"name":"wp","href":"https:\/\/api.w.org\/{rel}","templated":true}]}}