{"id":938099,"date":"2025-10-10T18:48:07","date_gmt":"2025-10-10T15:48:07","guid":{"rendered":"https:\/\/www.rri.ro\/?p=938099"},"modified":"2025-10-10T20:07:42","modified_gmt":"2025-10-10T17:07:42","slug":"10-10-2025-mise-a-jour","status":"publish","type":"post","link":"https:\/\/www.rri.ro\/fr\/actualites\/le-flash\/10-10-2025-mise-a-jour-id938099.html","title":{"rendered":"10.10.2025 (mise \u00e0 jour)"},"content":{"rendered":"<p><strong>PIB \u2013<\/strong> La nouvelle cible de d\u00e9ficit de 8,4% du PIB \u00e0 la place de celle de 8% pr\u00e9vue dans un premier temps, offre \u00e0 la Roumanie une marge suppl\u00e9mentaire pour faire des investissements de quelque 8 milliards de lei, a transmis le ministre roumain des Finances, Alexandru Nazare, au Conseil des affaires \u00e9conomiques et financi\u00e8res (ECOFIN), organis\u00e9e \u00e0 Luxembourg. M. Nazare a discut\u00e9 avec le commissaire europ\u00e9en charg\u00e9 de l\u2019Economie, Valdis Dombrovskis, des mesures d\u2019aust\u00e9rit\u00e9 adopt\u00e9es par Bucarest et des pas \u00e0 suivre pour la mise en place d\u2019un budget r\u00e9aliste pour l\u2019ann\u00e9e prochaine. Les pourparlers de Luxembourg ont \u00e9t\u00e9 \u00e9galement domin\u00e9s par la ren\u00e9gociation du PNRR, dans la perspective de l\u2019approbation d\u2019un nouveau plan \u00e0 l\u2019occasion de la prochaine r\u00e9union de l\u2019ECOFIN. A Bucarest, l\u2019Institut national de la statistique (INS), a annonc\u00e9 que \u00a0le PIB de la Roumanie a augment\u00e9 de 0,3 % en donn\u00e9es brutes et de 1,5 % en donn\u00e9es corrig\u00e9es selon les variations saisonni\u00e8res au cours des six premiers mois de cette ann\u00e9e, par rapport au premier semestre 2024. Au deuxi\u00e8me trimestre 2025, le PIB a progress\u00e9 de 1,2 % en termes r\u00e9els par rapport au premier trimestre. Selon les donn\u00e9es provisoires publi\u00e9es ce vendredi, \u00e0 comparer avec le m\u00eame trimestre de 2024, le PIB du 2e trimestre 2025 a connu une hausse de 0,3 % en donn\u00e9es brutes et de 2,3 % en donn\u00e9es corrig\u00e9es selon les variations saisonni\u00e8res.<\/p>\n<p>&nbsp;<\/p>\n<p><strong>Fermiers<\/strong> &#8211; La Commission europ\u00e9enne a approuv\u00e9 un paquet d&rsquo;aide de 11,5 millions d\u2019euros pour\u00a0 les agriculteurs roumains, dont les r\u00e9coltes ont \u00e9t\u00e9 d\u00e9truites par le gel de ce printemps. Bruxelles a propos\u00e9 un paquet d&rsquo;aide d&rsquo;urgence de presque 50 millions d&rsquo;euros pour les cultivateurs des secteurs fruitier et viticole, touch\u00e9s par le gel tardif de six \u00c9tats membres. Sur ce total, 7,4 millions seront vers\u00e9s \u00e0 la Bulgarie, 4,2 millions \u00e0 la Lettonie, 1,1 millions \u00e0 la Lituanie, 10,8 millions \u00e0 la Hongrie, 14,8 millions \u00e0 la Pologne et 11,5 millions \u00e0 la Roumanie. Le porte parole de la Commission sur des questions d\u2019agriculture, Balazs Ujvari, a pr\u00e9cis\u00e9 que les gouvernements des six pays peuvent acc\u00e9der les fonds publics pour majorer le soutien accord\u00e9 aux fermiers de 200%.<\/p>\n<p>&nbsp;<\/p>\n<p><strong>Isra\u00ebl<\/strong> \u2013 L\u2019arm\u00e9e isra\u00e9lienne a annonc\u00e9 l\u2019entr\u00e9e en vigueur \u00e0 partir de ce vendredi d\u2019un accord de cessez-le-feu pour la bande de Gaza d\u2019o\u00f9 les troupes ont commenc\u00e9 \u00e0 se retirer vers les lignes de d\u00e9ploiement convenues. Cette premi\u00e8re phase pr\u00e9voit \u00e9galement la lib\u00e9ration dans les trois prochains jours des otages restants et la remise en libert\u00e9 de centaines de prisonniers palestiniens. Afin de soutenir et de surveiller l\u2019accord de cessez-le-feu, les \u00c9tats-Unis enverront environ 200 soldats en Isra\u00ebl dans le cadre d\u2019une \u00e9quipe internationale plus large, selon des responsables am\u00e9ricains.<\/p>\n<p>&nbsp;<\/p>\n<p><strong>Auto-<\/strong> L\u2019industrie automobile roumaine a enregistr\u00e9 une baisse de 2,2% durant les 9 premiers mois de l\u2019ann\u00e9e \u00e0 la diff\u00e9rence de la m\u00eame p\u00e9riode de 2024, selon les donn\u00e9es rendues publiques ce vendredi par l\u2019Associations des constructeurs automobiles de Roumanie. Plus de 52000 voitures ont \u00e9t\u00e9 fabriqu\u00e9es en septembre dernier dont 29.000 par les usines Dacia de Mioveni et 23.000 par celles de Ford de Craiova. La Roumanie a fabriqu\u00e9 presque 400.000 automobiles depuis le d\u00e9but de l\u2019ann\u00e9e et jusqu\u2019en septembre. Par ailleurs, les immatriculations de voitures neuves ont augment\u00e9 de 35% en septembre 2025 par rapport \u00e0 septembre 2024.<\/p>\n<p>&nbsp;<\/p>\n<p><strong>Proc\u00e9dure d\u2019infraction<\/strong> &#8211; La Commission europ\u00e9enne a lanc\u00e9 une nouvelle proc\u00e9dure d&rsquo;infraction \u00e0 l&rsquo;encontre de la Roumanie pour l&rsquo;utilisation d\u2019un type de pesticide qui nuit aux abeilles et autres pollinisateurs. Il s\u2019agit de certains insecticides pour lesquels la Roumanie a accord\u00e9 \u00e0 plusieurs reprises, y compris en 2024, des autorisations d\u2019urgence aux agriculteurs qui soutiennent leur utilisation. La Commission europ\u00e9enne demande \u00e0 la Roumanie de mettre fin \u00e0 cette pratique et lui accorde un d\u00e9lai de deux mois. Une deuxi\u00e8me proc\u00e9dure similaire est engag\u00e9e par la CE contre la Roumanie et la France, qui n\u2019ont pas align\u00e9 leur l\u00e9gislation nationale sur celle de l\u2019UE en mati\u00e8re de s\u00e9curit\u00e9 des infrastructures, notamment les mesures concernant la s\u00e9curit\u00e9 des usagers vuln\u00e9rables, tels que les pi\u00e9tons et les cyclistes. La Commission affirme que la Roumanie a mal transpos\u00e9 les dispositions communautaires, tandis que la France les a transpos\u00e9es de mani\u00e8re incompl\u00e8te. Enfin, une troisi\u00e8me proc\u00e9dure vise la Roumanie et sept autres Etats-membres pour ne pas avoir transpos\u00e9 les dispositions d\u00e9coulant du r\u00e8glement sur les paiements instantan\u00e9s.<\/p>\n<p>&nbsp;<\/p>\n<p><strong>Nobel de la Paix<\/strong> \u2013 C\u2019est Maria Corina Machado, \u00e0 la t\u00eate de l\u2019opposition au Venezuela,\u00a0qui s\u2019est vu attribuer ce vendredi le Prix Nobel de la Paix 2025. Parmi les nominations de cette ann\u00e9e figuraient aussi des organismes tels la Cour P\u00e9nale Internationale ou encore l\u2019Agence de l\u2019ONU pour les r\u00e9fugi\u00e9s palestiniens (URWA) et son commissaire g\u00e9n\u00e9ral Philippe Lazzarini. C\u2019est un comit\u00e9 form\u00e9 de 5 membres qui d\u00e9cide du Prix Nobel de la Paix\u00a0; ils sont \u00e9lus pour un mandat de 6 ans par le Parlement norv\u00e9gien. Le Nobel de la Paix est le seul Prix remis \u00e0 Oslo, alors la remise des prix de toutes les autres cat\u00e9gories est organis\u00e9e \u00e0 Sotckholm, en Su\u00e8de.<\/p>\n<p>&nbsp;<\/p>\n<p><strong>Foot<\/strong> \u2013 La s\u00e9lection nationale de football de Roumanie a remport\u00e9 une victoire, 2 buts \u00e0 1, jeudi soir, \u00e0 Bucarest, contre la s\u00e9lection de la R\u00e9publique de Moldova voisine, lors d\u2019un match amical. Dimanche, les Roumains joueront \u00e0 nouveau \u00e0 domicile contre l\u2019Autriche, dans un match officiel comptant pour le groupe H des qualifications \u00e0 la Coupe du Monde 2026, organis\u00e9e par les \u00c9tats-Unis, le Mexique et le Canada.<\/p>\n<p>&nbsp;<\/p>\n<p><strong>M\u00e9t\u00e9o<\/strong> \u2013 Les temp\u00e9ratures sont \u00e0 la hausse en Roumanie dans la plupart des r\u00e9gions, pour tourner autour de la normale saisonni\u00e8re dans le sud-ouest, le sud et l\u2019est. Le ciel est toujours couvert sur le nord, le centre et l\u2019est, mais aussi sur le sud-est du territoire, o\u00f9 des pluies \u00e9parses sont signal\u00e9es. Les pr\u00e9cipitations sont mixtes en montagne, o\u00f9 le vent peut atteindre les 60, voire 80 km\/h.<\/p>\n","protected":false},"excerpt":{"rendered":"<p>PIB \u2013 La nouvelle cible de d\u00e9ficit de 8,4% du PIB \u00e0 la place de celle de 8% pr\u00e9vue dans un premier temps, offre \u00e0 la Roumanie une marge suppl\u00e9mentaire pour faire des investissements de quelque 8 milliards de lei, a transmis le ministre roumain des Finances, Alexandru Nazare, au Conseil des affaires \u00e9conomiques et [&hellip;]<\/p>\n","protected":false},"author":113,"featured_media":723357,"comment_status":"closed","ping_status":"closed","sticky":false,"template":"","format":"standard","meta":{"_acf_changed":false,"footnotes":""},"categories":[89002],"tags":[90367,87147,85992,147065,93658,116088],"coauthors":[116091],"class_list":["post-938099","post","type-post","status-publish","format-standard","has-post-thumbnail","hentry","category-le-flash","tag-cessez-le-feu","tag-fermiers","tag-foot","tag-gaza-fr","tag-meteorologue","tag-pib-fr"],"acf":[],"yoast_head":"<!-- This site is optimized with the Yoast SEO plugin v27.3 - https:\/\/yoast.com\/product\/yoast-seo-wordpress\/ -->\n<title>10.10.2025 (mise \u00e0 jour) - Radio Roumanie Internationale<\/title>\n<meta name=\"robots\" content=\"index, follow, max-snippet:-1, max-image-preview:large, max-video-preview:-1\" \/>\n<link rel=\"canonical\" href=\"https:\/\/www.rri.ro\/fr\/actualites\/le-flash\/10-10-2025-mise-a-jour-id938099.html\" \/>\n<meta property=\"og:locale\" content=\"fr_FR\" \/>\n<meta property=\"og:type\" content=\"article\" \/>\n<meta property=\"og:title\" content=\"10.10.2025 (mise \u00e0 jour) - Radio Roumanie Internationale\" \/>\n<meta property=\"og:description\" content=\"PIB \u2013 La nouvelle cible de d\u00e9ficit de 8,4% du PIB \u00e0 la place de celle de 8% pr\u00e9vue dans un premier temps, offre \u00e0 la Roumanie une marge suppl\u00e9mentaire pour faire des investissements de quelque 8 milliards de lei, a transmis le ministre roumain des Finances, Alexandru Nazare, au Conseil des affaires \u00e9conomiques et [&hellip;]\" \/>\n<meta property=\"og:url\" content=\"https:\/\/www.rri.ro\/fr\/actualites\/le-flash\/10-10-2025-mise-a-jour-id938099.html\" \/>\n<meta property=\"og:site_name\" content=\"Radio Roumanie Internationale\" \/>\n<meta property=\"article:published_time\" content=\"2025-10-10T15:48:07+00:00\" \/>\n<meta property=\"article:modified_time\" content=\"2025-10-10T17:07:42+00:00\" \/>\n<meta property=\"og:image\" content=\"https:\/\/www.rri.ro\/wp-content\/uploads\/2024\/03\/RRI-960x540-Le-flash-2-NOU.jpg\" \/>\n\t<meta property=\"og:image:width\" content=\"960\" \/>\n\t<meta property=\"og:image:height\" content=\"540\" \/>\n\t<meta property=\"og:image:type\" content=\"image\/jpeg\" \/>\n<meta name=\"author\" content=\"Newsroom\" \/>\n<meta name=\"twitter:card\" content=\"summary_large_image\" \/>\n<meta name=\"twitter:label1\" content=\"\u00c9crit par\" \/>\n\t<meta name=\"twitter:data1\" content=\"Newsroom\" \/>\n\t<meta name=\"twitter:label2\" content=\"Dur\u00e9e de lecture estim\u00e9e\" \/>\n\t<meta name=\"twitter:data2\" content=\"5 minutes\" \/>\n\t<meta name=\"twitter:label3\" content=\"Written by\" \/>\n\t<meta name=\"twitter:data3\" content=\"Newsroom\" \/>\n<script type=\"application\/ld+json\" class=\"yoast-schema-graph\">{\"@context\":\"https:\\\/\\\/schema.org\",\"@graph\":[{\"@type\":\"Article\",\"@id\":\"https:\\\/\\\/www.rri.ro\\\/fr\\\/actualites\\\/le-flash\\\/10-10-2025-mise-a-jour-id938099.html#article\",\"isPartOf\":{\"@id\":\"https:\\\/\\\/www.rri.ro\\\/fr\\\/actualites\\\/le-flash\\\/10-10-2025-mise-a-jour-id938099.html\"},\"author\":{\"name\":\"Newsroom\",\"@id\":\"https:\\\/\\\/www.rri.ro\\\/#\\\/schema\\\/person\\\/4a479940371b9fdefd194f561e8a7f88\"},\"headline\":\"10.10.2025 (mise \u00e0 jour)\",\"datePublished\":\"2025-10-10T15:48:07+00:00\",\"dateModified\":\"2025-10-10T17:07:42+00:00\",\"mainEntityOfPage\":{\"@id\":\"https:\\\/\\\/www.rri.ro\\\/fr\\\/actualites\\\/le-flash\\\/10-10-2025-mise-a-jour-id938099.html\"},\"wordCount\":1056,\"image\":{\"@id\":\"https:\\\/\\\/www.rri.ro\\\/fr\\\/actualites\\\/le-flash\\\/10-10-2025-mise-a-jour-id938099.html#primaryimage\"},\"thumbnailUrl\":\"https:\\\/\\\/www.rri.ro\\\/wp-content\\\/uploads\\\/2024\\\/03\\\/RRI-960x540-Le-flash-2-NOU.jpg\",\"keywords\":[\"cessez-le-feu\",\"fermiers\",\"foot\",\"Gaza\",\"m\u00e9t\u00e9orologue\",\"PIB\"],\"articleSection\":[\"Le flash\"],\"inLanguage\":\"fr-FR\"},{\"@type\":\"WebPage\",\"@id\":\"https:\\\/\\\/www.rri.ro\\\/fr\\\/actualites\\\/le-flash\\\/10-10-2025-mise-a-jour-id938099.html\",\"url\":\"https:\\\/\\\/www.rri.ro\\\/fr\\\/actualites\\\/le-flash\\\/10-10-2025-mise-a-jour-id938099.html\",\"name\":\"10.10.2025 (mise \u00e0 jour) - Radio Roumanie Internationale\",\"isPartOf\":{\"@id\":\"https:\\\/\\\/www.rri.ro\\\/#website\"},\"primaryImageOfPage\":{\"@id\":\"https:\\\/\\\/www.rri.ro\\\/fr\\\/actualites\\\/le-flash\\\/10-10-2025-mise-a-jour-id938099.html#primaryimage\"},\"image\":{\"@id\":\"https:\\\/\\\/www.rri.ro\\\/fr\\\/actualites\\\/le-flash\\\/10-10-2025-mise-a-jour-id938099.html#primaryimage\"},\"thumbnailUrl\":\"https:\\\/\\\/www.rri.ro\\\/wp-content\\\/uploads\\\/2024\\\/03\\\/RRI-960x540-Le-flash-2-NOU.jpg\",\"datePublished\":\"2025-10-10T15:48:07+00:00\",\"dateModified\":\"2025-10-10T17:07:42+00:00\",\"author\":{\"@id\":\"https:\\\/\\\/www.rri.ro\\\/#\\\/schema\\\/person\\\/4a479940371b9fdefd194f561e8a7f88\"},\"breadcrumb\":{\"@id\":\"https:\\\/\\\/www.rri.ro\\\/fr\\\/actualites\\\/le-flash\\\/10-10-2025-mise-a-jour-id938099.html#breadcrumb\"},\"inLanguage\":\"fr-FR\",\"potentialAction\":[{\"@type\":\"ReadAction\",\"target\":[\"https:\\\/\\\/www.rri.ro\\\/fr\\\/actualites\\\/le-flash\\\/10-10-2025-mise-a-jour-id938099.html\"]}]},{\"@type\":\"ImageObject\",\"inLanguage\":\"fr-FR\",\"@id\":\"https:\\\/\\\/www.rri.ro\\\/fr\\\/actualites\\\/le-flash\\\/10-10-2025-mise-a-jour-id938099.html#primaryimage\",\"url\":\"https:\\\/\\\/www.rri.ro\\\/wp-content\\\/uploads\\\/2024\\\/03\\\/RRI-960x540-Le-flash-2-NOU.jpg\",\"contentUrl\":\"https:\\\/\\\/www.rri.ro\\\/wp-content\\\/uploads\\\/2024\\\/03\\\/RRI-960x540-Le-flash-2-NOU.jpg\",\"width\":960,\"height\":540},{\"@type\":\"BreadcrumbList\",\"@id\":\"https:\\\/\\\/www.rri.ro\\\/fr\\\/actualites\\\/le-flash\\\/10-10-2025-mise-a-jour-id938099.html#breadcrumb\",\"itemListElement\":[{\"@type\":\"ListItem\",\"position\":1,\"name\":\"Page d'accueil\",\"item\":\"https:\\\/\\\/www.rri.ro\\\/fr\"},{\"@type\":\"ListItem\",\"position\":2,\"name\":\"Actualit\u00e9s\",\"item\":\"https:\\\/\\\/www.rri.ro\\\/fr\\\/actualites\"},{\"@type\":\"ListItem\",\"position\":3,\"name\":\"Le flash\",\"item\":\"https:\\\/\\\/www.rri.ro\\\/fr\\\/actualites\\\/le-flash\"},{\"@type\":\"ListItem\",\"position\":4,\"name\":\"10.10.2025 (mise \u00e0 jour)\"}]},{\"@type\":\"WebSite\",\"@id\":\"https:\\\/\\\/www.rri.ro\\\/#website\",\"url\":\"https:\\\/\\\/www.rri.ro\\\/\",\"name\":\"Radio Roumanie Internationale\",\"description\":\"Totul despre Rom\u00e2nia \u015fi rom\u00e2ni, \u00een 13 limbi\\\/dialecte!\",\"inLanguage\":\"fr-FR\"},{\"@type\":\"Person\",\"@id\":\"https:\\\/\\\/www.rri.ro\\\/#\\\/schema\\\/person\\\/4a479940371b9fdefd194f561e8a7f88\",\"name\":\"Newsroom\",\"url\":\"https:\\\/\\\/www.rri.ro\\\/fr\\\/author\\\/newsroom\"}]}<\/script>\n<!-- \/ Yoast SEO plugin. -->","yoast_head_json":{"title":"10.10.2025 (mise \u00e0 jour) - Radio Roumanie Internationale","robots":{"index":"index","follow":"follow","max-snippet":"max-snippet:-1","max-image-preview":"max-image-preview:large","max-video-preview":"max-video-preview:-1"},"canonical":"https:\/\/www.rri.ro\/fr\/actualites\/le-flash\/10-10-2025-mise-a-jour-id938099.html","og_locale":"fr_FR","og_type":"article","og_title":"10.10.2025 (mise \u00e0 jour) - Radio Roumanie Internationale","og_description":"PIB \u2013 La nouvelle cible de d\u00e9ficit de 8,4% du PIB \u00e0 la place de celle de 8% pr\u00e9vue dans un premier temps, offre \u00e0 la Roumanie une marge suppl\u00e9mentaire pour faire des investissements de quelque 8 milliards de lei, a transmis le ministre roumain des Finances, Alexandru Nazare, au Conseil des affaires \u00e9conomiques et [&hellip;]","og_url":"https:\/\/www.rri.ro\/fr\/actualites\/le-flash\/10-10-2025-mise-a-jour-id938099.html","og_site_name":"Radio Roumanie Internationale","article_published_time":"2025-10-10T15:48:07+00:00","article_modified_time":"2025-10-10T17:07:42+00:00","og_image":[{"width":960,"height":540,"url":"https:\/\/www.rri.ro\/wp-content\/uploads\/2024\/03\/RRI-960x540-Le-flash-2-NOU.jpg","type":"image\/jpeg"}],"author":"Newsroom","twitter_card":"summary_large_image","twitter_misc":{"\u00c9crit par":"Newsroom","Dur\u00e9e de lecture estim\u00e9e":"5 minutes","Written by":"Newsroom"},"schema":{"@context":"https:\/\/schema.org","@graph":[{"@type":"Article","@id":"https:\/\/www.rri.ro\/fr\/actualites\/le-flash\/10-10-2025-mise-a-jour-id938099.html#article","isPartOf":{"@id":"https:\/\/www.rri.ro\/fr\/actualites\/le-flash\/10-10-2025-mise-a-jour-id938099.html"},"author":{"name":"Newsroom","@id":"https:\/\/www.rri.ro\/#\/schema\/person\/4a479940371b9fdefd194f561e8a7f88"},"headline":"10.10.2025 (mise \u00e0 jour)","datePublished":"2025-10-10T15:48:07+00:00","dateModified":"2025-10-10T17:07:42+00:00","mainEntityOfPage":{"@id":"https:\/\/www.rri.ro\/fr\/actualites\/le-flash\/10-10-2025-mise-a-jour-id938099.html"},"wordCount":1056,"image":{"@id":"https:\/\/www.rri.ro\/fr\/actualites\/le-flash\/10-10-2025-mise-a-jour-id938099.html#primaryimage"},"thumbnailUrl":"https:\/\/www.rri.ro\/wp-content\/uploads\/2024\/03\/RRI-960x540-Le-flash-2-NOU.jpg","keywords":["cessez-le-feu","fermiers","foot","Gaza","m\u00e9t\u00e9orologue","PIB"],"articleSection":["Le flash"],"inLanguage":"fr-FR"},{"@type":"WebPage","@id":"https:\/\/www.rri.ro\/fr\/actualites\/le-flash\/10-10-2025-mise-a-jour-id938099.html","url":"https:\/\/www.rri.ro\/fr\/actualites\/le-flash\/10-10-2025-mise-a-jour-id938099.html","name":"10.10.2025 (mise \u00e0 jour) - Radio Roumanie Internationale","isPartOf":{"@id":"https:\/\/www.rri.ro\/#website"},"primaryImageOfPage":{"@id":"https:\/\/www.rri.ro\/fr\/actualites\/le-flash\/10-10-2025-mise-a-jour-id938099.html#primaryimage"},"image":{"@id":"https:\/\/www.rri.ro\/fr\/actualites\/le-flash\/10-10-2025-mise-a-jour-id938099.html#primaryimage"},"thumbnailUrl":"https:\/\/www.rri.ro\/wp-content\/uploads\/2024\/03\/RRI-960x540-Le-flash-2-NOU.jpg","datePublished":"2025-10-10T15:48:07+00:00","dateModified":"2025-10-10T17:07:42+00:00","author":{"@id":"https:\/\/www.rri.ro\/#\/schema\/person\/4a479940371b9fdefd194f561e8a7f88"},"breadcrumb":{"@id":"https:\/\/www.rri.ro\/fr\/actualites\/le-flash\/10-10-2025-mise-a-jour-id938099.html#breadcrumb"},"inLanguage":"fr-FR","potentialAction":[{"@type":"ReadAction","target":["https:\/\/www.rri.ro\/fr\/actualites\/le-flash\/10-10-2025-mise-a-jour-id938099.html"]}]},{"@type":"ImageObject","inLanguage":"fr-FR","@id":"https:\/\/www.rri.ro\/fr\/actualites\/le-flash\/10-10-2025-mise-a-jour-id938099.html#primaryimage","url":"https:\/\/www.rri.ro\/wp-content\/uploads\/2024\/03\/RRI-960x540-Le-flash-2-NOU.jpg","contentUrl":"https:\/\/www.rri.ro\/wp-content\/uploads\/2024\/03\/RRI-960x540-Le-flash-2-NOU.jpg","width":960,"height":540},{"@type":"BreadcrumbList","@id":"https:\/\/www.rri.ro\/fr\/actualites\/le-flash\/10-10-2025-mise-a-jour-id938099.html#breadcrumb","itemListElement":[{"@type":"ListItem","position":1,"name":"Page d'accueil","item":"https:\/\/www.rri.ro\/fr"},{"@type":"ListItem","position":2,"name":"Actualit\u00e9s","item":"https:\/\/www.rri.ro\/fr\/actualites"},{"@type":"ListItem","position":3,"name":"Le flash","item":"https:\/\/www.rri.ro\/fr\/actualites\/le-flash"},{"@type":"ListItem","position":4,"name":"10.10.2025 (mise \u00e0 jour)"}]},{"@type":"WebSite","@id":"https:\/\/www.rri.ro\/#website","url":"https:\/\/www.rri.ro\/","name":"Radio Roumanie Internationale","description":"Totul despre Rom\u00e2nia \u015fi rom\u00e2ni, \u00een 13 limbi\/dialecte!","inLanguage":"fr-FR"},{"@type":"Person","@id":"https:\/\/www.rri.ro\/#\/schema\/person\/4a479940371b9fdefd194f561e8a7f88","name":"Newsroom","url":"https:\/\/www.rri.ro\/fr\/author\/newsroom"}]}},"_links":{"self":[{"href":"https:\/\/www.rri.ro\/fr\/wp-json\/wp\/v2\/posts\/938099","targetHints":{"allow":["GET"]}}],"collection":[{"href":"https:\/\/www.rri.ro\/fr\/wp-json\/wp\/v2\/posts"}],"about":[{"href":"https:\/\/www.rri.ro\/fr\/wp-json\/wp\/v2\/types\/post"}],"author":[{"embeddable":true,"href":"https:\/\/www.rri.ro\/fr\/wp-json\/wp\/v2\/users\/113"}],"replies":[{"embeddable":true,"href":"https:\/\/www.rri.ro\/fr\/wp-json\/wp\/v2\/comments?post=938099"}],"version-history":[{"count":0,"href":"https:\/\/www.rri.ro\/fr\/wp-json\/wp\/v2\/posts\/938099\/revisions"}],"wp:featuredmedia":[{"embeddable":true,"href":"https:\/\/www.rri.ro\/fr\/wp-json\/wp\/v2\/media\/723357"}],"wp:attachment":[{"href":"https:\/\/www.rri.ro\/fr\/wp-json\/wp\/v2\/media?parent=938099"}],"wp:term":[{"taxonomy":"category","embeddable":true,"href":"https:\/\/www.rri.ro\/fr\/wp-json\/wp\/v2\/categories?post=938099"},{"taxonomy":"post_tag","embeddable":true,"href":"https:\/\/www.rri.ro\/fr\/wp-json\/wp\/v2\/tags?post=938099"},{"taxonomy":"author","embeddable":true,"href":"https:\/\/www.rri.ro\/fr\/wp-json\/wp\/v2\/coauthors?post=938099"}],"curies":[{"name":"wp","href":"https:\/\/api.w.org\/{rel}","templated":true}]}}