{"id":938621,"date":"2025-10-13T12:43:44","date_gmt":"2025-10-13T09:43:44","guid":{"rendered":"https:\/\/www.rri.ro\/?p=938621"},"modified":"2025-10-13T12:43:44","modified_gmt":"2025-10-13T09:43:44","slug":"la-roumanie-plaide-pour-un-cadre-financier-pluriannuel-realiste","status":"publish","type":"post","link":"https:\/\/www.rri.ro\/fr\/actualites\/les-dossiers-de-lactualite\/la-roumanie-plaide-pour-un-cadre-financier-pluriannuel-realiste-id938621.html","title":{"rendered":"La Roumanie plaide pour un cadre financier pluriannuel r\u00e9aliste"},"content":{"rendered":"<p><strong>La Roumanie pr\u00e9sente \u00e0 la r\u00e9union ECOFIN<\/strong><\/p>\n<p>Le financement du budget de l\u2019UE doit reposer sur les principes de l\u2019\u00e9quit\u00e9, de l\u2019efficacit\u00e9, de la transparence et de la simplicit\u00e9. C\u2019est ce qu\u2019a affirm\u00e9 le ministre roumain des Finances, Alexandru Nazare, lors de la r\u00e9union du Conseil des Affaires \u00e9conomiques et financi\u00e8res, d\u00e9roul\u00e9e vendredi, \u00e0 Luxembourg. Selon un communiqu\u00e9 du minist\u00e8re des Finances, la r\u00e9union a port\u00e9 notamment sur la mise \u00e0 jour du syst\u00e8me de ressources propres du cadre financier pluriannuel, financ\u00e9 \u00e0 hauteur de 90% des revenus budg\u00e9taires communautaires. L\u2019Ex\u00e9cutif communautaire a propos\u00e9 cinq nouvelles ressources propres pour financer le budget, \u00e0 savoir le syst\u00e8me d&rsquo;\u00e9change de quotas d&rsquo;\u00e9mission (SEQE), le m\u00e9canisme d&rsquo;ajustement carbone aux fronti\u00e8res (MACF), les d\u00e9chets \u00e9lectroniques non collect\u00e9s, les droits d&rsquo;accise sur le tabac et une contribution des grandes entreprises op\u00e9rant dans l&rsquo;UE.<\/p>\n<p>&nbsp;<\/p>\n<p><strong>La Roumanie encourage l\u2019\u00e9quilibre et la solidarit\u00e9 europ\u00e9enne<\/strong><\/p>\n<p>\u00ab La Roumanie soutient un cadre financier europ\u00e9en soutenable et r\u00e9aliste, \u00e0 m\u00eame de soutenir les priorit\u00e9s de l\u2019Union et d\u2019apporter des b\u00e9n\u00e9fices \u00e0 ses citoyens. Il est essentiel que la transition verte ne produise pas de co\u00fbts disproportionn\u00e9s pour les pays en cours de redressement \u00e9conomique \u00bb a affirm\u00e9 le ministre roumain. Par ailleurs, la Roumanie est rest\u00e9e plut\u00f4t r\u00e9serv\u00e9e face \u00e0 d\u2019autres propositions europ\u00e9ennes, telles une nouvelle taxe bas\u00e9e sur les d\u00e9chets \u00e9lectroniques non collect\u00e9s ou la baisse des taxes de collecte pour les ressources traditionnelles comme les droits de douane. Quant \u00e0 l\u2019all\u00e9gement du processus l\u00e9gislatif europ\u00e9en, la partie roumaine a mis en lumi\u00e8re la n\u00e9cessit\u00e9 de diminuer la bureaucratie, notamment pour les petites entreprises et les administrations publiques. Le ministre Alexandru Nazare a affirm\u00e9 que les \u00e9valuations d\u2019impact doivent mieux refl\u00e9ter le sp\u00e9cifique des \u00e9conomies \u00e9mergentes de l\u2019UE et inclure des analyses diff\u00e9renci\u00e9es, cens\u00e9es entra\u00eener des d\u00e9cisions fond\u00e9es sur des r\u00e9alit\u00e9s nationales. \u00ab\u00a0La Roumanie encourage l\u2019\u00e9quilibre et la solidarit\u00e9 europ\u00e9enne. Le pays a appuy\u00e9 les initiatives communautaires en faveur des investissements productifs et a r\u00e9it\u00e9r\u00e9 son appui \u00e0 l\u2019assistance financi\u00e8re et les sanctions impos\u00e9es \u00e0 la Russie\u00a0\u00bb pr\u00e9cise-t-on dans le communiqu\u00e9 du minist\u00e8re des Finances. Par ailleurs, le ministre Alexandru Nazare a affirm\u00e9 que la Roumanie a le devoir de soutenir fermement ses propres int\u00e9r\u00eats, arguments \u00e0 l\u2019appui, et de respecter les engagements assum\u00e9s, tout en ayant la conscience de l\u2019actuel contexte europ\u00e9en.<\/p>\n<p>&nbsp;<\/p>\n<p><strong>La ren\u00e9gociation du PNRR<\/strong><\/p>\n<p>En marge de la r\u00e9union ECOFIN, le responsable de Bucarest a rencontr\u00e9 aussi avec le commissaire europ\u00e9en charg\u00e9 de l\u2019Economie, Valdis Dombrovskis. Leurs pourparlers ont port\u00e9 sur les mesures d\u2019aust\u00e9rit\u00e9 adopt\u00e9es par Bucarest pour r\u00e9duire le d\u00e9ficit budg\u00e9taire et sur les pas que le pays devra faire pour \u00e9laborer une construction budg\u00e9taire r\u00e9aliste pour l\u2019ann\u00e9e prochaine. Autre sujet \u00e0 l\u2019agenda des discussions\u00a0: la ren\u00e9gociation du PNRR, dans la perspective du nouveau plan d\u2019adoption qui sera discut\u00e9 en novembre, \u00e0 l\u2019occasion de la prochaine r\u00e9union ECOFIN.<\/p>\n","protected":false},"excerpt":{"rendered":"<p>La Roumanie pr\u00e9sente \u00e0 la r\u00e9union ECOFIN Le financement du budget de l\u2019UE doit reposer sur les principes de l\u2019\u00e9quit\u00e9, de l\u2019efficacit\u00e9, de la transparence et de la simplicit\u00e9. C\u2019est ce qu\u2019a affirm\u00e9 le ministre roumain des Finances, Alexandru Nazare, lors de la r\u00e9union du Conseil des Affaires \u00e9conomiques et financi\u00e8res, d\u00e9roul\u00e9e vendredi, \u00e0 Luxembourg. [&hellip;]<\/p>\n","protected":false},"author":46,"featured_media":938543,"comment_status":"closed","ping_status":"closed","sticky":false,"template":"","format":"standard","meta":{"_acf_changed":false,"footnotes":""},"categories":[93377],"tags":[177998,148511,172575],"coauthors":[115852],"class_list":["post-938621","post","type-post","status-publish","format-standard","has-post-thumbnail","hentry","category-les-dossiers-de-lactualite","tag-alexandru-nazare-fr","tag-budget-fr","tag-ecofin-fr"],"acf":[],"yoast_head":"<!-- This site is optimized with the Yoast SEO plugin v27.3 - https:\/\/yoast.com\/product\/yoast-seo-wordpress\/ -->\n<title>La Roumanie plaide pour un cadre financier pluriannuel r\u00e9aliste - Radio Roumanie Internationale<\/title>\n<meta name=\"robots\" content=\"index, follow, max-snippet:-1, max-image-preview:large, max-video-preview:-1\" \/>\n<link rel=\"canonical\" href=\"https:\/\/www.rri.ro\/fr\/actualites\/les-dossiers-de-lactualite\/la-roumanie-plaide-pour-un-cadre-financier-pluriannuel-realiste-id938621.html\" \/>\n<meta property=\"og:locale\" content=\"fr_FR\" \/>\n<meta property=\"og:type\" content=\"article\" \/>\n<meta property=\"og:title\" content=\"La Roumanie plaide pour un cadre financier pluriannuel r\u00e9aliste - Radio Roumanie Internationale\" \/>\n<meta property=\"og:description\" content=\"La Roumanie pr\u00e9sente \u00e0 la r\u00e9union ECOFIN Le financement du budget de l\u2019UE doit reposer sur les principes de l\u2019\u00e9quit\u00e9, de l\u2019efficacit\u00e9, de la transparence et de la simplicit\u00e9. C\u2019est ce qu\u2019a affirm\u00e9 le ministre roumain des Finances, Alexandru Nazare, lors de la r\u00e9union du Conseil des Affaires \u00e9conomiques et financi\u00e8res, d\u00e9roul\u00e9e vendredi, \u00e0 Luxembourg. [&hellip;]\" \/>\n<meta property=\"og:url\" content=\"https:\/\/www.rri.ro\/fr\/actualites\/les-dossiers-de-lactualite\/la-roumanie-plaide-pour-un-cadre-financier-pluriannuel-realiste-id938621.html\" \/>\n<meta property=\"og:site_name\" content=\"Radio Roumanie Internationale\" \/>\n<meta property=\"article:published_time\" content=\"2025-10-13T09:43:44+00:00\" \/>\n<meta property=\"og:image\" content=\"https:\/\/www.rri.ro\/wp-content\/uploads\/2025\/10\/Consiliul-Afaceri-Economice-Financiare-oct2025-sursa-fb-com-Alexandru-Nazare.jpg\" \/>\n\t<meta property=\"og:image:width\" content=\"1280\" \/>\n\t<meta property=\"og:image:height\" content=\"761\" \/>\n\t<meta property=\"og:image:type\" content=\"image\/jpeg\" \/>\n<meta name=\"author\" content=\"Leyla Cheamil\" \/>\n<meta name=\"twitter:card\" content=\"summary_large_image\" \/>\n<meta name=\"twitter:label1\" content=\"\u00c9crit par\" \/>\n\t<meta name=\"twitter:data1\" content=\"Leyla Cheamil\" \/>\n\t<meta name=\"twitter:label2\" content=\"Dur\u00e9e de lecture estim\u00e9e\" \/>\n\t<meta name=\"twitter:data2\" content=\"3 minutes\" \/>\n\t<meta name=\"twitter:label3\" content=\"Written by\" \/>\n\t<meta name=\"twitter:data3\" content=\"Leyla Cheamil\" \/>\n<script type=\"application\/ld+json\" class=\"yoast-schema-graph\">{\"@context\":\"https:\\\/\\\/schema.org\",\"@graph\":[{\"@type\":\"Article\",\"@id\":\"https:\\\/\\\/www.rri.ro\\\/fr\\\/actualites\\\/les-dossiers-de-lactualite\\\/la-roumanie-plaide-pour-un-cadre-financier-pluriannuel-realiste-id938621.html#article\",\"isPartOf\":{\"@id\":\"https:\\\/\\\/www.rri.ro\\\/fr\\\/actualites\\\/les-dossiers-de-lactualite\\\/la-roumanie-plaide-pour-un-cadre-financier-pluriannuel-realiste-id938621.html\"},\"author\":{\"name\":\"Leyla Cheamil\",\"@id\":\"https:\\\/\\\/www.rri.ro\\\/#\\\/schema\\\/person\\\/e6364ed2d4b6af207a82ca66000d07e0\"},\"headline\":\"La Roumanie plaide pour un cadre financier pluriannuel r\u00e9aliste\",\"datePublished\":\"2025-10-13T09:43:44+00:00\",\"mainEntityOfPage\":{\"@id\":\"https:\\\/\\\/www.rri.ro\\\/fr\\\/actualites\\\/les-dossiers-de-lactualite\\\/la-roumanie-plaide-pour-un-cadre-financier-pluriannuel-realiste-id938621.html\"},\"wordCount\":568,\"image\":{\"@id\":\"https:\\\/\\\/www.rri.ro\\\/fr\\\/actualites\\\/les-dossiers-de-lactualite\\\/la-roumanie-plaide-pour-un-cadre-financier-pluriannuel-realiste-id938621.html#primaryimage\"},\"thumbnailUrl\":\"https:\\\/\\\/www.rri.ro\\\/wp-content\\\/uploads\\\/2025\\\/10\\\/Consiliul-Afaceri-Economice-Financiare-oct2025-sursa-fb-com-Alexandru-Nazare.jpg\",\"keywords\":[\"Alexandru Nazare\",\"budget\",\"Ecofin\"],\"articleSection\":[\"Les dossiers de l'actualit\u00e9\"],\"inLanguage\":\"fr-FR\"},{\"@type\":\"WebPage\",\"@id\":\"https:\\\/\\\/www.rri.ro\\\/fr\\\/actualites\\\/les-dossiers-de-lactualite\\\/la-roumanie-plaide-pour-un-cadre-financier-pluriannuel-realiste-id938621.html\",\"url\":\"https:\\\/\\\/www.rri.ro\\\/fr\\\/actualites\\\/les-dossiers-de-lactualite\\\/la-roumanie-plaide-pour-un-cadre-financier-pluriannuel-realiste-id938621.html\",\"name\":\"La Roumanie plaide pour un cadre financier pluriannuel r\u00e9aliste - Radio Roumanie Internationale\",\"isPartOf\":{\"@id\":\"https:\\\/\\\/www.rri.ro\\\/#website\"},\"primaryImageOfPage\":{\"@id\":\"https:\\\/\\\/www.rri.ro\\\/fr\\\/actualites\\\/les-dossiers-de-lactualite\\\/la-roumanie-plaide-pour-un-cadre-financier-pluriannuel-realiste-id938621.html#primaryimage\"},\"image\":{\"@id\":\"https:\\\/\\\/www.rri.ro\\\/fr\\\/actualites\\\/les-dossiers-de-lactualite\\\/la-roumanie-plaide-pour-un-cadre-financier-pluriannuel-realiste-id938621.html#primaryimage\"},\"thumbnailUrl\":\"https:\\\/\\\/www.rri.ro\\\/wp-content\\\/uploads\\\/2025\\\/10\\\/Consiliul-Afaceri-Economice-Financiare-oct2025-sursa-fb-com-Alexandru-Nazare.jpg\",\"datePublished\":\"2025-10-13T09:43:44+00:00\",\"author\":{\"@id\":\"https:\\\/\\\/www.rri.ro\\\/#\\\/schema\\\/person\\\/e6364ed2d4b6af207a82ca66000d07e0\"},\"breadcrumb\":{\"@id\":\"https:\\\/\\\/www.rri.ro\\\/fr\\\/actualites\\\/les-dossiers-de-lactualite\\\/la-roumanie-plaide-pour-un-cadre-financier-pluriannuel-realiste-id938621.html#breadcrumb\"},\"inLanguage\":\"fr-FR\",\"potentialAction\":[{\"@type\":\"ReadAction\",\"target\":[\"https:\\\/\\\/www.rri.ro\\\/fr\\\/actualites\\\/les-dossiers-de-lactualite\\\/la-roumanie-plaide-pour-un-cadre-financier-pluriannuel-realiste-id938621.html\"]}]},{\"@type\":\"ImageObject\",\"inLanguage\":\"fr-FR\",\"@id\":\"https:\\\/\\\/www.rri.ro\\\/fr\\\/actualites\\\/les-dossiers-de-lactualite\\\/la-roumanie-plaide-pour-un-cadre-financier-pluriannuel-realiste-id938621.html#primaryimage\",\"url\":\"https:\\\/\\\/www.rri.ro\\\/wp-content\\\/uploads\\\/2025\\\/10\\\/Consiliul-Afaceri-Economice-Financiare-oct2025-sursa-fb-com-Alexandru-Nazare.jpg\",\"contentUrl\":\"https:\\\/\\\/www.rri.ro\\\/wp-content\\\/uploads\\\/2025\\\/10\\\/Consiliul-Afaceri-Economice-Financiare-oct2025-sursa-fb-com-Alexandru-Nazare.jpg\",\"width\":1280,\"height\":761,\"caption\":\"\u0420\u0443\u043c\u0443\u043d\u0456\u044f \u043f\u0456\u0434\u0442\u0440\u0438\u043c\u0443\u0454 \u0440\u0435\u0430\u043b\u0456\u0441\u0442\u0438\u0447\u043d\u0438\u0439 \u0454\u0432\u0440\u043e\u043f\u0435\u0439\u0441\u044c\u043a\u0438\u0439 \u0431\u044e\u0434\u0436\u0435\u0442\"},{\"@type\":\"BreadcrumbList\",\"@id\":\"https:\\\/\\\/www.rri.ro\\\/fr\\\/actualites\\\/les-dossiers-de-lactualite\\\/la-roumanie-plaide-pour-un-cadre-financier-pluriannuel-realiste-id938621.html#breadcrumb\",\"itemListElement\":[{\"@type\":\"ListItem\",\"position\":1,\"name\":\"Page d'accueil\",\"item\":\"https:\\\/\\\/www.rri.ro\\\/fr\"},{\"@type\":\"ListItem\",\"position\":2,\"name\":\"Actualit\u00e9s\",\"item\":\"https:\\\/\\\/www.rri.ro\\\/fr\\\/actualites\"},{\"@type\":\"ListItem\",\"position\":3,\"name\":\"Les dossiers de l'actualit\u00e9\",\"item\":\"https:\\\/\\\/www.rri.ro\\\/fr\\\/actualites\\\/les-dossiers-de-lactualite\"},{\"@type\":\"ListItem\",\"position\":4,\"name\":\"La Roumanie plaide pour un cadre financier pluriannuel r\u00e9aliste\"}]},{\"@type\":\"WebSite\",\"@id\":\"https:\\\/\\\/www.rri.ro\\\/#website\",\"url\":\"https:\\\/\\\/www.rri.ro\\\/\",\"name\":\"Radio Roumanie Internationale\",\"description\":\"Totul despre Rom\u00e2nia \u015fi rom\u00e2ni, \u00een 13 limbi\\\/dialecte!\",\"inLanguage\":\"fr-FR\"},{\"@type\":\"Person\",\"@id\":\"https:\\\/\\\/www.rri.ro\\\/#\\\/schema\\\/person\\\/e6364ed2d4b6af207a82ca66000d07e0\",\"name\":\"Leyla Cheamil\",\"url\":\"https:\\\/\\\/www.rri.ro\\\/fr\\\/author\\\/leyla-cheamil\"}]}<\/script>\n<!-- \/ Yoast SEO plugin. -->","yoast_head_json":{"title":"La Roumanie plaide pour un cadre financier pluriannuel r\u00e9aliste - Radio Roumanie Internationale","robots":{"index":"index","follow":"follow","max-snippet":"max-snippet:-1","max-image-preview":"max-image-preview:large","max-video-preview":"max-video-preview:-1"},"canonical":"https:\/\/www.rri.ro\/fr\/actualites\/les-dossiers-de-lactualite\/la-roumanie-plaide-pour-un-cadre-financier-pluriannuel-realiste-id938621.html","og_locale":"fr_FR","og_type":"article","og_title":"La Roumanie plaide pour un cadre financier pluriannuel r\u00e9aliste - Radio Roumanie Internationale","og_description":"La Roumanie pr\u00e9sente \u00e0 la r\u00e9union ECOFIN Le financement du budget de l\u2019UE doit reposer sur les principes de l\u2019\u00e9quit\u00e9, de l\u2019efficacit\u00e9, de la transparence et de la simplicit\u00e9. C\u2019est ce qu\u2019a affirm\u00e9 le ministre roumain des Finances, Alexandru Nazare, lors de la r\u00e9union du Conseil des Affaires \u00e9conomiques et financi\u00e8res, d\u00e9roul\u00e9e vendredi, \u00e0 Luxembourg. [&hellip;]","og_url":"https:\/\/www.rri.ro\/fr\/actualites\/les-dossiers-de-lactualite\/la-roumanie-plaide-pour-un-cadre-financier-pluriannuel-realiste-id938621.html","og_site_name":"Radio Roumanie Internationale","article_published_time":"2025-10-13T09:43:44+00:00","og_image":[{"width":1280,"height":761,"url":"https:\/\/www.rri.ro\/wp-content\/uploads\/2025\/10\/Consiliul-Afaceri-Economice-Financiare-oct2025-sursa-fb-com-Alexandru-Nazare.jpg","type":"image\/jpeg"}],"author":"Leyla Cheamil","twitter_card":"summary_large_image","twitter_misc":{"\u00c9crit par":"Leyla Cheamil","Dur\u00e9e de lecture estim\u00e9e":"3 minutes","Written by":"Leyla Cheamil"},"schema":{"@context":"https:\/\/schema.org","@graph":[{"@type":"Article","@id":"https:\/\/www.rri.ro\/fr\/actualites\/les-dossiers-de-lactualite\/la-roumanie-plaide-pour-un-cadre-financier-pluriannuel-realiste-id938621.html#article","isPartOf":{"@id":"https:\/\/www.rri.ro\/fr\/actualites\/les-dossiers-de-lactualite\/la-roumanie-plaide-pour-un-cadre-financier-pluriannuel-realiste-id938621.html"},"author":{"name":"Leyla Cheamil","@id":"https:\/\/www.rri.ro\/#\/schema\/person\/e6364ed2d4b6af207a82ca66000d07e0"},"headline":"La Roumanie plaide pour un cadre financier pluriannuel r\u00e9aliste","datePublished":"2025-10-13T09:43:44+00:00","mainEntityOfPage":{"@id":"https:\/\/www.rri.ro\/fr\/actualites\/les-dossiers-de-lactualite\/la-roumanie-plaide-pour-un-cadre-financier-pluriannuel-realiste-id938621.html"},"wordCount":568,"image":{"@id":"https:\/\/www.rri.ro\/fr\/actualites\/les-dossiers-de-lactualite\/la-roumanie-plaide-pour-un-cadre-financier-pluriannuel-realiste-id938621.html#primaryimage"},"thumbnailUrl":"https:\/\/www.rri.ro\/wp-content\/uploads\/2025\/10\/Consiliul-Afaceri-Economice-Financiare-oct2025-sursa-fb-com-Alexandru-Nazare.jpg","keywords":["Alexandru Nazare","budget","Ecofin"],"articleSection":["Les dossiers de l'actualit\u00e9"],"inLanguage":"fr-FR"},{"@type":"WebPage","@id":"https:\/\/www.rri.ro\/fr\/actualites\/les-dossiers-de-lactualite\/la-roumanie-plaide-pour-un-cadre-financier-pluriannuel-realiste-id938621.html","url":"https:\/\/www.rri.ro\/fr\/actualites\/les-dossiers-de-lactualite\/la-roumanie-plaide-pour-un-cadre-financier-pluriannuel-realiste-id938621.html","name":"La Roumanie plaide pour un cadre financier pluriannuel r\u00e9aliste - Radio Roumanie Internationale","isPartOf":{"@id":"https:\/\/www.rri.ro\/#website"},"primaryImageOfPage":{"@id":"https:\/\/www.rri.ro\/fr\/actualites\/les-dossiers-de-lactualite\/la-roumanie-plaide-pour-un-cadre-financier-pluriannuel-realiste-id938621.html#primaryimage"},"image":{"@id":"https:\/\/www.rri.ro\/fr\/actualites\/les-dossiers-de-lactualite\/la-roumanie-plaide-pour-un-cadre-financier-pluriannuel-realiste-id938621.html#primaryimage"},"thumbnailUrl":"https:\/\/www.rri.ro\/wp-content\/uploads\/2025\/10\/Consiliul-Afaceri-Economice-Financiare-oct2025-sursa-fb-com-Alexandru-Nazare.jpg","datePublished":"2025-10-13T09:43:44+00:00","author":{"@id":"https:\/\/www.rri.ro\/#\/schema\/person\/e6364ed2d4b6af207a82ca66000d07e0"},"breadcrumb":{"@id":"https:\/\/www.rri.ro\/fr\/actualites\/les-dossiers-de-lactualite\/la-roumanie-plaide-pour-un-cadre-financier-pluriannuel-realiste-id938621.html#breadcrumb"},"inLanguage":"fr-FR","potentialAction":[{"@type":"ReadAction","target":["https:\/\/www.rri.ro\/fr\/actualites\/les-dossiers-de-lactualite\/la-roumanie-plaide-pour-un-cadre-financier-pluriannuel-realiste-id938621.html"]}]},{"@type":"ImageObject","inLanguage":"fr-FR","@id":"https:\/\/www.rri.ro\/fr\/actualites\/les-dossiers-de-lactualite\/la-roumanie-plaide-pour-un-cadre-financier-pluriannuel-realiste-id938621.html#primaryimage","url":"https:\/\/www.rri.ro\/wp-content\/uploads\/2025\/10\/Consiliul-Afaceri-Economice-Financiare-oct2025-sursa-fb-com-Alexandru-Nazare.jpg","contentUrl":"https:\/\/www.rri.ro\/wp-content\/uploads\/2025\/10\/Consiliul-Afaceri-Economice-Financiare-oct2025-sursa-fb-com-Alexandru-Nazare.jpg","width":1280,"height":761,"caption":"\u0420\u0443\u043c\u0443\u043d\u0456\u044f \u043f\u0456\u0434\u0442\u0440\u0438\u043c\u0443\u0454 \u0440\u0435\u0430\u043b\u0456\u0441\u0442\u0438\u0447\u043d\u0438\u0439 \u0454\u0432\u0440\u043e\u043f\u0435\u0439\u0441\u044c\u043a\u0438\u0439 \u0431\u044e\u0434\u0436\u0435\u0442"},{"@type":"BreadcrumbList","@id":"https:\/\/www.rri.ro\/fr\/actualites\/les-dossiers-de-lactualite\/la-roumanie-plaide-pour-un-cadre-financier-pluriannuel-realiste-id938621.html#breadcrumb","itemListElement":[{"@type":"ListItem","position":1,"name":"Page d'accueil","item":"https:\/\/www.rri.ro\/fr"},{"@type":"ListItem","position":2,"name":"Actualit\u00e9s","item":"https:\/\/www.rri.ro\/fr\/actualites"},{"@type":"ListItem","position":3,"name":"Les dossiers de l'actualit\u00e9","item":"https:\/\/www.rri.ro\/fr\/actualites\/les-dossiers-de-lactualite"},{"@type":"ListItem","position":4,"name":"La Roumanie plaide pour un cadre financier pluriannuel r\u00e9aliste"}]},{"@type":"WebSite","@id":"https:\/\/www.rri.ro\/#website","url":"https:\/\/www.rri.ro\/","name":"Radio Roumanie Internationale","description":"Totul despre Rom\u00e2nia \u015fi rom\u00e2ni, \u00een 13 limbi\/dialecte!","inLanguage":"fr-FR"},{"@type":"Person","@id":"https:\/\/www.rri.ro\/#\/schema\/person\/e6364ed2d4b6af207a82ca66000d07e0","name":"Leyla Cheamil","url":"https:\/\/www.rri.ro\/fr\/author\/leyla-cheamil"}]}},"_links":{"self":[{"href":"https:\/\/www.rri.ro\/fr\/wp-json\/wp\/v2\/posts\/938621","targetHints":{"allow":["GET"]}}],"collection":[{"href":"https:\/\/www.rri.ro\/fr\/wp-json\/wp\/v2\/posts"}],"about":[{"href":"https:\/\/www.rri.ro\/fr\/wp-json\/wp\/v2\/types\/post"}],"author":[{"embeddable":true,"href":"https:\/\/www.rri.ro\/fr\/wp-json\/wp\/v2\/users\/46"}],"replies":[{"embeddable":true,"href":"https:\/\/www.rri.ro\/fr\/wp-json\/wp\/v2\/comments?post=938621"}],"version-history":[{"count":0,"href":"https:\/\/www.rri.ro\/fr\/wp-json\/wp\/v2\/posts\/938621\/revisions"}],"wp:featuredmedia":[{"embeddable":true,"href":"https:\/\/www.rri.ro\/fr\/wp-json\/wp\/v2\/media\/938543"}],"wp:attachment":[{"href":"https:\/\/www.rri.ro\/fr\/wp-json\/wp\/v2\/media?parent=938621"}],"wp:term":[{"taxonomy":"category","embeddable":true,"href":"https:\/\/www.rri.ro\/fr\/wp-json\/wp\/v2\/categories?post=938621"},{"taxonomy":"post_tag","embeddable":true,"href":"https:\/\/www.rri.ro\/fr\/wp-json\/wp\/v2\/tags?post=938621"},{"taxonomy":"author","embeddable":true,"href":"https:\/\/www.rri.ro\/fr\/wp-json\/wp\/v2\/coauthors?post=938621"}],"curies":[{"name":"wp","href":"https:\/\/api.w.org\/{rel}","templated":true}]}}