{"id":939374,"date":"2025-10-14T12:06:22","date_gmt":"2025-10-14T09:06:22","guid":{"rendered":"https:\/\/www.rri.ro\/?p=939374"},"modified":"2025-10-14T12:06:22","modified_gmt":"2025-10-14T09:06:22","slug":"vers-une-paix-possible-a-gaza","status":"publish","type":"post","link":"https:\/\/www.rri.ro\/fr\/actualites\/les-dossiers-de-lactualite\/vers-une-paix-possible-a-gaza-id939374.html","title":{"rendered":"Vers une paix possible \u00e0 Gaza ?"},"content":{"rendered":"<p>Apr\u00e8s plus de deux ann\u00e9es d\u2019un conflit d\u2019une brutalit\u00e9 sans pr\u00e9c\u00e9dent, un calme pr\u00e9caire semble s\u2019\u00eatre install\u00e9 dans la bande de Gaza. Les vingt derniers otages isra\u00e9liens encore en vie dans l\u2019enclave palestinienne ont retrouv\u00e9 la libert\u00e9, parmi eux deux fr\u00e8res jumeaux s\u00e9par\u00e9s depuis leur enl\u00e8vement, ainsi qu\u2019un p\u00e8re de famille. En contrepartie, pr\u00e8s de deux mille prisonniers palestiniens ont \u00e9t\u00e9 rel\u00e2ch\u00e9s par Isra\u00ebl, provoquant des sc\u00e8nes de liesse dans plusieurs villes de Cisjordanie et de Gaza. Ce conflit sanglant avait \u00e9clat\u00e9 le 7 octobre 2023, lorsque le Hamas, alors au pouvoir dans la bande de Gaza, lan\u00e7a une attaque meurtri\u00e8re sur le territoire isra\u00e9lien, faisant 1 219 morts, majoritairement des civils, et enlevant 251 personnes transf\u00e9r\u00e9es ensuite \u00e0 Gaza.<\/p>\n<p>&nbsp;<\/p>\n<p>&nbsp;<\/p>\n<h3><strong>Un bilan humain d\u00e9vastateur<\/strong><\/h3>\n<p>&nbsp;<\/p>\n<p>&nbsp;<\/p>\n<p>Depuis, plus de 67 000 Palestiniens \u2014 en majorit\u00e9 des femmes et des enfants \u2014 ont p\u00e9ri dans les repr\u00e9sailles isra\u00e9liennes, selon les chiffres du minist\u00e8re de la Sant\u00e9 du gouvernement Hamas, jug\u00e9s cr\u00e9dibles par l\u2019ONU. Des sources locales estiment toutefois que des dizaines de milliers de corps demeurent ensevelis sous les ruines laiss\u00e9es par les bombardements. Comme de nombreux \u00c9tats, la Roumanie n\u2019est pas rest\u00e9e insensible \u00e0 la trag\u00e9die. Li\u00e9e \u00e0 Isra\u00ebl et \u00e0 la Palestine par des communaut\u00e9s anciennes et des destins familiaux entrelac\u00e9s, elle a particip\u00e9 activement \u00e0 l\u2019\u00e9vacuation de familles mixtes prises au pi\u00e8ge \u00e0 Gaza, notamment par le biais de vols humanitaires affr\u00e9t\u00e9s par les autorit\u00e9s roumaines. La ministre des Affaires \u00e9trang\u00e8res, Oana \u0162oiu, a salu\u00e9 \u00ab ce jour que tant de familles esp\u00e9raient voir arriver \u00bb, soulignant \u00e0 la fois la lib\u00e9ration des otages isra\u00e9liens et le d\u00e9blocage de l\u2019aide humanitaire pour la population gazaouie. \u00ab Nous continuons \u00e0 soutenir ces communaut\u00e9s \u00bb, a-t-elle assur\u00e9 depuis Bucarest.<\/p>\n<p>&nbsp;<\/p>\n<p>&nbsp;<\/p>\n<h3><strong>Un fragile espoir de paix<\/strong><\/h3>\n<p>&nbsp;<\/p>\n<p>&nbsp;<\/p>\n<p>Le pr\u00e9sident roumain Nicu\u015for Dan a \u00e9galement salu\u00e9 l\u2019accord de cessez-le-feu entre Isra\u00ebl et le Hamas, y voyant un premier pas vers une paix durable au Moyen-Orient. Il a r\u00e9affirm\u00e9 l\u2019engagement de la Roumanie aux c\u00f4t\u00e9s de ses partenaires internationaux dans la recherche d\u2019une stabilit\u00e9 r\u00e9gionale. \u00ab J\u2019appr\u00e9cie les efforts et le leadership pr\u00e9cieux du pr\u00e9sident am\u00e9ricain Donald Trump, ainsi que ceux de l\u2019\u00c9gypte, du Qatar, de la Turquie et de tous les acteurs impliqu\u00e9s dans cette avanc\u00e9e diplomatique majeure \u00bb, a d\u00e9clar\u00e9 le chef de l\u2019\u00c9tat. Reconnu comme l\u2019artisan central de l\u2019accord sign\u00e9 au Caire, Donald Trump a qualifi\u00e9 cette tr\u00eave d\u2019\u00ab aube d\u2019un nouveau Moyen-Orient \u00bb. Mais la presse am\u00e9ricaine temp\u00e8re cet optimisme, rappelant la complexit\u00e9 des rancunes accumul\u00e9es et la persistance de foyers de tension qui laissent planer le doute sur la durabilit\u00e9 de cette paix naissante.<\/p>\n","protected":false},"excerpt":{"rendered":"<p>Apr\u00e8s plus de deux ann\u00e9es d\u2019un conflit d\u2019une brutalit\u00e9 sans pr\u00e9c\u00e9dent, un calme pr\u00e9caire semble s\u2019\u00eatre install\u00e9 dans la bande de Gaza. Les vingt derniers otages isra\u00e9liens encore en vie dans l\u2019enclave palestinienne ont retrouv\u00e9 la libert\u00e9, parmi eux deux fr\u00e8res jumeaux s\u00e9par\u00e9s depuis leur enl\u00e8vement, ainsi qu\u2019un p\u00e8re de famille. En contrepartie, pr\u00e8s de [&hellip;]<\/p>\n","protected":false},"author":105,"featured_media":939275,"comment_status":"closed","ping_status":"closed","sticky":false,"template":"","format":"standard","meta":{"_acf_changed":false,"footnotes":""},"categories":[93377],"tags":[147065,85278,116087,90810,85653,155711,85412],"coauthors":[113297],"class_list":["post-939374","post","type-post","status-publish","format-standard","has-post-thumbnail","hentry","category-les-dossiers-de-lactualite","tag-gaza-fr","tag-guerre","tag-israel-fr","tag-otages","tag-paix","tag-palestine-fr","tag-roumanie"],"acf":[],"yoast_head":"<!-- This site is optimized with the Yoast SEO plugin v27.3 - https:\/\/yoast.com\/product\/yoast-seo-wordpress\/ -->\n<title>Vers une paix possible \u00e0 Gaza ? - Radio Roumanie Internationale<\/title>\n<meta name=\"robots\" content=\"index, follow, max-snippet:-1, max-image-preview:large, max-video-preview:-1\" \/>\n<link rel=\"canonical\" href=\"https:\/\/www.rri.ro\/fr\/actualites\/les-dossiers-de-lactualite\/vers-une-paix-possible-a-gaza-id939374.html\" \/>\n<meta property=\"og:locale\" content=\"fr_FR\" \/>\n<meta property=\"og:type\" content=\"article\" \/>\n<meta property=\"og:title\" content=\"Vers une paix possible \u00e0 Gaza ? - Radio Roumanie Internationale\" \/>\n<meta property=\"og:description\" content=\"Apr\u00e8s plus de deux ann\u00e9es d\u2019un conflit d\u2019une brutalit\u00e9 sans pr\u00e9c\u00e9dent, un calme pr\u00e9caire semble s\u2019\u00eatre install\u00e9 dans la bande de Gaza. Les vingt derniers otages isra\u00e9liens encore en vie dans l\u2019enclave palestinienne ont retrouv\u00e9 la libert\u00e9, parmi eux deux fr\u00e8res jumeaux s\u00e9par\u00e9s depuis leur enl\u00e8vement, ainsi qu\u2019un p\u00e8re de famille. En contrepartie, pr\u00e8s de [&hellip;]\" \/>\n<meta property=\"og:url\" content=\"https:\/\/www.rri.ro\/fr\/actualites\/les-dossiers-de-lactualite\/vers-une-paix-possible-a-gaza-id939374.html\" \/>\n<meta property=\"og:site_name\" content=\"Radio Roumanie Internationale\" \/>\n<meta property=\"article:published_time\" content=\"2025-10-14T09:06:22+00:00\" \/>\n<meta property=\"og:image\" content=\"https:\/\/www.rri.ro\/wp-content\/uploads\/2025\/10\/Gaza-foto-agerpres.jpg\" \/>\n\t<meta property=\"og:image:width\" content=\"986\" \/>\n\t<meta property=\"og:image:height\" content=\"540\" \/>\n\t<meta property=\"og:image:type\" content=\"image\/jpeg\" \/>\n<meta name=\"author\" content=\"Bogdan Matei\" \/>\n<meta name=\"twitter:card\" content=\"summary_large_image\" \/>\n<meta name=\"twitter:label1\" content=\"\u00c9crit par\" \/>\n\t<meta name=\"twitter:data1\" content=\"Bogdan Matei\" \/>\n\t<meta name=\"twitter:label2\" content=\"Dur\u00e9e de lecture estim\u00e9e\" \/>\n\t<meta name=\"twitter:data2\" content=\"2 minutes\" \/>\n\t<meta name=\"twitter:label3\" content=\"Written by\" \/>\n\t<meta name=\"twitter:data3\" content=\"Bogdan Matei\" \/>\n<script type=\"application\/ld+json\" class=\"yoast-schema-graph\">{\"@context\":\"https:\\\/\\\/schema.org\",\"@graph\":[{\"@type\":\"Article\",\"@id\":\"https:\\\/\\\/www.rri.ro\\\/fr\\\/actualites\\\/les-dossiers-de-lactualite\\\/vers-une-paix-possible-a-gaza-id939374.html#article\",\"isPartOf\":{\"@id\":\"https:\\\/\\\/www.rri.ro\\\/fr\\\/actualites\\\/les-dossiers-de-lactualite\\\/vers-une-paix-possible-a-gaza-id939374.html\"},\"author\":{\"name\":\"Bogdan Matei\",\"@id\":\"https:\\\/\\\/www.rri.ro\\\/#\\\/schema\\\/person\\\/0ed327d40678578e6dbb840527e3ba32\"},\"headline\":\"Vers une paix possible \u00e0 Gaza ?\",\"datePublished\":\"2025-10-14T09:06:22+00:00\",\"mainEntityOfPage\":{\"@id\":\"https:\\\/\\\/www.rri.ro\\\/fr\\\/actualites\\\/les-dossiers-de-lactualite\\\/vers-une-paix-possible-a-gaza-id939374.html\"},\"wordCount\":502,\"image\":{\"@id\":\"https:\\\/\\\/www.rri.ro\\\/fr\\\/actualites\\\/les-dossiers-de-lactualite\\\/vers-une-paix-possible-a-gaza-id939374.html#primaryimage\"},\"thumbnailUrl\":\"https:\\\/\\\/www.rri.ro\\\/wp-content\\\/uploads\\\/2025\\\/10\\\/Gaza-foto-agerpres.jpg\",\"keywords\":[\"Gaza\",\"guerre\",\"Israel\",\"otages\",\"paix\",\"Palestine\",\"Roumanie\"],\"articleSection\":[\"Les dossiers de l'actualit\u00e9\"],\"inLanguage\":\"fr-FR\"},{\"@type\":\"WebPage\",\"@id\":\"https:\\\/\\\/www.rri.ro\\\/fr\\\/actualites\\\/les-dossiers-de-lactualite\\\/vers-une-paix-possible-a-gaza-id939374.html\",\"url\":\"https:\\\/\\\/www.rri.ro\\\/fr\\\/actualites\\\/les-dossiers-de-lactualite\\\/vers-une-paix-possible-a-gaza-id939374.html\",\"name\":\"Vers une paix possible \u00e0 Gaza ? - Radio Roumanie Internationale\",\"isPartOf\":{\"@id\":\"https:\\\/\\\/www.rri.ro\\\/#website\"},\"primaryImageOfPage\":{\"@id\":\"https:\\\/\\\/www.rri.ro\\\/fr\\\/actualites\\\/les-dossiers-de-lactualite\\\/vers-une-paix-possible-a-gaza-id939374.html#primaryimage\"},\"image\":{\"@id\":\"https:\\\/\\\/www.rri.ro\\\/fr\\\/actualites\\\/les-dossiers-de-lactualite\\\/vers-une-paix-possible-a-gaza-id939374.html#primaryimage\"},\"thumbnailUrl\":\"https:\\\/\\\/www.rri.ro\\\/wp-content\\\/uploads\\\/2025\\\/10\\\/Gaza-foto-agerpres.jpg\",\"datePublished\":\"2025-10-14T09:06:22+00:00\",\"author\":{\"@id\":\"https:\\\/\\\/www.rri.ro\\\/#\\\/schema\\\/person\\\/0ed327d40678578e6dbb840527e3ba32\"},\"breadcrumb\":{\"@id\":\"https:\\\/\\\/www.rri.ro\\\/fr\\\/actualites\\\/les-dossiers-de-lactualite\\\/vers-une-paix-possible-a-gaza-id939374.html#breadcrumb\"},\"inLanguage\":\"fr-FR\",\"potentialAction\":[{\"@type\":\"ReadAction\",\"target\":[\"https:\\\/\\\/www.rri.ro\\\/fr\\\/actualites\\\/les-dossiers-de-lactualite\\\/vers-une-paix-possible-a-gaza-id939374.html\"]}]},{\"@type\":\"ImageObject\",\"inLanguage\":\"fr-FR\",\"@id\":\"https:\\\/\\\/www.rri.ro\\\/fr\\\/actualites\\\/les-dossiers-de-lactualite\\\/vers-une-paix-possible-a-gaza-id939374.html#primaryimage\",\"url\":\"https:\\\/\\\/www.rri.ro\\\/wp-content\\\/uploads\\\/2025\\\/10\\\/Gaza-foto-agerpres.jpg\",\"contentUrl\":\"https:\\\/\\\/www.rri.ro\\\/wp-content\\\/uploads\\\/2025\\\/10\\\/Gaza-foto-agerpres.jpg\",\"width\":986,\"height\":540,\"caption\":\"(251013) -- SHARM EL-SHEIKH(EGYPT), Oct. 13, 2025 (Xinhua) -- Egyptian President Abdel Fattah al-Sisi (2nd L, front), U.S. President Donald Trump (2nd R, front), Turkish President Recep Tayyip Erdogan (1st R, front), and the Emir of Qatar, Sheikh Tamim bin Hamad Al Thani (1st L, front) attend the signing of a document to support Gaza ceasefire deal during a summit on Gaza ceasefire held in Sharm el-Sheikh, Egypt, Oct. 13, 2025. A document to support the recently-reached Gaza ceasefire deal was signed here Monday by the deal's four mediators, though without the attendance of either Israel or Hamas. (Egyptian Presidency\\\/Handout via Xinhua)\"},{\"@type\":\"BreadcrumbList\",\"@id\":\"https:\\\/\\\/www.rri.ro\\\/fr\\\/actualites\\\/les-dossiers-de-lactualite\\\/vers-une-paix-possible-a-gaza-id939374.html#breadcrumb\",\"itemListElement\":[{\"@type\":\"ListItem\",\"position\":1,\"name\":\"Page d'accueil\",\"item\":\"https:\\\/\\\/www.rri.ro\\\/fr\"},{\"@type\":\"ListItem\",\"position\":2,\"name\":\"Actualit\u00e9s\",\"item\":\"https:\\\/\\\/www.rri.ro\\\/fr\\\/actualites\"},{\"@type\":\"ListItem\",\"position\":3,\"name\":\"Les dossiers de l'actualit\u00e9\",\"item\":\"https:\\\/\\\/www.rri.ro\\\/fr\\\/actualites\\\/les-dossiers-de-lactualite\"},{\"@type\":\"ListItem\",\"position\":4,\"name\":\"Vers une paix possible \u00e0 Gaza ?\"}]},{\"@type\":\"WebSite\",\"@id\":\"https:\\\/\\\/www.rri.ro\\\/#website\",\"url\":\"https:\\\/\\\/www.rri.ro\\\/\",\"name\":\"Radio Roumanie Internationale\",\"description\":\"Totul despre Rom\u00e2nia \u015fi rom\u00e2ni, \u00een 13 limbi\\\/dialecte!\",\"inLanguage\":\"fr-FR\"},{\"@type\":\"Person\",\"@id\":\"https:\\\/\\\/www.rri.ro\\\/#\\\/schema\\\/person\\\/0ed327d40678578e6dbb840527e3ba32\",\"name\":\"Bogdan Matei\",\"url\":\"https:\\\/\\\/www.rri.ro\\\/fr\\\/author\\\/bogdan-matei\"}]}<\/script>\n<!-- \/ Yoast SEO plugin. -->","yoast_head_json":{"title":"Vers une paix possible \u00e0 Gaza ? - Radio Roumanie Internationale","robots":{"index":"index","follow":"follow","max-snippet":"max-snippet:-1","max-image-preview":"max-image-preview:large","max-video-preview":"max-video-preview:-1"},"canonical":"https:\/\/www.rri.ro\/fr\/actualites\/les-dossiers-de-lactualite\/vers-une-paix-possible-a-gaza-id939374.html","og_locale":"fr_FR","og_type":"article","og_title":"Vers une paix possible \u00e0 Gaza ? - Radio Roumanie Internationale","og_description":"Apr\u00e8s plus de deux ann\u00e9es d\u2019un conflit d\u2019une brutalit\u00e9 sans pr\u00e9c\u00e9dent, un calme pr\u00e9caire semble s\u2019\u00eatre install\u00e9 dans la bande de Gaza. Les vingt derniers otages isra\u00e9liens encore en vie dans l\u2019enclave palestinienne ont retrouv\u00e9 la libert\u00e9, parmi eux deux fr\u00e8res jumeaux s\u00e9par\u00e9s depuis leur enl\u00e8vement, ainsi qu\u2019un p\u00e8re de famille. En contrepartie, pr\u00e8s de [&hellip;]","og_url":"https:\/\/www.rri.ro\/fr\/actualites\/les-dossiers-de-lactualite\/vers-une-paix-possible-a-gaza-id939374.html","og_site_name":"Radio Roumanie Internationale","article_published_time":"2025-10-14T09:06:22+00:00","og_image":[{"width":986,"height":540,"url":"https:\/\/www.rri.ro\/wp-content\/uploads\/2025\/10\/Gaza-foto-agerpres.jpg","type":"image\/jpeg"}],"author":"Bogdan Matei","twitter_card":"summary_large_image","twitter_misc":{"\u00c9crit par":"Bogdan Matei","Dur\u00e9e de lecture estim\u00e9e":"2 minutes","Written by":"Bogdan Matei"},"schema":{"@context":"https:\/\/schema.org","@graph":[{"@type":"Article","@id":"https:\/\/www.rri.ro\/fr\/actualites\/les-dossiers-de-lactualite\/vers-une-paix-possible-a-gaza-id939374.html#article","isPartOf":{"@id":"https:\/\/www.rri.ro\/fr\/actualites\/les-dossiers-de-lactualite\/vers-une-paix-possible-a-gaza-id939374.html"},"author":{"name":"Bogdan Matei","@id":"https:\/\/www.rri.ro\/#\/schema\/person\/0ed327d40678578e6dbb840527e3ba32"},"headline":"Vers une paix possible \u00e0 Gaza ?","datePublished":"2025-10-14T09:06:22+00:00","mainEntityOfPage":{"@id":"https:\/\/www.rri.ro\/fr\/actualites\/les-dossiers-de-lactualite\/vers-une-paix-possible-a-gaza-id939374.html"},"wordCount":502,"image":{"@id":"https:\/\/www.rri.ro\/fr\/actualites\/les-dossiers-de-lactualite\/vers-une-paix-possible-a-gaza-id939374.html#primaryimage"},"thumbnailUrl":"https:\/\/www.rri.ro\/wp-content\/uploads\/2025\/10\/Gaza-foto-agerpres.jpg","keywords":["Gaza","guerre","Israel","otages","paix","Palestine","Roumanie"],"articleSection":["Les dossiers de l'actualit\u00e9"],"inLanguage":"fr-FR"},{"@type":"WebPage","@id":"https:\/\/www.rri.ro\/fr\/actualites\/les-dossiers-de-lactualite\/vers-une-paix-possible-a-gaza-id939374.html","url":"https:\/\/www.rri.ro\/fr\/actualites\/les-dossiers-de-lactualite\/vers-une-paix-possible-a-gaza-id939374.html","name":"Vers une paix possible \u00e0 Gaza ? - Radio Roumanie Internationale","isPartOf":{"@id":"https:\/\/www.rri.ro\/#website"},"primaryImageOfPage":{"@id":"https:\/\/www.rri.ro\/fr\/actualites\/les-dossiers-de-lactualite\/vers-une-paix-possible-a-gaza-id939374.html#primaryimage"},"image":{"@id":"https:\/\/www.rri.ro\/fr\/actualites\/les-dossiers-de-lactualite\/vers-une-paix-possible-a-gaza-id939374.html#primaryimage"},"thumbnailUrl":"https:\/\/www.rri.ro\/wp-content\/uploads\/2025\/10\/Gaza-foto-agerpres.jpg","datePublished":"2025-10-14T09:06:22+00:00","author":{"@id":"https:\/\/www.rri.ro\/#\/schema\/person\/0ed327d40678578e6dbb840527e3ba32"},"breadcrumb":{"@id":"https:\/\/www.rri.ro\/fr\/actualites\/les-dossiers-de-lactualite\/vers-une-paix-possible-a-gaza-id939374.html#breadcrumb"},"inLanguage":"fr-FR","potentialAction":[{"@type":"ReadAction","target":["https:\/\/www.rri.ro\/fr\/actualites\/les-dossiers-de-lactualite\/vers-une-paix-possible-a-gaza-id939374.html"]}]},{"@type":"ImageObject","inLanguage":"fr-FR","@id":"https:\/\/www.rri.ro\/fr\/actualites\/les-dossiers-de-lactualite\/vers-une-paix-possible-a-gaza-id939374.html#primaryimage","url":"https:\/\/www.rri.ro\/wp-content\/uploads\/2025\/10\/Gaza-foto-agerpres.jpg","contentUrl":"https:\/\/www.rri.ro\/wp-content\/uploads\/2025\/10\/Gaza-foto-agerpres.jpg","width":986,"height":540,"caption":"(251013) -- SHARM EL-SHEIKH(EGYPT), Oct. 13, 2025 (Xinhua) -- Egyptian President Abdel Fattah al-Sisi (2nd L, front), U.S. President Donald Trump (2nd R, front), Turkish President Recep Tayyip Erdogan (1st R, front), and the Emir of Qatar, Sheikh Tamim bin Hamad Al Thani (1st L, front) attend the signing of a document to support Gaza ceasefire deal during a summit on Gaza ceasefire held in Sharm el-Sheikh, Egypt, Oct. 13, 2025. A document to support the recently-reached Gaza ceasefire deal was signed here Monday by the deal's four mediators, though without the attendance of either Israel or Hamas. (Egyptian Presidency\/Handout via Xinhua)"},{"@type":"BreadcrumbList","@id":"https:\/\/www.rri.ro\/fr\/actualites\/les-dossiers-de-lactualite\/vers-une-paix-possible-a-gaza-id939374.html#breadcrumb","itemListElement":[{"@type":"ListItem","position":1,"name":"Page d'accueil","item":"https:\/\/www.rri.ro\/fr"},{"@type":"ListItem","position":2,"name":"Actualit\u00e9s","item":"https:\/\/www.rri.ro\/fr\/actualites"},{"@type":"ListItem","position":3,"name":"Les dossiers de l'actualit\u00e9","item":"https:\/\/www.rri.ro\/fr\/actualites\/les-dossiers-de-lactualite"},{"@type":"ListItem","position":4,"name":"Vers une paix possible \u00e0 Gaza ?"}]},{"@type":"WebSite","@id":"https:\/\/www.rri.ro\/#website","url":"https:\/\/www.rri.ro\/","name":"Radio Roumanie Internationale","description":"Totul despre Rom\u00e2nia \u015fi rom\u00e2ni, \u00een 13 limbi\/dialecte!","inLanguage":"fr-FR"},{"@type":"Person","@id":"https:\/\/www.rri.ro\/#\/schema\/person\/0ed327d40678578e6dbb840527e3ba32","name":"Bogdan Matei","url":"https:\/\/www.rri.ro\/fr\/author\/bogdan-matei"}]}},"_links":{"self":[{"href":"https:\/\/www.rri.ro\/fr\/wp-json\/wp\/v2\/posts\/939374","targetHints":{"allow":["GET"]}}],"collection":[{"href":"https:\/\/www.rri.ro\/fr\/wp-json\/wp\/v2\/posts"}],"about":[{"href":"https:\/\/www.rri.ro\/fr\/wp-json\/wp\/v2\/types\/post"}],"author":[{"embeddable":true,"href":"https:\/\/www.rri.ro\/fr\/wp-json\/wp\/v2\/users\/105"}],"replies":[{"embeddable":true,"href":"https:\/\/www.rri.ro\/fr\/wp-json\/wp\/v2\/comments?post=939374"}],"version-history":[{"count":0,"href":"https:\/\/www.rri.ro\/fr\/wp-json\/wp\/v2\/posts\/939374\/revisions"}],"wp:featuredmedia":[{"embeddable":true,"href":"https:\/\/www.rri.ro\/fr\/wp-json\/wp\/v2\/media\/939275"}],"wp:attachment":[{"href":"https:\/\/www.rri.ro\/fr\/wp-json\/wp\/v2\/media?parent=939374"}],"wp:term":[{"taxonomy":"category","embeddable":true,"href":"https:\/\/www.rri.ro\/fr\/wp-json\/wp\/v2\/categories?post=939374"},{"taxonomy":"post_tag","embeddable":true,"href":"https:\/\/www.rri.ro\/fr\/wp-json\/wp\/v2\/tags?post=939374"},{"taxonomy":"author","embeddable":true,"href":"https:\/\/www.rri.ro\/fr\/wp-json\/wp\/v2\/coauthors?post=939374"}],"curies":[{"name":"wp","href":"https:\/\/api.w.org\/{rel}","templated":true}]}}