{"id":940649,"date":"2025-10-19T10:54:13","date_gmt":"2025-10-19T07:54:13","guid":{"rendered":"https:\/\/www.rri.ro\/?p=940649"},"modified":"2025-10-17T12:57:37","modified_gmt":"2025-10-17T09:57:37","slug":"la-semaine-du-13-au-19-octobre-2025","status":"publish","type":"post","link":"https:\/\/www.rri.ro\/fr\/actualites\/cette-semaine-en-roumanie\/la-semaine-du-13-au-19-octobre-2025-id940649.html","title":{"rendered":"La semaine du 13 au 19 octobre 2025"},"content":{"rendered":"<p><strong>Politique<\/strong><\/p>\n<p>ll n&rsquo;y a pas d&rsquo;harmonie au sein de la coalition gouvernementale pro-europ\u00e9enne de Bucarest, form\u00e9e par le Parti social-d\u00e9mocrate, le Parti national lib\u00e9ral, l\u2019Union Sauvez la Roumanie et l\u2019Union d\u00e9mocrate magyare de Roumanie. Le Premier ministre lib\u00e9ral Ilie Bolojan \u00a0soutient la n\u00e9cessit\u00e9 de licenciements dans l&rsquo;administration publique. Les sociaux-d\u00e9mocrates proposent que chaque minist\u00e8re et chaque mairie d\u00e9cide de ses propres mesures de r\u00e9duction des d\u00e9penses, \u00e0 travers des licenciements, des diminutions salariales ou des suppressions de primes. Le consensus entre les partis politiques manque aussi quand il s\u2019agit des \u00e9lections pour le poste de maire de Bucarest, devenu vacant apr\u00e8s l\u2019\u00e9lection de Nicu\u0219or Dan \u00e0 la pr\u00e9sidence. L&rsquo;USR demande que le scrutin soit organis\u00e9 le plus rapidement possible. Le PSD et le PNL n\u2019arrivent pas \u00e0 se mettre d\u2019accord ni sur la date des prochaines \u00e9lections, ni sur un \u00e9ventuel candidat commun. Avec un \u00e9lectorat concentr\u00e9 notamment dans le centre et l&rsquo;ouest du pays, l&rsquo;UDMR ne s\u2019int\u00e9resse pas aux disputes politiques concernant le sud. Au terme de la loi, les \u00e9lections auraient d\u00fb \u00eatre organis\u00e9es 90 jours apr\u00e8s l&rsquo;investiture de M. Dan \u00e0 la pr\u00e9sidence, le 26 mai.<\/p>\n<p><strong>Economie<\/strong><\/p>\n<p>Le Fonds mon\u00e9taire international a r\u00e9vis\u00e9 l\u00e9g\u00e8rement \u00e0 la hausse ses pr\u00e9visions de la croissance mondiale \u00e0 3,2 % en 2025, en affirmant que l&rsquo;impact des droits de douane impos\u00e9s par l\u2019administration Trump a \u00e9t\u00e9 moins fort que pr\u00e9vu initialement. Par contre, dans un rapport qui met sous la loupe tous les pays du monde, l\u2019institution financi\u00e8re a r\u00e9vis\u00e9 \u00e0 la baisse ses pr\u00e9visions \u00e9conomiques pour la Roumanie en 2025, tablant d\u00e9sormais sur une avanc\u00e9e de seulement 1%, \u00e0 la diff\u00e9rence de 1,6 % comme pr\u00e9vu en avril dernier ou des 3,3 % estim\u00e9s en octobre dernier. Le Fonds reste pourtant plus optimiste que la Banque mondiale. Ses plus r\u00e9centes analyses de la BM pour l\u2019Europe et l\u2019Asie centrale, publi\u00e9es la semaine derni\u00e8re, la Roumanie conna\u00eetra un progr\u00e8s de seulement 0,4 % cette ann\u00e9e et de seulement 1,3 % l\u2019ann\u00e9e prochaine. La BM pr\u00e9cise \u00e9galement que le gouvernement de Bucarest est confront\u00e9 \u00e0 un d\u00e9ficit fiscal qui avait d\u00e9pass\u00e9 les 9 % du PIB l\u2019ann\u00e9e derni\u00e8re, c\u2019est pourquoi il a adopt\u00e9 plusieurs mesures de consolidation fiscale comportant des r\u00e9ductions de d\u00e9penses, telles le gel des salaires et des pensions de retraite dans la fonction publique, ainsi que des taxes plus \u00e9lev\u00e9es. Enfin, \u00e0 Bucarest, les plus r\u00e9centes pr\u00e9visions de la Commission nationale de strat\u00e9gie et des pronostics indiquent une croissance de 0,6 % du PIB cette ann\u00e9e et de 1,2 % en 2026.<\/p>\n<p><strong>Retraites<\/strong><\/p>\n<p>Les juges de la Cour supr\u00eame ont d\u00e9cid\u00e9 de saisir la Cour constitutionnelle roumaine sur le projet de loi concernant le versement des retraites priv\u00e9es. Les magistrats ont conclu que les crit\u00e8res d&rsquo;accessibilit\u00e9, de clart\u00e9, de pr\u00e9cision et de pr\u00e9dictibilit\u00e9 n&rsquo;\u00e9taient pas respect\u00e9s. Selon eux, la loi doit \u00eatre examin\u00e9e avant d&rsquo;\u00eatre promulgu\u00e9e et, si des modifications s&rsquo;imposent, celles-ci doivent \u00eatre faites avant que ses effets ne provoquent de pr\u00e9judice \u00e0 la population. Selon les juges, les limitations sur le retrait d&rsquo;argent violent le droit \u00e0 la propri\u00e9t\u00e9 priv\u00e9e\u00a0et les \u00a0ambigu\u00eft\u00e9s que le document contient contreviennent au principe de constitutionnalit\u00e9 et portent atteinte \u00e0 la s\u00e9curit\u00e9 des relations juridiques et au droit des citoyens de b\u00e9n\u00e9ficier d\u2019une loi claire et pr\u00e9dictible. Au terme du nouveau projet, les b\u00e9n\u00e9ficiaires du syst\u00e8me de pensions priv\u00e9es de retraites auront le choix entre retirer d\u2019un coup 30% du capital et recevoir le reste de l\u2019argent mensuellement le long de huit ans ou bien b\u00e9n\u00e9ficier d\u2019une rente viag\u00e8re tout le long de leur vie. Les seuls except\u00e9s sont les malades oncologiques et les personnes dont le montant cumul\u00e9 des contributions ne d\u00e9passe pas les 12 indemnit\u00e9s sociales mensuelles.<\/p>\n<p><strong>Parlement<\/strong><\/p>\n<p>La Cour constitutionnelle de la R\u00e9publique de Moldavie (ancienne r\u00e9publique sovi\u00e9tique, majoritairement roumanophone) a confirm\u00e9 jeudi les r\u00e9sultats des \u00e9lections l\u00e9gislatives du 28 septembre et a valid\u00e9 les mandats des 101 d\u00e9put\u00e9s. Avec 55 si\u00e8ges, \u00a0le parti pro-europ\u00e9en Action et Solidarit\u00e9, fond\u00e9 par la pr\u00e9sidente Maia Sandu, d\u00e9tiendra encore une fois, la majorit\u00e9 parlementaire. Le Bloc patriotique, pro-russe, occupera 26 si\u00e8ges, \u00a0le Bloc \u00e9lectoral Alternative, \u00e9galement pro-russe, 8 si\u00e8ges, tandis que le Partidul Nostru (Notre Parti) de Renato Usat\u00eei et le Parti Democratia Acasa, (la D\u00e9mocratie chez elle), promoteur d\u2019une r\u00e9unification avec la Roumanie, auront 6 d\u00e9put\u00e9s chacun. Une fois que la Cour a valid\u00e9 les \u00e9lections parlementaires et les mandats de d\u00e9put\u00e9s, la pr\u00e9sidente Maia Sandu convoquera la premi\u00e8re r\u00e9union du nouveau Parlement. Au terme de la loi, celle-ci devra intervenir dans les 30 jours suivant le scrutin \u00e9lectoral, c\u2019est-\u00e0-dire avant le 28 octobre. Si toutes les \u00e9tapes se d\u00e9roulent selon le calendrier pr\u00e9vu, le nouveau cabinet de ministres pourrait \u00eatre investi durant la premi\u00e8re moiti\u00e9 du mois de novembre.<\/p>\n<p><strong>Football<\/strong><\/p>\n<p>La s\u00e9lection nationale de football de la Roumanie a remport\u00e9 sur le score de 1 \u00e0 0 le match disput\u00e9 contre l\u2019Autriche dimanche soir, \u00e0 Bucarest, au tableau des \u00e9liminatoires pour la Coupe du monde 2026. Le but de la victoire a \u00e9t\u00e9 marqu\u00e9 par \u00a0Virgil Ghi\u0163\u0103 quelques secondes avant la fin du match. Dans le m\u00eame groupe H, Chypre a battu la R\u00e9publique de Saint-Marin, 4 buts \u00e0 0. Le prochain match des Roumains aura lieu le 15 novembre contre la Bosnie-Herz\u00e9govine. La Roumanie terminera les \u00e9liminatoires le 18 novembre quand elle jouera contre Saint-Marin, \u00e0 domicile.\u00a0 En ce moment, l\u2019Autriche m\u00e8ne le classement avec 15 points, suivie par la Bosnie, 13 points et par la Roumanie, 10 points. La derni\u00e8re participation de notre \u00e0 la phase finale d\u2019une coupe du monde remonte \u00e0 1998, en France.<\/p>\n","protected":false},"excerpt":{"rendered":"<p>Politique ll n&rsquo;y a pas d&rsquo;harmonie au sein de la coalition gouvernementale pro-europ\u00e9enne de Bucarest, form\u00e9e par le Parti social-d\u00e9mocrate, le Parti national lib\u00e9ral, l\u2019Union Sauvez la Roumanie et l\u2019Union d\u00e9mocrate magyare de Roumanie. Le Premier ministre lib\u00e9ral Ilie Bolojan \u00a0soutient la n\u00e9cessit\u00e9 de licenciements dans l&rsquo;administration publique. Les sociaux-d\u00e9mocrates proposent que chaque minist\u00e8re et [&hellip;]<\/p>\n","protected":false},"author":105,"featured_media":892496,"comment_status":"closed","ping_status":"closed","sticky":false,"template":"","format":"standard","meta":{"_acf_changed":false,"footnotes":""},"categories":[94426],"tags":[90369,116084,148455,85659,87428],"coauthors":[113297],"class_list":["post-940649","post","type-post","status-publish","format-standard","has-post-thumbnail","hentry","category-cette-semaine-en-roumanie","tag-coalition-gouvernementale","tag-fmi-fr","tag-football-fr","tag-moldavie","tag-retraites"],"acf":[],"yoast_head":"<!-- This site is optimized with the Yoast SEO plugin v27.3 - https:\/\/yoast.com\/product\/yoast-seo-wordpress\/ -->\n<title>La semaine du 13 au 19 octobre 2025 - Radio Roumanie Internationale<\/title>\n<meta name=\"robots\" content=\"index, follow, max-snippet:-1, max-image-preview:large, max-video-preview:-1\" \/>\n<link rel=\"canonical\" href=\"https:\/\/www.rri.ro\/fr\/actualites\/cette-semaine-en-roumanie\/la-semaine-du-13-au-19-octobre-2025-id940649.html\" \/>\n<meta property=\"og:locale\" content=\"fr_FR\" \/>\n<meta property=\"og:type\" content=\"article\" \/>\n<meta property=\"og:title\" content=\"La semaine du 13 au 19 octobre 2025 - Radio Roumanie Internationale\" \/>\n<meta property=\"og:description\" content=\"Politique ll n&rsquo;y a pas d&rsquo;harmonie au sein de la coalition gouvernementale pro-europ\u00e9enne de Bucarest, form\u00e9e par le Parti social-d\u00e9mocrate, le Parti national lib\u00e9ral, l\u2019Union Sauvez la Roumanie et l\u2019Union d\u00e9mocrate magyare de Roumanie. Le Premier ministre lib\u00e9ral Ilie Bolojan \u00a0soutient la n\u00e9cessit\u00e9 de licenciements dans l&rsquo;administration publique. Les sociaux-d\u00e9mocrates proposent que chaque minist\u00e8re et [&hellip;]\" \/>\n<meta property=\"og:url\" content=\"https:\/\/www.rri.ro\/fr\/actualites\/cette-semaine-en-roumanie\/la-semaine-du-13-au-19-octobre-2025-id940649.html\" \/>\n<meta property=\"og:site_name\" content=\"Radio Roumanie Internationale\" \/>\n<meta property=\"article:published_time\" content=\"2025-10-19T07:54:13+00:00\" \/>\n<meta property=\"og:image\" content=\"https:\/\/www.rri.ro\/wp-content\/uploads\/2025\/05\/eveniment-top-ND-2025-16x9-1.jpg\" \/>\n\t<meta property=\"og:image:width\" content=\"1280\" \/>\n\t<meta property=\"og:image:height\" content=\"720\" \/>\n\t<meta property=\"og:image:type\" content=\"image\/jpeg\" \/>\n<meta name=\"author\" content=\"Bogdan Matei\" \/>\n<meta name=\"twitter:card\" content=\"summary_large_image\" \/>\n<meta name=\"twitter:label1\" content=\"\u00c9crit par\" \/>\n\t<meta name=\"twitter:data1\" content=\"Bogdan Matei\" \/>\n\t<meta name=\"twitter:label2\" content=\"Dur\u00e9e de lecture estim\u00e9e\" \/>\n\t<meta name=\"twitter:data2\" content=\"5 minutes\" \/>\n\t<meta name=\"twitter:label3\" content=\"Written by\" \/>\n\t<meta name=\"twitter:data3\" content=\"Bogdan Matei\" \/>\n<script type=\"application\/ld+json\" class=\"yoast-schema-graph\">{\"@context\":\"https:\\\/\\\/schema.org\",\"@graph\":[{\"@type\":\"Article\",\"@id\":\"https:\\\/\\\/www.rri.ro\\\/fr\\\/actualites\\\/cette-semaine-en-roumanie\\\/la-semaine-du-13-au-19-octobre-2025-id940649.html#article\",\"isPartOf\":{\"@id\":\"https:\\\/\\\/www.rri.ro\\\/fr\\\/actualites\\\/cette-semaine-en-roumanie\\\/la-semaine-du-13-au-19-octobre-2025-id940649.html\"},\"author\":{\"name\":\"Bogdan Matei\",\"@id\":\"https:\\\/\\\/www.rri.ro\\\/#\\\/schema\\\/person\\\/0ed327d40678578e6dbb840527e3ba32\"},\"headline\":\"La semaine du 13 au 19 octobre 2025\",\"datePublished\":\"2025-10-19T07:54:13+00:00\",\"mainEntityOfPage\":{\"@id\":\"https:\\\/\\\/www.rri.ro\\\/fr\\\/actualites\\\/cette-semaine-en-roumanie\\\/la-semaine-du-13-au-19-octobre-2025-id940649.html\"},\"wordCount\":1022,\"image\":{\"@id\":\"https:\\\/\\\/www.rri.ro\\\/fr\\\/actualites\\\/cette-semaine-en-roumanie\\\/la-semaine-du-13-au-19-octobre-2025-id940649.html#primaryimage\"},\"thumbnailUrl\":\"https:\\\/\\\/www.rri.ro\\\/wp-content\\\/uploads\\\/2025\\\/05\\\/eveniment-top-ND-2025-16x9-1.jpg\",\"keywords\":[\"coalition gouvernementale\",\"FMI\",\"football\",\"Moldavie\",\"retrait\u00e9s\"],\"articleSection\":[\"Cette semaine, en Roumanie\"],\"inLanguage\":\"fr-FR\"},{\"@type\":\"WebPage\",\"@id\":\"https:\\\/\\\/www.rri.ro\\\/fr\\\/actualites\\\/cette-semaine-en-roumanie\\\/la-semaine-du-13-au-19-octobre-2025-id940649.html\",\"url\":\"https:\\\/\\\/www.rri.ro\\\/fr\\\/actualites\\\/cette-semaine-en-roumanie\\\/la-semaine-du-13-au-19-octobre-2025-id940649.html\",\"name\":\"La semaine du 13 au 19 octobre 2025 - Radio Roumanie Internationale\",\"isPartOf\":{\"@id\":\"https:\\\/\\\/www.rri.ro\\\/#website\"},\"primaryImageOfPage\":{\"@id\":\"https:\\\/\\\/www.rri.ro\\\/fr\\\/actualites\\\/cette-semaine-en-roumanie\\\/la-semaine-du-13-au-19-octobre-2025-id940649.html#primaryimage\"},\"image\":{\"@id\":\"https:\\\/\\\/www.rri.ro\\\/fr\\\/actualites\\\/cette-semaine-en-roumanie\\\/la-semaine-du-13-au-19-octobre-2025-id940649.html#primaryimage\"},\"thumbnailUrl\":\"https:\\\/\\\/www.rri.ro\\\/wp-content\\\/uploads\\\/2025\\\/05\\\/eveniment-top-ND-2025-16x9-1.jpg\",\"datePublished\":\"2025-10-19T07:54:13+00:00\",\"author\":{\"@id\":\"https:\\\/\\\/www.rri.ro\\\/#\\\/schema\\\/person\\\/0ed327d40678578e6dbb840527e3ba32\"},\"breadcrumb\":{\"@id\":\"https:\\\/\\\/www.rri.ro\\\/fr\\\/actualites\\\/cette-semaine-en-roumanie\\\/la-semaine-du-13-au-19-octobre-2025-id940649.html#breadcrumb\"},\"inLanguage\":\"fr-FR\",\"potentialAction\":[{\"@type\":\"ReadAction\",\"target\":[\"https:\\\/\\\/www.rri.ro\\\/fr\\\/actualites\\\/cette-semaine-en-roumanie\\\/la-semaine-du-13-au-19-octobre-2025-id940649.html\"]}]},{\"@type\":\"ImageObject\",\"inLanguage\":\"fr-FR\",\"@id\":\"https:\\\/\\\/www.rri.ro\\\/fr\\\/actualites\\\/cette-semaine-en-roumanie\\\/la-semaine-du-13-au-19-octobre-2025-id940649.html#primaryimage\",\"url\":\"https:\\\/\\\/www.rri.ro\\\/wp-content\\\/uploads\\\/2025\\\/05\\\/eveniment-top-ND-2025-16x9-1.jpg\",\"contentUrl\":\"https:\\\/\\\/www.rri.ro\\\/wp-content\\\/uploads\\\/2025\\\/05\\\/eveniment-top-ND-2025-16x9-1.jpg\",\"width\":1280,\"height\":720,\"caption\":\"\u041e\u0433\u043b\u044f\u0434 \u043f\u043e\u0434\u0456\u0439 \u0442\u0438\u0436\u043d\u044f\"},{\"@type\":\"BreadcrumbList\",\"@id\":\"https:\\\/\\\/www.rri.ro\\\/fr\\\/actualites\\\/cette-semaine-en-roumanie\\\/la-semaine-du-13-au-19-octobre-2025-id940649.html#breadcrumb\",\"itemListElement\":[{\"@type\":\"ListItem\",\"position\":1,\"name\":\"Page d'accueil\",\"item\":\"https:\\\/\\\/www.rri.ro\\\/fr\"},{\"@type\":\"ListItem\",\"position\":2,\"name\":\"Actualitate\",\"item\":\"https:\\\/\\\/www.rri.ro\\\/actualitate\"},{\"@type\":\"ListItem\",\"position\":3,\"name\":\"Cette semaine, en Roumanie\",\"item\":\"https:\\\/\\\/www.rri.ro\\\/fr\\\/actualites\\\/cette-semaine-en-roumanie\"},{\"@type\":\"ListItem\",\"position\":4,\"name\":\"La semaine du 13 au 19 octobre 2025\"}]},{\"@type\":\"WebSite\",\"@id\":\"https:\\\/\\\/www.rri.ro\\\/#website\",\"url\":\"https:\\\/\\\/www.rri.ro\\\/\",\"name\":\"Radio Roumanie Internationale\",\"description\":\"Totul despre Rom\u00e2nia \u015fi rom\u00e2ni, \u00een 13 limbi\\\/dialecte!\",\"inLanguage\":\"fr-FR\"},{\"@type\":\"Person\",\"@id\":\"https:\\\/\\\/www.rri.ro\\\/#\\\/schema\\\/person\\\/0ed327d40678578e6dbb840527e3ba32\",\"name\":\"Bogdan Matei\",\"url\":\"https:\\\/\\\/www.rri.ro\\\/fr\\\/author\\\/bogdan-matei\"}]}<\/script>\n<!-- \/ Yoast SEO plugin. -->","yoast_head_json":{"title":"La semaine du 13 au 19 octobre 2025 - Radio Roumanie Internationale","robots":{"index":"index","follow":"follow","max-snippet":"max-snippet:-1","max-image-preview":"max-image-preview:large","max-video-preview":"max-video-preview:-1"},"canonical":"https:\/\/www.rri.ro\/fr\/actualites\/cette-semaine-en-roumanie\/la-semaine-du-13-au-19-octobre-2025-id940649.html","og_locale":"fr_FR","og_type":"article","og_title":"La semaine du 13 au 19 octobre 2025 - Radio Roumanie Internationale","og_description":"Politique ll n&rsquo;y a pas d&rsquo;harmonie au sein de la coalition gouvernementale pro-europ\u00e9enne de Bucarest, form\u00e9e par le Parti social-d\u00e9mocrate, le Parti national lib\u00e9ral, l\u2019Union Sauvez la Roumanie et l\u2019Union d\u00e9mocrate magyare de Roumanie. Le Premier ministre lib\u00e9ral Ilie Bolojan \u00a0soutient la n\u00e9cessit\u00e9 de licenciements dans l&rsquo;administration publique. Les sociaux-d\u00e9mocrates proposent que chaque minist\u00e8re et [&hellip;]","og_url":"https:\/\/www.rri.ro\/fr\/actualites\/cette-semaine-en-roumanie\/la-semaine-du-13-au-19-octobre-2025-id940649.html","og_site_name":"Radio Roumanie Internationale","article_published_time":"2025-10-19T07:54:13+00:00","og_image":[{"width":1280,"height":720,"url":"https:\/\/www.rri.ro\/wp-content\/uploads\/2025\/05\/eveniment-top-ND-2025-16x9-1.jpg","type":"image\/jpeg"}],"author":"Bogdan Matei","twitter_card":"summary_large_image","twitter_misc":{"\u00c9crit par":"Bogdan Matei","Dur\u00e9e de lecture estim\u00e9e":"5 minutes","Written by":"Bogdan Matei"},"schema":{"@context":"https:\/\/schema.org","@graph":[{"@type":"Article","@id":"https:\/\/www.rri.ro\/fr\/actualites\/cette-semaine-en-roumanie\/la-semaine-du-13-au-19-octobre-2025-id940649.html#article","isPartOf":{"@id":"https:\/\/www.rri.ro\/fr\/actualites\/cette-semaine-en-roumanie\/la-semaine-du-13-au-19-octobre-2025-id940649.html"},"author":{"name":"Bogdan Matei","@id":"https:\/\/www.rri.ro\/#\/schema\/person\/0ed327d40678578e6dbb840527e3ba32"},"headline":"La semaine du 13 au 19 octobre 2025","datePublished":"2025-10-19T07:54:13+00:00","mainEntityOfPage":{"@id":"https:\/\/www.rri.ro\/fr\/actualites\/cette-semaine-en-roumanie\/la-semaine-du-13-au-19-octobre-2025-id940649.html"},"wordCount":1022,"image":{"@id":"https:\/\/www.rri.ro\/fr\/actualites\/cette-semaine-en-roumanie\/la-semaine-du-13-au-19-octobre-2025-id940649.html#primaryimage"},"thumbnailUrl":"https:\/\/www.rri.ro\/wp-content\/uploads\/2025\/05\/eveniment-top-ND-2025-16x9-1.jpg","keywords":["coalition gouvernementale","FMI","football","Moldavie","retrait\u00e9s"],"articleSection":["Cette semaine, en Roumanie"],"inLanguage":"fr-FR"},{"@type":"WebPage","@id":"https:\/\/www.rri.ro\/fr\/actualites\/cette-semaine-en-roumanie\/la-semaine-du-13-au-19-octobre-2025-id940649.html","url":"https:\/\/www.rri.ro\/fr\/actualites\/cette-semaine-en-roumanie\/la-semaine-du-13-au-19-octobre-2025-id940649.html","name":"La semaine du 13 au 19 octobre 2025 - Radio Roumanie Internationale","isPartOf":{"@id":"https:\/\/www.rri.ro\/#website"},"primaryImageOfPage":{"@id":"https:\/\/www.rri.ro\/fr\/actualites\/cette-semaine-en-roumanie\/la-semaine-du-13-au-19-octobre-2025-id940649.html#primaryimage"},"image":{"@id":"https:\/\/www.rri.ro\/fr\/actualites\/cette-semaine-en-roumanie\/la-semaine-du-13-au-19-octobre-2025-id940649.html#primaryimage"},"thumbnailUrl":"https:\/\/www.rri.ro\/wp-content\/uploads\/2025\/05\/eveniment-top-ND-2025-16x9-1.jpg","datePublished":"2025-10-19T07:54:13+00:00","author":{"@id":"https:\/\/www.rri.ro\/#\/schema\/person\/0ed327d40678578e6dbb840527e3ba32"},"breadcrumb":{"@id":"https:\/\/www.rri.ro\/fr\/actualites\/cette-semaine-en-roumanie\/la-semaine-du-13-au-19-octobre-2025-id940649.html#breadcrumb"},"inLanguage":"fr-FR","potentialAction":[{"@type":"ReadAction","target":["https:\/\/www.rri.ro\/fr\/actualites\/cette-semaine-en-roumanie\/la-semaine-du-13-au-19-octobre-2025-id940649.html"]}]},{"@type":"ImageObject","inLanguage":"fr-FR","@id":"https:\/\/www.rri.ro\/fr\/actualites\/cette-semaine-en-roumanie\/la-semaine-du-13-au-19-octobre-2025-id940649.html#primaryimage","url":"https:\/\/www.rri.ro\/wp-content\/uploads\/2025\/05\/eveniment-top-ND-2025-16x9-1.jpg","contentUrl":"https:\/\/www.rri.ro\/wp-content\/uploads\/2025\/05\/eveniment-top-ND-2025-16x9-1.jpg","width":1280,"height":720,"caption":"\u041e\u0433\u043b\u044f\u0434 \u043f\u043e\u0434\u0456\u0439 \u0442\u0438\u0436\u043d\u044f"},{"@type":"BreadcrumbList","@id":"https:\/\/www.rri.ro\/fr\/actualites\/cette-semaine-en-roumanie\/la-semaine-du-13-au-19-octobre-2025-id940649.html#breadcrumb","itemListElement":[{"@type":"ListItem","position":1,"name":"Page d'accueil","item":"https:\/\/www.rri.ro\/fr"},{"@type":"ListItem","position":2,"name":"Actualitate","item":"https:\/\/www.rri.ro\/actualitate"},{"@type":"ListItem","position":3,"name":"Cette semaine, en Roumanie","item":"https:\/\/www.rri.ro\/fr\/actualites\/cette-semaine-en-roumanie"},{"@type":"ListItem","position":4,"name":"La semaine du 13 au 19 octobre 2025"}]},{"@type":"WebSite","@id":"https:\/\/www.rri.ro\/#website","url":"https:\/\/www.rri.ro\/","name":"Radio Roumanie Internationale","description":"Totul despre Rom\u00e2nia \u015fi rom\u00e2ni, \u00een 13 limbi\/dialecte!","inLanguage":"fr-FR"},{"@type":"Person","@id":"https:\/\/www.rri.ro\/#\/schema\/person\/0ed327d40678578e6dbb840527e3ba32","name":"Bogdan Matei","url":"https:\/\/www.rri.ro\/fr\/author\/bogdan-matei"}]}},"_links":{"self":[{"href":"https:\/\/www.rri.ro\/fr\/wp-json\/wp\/v2\/posts\/940649","targetHints":{"allow":["GET"]}}],"collection":[{"href":"https:\/\/www.rri.ro\/fr\/wp-json\/wp\/v2\/posts"}],"about":[{"href":"https:\/\/www.rri.ro\/fr\/wp-json\/wp\/v2\/types\/post"}],"author":[{"embeddable":true,"href":"https:\/\/www.rri.ro\/fr\/wp-json\/wp\/v2\/users\/105"}],"replies":[{"embeddable":true,"href":"https:\/\/www.rri.ro\/fr\/wp-json\/wp\/v2\/comments?post=940649"}],"version-history":[{"count":0,"href":"https:\/\/www.rri.ro\/fr\/wp-json\/wp\/v2\/posts\/940649\/revisions"}],"wp:featuredmedia":[{"embeddable":true,"href":"https:\/\/www.rri.ro\/fr\/wp-json\/wp\/v2\/media\/892496"}],"wp:attachment":[{"href":"https:\/\/www.rri.ro\/fr\/wp-json\/wp\/v2\/media?parent=940649"}],"wp:term":[{"taxonomy":"category","embeddable":true,"href":"https:\/\/www.rri.ro\/fr\/wp-json\/wp\/v2\/categories?post=940649"},{"taxonomy":"post_tag","embeddable":true,"href":"https:\/\/www.rri.ro\/fr\/wp-json\/wp\/v2\/tags?post=940649"},{"taxonomy":"author","embeddable":true,"href":"https:\/\/www.rri.ro\/fr\/wp-json\/wp\/v2\/coauthors?post=940649"}],"curies":[{"name":"wp","href":"https:\/\/api.w.org\/{rel}","templated":true}]}}