{"id":943148,"date":"2025-10-30T10:11:11","date_gmt":"2025-10-30T08:11:11","guid":{"rendered":"https:\/\/www.rri.ro\/?p=943148"},"modified":"2025-10-30T13:39:32","modified_gmt":"2025-10-30T11:39:32","slug":"lecrivain-mathias-enard","status":"publish","type":"post","link":"https:\/\/www.rri.ro\/fr\/rri-special-fr\/lecrivain-mathias-enard-id943148.html","title":{"rendered":"L&rsquo;\u00e9crivain Mathias Enard"},"content":{"rendered":"<p>Prix Goncourt en 2015 pour son roman Boussole, l\u2019\u00e9crivain fran\u00e7ais, Mathias Enard a rencontr\u00e9 \u00e0 plusieurs reprises le public de Roumanie dont le plus r\u00e9cemment, lors de la premi\u00e8re \u00e9dition du festival de litt\u00e9rature Nod, d\u00e9roul\u00e9 du 25 au 28 septembre, \u00e0 Brasov. L\u2019occasion de parler ensemble de batailles, de rois et d\u2019\u00e9l\u00e9phants, pour citer le titre d\u2019un de ses romans traduits en roumain, mais pas que. Une discussion passionnante sur la litt\u00e9rature, l\u2019histoire, la relation avec le temps et l\u2019espace \u00e0 \u00e9couter sur RRI.<\/p>\n<p><iframe loading=\"lazy\" src=\"https:\/\/w.soundcloud.com\/player\/?url=https%3A\/\/api.soundcloud.com\/tracks\/soundcloud%253Atracks%253A2196991659&amp;color=%23ff5500&amp;auto_play=false&amp;hide_related=false&amp;show_comments=true&amp;show_user=true&amp;show_reposts=false&amp;show_teaser=true\" width=\"100%\" height=\"166\" frameborder=\"no\" scrolling=\"no\"><\/iframe><\/p>\n<div style=\"font-size: 10px; color: #cccccc; line-break: anywhere; word-break: normal; overflow: hidden; white-space: nowrap; text-overflow: ellipsis; font-family: Interstate,Lucida Grande,Lucida Sans Unicode,Lucida Sans,Garuda,Verdana,Tahoma,sans-serif; font-weight: 100;\"><a style=\"color: #cccccc; text-decoration: none;\" title=\"RadioRomaniaInternational\" href=\"https:\/\/soundcloud.com\/radioromaniainternational\" target=\"_blank\" rel=\"noopener\">RadioRomaniaInternational<\/a> \u00b7 <a style=\"color: #cccccc; text-decoration: none;\" title=\"RRI sp\u00e9cial - L'\u00e9crivain Mathias Enard, en Roumanie\" href=\"https:\/\/soundcloud.com\/radioromaniainternational\/rri-special-lecrivain-mathias-enard-en-roumanie\" target=\"_blank\" rel=\"noopener\">RRI sp\u00e9cial &#8211; L&rsquo;\u00e9crivain Mathias Enard, en Roumanie<\/a><\/div>\n","protected":false},"excerpt":{"rendered":"<p>Prix Goncourt en 2015 pour son roman Boussole, l\u2019\u00e9crivain fran\u00e7ais, Mathias Enard a rencontr\u00e9 \u00e0 plusieurs reprises le public de Roumanie dont le plus r\u00e9cemment, lors de la premi\u00e8re \u00e9dition du festival de litt\u00e9rature Nod, d\u00e9roul\u00e9 du 25 au 28 septembre, \u00e0 Brasov. L\u2019occasion de parler ensemble de batailles, de rois et d\u2019\u00e9l\u00e9phants, pour citer [&hellip;]<\/p>\n","protected":false},"author":21,"featured_media":943138,"comment_status":"closed","ping_status":"closed","sticky":false,"template":"","format":"standard","meta":{"_acf_changed":false,"footnotes":""},"categories":[95703],"tags":[149045,146431,177112,177936],"coauthors":[113231],"class_list":["post-943148","post","type-post","status-publish","format-standard","has-post-thumbnail","hentry","category-rri-special-fr","tag-brasov-fr","tag-festival-fr","tag-mathias-enard","tag-nod"],"acf":[],"yoast_head":"<!-- This site is optimized with the Yoast SEO plugin v27.3 - https:\/\/yoast.com\/product\/yoast-seo-wordpress\/ -->\n<title>L&#039;\u00e9crivain Mathias Enard - Radio Roumanie Internationale<\/title>\n<meta name=\"robots\" content=\"index, follow, max-snippet:-1, max-image-preview:large, max-video-preview:-1\" \/>\n<link rel=\"canonical\" href=\"https:\/\/www.rri.ro\/fr\/rri-special-fr\/lecrivain-mathias-enard-id943148.html\" \/>\n<meta property=\"og:locale\" content=\"fr_FR\" \/>\n<meta property=\"og:type\" content=\"article\" \/>\n<meta property=\"og:title\" content=\"L&#039;\u00e9crivain Mathias Enard - Radio Roumanie Internationale\" \/>\n<meta property=\"og:description\" content=\"Prix Goncourt en 2015 pour son roman Boussole, l\u2019\u00e9crivain fran\u00e7ais, Mathias Enard a rencontr\u00e9 \u00e0 plusieurs reprises le public de Roumanie dont le plus r\u00e9cemment, lors de la premi\u00e8re \u00e9dition du festival de litt\u00e9rature Nod, d\u00e9roul\u00e9 du 25 au 28 septembre, \u00e0 Brasov. L\u2019occasion de parler ensemble de batailles, de rois et d\u2019\u00e9l\u00e9phants, pour citer [&hellip;]\" \/>\n<meta property=\"og:url\" content=\"https:\/\/www.rri.ro\/fr\/rri-special-fr\/lecrivain-mathias-enard-id943148.html\" \/>\n<meta property=\"og:site_name\" content=\"Radio Roumanie Internationale\" \/>\n<meta property=\"article:published_time\" content=\"2025-10-30T08:11:11+00:00\" \/>\n<meta property=\"article:modified_time\" content=\"2025-10-30T11:39:32+00:00\" \/>\n<meta property=\"og:image\" content=\"https:\/\/www.rri.ro\/wp-content\/uploads\/2025\/10\/Mathias-Enard-Credit-foto-Festivalul-Nod.jpg\" \/>\n\t<meta property=\"og:image:width\" content=\"1200\" \/>\n\t<meta property=\"og:image:height\" content=\"675\" \/>\n\t<meta property=\"og:image:type\" content=\"image\/jpeg\" \/>\n<meta name=\"author\" content=\"Ioana St\u0103ncescu\" \/>\n<meta name=\"twitter:card\" content=\"summary_large_image\" \/>\n<meta name=\"twitter:label1\" content=\"\u00c9crit par\" \/>\n\t<meta name=\"twitter:data1\" content=\"Valentina Beleavski\" \/>\n\t<meta name=\"twitter:label2\" content=\"Dur\u00e9e de lecture estim\u00e9e\" \/>\n\t<meta name=\"twitter:data2\" content=\"1 minute\" \/>\n\t<meta name=\"twitter:label3\" content=\"Written by\" \/>\n\t<meta name=\"twitter:data3\" content=\"Ioana St\u0103ncescu\" \/>\n<script type=\"application\/ld+json\" class=\"yoast-schema-graph\">{\"@context\":\"https:\\\/\\\/schema.org\",\"@graph\":[{\"@type\":\"Article\",\"@id\":\"https:\\\/\\\/www.rri.ro\\\/fr\\\/rri-special-fr\\\/lecrivain-mathias-enard-id943148.html#article\",\"isPartOf\":{\"@id\":\"https:\\\/\\\/www.rri.ro\\\/fr\\\/rri-special-fr\\\/lecrivain-mathias-enard-id943148.html\"},\"author\":{\"name\":\"Valentina Beleavski\",\"@id\":\"https:\\\/\\\/www.rri.ro\\\/#\\\/schema\\\/person\\\/f678ace260ac792e538779c8b1b55da2\"},\"headline\":\"L&rsquo;\u00e9crivain Mathias Enard\",\"datePublished\":\"2025-10-30T08:11:11+00:00\",\"dateModified\":\"2025-10-30T11:39:32+00:00\",\"mainEntityOfPage\":{\"@id\":\"https:\\\/\\\/www.rri.ro\\\/fr\\\/rri-special-fr\\\/lecrivain-mathias-enard-id943148.html\"},\"wordCount\":107,\"image\":{\"@id\":\"https:\\\/\\\/www.rri.ro\\\/fr\\\/rri-special-fr\\\/lecrivain-mathias-enard-id943148.html#primaryimage\"},\"thumbnailUrl\":\"https:\\\/\\\/www.rri.ro\\\/wp-content\\\/uploads\\\/2025\\\/10\\\/Mathias-Enard-Credit-foto-Festivalul-Nod.jpg\",\"keywords\":[\"Brasov\",\"festival\",\"Mathias Enard\",\"Nod\"],\"articleSection\":[\"RRI Sp\u00e9cial\"],\"inLanguage\":\"fr-FR\"},{\"@type\":\"WebPage\",\"@id\":\"https:\\\/\\\/www.rri.ro\\\/fr\\\/rri-special-fr\\\/lecrivain-mathias-enard-id943148.html\",\"url\":\"https:\\\/\\\/www.rri.ro\\\/fr\\\/rri-special-fr\\\/lecrivain-mathias-enard-id943148.html\",\"name\":\"L'\u00e9crivain Mathias Enard - Radio Roumanie Internationale\",\"isPartOf\":{\"@id\":\"https:\\\/\\\/www.rri.ro\\\/#website\"},\"primaryImageOfPage\":{\"@id\":\"https:\\\/\\\/www.rri.ro\\\/fr\\\/rri-special-fr\\\/lecrivain-mathias-enard-id943148.html#primaryimage\"},\"image\":{\"@id\":\"https:\\\/\\\/www.rri.ro\\\/fr\\\/rri-special-fr\\\/lecrivain-mathias-enard-id943148.html#primaryimage\"},\"thumbnailUrl\":\"https:\\\/\\\/www.rri.ro\\\/wp-content\\\/uploads\\\/2025\\\/10\\\/Mathias-Enard-Credit-foto-Festivalul-Nod.jpg\",\"datePublished\":\"2025-10-30T08:11:11+00:00\",\"dateModified\":\"2025-10-30T11:39:32+00:00\",\"author\":{\"@id\":\"https:\\\/\\\/www.rri.ro\\\/#\\\/schema\\\/person\\\/f678ace260ac792e538779c8b1b55da2\"},\"breadcrumb\":{\"@id\":\"https:\\\/\\\/www.rri.ro\\\/fr\\\/rri-special-fr\\\/lecrivain-mathias-enard-id943148.html#breadcrumb\"},\"inLanguage\":\"fr-FR\",\"potentialAction\":[{\"@type\":\"ReadAction\",\"target\":[\"https:\\\/\\\/www.rri.ro\\\/fr\\\/rri-special-fr\\\/lecrivain-mathias-enard-id943148.html\"]}]},{\"@type\":\"ImageObject\",\"inLanguage\":\"fr-FR\",\"@id\":\"https:\\\/\\\/www.rri.ro\\\/fr\\\/rri-special-fr\\\/lecrivain-mathias-enard-id943148.html#primaryimage\",\"url\":\"https:\\\/\\\/www.rri.ro\\\/wp-content\\\/uploads\\\/2025\\\/10\\\/Mathias-Enard-Credit-foto-Festivalul-Nod.jpg\",\"contentUrl\":\"https:\\\/\\\/www.rri.ro\\\/wp-content\\\/uploads\\\/2025\\\/10\\\/Mathias-Enard-Credit-foto-Festivalul-Nod.jpg\",\"width\":1200,\"height\":675},{\"@type\":\"BreadcrumbList\",\"@id\":\"https:\\\/\\\/www.rri.ro\\\/fr\\\/rri-special-fr\\\/lecrivain-mathias-enard-id943148.html#breadcrumb\",\"itemListElement\":[{\"@type\":\"ListItem\",\"position\":1,\"name\":\"Page d'accueil\",\"item\":\"https:\\\/\\\/www.rri.ro\\\/fr\"},{\"@type\":\"ListItem\",\"position\":2,\"name\":\"RRI Sp\u00e9cial\",\"item\":\"https:\\\/\\\/www.rri.ro\\\/fr\\\/rri-special-fr\"},{\"@type\":\"ListItem\",\"position\":3,\"name\":\"L&#8217;\u00e9crivain Mathias Enard\"}]},{\"@type\":\"WebSite\",\"@id\":\"https:\\\/\\\/www.rri.ro\\\/#website\",\"url\":\"https:\\\/\\\/www.rri.ro\\\/\",\"name\":\"Radio Roumanie Internationale\",\"description\":\"Totul despre Rom\u00e2nia \u015fi rom\u00e2ni, \u00een 13 limbi\\\/dialecte!\",\"inLanguage\":\"fr-FR\"},{\"@type\":\"Person\",\"@id\":\"https:\\\/\\\/www.rri.ro\\\/#\\\/schema\\\/person\\\/f678ace260ac792e538779c8b1b55da2\",\"name\":\"Valentina Beleavski\",\"url\":\"https:\\\/\\\/www.rri.ro\\\/fr\\\/author\\\/valentina-beleavski\"}]}<\/script>\n<!-- \/ Yoast SEO plugin. -->","yoast_head_json":{"title":"L'\u00e9crivain Mathias Enard - Radio Roumanie Internationale","robots":{"index":"index","follow":"follow","max-snippet":"max-snippet:-1","max-image-preview":"max-image-preview:large","max-video-preview":"max-video-preview:-1"},"canonical":"https:\/\/www.rri.ro\/fr\/rri-special-fr\/lecrivain-mathias-enard-id943148.html","og_locale":"fr_FR","og_type":"article","og_title":"L'\u00e9crivain Mathias Enard - Radio Roumanie Internationale","og_description":"Prix Goncourt en 2015 pour son roman Boussole, l\u2019\u00e9crivain fran\u00e7ais, Mathias Enard a rencontr\u00e9 \u00e0 plusieurs reprises le public de Roumanie dont le plus r\u00e9cemment, lors de la premi\u00e8re \u00e9dition du festival de litt\u00e9rature Nod, d\u00e9roul\u00e9 du 25 au 28 septembre, \u00e0 Brasov. L\u2019occasion de parler ensemble de batailles, de rois et d\u2019\u00e9l\u00e9phants, pour citer [&hellip;]","og_url":"https:\/\/www.rri.ro\/fr\/rri-special-fr\/lecrivain-mathias-enard-id943148.html","og_site_name":"Radio Roumanie Internationale","article_published_time":"2025-10-30T08:11:11+00:00","article_modified_time":"2025-10-30T11:39:32+00:00","og_image":[{"width":1200,"height":675,"url":"https:\/\/www.rri.ro\/wp-content\/uploads\/2025\/10\/Mathias-Enard-Credit-foto-Festivalul-Nod.jpg","type":"image\/jpeg"}],"author":"Ioana St\u0103ncescu","twitter_card":"summary_large_image","twitter_misc":{"\u00c9crit par":"Valentina Beleavski","Dur\u00e9e de lecture estim\u00e9e":"1 minute","Written by":"Ioana St\u0103ncescu"},"schema":{"@context":"https:\/\/schema.org","@graph":[{"@type":"Article","@id":"https:\/\/www.rri.ro\/fr\/rri-special-fr\/lecrivain-mathias-enard-id943148.html#article","isPartOf":{"@id":"https:\/\/www.rri.ro\/fr\/rri-special-fr\/lecrivain-mathias-enard-id943148.html"},"author":{"name":"Valentina Beleavski","@id":"https:\/\/www.rri.ro\/#\/schema\/person\/f678ace260ac792e538779c8b1b55da2"},"headline":"L&rsquo;\u00e9crivain Mathias Enard","datePublished":"2025-10-30T08:11:11+00:00","dateModified":"2025-10-30T11:39:32+00:00","mainEntityOfPage":{"@id":"https:\/\/www.rri.ro\/fr\/rri-special-fr\/lecrivain-mathias-enard-id943148.html"},"wordCount":107,"image":{"@id":"https:\/\/www.rri.ro\/fr\/rri-special-fr\/lecrivain-mathias-enard-id943148.html#primaryimage"},"thumbnailUrl":"https:\/\/www.rri.ro\/wp-content\/uploads\/2025\/10\/Mathias-Enard-Credit-foto-Festivalul-Nod.jpg","keywords":["Brasov","festival","Mathias Enard","Nod"],"articleSection":["RRI Sp\u00e9cial"],"inLanguage":"fr-FR"},{"@type":"WebPage","@id":"https:\/\/www.rri.ro\/fr\/rri-special-fr\/lecrivain-mathias-enard-id943148.html","url":"https:\/\/www.rri.ro\/fr\/rri-special-fr\/lecrivain-mathias-enard-id943148.html","name":"L'\u00e9crivain Mathias Enard - Radio Roumanie Internationale","isPartOf":{"@id":"https:\/\/www.rri.ro\/#website"},"primaryImageOfPage":{"@id":"https:\/\/www.rri.ro\/fr\/rri-special-fr\/lecrivain-mathias-enard-id943148.html#primaryimage"},"image":{"@id":"https:\/\/www.rri.ro\/fr\/rri-special-fr\/lecrivain-mathias-enard-id943148.html#primaryimage"},"thumbnailUrl":"https:\/\/www.rri.ro\/wp-content\/uploads\/2025\/10\/Mathias-Enard-Credit-foto-Festivalul-Nod.jpg","datePublished":"2025-10-30T08:11:11+00:00","dateModified":"2025-10-30T11:39:32+00:00","author":{"@id":"https:\/\/www.rri.ro\/#\/schema\/person\/f678ace260ac792e538779c8b1b55da2"},"breadcrumb":{"@id":"https:\/\/www.rri.ro\/fr\/rri-special-fr\/lecrivain-mathias-enard-id943148.html#breadcrumb"},"inLanguage":"fr-FR","potentialAction":[{"@type":"ReadAction","target":["https:\/\/www.rri.ro\/fr\/rri-special-fr\/lecrivain-mathias-enard-id943148.html"]}]},{"@type":"ImageObject","inLanguage":"fr-FR","@id":"https:\/\/www.rri.ro\/fr\/rri-special-fr\/lecrivain-mathias-enard-id943148.html#primaryimage","url":"https:\/\/www.rri.ro\/wp-content\/uploads\/2025\/10\/Mathias-Enard-Credit-foto-Festivalul-Nod.jpg","contentUrl":"https:\/\/www.rri.ro\/wp-content\/uploads\/2025\/10\/Mathias-Enard-Credit-foto-Festivalul-Nod.jpg","width":1200,"height":675},{"@type":"BreadcrumbList","@id":"https:\/\/www.rri.ro\/fr\/rri-special-fr\/lecrivain-mathias-enard-id943148.html#breadcrumb","itemListElement":[{"@type":"ListItem","position":1,"name":"Page d'accueil","item":"https:\/\/www.rri.ro\/fr"},{"@type":"ListItem","position":2,"name":"RRI Sp\u00e9cial","item":"https:\/\/www.rri.ro\/fr\/rri-special-fr"},{"@type":"ListItem","position":3,"name":"L&#8217;\u00e9crivain Mathias Enard"}]},{"@type":"WebSite","@id":"https:\/\/www.rri.ro\/#website","url":"https:\/\/www.rri.ro\/","name":"Radio Roumanie Internationale","description":"Totul despre Rom\u00e2nia \u015fi rom\u00e2ni, \u00een 13 limbi\/dialecte!","inLanguage":"fr-FR"},{"@type":"Person","@id":"https:\/\/www.rri.ro\/#\/schema\/person\/f678ace260ac792e538779c8b1b55da2","name":"Valentina Beleavski","url":"https:\/\/www.rri.ro\/fr\/author\/valentina-beleavski"}]}},"_links":{"self":[{"href":"https:\/\/www.rri.ro\/fr\/wp-json\/wp\/v2\/posts\/943148","targetHints":{"allow":["GET"]}}],"collection":[{"href":"https:\/\/www.rri.ro\/fr\/wp-json\/wp\/v2\/posts"}],"about":[{"href":"https:\/\/www.rri.ro\/fr\/wp-json\/wp\/v2\/types\/post"}],"author":[{"embeddable":true,"href":"https:\/\/www.rri.ro\/fr\/wp-json\/wp\/v2\/users\/21"}],"replies":[{"embeddable":true,"href":"https:\/\/www.rri.ro\/fr\/wp-json\/wp\/v2\/comments?post=943148"}],"version-history":[{"count":0,"href":"https:\/\/www.rri.ro\/fr\/wp-json\/wp\/v2\/posts\/943148\/revisions"}],"wp:featuredmedia":[{"embeddable":true,"href":"https:\/\/www.rri.ro\/fr\/wp-json\/wp\/v2\/media\/943138"}],"wp:attachment":[{"href":"https:\/\/www.rri.ro\/fr\/wp-json\/wp\/v2\/media?parent=943148"}],"wp:term":[{"taxonomy":"category","embeddable":true,"href":"https:\/\/www.rri.ro\/fr\/wp-json\/wp\/v2\/categories?post=943148"},{"taxonomy":"post_tag","embeddable":true,"href":"https:\/\/www.rri.ro\/fr\/wp-json\/wp\/v2\/tags?post=943148"},{"taxonomy":"author","embeddable":true,"href":"https:\/\/www.rri.ro\/fr\/wp-json\/wp\/v2\/coauthors?post=943148"}],"curies":[{"name":"wp","href":"https:\/\/api.w.org\/{rel}","templated":true}]}}