{"id":972997,"date":"2026-01-20T12:31:42","date_gmt":"2026-01-20T10:31:42","guid":{"rendered":"https:\/\/www.rri.ro\/?p=972997"},"modified":"2026-01-20T12:31:42","modified_gmt":"2026-01-20T10:31:42","slug":"le-systeme-energetique-national-est-mis-a-lepreuve-par-le-grand-froid","status":"publish","type":"post","link":"https:\/\/www.rri.ro\/fr\/actualites\/complement-dactu\/le-systeme-energetique-national-est-mis-a-lepreuve-par-le-grand-froid-id972997.html","title":{"rendered":"Le syst\u00e8me \u00e9nerg\u00e9tique national est mis \u00e0 l\u2019\u00e9preuve par le grand froid"},"content":{"rendered":"<p>A l\u2019heure o\u00f9 l\u2019on parle, la Roumanie est confront\u00e9e \u00e0 une vague de froid sib\u00e9rienne, avec des temp\u00e9ratures nettement inf\u00e9rieures aux normales saisonni\u00e8res, particuli\u00e8rement ressenties la nuit et le matin. La neige a maintenu le froid et refroidi davantage l\u2019air, qui s\u2019est accumul\u00e9 comme un d\u00f4me, bloquant ainsi l\u2019air chaud et maintenant des temp\u00e9ratures extr\u00eamement basses, atteignant par endroits les -21 \u00b0C. Sur cette toile de fond la consommation de gaz et d\u2019\u00e9lectricit\u00e9 a fortement augment\u00e9.<\/p>\n<p>Le ministre de l\u2019Energie, Bogdan Ivan, a convoqu\u00e9 le Commandement national de l\u2019\u00e9nergie. Il a indiqu\u00e9 que les temp\u00e9ratures actuelles \u00e9taient inf\u00e9rieures de plusieurs degr\u00e9s \u00e0 la moyenne saisonni\u00e8re des cinq derni\u00e8res ann\u00e9es ce qui explique la tr\u00e8s forte demande en \u00e9nergie. Bogdan Ivan a d\u00e9clar\u00e9 qu\u2019un niveau de consommation record avait \u00e9t\u00e9 atteint ces quatre derni\u00e8res ann\u00e9es, mais a assur\u00e9 que le syst\u00e8me \u00e9nerg\u00e9tique national \u00a0r\u00e9sistait \u00e0 l\u2019\u00e9pisode de grand froid actuel. Le mix \u00e9nerg\u00e9tique est stable en termes d\u2019\u00e9lectricit\u00e9, la production est satisfaisante et les stocks de gaz restent \u00e9lev\u00e9s, s\u2019\u00e9levant \u00e0 pr\u00e8s de 60 % du total, malgr\u00e9 une consommation de gaz sup\u00e9rieure de plus de 14 % \u00e0 celle de la m\u00eame p\u00e9riode de l\u2019ann\u00e9e derni\u00e8re. Dans la perspective de la suppression du plafonnement des prix du gaz naturel \u00e0 compter du 1<sup>er<\/sup>avril, le ministrene s\u2019attend pas \u00e0 un flamb\u00e9e des prix puisque le principal producteur national et fournisseur de gaz naturel de Roumanie deviendra aussi fournisseur final.<\/p>\n<p>Bogdan Ivan\u00a0: <em>\u00ab\u00a0J\u2019ai \u00e9t\u00e9 inform\u00e9 de l\u2019intention de la soci\u00e9t\u00e9 Romgaz de devenir \u00e9galement fournisseur de gaz naturel, une intention que je salue. Cela me semble extr\u00eamement important. La concurrence s\u2019installera sur ce march\u00e9, et on le sait tous, c\u2019est elle qui fera baisser les prix. Si, pour des raisons ind\u00e9pendantes \u00e0 la Roumanie et \u00e0 notre activit\u00e9 au minist\u00e8re, c\u2019est-\u00e0-dire le contexte international, le conflit en Ukraine, divers d\u00e9fis peuventsurvenir sur le march\u00e9 du gaz naturel, nous disposons aussi d\u2019un plan B. Ce m\u00e9canisme pr\u00e9voit la suppression progressive du plafonnement des prix de l\u2019\u00e9lectricit\u00e9 sur une p\u00e9riode d\u2019un an, jusqu\u2019\u00e0 ce que nous commencions \u00e0 exploiter davantage le gisement de Neptun Deep. Par cons\u00e9quent nous avons la garantie que la Roumanie ne se retrouvera plus dans la m\u00eame situation qu\u2019elle a connue lors de la suppression du plafonnement des prix de l\u2019\u00e9lectricit\u00e9.\u00a0\u00bb<\/em><\/p>\n<p>Par ailleurs, Bogdan Ivan a indiqu\u00e9 que la situation des grands r\u00e9seaux de chauffage urbain de Bucarest et de Craiova (sud-ouest) demeurait probl\u00e9matique. De nombreuses pannes sont survenues en raison de la v\u00e9tust\u00e9 des installations et du manque d\u2019investissement, mais des mesures ont d\u00e9j\u00e0 \u00e9t\u00e9 prises, tant des solutions temporaires que des projets d\u2019envergure.<\/p>\n<p>Il a demand\u00e9 l\u2019utilisation du fonds de r\u00e9serve du Premier ministre afin de r\u00e9soudre temporairement les probl\u00e8mes de chauffage urbain des deux principales villes. Si l\u2019\u00e9pisode de temp\u00e9ratures basses persiste, de nouvelles r\u00e9unions du Commandement national de l\u2019\u00e9nergie seront convoqu\u00e9es pour \u00e9valuer l\u2019\u00e9tat du syst\u00e8me \u00e9nerg\u00e9tique national.<\/p>\n","protected":false},"excerpt":{"rendered":"<p>A l\u2019heure o\u00f9 l\u2019on parle, la Roumanie est confront\u00e9e \u00e0 une vague de froid sib\u00e9rienne, avec des temp\u00e9ratures nettement inf\u00e9rieures aux normales saisonni\u00e8res, particuli\u00e8rement ressenties la nuit et le matin. La neige a maintenu le froid et refroidi davantage l\u2019air, qui s\u2019est accumul\u00e9 comme un d\u00f4me, bloquant ainsi l\u2019air chaud et maintenant des temp\u00e9ratures extr\u00eamement [&hellip;]<\/p>\n","protected":false},"author":106,"featured_media":806307,"comment_status":"closed","ping_status":"closed","sticky":false,"template":"","format":"standard","meta":{"_acf_changed":false,"footnotes":""},"categories":[94412],"tags":[85729,116083,143290],"coauthors":[113311],"class_list":["post-972997","post","type-post","status-publish","format-standard","has-post-thumbnail","hentry","category-complement-dactu","tag-electricite","tag-energie-fr","tag-gaz-fr"],"acf":[],"yoast_head":"<!-- This site is optimized with the Yoast SEO plugin v27.3 - https:\/\/yoast.com\/product\/yoast-seo-wordpress\/ -->\n<title>Le syst\u00e8me \u00e9nerg\u00e9tique national est mis \u00e0 l\u2019\u00e9preuve par le grand froid - Radio Roumanie Internationale<\/title>\n<meta name=\"robots\" content=\"index, follow, max-snippet:-1, max-image-preview:large, max-video-preview:-1\" \/>\n<link rel=\"canonical\" href=\"https:\/\/www.rri.ro\/fr\/actualites\/complement-dactu\/le-systeme-energetique-national-est-mis-a-lepreuve-par-le-grand-froid-id972997.html\" \/>\n<meta property=\"og:locale\" content=\"fr_FR\" \/>\n<meta property=\"og:type\" content=\"article\" \/>\n<meta property=\"og:title\" content=\"Le syst\u00e8me \u00e9nerg\u00e9tique national est mis \u00e0 l\u2019\u00e9preuve par le grand froid - Radio Roumanie Internationale\" \/>\n<meta property=\"og:description\" content=\"A l\u2019heure o\u00f9 l\u2019on parle, la Roumanie est confront\u00e9e \u00e0 une vague de froid sib\u00e9rienne, avec des temp\u00e9ratures nettement inf\u00e9rieures aux normales saisonni\u00e8res, particuli\u00e8rement ressenties la nuit et le matin. La neige a maintenu le froid et refroidi davantage l\u2019air, qui s\u2019est accumul\u00e9 comme un d\u00f4me, bloquant ainsi l\u2019air chaud et maintenant des temp\u00e9ratures extr\u00eamement [&hellip;]\" \/>\n<meta property=\"og:url\" content=\"https:\/\/www.rri.ro\/fr\/actualites\/complement-dactu\/le-systeme-energetique-national-est-mis-a-lepreuve-par-le-grand-froid-id972997.html\" \/>\n<meta property=\"og:site_name\" content=\"Radio Roumanie Internationale\" \/>\n<meta property=\"article:published_time\" content=\"2026-01-20T10:31:42+00:00\" \/>\n<meta property=\"og:image\" content=\"https:\/\/www.rri.ro\/wp-content\/uploads\/2024\/09\/gas-energie-gaz-foto-geralt-pixabay-com-e1726150969456.jpg\" \/>\n\t<meta property=\"og:image:width\" content=\"1280\" \/>\n\t<meta property=\"og:image:height\" content=\"853\" \/>\n\t<meta property=\"og:image:type\" content=\"image\/jpeg\" \/>\n<meta name=\"author\" content=\"Mihai Pelin\" \/>\n<meta name=\"twitter:card\" content=\"summary_large_image\" \/>\n<meta name=\"twitter:label1\" content=\"\u00c9crit par\" \/>\n\t<meta name=\"twitter:data1\" content=\"Mihai Pelin\" \/>\n\t<meta name=\"twitter:label2\" content=\"Dur\u00e9e de lecture estim\u00e9e\" \/>\n\t<meta name=\"twitter:data2\" content=\"3 minutes\" \/>\n\t<meta name=\"twitter:label3\" content=\"Written by\" \/>\n\t<meta name=\"twitter:data3\" content=\"Mihai Pelin\" \/>\n<script type=\"application\/ld+json\" class=\"yoast-schema-graph\">{\"@context\":\"https:\\\/\\\/schema.org\",\"@graph\":[{\"@type\":\"Article\",\"@id\":\"https:\\\/\\\/www.rri.ro\\\/fr\\\/actualites\\\/complement-dactu\\\/le-systeme-energetique-national-est-mis-a-lepreuve-par-le-grand-froid-id972997.html#article\",\"isPartOf\":{\"@id\":\"https:\\\/\\\/www.rri.ro\\\/fr\\\/actualites\\\/complement-dactu\\\/le-systeme-energetique-national-est-mis-a-lepreuve-par-le-grand-froid-id972997.html\"},\"author\":{\"name\":\"Mihai Pelin\",\"@id\":\"https:\\\/\\\/www.rri.ro\\\/#\\\/schema\\\/person\\\/c6036c822534c855dc3aad41a484f05d\"},\"headline\":\"Le syst\u00e8me \u00e9nerg\u00e9tique national est mis \u00e0 l\u2019\u00e9preuve par le grand froid\",\"datePublished\":\"2026-01-20T10:31:42+00:00\",\"mainEntityOfPage\":{\"@id\":\"https:\\\/\\\/www.rri.ro\\\/fr\\\/actualites\\\/complement-dactu\\\/le-systeme-energetique-national-est-mis-a-lepreuve-par-le-grand-froid-id972997.html\"},\"wordCount\":566,\"image\":{\"@id\":\"https:\\\/\\\/www.rri.ro\\\/fr\\\/actualites\\\/complement-dactu\\\/le-systeme-energetique-national-est-mis-a-lepreuve-par-le-grand-froid-id972997.html#primaryimage\"},\"thumbnailUrl\":\"https:\\\/\\\/www.rri.ro\\\/wp-content\\\/uploads\\\/2024\\\/09\\\/gas-energie-gaz-foto-geralt-pixabay-com-e1726150969456.jpg\",\"keywords\":[\"\u00e9lectricit\u00e9\",\"energie\",\"Gaz\"],\"articleSection\":[\"Compl\u00e9ment d'actu\"],\"inLanguage\":\"fr-FR\"},{\"@type\":\"WebPage\",\"@id\":\"https:\\\/\\\/www.rri.ro\\\/fr\\\/actualites\\\/complement-dactu\\\/le-systeme-energetique-national-est-mis-a-lepreuve-par-le-grand-froid-id972997.html\",\"url\":\"https:\\\/\\\/www.rri.ro\\\/fr\\\/actualites\\\/complement-dactu\\\/le-systeme-energetique-national-est-mis-a-lepreuve-par-le-grand-froid-id972997.html\",\"name\":\"Le syst\u00e8me \u00e9nerg\u00e9tique national est mis \u00e0 l\u2019\u00e9preuve par le grand froid - Radio Roumanie Internationale\",\"isPartOf\":{\"@id\":\"https:\\\/\\\/www.rri.ro\\\/#website\"},\"primaryImageOfPage\":{\"@id\":\"https:\\\/\\\/www.rri.ro\\\/fr\\\/actualites\\\/complement-dactu\\\/le-systeme-energetique-national-est-mis-a-lepreuve-par-le-grand-froid-id972997.html#primaryimage\"},\"image\":{\"@id\":\"https:\\\/\\\/www.rri.ro\\\/fr\\\/actualites\\\/complement-dactu\\\/le-systeme-energetique-national-est-mis-a-lepreuve-par-le-grand-froid-id972997.html#primaryimage\"},\"thumbnailUrl\":\"https:\\\/\\\/www.rri.ro\\\/wp-content\\\/uploads\\\/2024\\\/09\\\/gas-energie-gaz-foto-geralt-pixabay-com-e1726150969456.jpg\",\"datePublished\":\"2026-01-20T10:31:42+00:00\",\"author\":{\"@id\":\"https:\\\/\\\/www.rri.ro\\\/#\\\/schema\\\/person\\\/c6036c822534c855dc3aad41a484f05d\"},\"breadcrumb\":{\"@id\":\"https:\\\/\\\/www.rri.ro\\\/fr\\\/actualites\\\/complement-dactu\\\/le-systeme-energetique-national-est-mis-a-lepreuve-par-le-grand-froid-id972997.html#breadcrumb\"},\"inLanguage\":\"fr-FR\",\"potentialAction\":[{\"@type\":\"ReadAction\",\"target\":[\"https:\\\/\\\/www.rri.ro\\\/fr\\\/actualites\\\/complement-dactu\\\/le-systeme-energetique-national-est-mis-a-lepreuve-par-le-grand-froid-id972997.html\"]}]},{\"@type\":\"ImageObject\",\"inLanguage\":\"fr-FR\",\"@id\":\"https:\\\/\\\/www.rri.ro\\\/fr\\\/actualites\\\/complement-dactu\\\/le-systeme-energetique-national-est-mis-a-lepreuve-par-le-grand-froid-id972997.html#primaryimage\",\"url\":\"https:\\\/\\\/www.rri.ro\\\/wp-content\\\/uploads\\\/2024\\\/09\\\/gas-energie-gaz-foto-geralt-pixabay-com-e1726150969456.jpg\",\"contentUrl\":\"https:\\\/\\\/www.rri.ro\\\/wp-content\\\/uploads\\\/2024\\\/09\\\/gas-energie-gaz-foto-geralt-pixabay-com-e1726150969456.jpg\",\"width\":1280,\"height\":853,\"caption\":\"Foto: geralt \\\/ pixabay.com\"},{\"@type\":\"BreadcrumbList\",\"@id\":\"https:\\\/\\\/www.rri.ro\\\/fr\\\/actualites\\\/complement-dactu\\\/le-systeme-energetique-national-est-mis-a-lepreuve-par-le-grand-froid-id972997.html#breadcrumb\",\"itemListElement\":[{\"@type\":\"ListItem\",\"position\":1,\"name\":\"Page d'accueil\",\"item\":\"https:\\\/\\\/www.rri.ro\\\/fr\"},{\"@type\":\"ListItem\",\"position\":2,\"name\":\"Actualit\u00e9s\",\"item\":\"https:\\\/\\\/www.rri.ro\\\/fr\\\/actualites\"},{\"@type\":\"ListItem\",\"position\":3,\"name\":\"Compl\u00e9ment d'actu\",\"item\":\"https:\\\/\\\/www.rri.ro\\\/fr\\\/actualites\\\/complement-dactu\"},{\"@type\":\"ListItem\",\"position\":4,\"name\":\"Le syst\u00e8me \u00e9nerg\u00e9tique national est mis \u00e0 l\u2019\u00e9preuve par le grand froid\"}]},{\"@type\":\"WebSite\",\"@id\":\"https:\\\/\\\/www.rri.ro\\\/#website\",\"url\":\"https:\\\/\\\/www.rri.ro\\\/\",\"name\":\"Radio Roumanie Internationale\",\"description\":\"Totul despre Rom\u00e2nia \u015fi rom\u00e2ni, \u00een 13 limbi\\\/dialecte!\",\"inLanguage\":\"fr-FR\"},{\"@type\":\"Person\",\"@id\":\"https:\\\/\\\/www.rri.ro\\\/#\\\/schema\\\/person\\\/c6036c822534c855dc3aad41a484f05d\",\"name\":\"Mihai Pelin\",\"url\":\"https:\\\/\\\/www.rri.ro\\\/fr\\\/author\\\/mihai-pelin\"}]}<\/script>\n<!-- \/ Yoast SEO plugin. -->","yoast_head_json":{"title":"Le syst\u00e8me \u00e9nerg\u00e9tique national est mis \u00e0 l\u2019\u00e9preuve par le grand froid - Radio Roumanie Internationale","robots":{"index":"index","follow":"follow","max-snippet":"max-snippet:-1","max-image-preview":"max-image-preview:large","max-video-preview":"max-video-preview:-1"},"canonical":"https:\/\/www.rri.ro\/fr\/actualites\/complement-dactu\/le-systeme-energetique-national-est-mis-a-lepreuve-par-le-grand-froid-id972997.html","og_locale":"fr_FR","og_type":"article","og_title":"Le syst\u00e8me \u00e9nerg\u00e9tique national est mis \u00e0 l\u2019\u00e9preuve par le grand froid - Radio Roumanie Internationale","og_description":"A l\u2019heure o\u00f9 l\u2019on parle, la Roumanie est confront\u00e9e \u00e0 une vague de froid sib\u00e9rienne, avec des temp\u00e9ratures nettement inf\u00e9rieures aux normales saisonni\u00e8res, particuli\u00e8rement ressenties la nuit et le matin. La neige a maintenu le froid et refroidi davantage l\u2019air, qui s\u2019est accumul\u00e9 comme un d\u00f4me, bloquant ainsi l\u2019air chaud et maintenant des temp\u00e9ratures extr\u00eamement [&hellip;]","og_url":"https:\/\/www.rri.ro\/fr\/actualites\/complement-dactu\/le-systeme-energetique-national-est-mis-a-lepreuve-par-le-grand-froid-id972997.html","og_site_name":"Radio Roumanie Internationale","article_published_time":"2026-01-20T10:31:42+00:00","og_image":[{"width":1280,"height":853,"url":"https:\/\/www.rri.ro\/wp-content\/uploads\/2024\/09\/gas-energie-gaz-foto-geralt-pixabay-com-e1726150969456.jpg","type":"image\/jpeg"}],"author":"Mihai Pelin","twitter_card":"summary_large_image","twitter_misc":{"\u00c9crit par":"Mihai Pelin","Dur\u00e9e de lecture estim\u00e9e":"3 minutes","Written by":"Mihai Pelin"},"schema":{"@context":"https:\/\/schema.org","@graph":[{"@type":"Article","@id":"https:\/\/www.rri.ro\/fr\/actualites\/complement-dactu\/le-systeme-energetique-national-est-mis-a-lepreuve-par-le-grand-froid-id972997.html#article","isPartOf":{"@id":"https:\/\/www.rri.ro\/fr\/actualites\/complement-dactu\/le-systeme-energetique-national-est-mis-a-lepreuve-par-le-grand-froid-id972997.html"},"author":{"name":"Mihai Pelin","@id":"https:\/\/www.rri.ro\/#\/schema\/person\/c6036c822534c855dc3aad41a484f05d"},"headline":"Le syst\u00e8me \u00e9nerg\u00e9tique national est mis \u00e0 l\u2019\u00e9preuve par le grand froid","datePublished":"2026-01-20T10:31:42+00:00","mainEntityOfPage":{"@id":"https:\/\/www.rri.ro\/fr\/actualites\/complement-dactu\/le-systeme-energetique-national-est-mis-a-lepreuve-par-le-grand-froid-id972997.html"},"wordCount":566,"image":{"@id":"https:\/\/www.rri.ro\/fr\/actualites\/complement-dactu\/le-systeme-energetique-national-est-mis-a-lepreuve-par-le-grand-froid-id972997.html#primaryimage"},"thumbnailUrl":"https:\/\/www.rri.ro\/wp-content\/uploads\/2024\/09\/gas-energie-gaz-foto-geralt-pixabay-com-e1726150969456.jpg","keywords":["\u00e9lectricit\u00e9","energie","Gaz"],"articleSection":["Compl\u00e9ment d'actu"],"inLanguage":"fr-FR"},{"@type":"WebPage","@id":"https:\/\/www.rri.ro\/fr\/actualites\/complement-dactu\/le-systeme-energetique-national-est-mis-a-lepreuve-par-le-grand-froid-id972997.html","url":"https:\/\/www.rri.ro\/fr\/actualites\/complement-dactu\/le-systeme-energetique-national-est-mis-a-lepreuve-par-le-grand-froid-id972997.html","name":"Le syst\u00e8me \u00e9nerg\u00e9tique national est mis \u00e0 l\u2019\u00e9preuve par le grand froid - Radio Roumanie Internationale","isPartOf":{"@id":"https:\/\/www.rri.ro\/#website"},"primaryImageOfPage":{"@id":"https:\/\/www.rri.ro\/fr\/actualites\/complement-dactu\/le-systeme-energetique-national-est-mis-a-lepreuve-par-le-grand-froid-id972997.html#primaryimage"},"image":{"@id":"https:\/\/www.rri.ro\/fr\/actualites\/complement-dactu\/le-systeme-energetique-national-est-mis-a-lepreuve-par-le-grand-froid-id972997.html#primaryimage"},"thumbnailUrl":"https:\/\/www.rri.ro\/wp-content\/uploads\/2024\/09\/gas-energie-gaz-foto-geralt-pixabay-com-e1726150969456.jpg","datePublished":"2026-01-20T10:31:42+00:00","author":{"@id":"https:\/\/www.rri.ro\/#\/schema\/person\/c6036c822534c855dc3aad41a484f05d"},"breadcrumb":{"@id":"https:\/\/www.rri.ro\/fr\/actualites\/complement-dactu\/le-systeme-energetique-national-est-mis-a-lepreuve-par-le-grand-froid-id972997.html#breadcrumb"},"inLanguage":"fr-FR","potentialAction":[{"@type":"ReadAction","target":["https:\/\/www.rri.ro\/fr\/actualites\/complement-dactu\/le-systeme-energetique-national-est-mis-a-lepreuve-par-le-grand-froid-id972997.html"]}]},{"@type":"ImageObject","inLanguage":"fr-FR","@id":"https:\/\/www.rri.ro\/fr\/actualites\/complement-dactu\/le-systeme-energetique-national-est-mis-a-lepreuve-par-le-grand-froid-id972997.html#primaryimage","url":"https:\/\/www.rri.ro\/wp-content\/uploads\/2024\/09\/gas-energie-gaz-foto-geralt-pixabay-com-e1726150969456.jpg","contentUrl":"https:\/\/www.rri.ro\/wp-content\/uploads\/2024\/09\/gas-energie-gaz-foto-geralt-pixabay-com-e1726150969456.jpg","width":1280,"height":853,"caption":"Foto: geralt \/ pixabay.com"},{"@type":"BreadcrumbList","@id":"https:\/\/www.rri.ro\/fr\/actualites\/complement-dactu\/le-systeme-energetique-national-est-mis-a-lepreuve-par-le-grand-froid-id972997.html#breadcrumb","itemListElement":[{"@type":"ListItem","position":1,"name":"Page d'accueil","item":"https:\/\/www.rri.ro\/fr"},{"@type":"ListItem","position":2,"name":"Actualit\u00e9s","item":"https:\/\/www.rri.ro\/fr\/actualites"},{"@type":"ListItem","position":3,"name":"Compl\u00e9ment d'actu","item":"https:\/\/www.rri.ro\/fr\/actualites\/complement-dactu"},{"@type":"ListItem","position":4,"name":"Le syst\u00e8me \u00e9nerg\u00e9tique national est mis \u00e0 l\u2019\u00e9preuve par le grand froid"}]},{"@type":"WebSite","@id":"https:\/\/www.rri.ro\/#website","url":"https:\/\/www.rri.ro\/","name":"Radio Roumanie Internationale","description":"Totul despre Rom\u00e2nia \u015fi rom\u00e2ni, \u00een 13 limbi\/dialecte!","inLanguage":"fr-FR"},{"@type":"Person","@id":"https:\/\/www.rri.ro\/#\/schema\/person\/c6036c822534c855dc3aad41a484f05d","name":"Mihai Pelin","url":"https:\/\/www.rri.ro\/fr\/author\/mihai-pelin"}]}},"_links":{"self":[{"href":"https:\/\/www.rri.ro\/fr\/wp-json\/wp\/v2\/posts\/972997","targetHints":{"allow":["GET"]}}],"collection":[{"href":"https:\/\/www.rri.ro\/fr\/wp-json\/wp\/v2\/posts"}],"about":[{"href":"https:\/\/www.rri.ro\/fr\/wp-json\/wp\/v2\/types\/post"}],"author":[{"embeddable":true,"href":"https:\/\/www.rri.ro\/fr\/wp-json\/wp\/v2\/users\/106"}],"replies":[{"embeddable":true,"href":"https:\/\/www.rri.ro\/fr\/wp-json\/wp\/v2\/comments?post=972997"}],"version-history":[{"count":0,"href":"https:\/\/www.rri.ro\/fr\/wp-json\/wp\/v2\/posts\/972997\/revisions"}],"wp:featuredmedia":[{"embeddable":true,"href":"https:\/\/www.rri.ro\/fr\/wp-json\/wp\/v2\/media\/806307"}],"wp:attachment":[{"href":"https:\/\/www.rri.ro\/fr\/wp-json\/wp\/v2\/media?parent=972997"}],"wp:term":[{"taxonomy":"category","embeddable":true,"href":"https:\/\/www.rri.ro\/fr\/wp-json\/wp\/v2\/categories?post=972997"},{"taxonomy":"post_tag","embeddable":true,"href":"https:\/\/www.rri.ro\/fr\/wp-json\/wp\/v2\/tags?post=972997"},{"taxonomy":"author","embeddable":true,"href":"https:\/\/www.rri.ro\/fr\/wp-json\/wp\/v2\/coauthors?post=972997"}],"curies":[{"name":"wp","href":"https:\/\/api.w.org\/{rel}","templated":true}]}}