{"id":991308,"date":"2026-03-07T18:51:51","date_gmt":"2026-03-07T16:51:51","guid":{"rendered":"https:\/\/www.rri.ro\/?p=991308"},"modified":"2026-03-07T18:51:51","modified_gmt":"2026-03-07T16:51:51","slug":"07-03-2026-mise-a-jour","status":"publish","type":"post","link":"https:\/\/www.rri.ro\/fr\/actualites\/le-flash\/07-03-2026-mise-a-jour-id991308.html","title":{"rendered":"07.03.2026 (mise \u00e0 jour)"},"content":{"rendered":"<p><strong>Rapatriements <\/strong>\u2013 Le porte-parole du minist\u00e8re roumain des Affaires \u00e9trang\u00e8res, Andrei \u0162\u0103rnea, a annonc\u00e9 qu\u2019un vol de 189 places, au d\u00e9part de l&rsquo;Arabie saoudite \u00e0 destination de Roumanie \u00e9tait en cours de pr\u00e9paration pour rapatrier les Roumains bloqu\u00e9s au Qatar. Ceux-ci seront transf\u00e9r\u00e9s de Doha \u00e0 Riyad par voie terrestre, avec le soutien des \u00e9quipes consulaires roumaines. Et Andrei \u0162\u0103rnea de d\u00e9clarer qu&rsquo;\u00e0 l&rsquo;heure actuelle, environ 14 000 citoyens roumains se trouvent dans l\u2019attention du minist\u00e8re des Affaires \u00e9trang\u00e8res, dont 400 personnes qui n\u00e9cessitent un rapatriement prioritaire se trouvent aux \u00c9mirats arabes unis. Vendredi, 127 Roumains dont 95 \u00e9l\u00e8ves roumains qui se trouvaient en vacances \u00e0 Duba\u00ef sont rentr\u00e9s en Roumanie \u00e0 bord d\u2019un premier vol sur les cinq que Bucarest mettra en place \u00e0 l\u2019aide du m\u00e9canisme europ\u00e9en de protection civile. L\u2019avion a d\u00e9coll\u00e9 depuis Mascate, la capitale portuaire du sultanat d&rsquo;Oman. Dans le cadre du m\u00e9canisme de protection civile, l\u2019avion a\u00a0 transport\u00e9 aussi 39 citoyens europ\u00e9ens. Depuis le d\u00e9but du conflit en Iran 1 500 Roumains ont r\u00e9ussi \u00e0 rentrer chez eux, en Roumanie.<\/p>\n<p>&nbsp;<\/p>\n<p><strong>XXX<\/strong> \u2013Le pr\u00e9sident Donald Trump a d\u00e9clar\u00e9 samedi que les \u00c9tats-Unis allaient frapper l\u2019Iran \u00abtr\u00e8s durement\u00bb et a menac\u00e9 d\u2019\u00e9tendre les frappes \u00e0 \u00abdes zones et des groupes de personnes qui n\u2019avaient encore jamais \u00e9t\u00e9 consid\u00e9r\u00e9s comme des cibles\u00bb, sans donner des d\u00e9tails supll\u00e9mentaires. Dans ce contexte, la presse am\u00e9ricaine affirme que la marine militaire des Etats-Unis se pr\u00e9pare \u00e0 d\u00e9ployerun troisi\u00e8me porte-avion au Moyen-Orient. \u00a0Vendredi, Donald Trump a rejet\u00e9 tout accord avec l\u2019actuelle direction iranienne et a exig\u00e9 une \u00ab capitulation sans condition \u00bb de l\u2019Iran. Dans un message sur les r\u00e9seaux sociaux,\u00a0 Trump a affirm\u00e9 qu\u2019une fois choisi un leader acceptable, les Etats-Unis oeuvreront sans r\u00e9pis pour stimuler l\u2019\u00e9conomie iranienne et emp\u00eacher le pays de s\u2019\u00e9crouler. Le message du chef de la Maison Blanche intervient alors que son homologue de T\u00e9h\u00e9ran, Massoud Pezeshkian a affirm\u00e9 que certains pays ont commenc\u00e9 \u00e0 mener des efforts de m\u00e9diation du conflit. L\u2019adjoint au ministre iranien des Affaires Etrang\u00e8res, Majid Takht Ravanchi a pr\u00e9venu que les pays europ\u00e9ens pourraient devenir des \u00ab\u00a0cibles l\u00e9gitimes\u00a0\u00bb s&rsquo;ils rejoignaient les \u00c9tats-Unis et Isra\u00ebl dans la guerre. Ces d\u00e9clarations interviennent alors que plusieurs pays europ\u00e9ens ont commenc\u00e9 \u00e0 renforcer leurs d\u00e9ploiements militaires dans la r\u00e9gion. La France, la Gr\u00e8ce et l\u2019Italie ont envoy\u00e9 des navires de guerre envers le Moyen Orient, mais la plupart des pays membres r\u00e9clament une solution pacifique et la fin du conflit.<\/p>\n<p>&nbsp;<\/p>\n<p><strong>Carburants<\/strong> &#8211; Les cours de l&rsquo;or noir restent particuli\u00e8rement \u00e9lev\u00e9s dans le contexte de la guerre au Moyen-Orient. Le baril de Brent, la r\u00e9f\u00e9rence internationale, montait vendredi \u00e0 plus de 94 dollars,un niveau plus vu depuis 2023. Les effets se font ressentir en Roumanie aussi. A Bucarest, les prix \u00e0 la pompe grimpent. En ce moment, un litre d\u2019essence varie de 8,16 lei, 8,31 lei pour un carburant ordinaire et peut d\u00e9passer\u00a0 9 lei pour un litre d\u2019essence sup\u00e9rieure.\u00a0 Tandis qu\u2019un litre de diesel va de 8,57 \u00e0 8,70 lei pour une qualit\u00e9 ordinaire \u00e0 9,25 pour le diesel premium. Certaines stations service continuent \u00e0 afficher des prix moins \u00e9lev\u00e9s, qui ne d\u00e9passent pas 9 lei par litre. Dans ce contexte, le ministre de l&rsquo;\u00c9nergie, Bogdan Ivan, a d\u00e9clar\u00e9 qu&rsquo;il \u00e9tait important que le prix des carburants n&rsquo;atteigne pas un niveau exprim\u00e9 par deux chiffres, raison pour laquelle plusieurs options sont actuellement examin\u00e9es afin d&rsquo;\u00e9viter une telle situation. Il a expliqu\u00e9 que le gouvernement ne pouvait pas plafonner les tarifs, car il ne disposait pas des outils juridiques n\u00e9cessaires pour une telle intervention.<\/p>\n<p>&nbsp;<\/p>\n<p><strong>Energie<\/strong> \u2013 La Roumanie a enregistr\u00e9 vendredi une production record d&rsquo;\u00e9nergie solaire. En milieu de journ\u00e9e, les parcs photovolta\u00efques ont g\u00e9n\u00e9r\u00e9 plus de 2 000 m\u00e9gawatt\/heures, assurant pr\u00e8s de 30 % de l&rsquo;\u00e9nergie totale produite au niveau national. L&rsquo;abondance d&rsquo;\u00e9lectricit\u00e9 a fait chuter les prix sur le march\u00e9 \u00e0 0 leu pendant six heures, une premi\u00e8re pour une journ\u00e9e normale de travaille en 2026. Dans le m\u00eame temps, cet exc\u00e9dent massif a transform\u00e9 la Roumanie en exportateur net, envoyant plus de 2 600 m\u00e9gawatt\/heures vers les r\u00e9seaux voisins. Avec une augmentation de 45 % de sa capacit\u00e9 install\u00e9e au cours de la seule ann\u00e9e derni\u00e8re, la Roumanie occupe la premi\u00e8re place en Europe en termes de rythme d&rsquo;expansion des panneaux solaires.<\/p>\n<p>&nbsp;<\/p>\n<p><strong>Football<\/strong> &#8211; L&rsquo;\u00e9quipe nationale de football f\u00e9minin de Roumanie a battu l&rsquo;\u00e9quipe de Chypre 4-0 lors d&rsquo;un match de poule disput\u00e9 samedi au tableau des \u00e9liminatoires de la Coupe du monde. Mardi, la Roumanie a battu l&rsquo;\u00e9quipe de la R\u00e9publique de Moldavie 1-0 lors du premier match de poule au sein du Groupe C5. La Roumanie jouera le 18 avril \u00e0 domicile contre l\u2019\u00e9quipe de Chypre et le 5 juin contre la R\u00e9publique de Moldavie. L&rsquo;UEFA s&rsquo;est vu attribuer 11 places directes pour la phase finale de la Coupe du Monde F\u00e9minine 2027 au Br\u00e9sil. Une \u00e9quipe suppl\u00e9mentaire peut se qualifier via les barrages intercontinentaux.<\/p>\n<p>&nbsp;<\/p>\n<p><strong>M\u00e9t\u00e9o<\/strong> \u2013 Dans l\u2019intervalle 8-9 mars, les temp\u00e9ratures en Roumanie seront au dessus des moyennes sp\u00e9cifiques au mois de mars. Dans le sud et le sud-est, le ciel sera variable, partiellement couvert et le brouillard pourra se former au petit jour ou en soir\u00e9e. Dans le reste du pays, le ciel sera plut\u00f4t bleu. Les temp\u00e9ratures maximales iront de 7 \u00e0 17 degr\u00e9s Celsius. \u00c0 Bucarest, il fera beau et nous aurons dimanche, 12 \u00e0 13 degr\u00e9s dans les thermom\u00e8tres.<\/p>\n","protected":false},"excerpt":{"rendered":"<p>Rapatriements \u2013 Le porte-parole du minist\u00e8re roumain des Affaires \u00e9trang\u00e8res, Andrei \u0162\u0103rnea, a annonc\u00e9 qu\u2019un vol de 189 places, au d\u00e9part de l&rsquo;Arabie saoudite \u00e0 destination de Roumanie \u00e9tait en cours de pr\u00e9paration pour rapatrier les Roumains bloqu\u00e9s au Qatar. Ceux-ci seront transf\u00e9r\u00e9s de Doha \u00e0 Riyad par voie terrestre, avec le soutien des \u00e9quipes [&hellip;]<\/p>\n","protected":false},"author":113,"featured_media":723357,"comment_status":"closed","ping_status":"closed","sticky":false,"template":"","format":"standard","meta":{"_acf_changed":false,"footnotes":""},"categories":[89002],"tags":[89851,160965,116083,146042,88274,89751],"coauthors":[116091],"class_list":["post-991308","post","type-post","status-publish","format-standard","has-post-thumbnail","hentry","category-le-flash","tag-carburants","tag-donald-trump-fr","tag-energie-fr","tag-iran-fr","tag-moyen-orient","tag-rapatriement"],"acf":[],"yoast_head":"<!-- This site is optimized with the Yoast SEO plugin v27.3 - https:\/\/yoast.com\/product\/yoast-seo-wordpress\/ -->\n<title>07.03.2026 (mise \u00e0 jour) - Radio Roumanie Internationale<\/title>\n<meta name=\"robots\" content=\"index, follow, max-snippet:-1, max-image-preview:large, max-video-preview:-1\" \/>\n<link rel=\"canonical\" href=\"https:\/\/www.rri.ro\/fr\/actualites\/le-flash\/07-03-2026-mise-a-jour-id991308.html\" \/>\n<meta property=\"og:locale\" content=\"fr_FR\" \/>\n<meta property=\"og:type\" content=\"article\" \/>\n<meta property=\"og:title\" content=\"07.03.2026 (mise \u00e0 jour) - Radio Roumanie Internationale\" \/>\n<meta property=\"og:description\" content=\"Rapatriements \u2013 Le porte-parole du minist\u00e8re roumain des Affaires \u00e9trang\u00e8res, Andrei \u0162\u0103rnea, a annonc\u00e9 qu\u2019un vol de 189 places, au d\u00e9part de l&rsquo;Arabie saoudite \u00e0 destination de Roumanie \u00e9tait en cours de pr\u00e9paration pour rapatrier les Roumains bloqu\u00e9s au Qatar. Ceux-ci seront transf\u00e9r\u00e9s de Doha \u00e0 Riyad par voie terrestre, avec le soutien des \u00e9quipes [&hellip;]\" \/>\n<meta property=\"og:url\" content=\"https:\/\/www.rri.ro\/fr\/actualites\/le-flash\/07-03-2026-mise-a-jour-id991308.html\" \/>\n<meta property=\"og:site_name\" content=\"Radio Roumanie Internationale\" \/>\n<meta property=\"article:published_time\" content=\"2026-03-07T16:51:51+00:00\" \/>\n<meta property=\"og:image\" content=\"https:\/\/www.rri.ro\/wp-content\/uploads\/2024\/03\/RRI-960x540-Le-flash-2-NOU.jpg\" \/>\n\t<meta property=\"og:image:width\" content=\"960\" \/>\n\t<meta property=\"og:image:height\" content=\"540\" \/>\n\t<meta property=\"og:image:type\" content=\"image\/jpeg\" \/>\n<meta name=\"author\" content=\"Newsroom\" \/>\n<meta name=\"twitter:card\" content=\"summary_large_image\" \/>\n<meta name=\"twitter:label1\" content=\"\u00c9crit par\" \/>\n\t<meta name=\"twitter:data1\" content=\"Newsroom\" \/>\n\t<meta name=\"twitter:label2\" content=\"Dur\u00e9e de lecture estim\u00e9e\" \/>\n\t<meta name=\"twitter:data2\" content=\"5 minutes\" \/>\n\t<meta name=\"twitter:label3\" content=\"Written by\" \/>\n\t<meta name=\"twitter:data3\" content=\"Newsroom\" \/>\n<script type=\"application\/ld+json\" class=\"yoast-schema-graph\">{\"@context\":\"https:\\\/\\\/schema.org\",\"@graph\":[{\"@type\":\"Article\",\"@id\":\"https:\\\/\\\/www.rri.ro\\\/fr\\\/actualites\\\/le-flash\\\/07-03-2026-mise-a-jour-id991308.html#article\",\"isPartOf\":{\"@id\":\"https:\\\/\\\/www.rri.ro\\\/fr\\\/actualites\\\/le-flash\\\/07-03-2026-mise-a-jour-id991308.html\"},\"author\":{\"name\":\"Newsroom\",\"@id\":\"https:\\\/\\\/www.rri.ro\\\/#\\\/schema\\\/person\\\/4a479940371b9fdefd194f561e8a7f88\"},\"headline\":\"07.03.2026 (mise \u00e0 jour)\",\"datePublished\":\"2026-03-07T16:51:51+00:00\",\"mainEntityOfPage\":{\"@id\":\"https:\\\/\\\/www.rri.ro\\\/fr\\\/actualites\\\/le-flash\\\/07-03-2026-mise-a-jour-id991308.html\"},\"wordCount\":975,\"image\":{\"@id\":\"https:\\\/\\\/www.rri.ro\\\/fr\\\/actualites\\\/le-flash\\\/07-03-2026-mise-a-jour-id991308.html#primaryimage\"},\"thumbnailUrl\":\"https:\\\/\\\/www.rri.ro\\\/wp-content\\\/uploads\\\/2024\\\/03\\\/RRI-960x540-Le-flash-2-NOU.jpg\",\"keywords\":[\"carburants\",\"Donald Trump\",\"energie\",\"Iran\",\"Moyen Orient\",\"rapatriement\"],\"articleSection\":[\"Le flash\"],\"inLanguage\":\"fr-FR\"},{\"@type\":\"WebPage\",\"@id\":\"https:\\\/\\\/www.rri.ro\\\/fr\\\/actualites\\\/le-flash\\\/07-03-2026-mise-a-jour-id991308.html\",\"url\":\"https:\\\/\\\/www.rri.ro\\\/fr\\\/actualites\\\/le-flash\\\/07-03-2026-mise-a-jour-id991308.html\",\"name\":\"07.03.2026 (mise \u00e0 jour) - Radio Roumanie Internationale\",\"isPartOf\":{\"@id\":\"https:\\\/\\\/www.rri.ro\\\/#website\"},\"primaryImageOfPage\":{\"@id\":\"https:\\\/\\\/www.rri.ro\\\/fr\\\/actualites\\\/le-flash\\\/07-03-2026-mise-a-jour-id991308.html#primaryimage\"},\"image\":{\"@id\":\"https:\\\/\\\/www.rri.ro\\\/fr\\\/actualites\\\/le-flash\\\/07-03-2026-mise-a-jour-id991308.html#primaryimage\"},\"thumbnailUrl\":\"https:\\\/\\\/www.rri.ro\\\/wp-content\\\/uploads\\\/2024\\\/03\\\/RRI-960x540-Le-flash-2-NOU.jpg\",\"datePublished\":\"2026-03-07T16:51:51+00:00\",\"author\":{\"@id\":\"https:\\\/\\\/www.rri.ro\\\/#\\\/schema\\\/person\\\/4a479940371b9fdefd194f561e8a7f88\"},\"breadcrumb\":{\"@id\":\"https:\\\/\\\/www.rri.ro\\\/fr\\\/actualites\\\/le-flash\\\/07-03-2026-mise-a-jour-id991308.html#breadcrumb\"},\"inLanguage\":\"fr-FR\",\"potentialAction\":[{\"@type\":\"ReadAction\",\"target\":[\"https:\\\/\\\/www.rri.ro\\\/fr\\\/actualites\\\/le-flash\\\/07-03-2026-mise-a-jour-id991308.html\"]}]},{\"@type\":\"ImageObject\",\"inLanguage\":\"fr-FR\",\"@id\":\"https:\\\/\\\/www.rri.ro\\\/fr\\\/actualites\\\/le-flash\\\/07-03-2026-mise-a-jour-id991308.html#primaryimage\",\"url\":\"https:\\\/\\\/www.rri.ro\\\/wp-content\\\/uploads\\\/2024\\\/03\\\/RRI-960x540-Le-flash-2-NOU.jpg\",\"contentUrl\":\"https:\\\/\\\/www.rri.ro\\\/wp-content\\\/uploads\\\/2024\\\/03\\\/RRI-960x540-Le-flash-2-NOU.jpg\",\"width\":960,\"height\":540},{\"@type\":\"BreadcrumbList\",\"@id\":\"https:\\\/\\\/www.rri.ro\\\/fr\\\/actualites\\\/le-flash\\\/07-03-2026-mise-a-jour-id991308.html#breadcrumb\",\"itemListElement\":[{\"@type\":\"ListItem\",\"position\":1,\"name\":\"Page d'accueil\",\"item\":\"https:\\\/\\\/www.rri.ro\\\/fr\"},{\"@type\":\"ListItem\",\"position\":2,\"name\":\"Actualit\u00e9s\",\"item\":\"https:\\\/\\\/www.rri.ro\\\/fr\\\/actualites\"},{\"@type\":\"ListItem\",\"position\":3,\"name\":\"Le flash\",\"item\":\"https:\\\/\\\/www.rri.ro\\\/fr\\\/actualites\\\/le-flash\"},{\"@type\":\"ListItem\",\"position\":4,\"name\":\"07.03.2026 (mise \u00e0 jour)\"}]},{\"@type\":\"WebSite\",\"@id\":\"https:\\\/\\\/www.rri.ro\\\/#website\",\"url\":\"https:\\\/\\\/www.rri.ro\\\/\",\"name\":\"Radio Roumanie Internationale\",\"description\":\"Totul despre Rom\u00e2nia \u015fi rom\u00e2ni, \u00een 13 limbi\\\/dialecte!\",\"inLanguage\":\"fr-FR\"},{\"@type\":\"Person\",\"@id\":\"https:\\\/\\\/www.rri.ro\\\/#\\\/schema\\\/person\\\/4a479940371b9fdefd194f561e8a7f88\",\"name\":\"Newsroom\",\"url\":\"https:\\\/\\\/www.rri.ro\\\/fr\\\/author\\\/newsroom\"}]}<\/script>\n<!-- \/ Yoast SEO plugin. -->","yoast_head_json":{"title":"07.03.2026 (mise \u00e0 jour) - Radio Roumanie Internationale","robots":{"index":"index","follow":"follow","max-snippet":"max-snippet:-1","max-image-preview":"max-image-preview:large","max-video-preview":"max-video-preview:-1"},"canonical":"https:\/\/www.rri.ro\/fr\/actualites\/le-flash\/07-03-2026-mise-a-jour-id991308.html","og_locale":"fr_FR","og_type":"article","og_title":"07.03.2026 (mise \u00e0 jour) - Radio Roumanie Internationale","og_description":"Rapatriements \u2013 Le porte-parole du minist\u00e8re roumain des Affaires \u00e9trang\u00e8res, Andrei \u0162\u0103rnea, a annonc\u00e9 qu\u2019un vol de 189 places, au d\u00e9part de l&rsquo;Arabie saoudite \u00e0 destination de Roumanie \u00e9tait en cours de pr\u00e9paration pour rapatrier les Roumains bloqu\u00e9s au Qatar. Ceux-ci seront transf\u00e9r\u00e9s de Doha \u00e0 Riyad par voie terrestre, avec le soutien des \u00e9quipes [&hellip;]","og_url":"https:\/\/www.rri.ro\/fr\/actualites\/le-flash\/07-03-2026-mise-a-jour-id991308.html","og_site_name":"Radio Roumanie Internationale","article_published_time":"2026-03-07T16:51:51+00:00","og_image":[{"width":960,"height":540,"url":"https:\/\/www.rri.ro\/wp-content\/uploads\/2024\/03\/RRI-960x540-Le-flash-2-NOU.jpg","type":"image\/jpeg"}],"author":"Newsroom","twitter_card":"summary_large_image","twitter_misc":{"\u00c9crit par":"Newsroom","Dur\u00e9e de lecture estim\u00e9e":"5 minutes","Written by":"Newsroom"},"schema":{"@context":"https:\/\/schema.org","@graph":[{"@type":"Article","@id":"https:\/\/www.rri.ro\/fr\/actualites\/le-flash\/07-03-2026-mise-a-jour-id991308.html#article","isPartOf":{"@id":"https:\/\/www.rri.ro\/fr\/actualites\/le-flash\/07-03-2026-mise-a-jour-id991308.html"},"author":{"name":"Newsroom","@id":"https:\/\/www.rri.ro\/#\/schema\/person\/4a479940371b9fdefd194f561e8a7f88"},"headline":"07.03.2026 (mise \u00e0 jour)","datePublished":"2026-03-07T16:51:51+00:00","mainEntityOfPage":{"@id":"https:\/\/www.rri.ro\/fr\/actualites\/le-flash\/07-03-2026-mise-a-jour-id991308.html"},"wordCount":975,"image":{"@id":"https:\/\/www.rri.ro\/fr\/actualites\/le-flash\/07-03-2026-mise-a-jour-id991308.html#primaryimage"},"thumbnailUrl":"https:\/\/www.rri.ro\/wp-content\/uploads\/2024\/03\/RRI-960x540-Le-flash-2-NOU.jpg","keywords":["carburants","Donald Trump","energie","Iran","Moyen Orient","rapatriement"],"articleSection":["Le flash"],"inLanguage":"fr-FR"},{"@type":"WebPage","@id":"https:\/\/www.rri.ro\/fr\/actualites\/le-flash\/07-03-2026-mise-a-jour-id991308.html","url":"https:\/\/www.rri.ro\/fr\/actualites\/le-flash\/07-03-2026-mise-a-jour-id991308.html","name":"07.03.2026 (mise \u00e0 jour) - Radio Roumanie Internationale","isPartOf":{"@id":"https:\/\/www.rri.ro\/#website"},"primaryImageOfPage":{"@id":"https:\/\/www.rri.ro\/fr\/actualites\/le-flash\/07-03-2026-mise-a-jour-id991308.html#primaryimage"},"image":{"@id":"https:\/\/www.rri.ro\/fr\/actualites\/le-flash\/07-03-2026-mise-a-jour-id991308.html#primaryimage"},"thumbnailUrl":"https:\/\/www.rri.ro\/wp-content\/uploads\/2024\/03\/RRI-960x540-Le-flash-2-NOU.jpg","datePublished":"2026-03-07T16:51:51+00:00","author":{"@id":"https:\/\/www.rri.ro\/#\/schema\/person\/4a479940371b9fdefd194f561e8a7f88"},"breadcrumb":{"@id":"https:\/\/www.rri.ro\/fr\/actualites\/le-flash\/07-03-2026-mise-a-jour-id991308.html#breadcrumb"},"inLanguage":"fr-FR","potentialAction":[{"@type":"ReadAction","target":["https:\/\/www.rri.ro\/fr\/actualites\/le-flash\/07-03-2026-mise-a-jour-id991308.html"]}]},{"@type":"ImageObject","inLanguage":"fr-FR","@id":"https:\/\/www.rri.ro\/fr\/actualites\/le-flash\/07-03-2026-mise-a-jour-id991308.html#primaryimage","url":"https:\/\/www.rri.ro\/wp-content\/uploads\/2024\/03\/RRI-960x540-Le-flash-2-NOU.jpg","contentUrl":"https:\/\/www.rri.ro\/wp-content\/uploads\/2024\/03\/RRI-960x540-Le-flash-2-NOU.jpg","width":960,"height":540},{"@type":"BreadcrumbList","@id":"https:\/\/www.rri.ro\/fr\/actualites\/le-flash\/07-03-2026-mise-a-jour-id991308.html#breadcrumb","itemListElement":[{"@type":"ListItem","position":1,"name":"Page d'accueil","item":"https:\/\/www.rri.ro\/fr"},{"@type":"ListItem","position":2,"name":"Actualit\u00e9s","item":"https:\/\/www.rri.ro\/fr\/actualites"},{"@type":"ListItem","position":3,"name":"Le flash","item":"https:\/\/www.rri.ro\/fr\/actualites\/le-flash"},{"@type":"ListItem","position":4,"name":"07.03.2026 (mise \u00e0 jour)"}]},{"@type":"WebSite","@id":"https:\/\/www.rri.ro\/#website","url":"https:\/\/www.rri.ro\/","name":"Radio Roumanie Internationale","description":"Totul despre Rom\u00e2nia \u015fi rom\u00e2ni, \u00een 13 limbi\/dialecte!","inLanguage":"fr-FR"},{"@type":"Person","@id":"https:\/\/www.rri.ro\/#\/schema\/person\/4a479940371b9fdefd194f561e8a7f88","name":"Newsroom","url":"https:\/\/www.rri.ro\/fr\/author\/newsroom"}]}},"_links":{"self":[{"href":"https:\/\/www.rri.ro\/fr\/wp-json\/wp\/v2\/posts\/991308","targetHints":{"allow":["GET"]}}],"collection":[{"href":"https:\/\/www.rri.ro\/fr\/wp-json\/wp\/v2\/posts"}],"about":[{"href":"https:\/\/www.rri.ro\/fr\/wp-json\/wp\/v2\/types\/post"}],"author":[{"embeddable":true,"href":"https:\/\/www.rri.ro\/fr\/wp-json\/wp\/v2\/users\/113"}],"replies":[{"embeddable":true,"href":"https:\/\/www.rri.ro\/fr\/wp-json\/wp\/v2\/comments?post=991308"}],"version-history":[{"count":0,"href":"https:\/\/www.rri.ro\/fr\/wp-json\/wp\/v2\/posts\/991308\/revisions"}],"wp:featuredmedia":[{"embeddable":true,"href":"https:\/\/www.rri.ro\/fr\/wp-json\/wp\/v2\/media\/723357"}],"wp:attachment":[{"href":"https:\/\/www.rri.ro\/fr\/wp-json\/wp\/v2\/media?parent=991308"}],"wp:term":[{"taxonomy":"category","embeddable":true,"href":"https:\/\/www.rri.ro\/fr\/wp-json\/wp\/v2\/categories?post=991308"},{"taxonomy":"post_tag","embeddable":true,"href":"https:\/\/www.rri.ro\/fr\/wp-json\/wp\/v2\/tags?post=991308"},{"taxonomy":"author","embeddable":true,"href":"https:\/\/www.rri.ro\/fr\/wp-json\/wp\/v2\/coauthors?post=991308"}],"curies":[{"name":"wp","href":"https:\/\/api.w.org\/{rel}","templated":true}]}}