{"id":992938,"date":"2026-03-11T18:29:03","date_gmt":"2026-03-11T16:29:03","guid":{"rendered":"https:\/\/www.rri.ro\/?p=992938"},"modified":"2026-03-11T18:37:56","modified_gmt":"2026-03-11T16:37:56","slug":"le-parlement-roumain-a-approuve-ce-mercredi-la-demande-de-deploiement-temporaire-en-roumanie-dequipements-de-defense-et-de-forces-militaires-americaines-dans-le-contexte-de-la-crise-au-moyen","status":"publish","type":"post","link":"https:\/\/www.rri.ro\/fr\/actualites\/cest-maintenant\/le-parlement-roumain-a-approuve-ce-mercredi-la-demande-de-deploiement-temporaire-en-roumanie-dequipements-de-defense-et-de-forces-militaires-americaines-dans-le-contexte-de-la-crise-au-moyen-id992938.html","title":{"rendered":"Le Parlement roumain a approuv\u00e9 ce mercredi la demande de d\u00e9ploiement temporaire en Roumanie d\u2019\u00e9quipements de d\u00e9fense et de forces militaires am\u00e9ricaines dans le contexte de la crise au Moyen Orient"},"content":{"rendered":"<p>Conform\u00e9ment \u00e0 la loi, l\u2019approbation du parlement \u00e9tait n\u00e9cessaire. Selon le chef de l\u2019Etat, il s\u2019agirait d\u2019avions de ravitaillement, d\u2019\u00e9quipements de surveillance et de communication satellitaires qui font partie du bouclier antimissile am\u00e9ricain install\u00e9 \u00e0 Deveselu, dans le sud de la Roumanie. Le chef de l\u2019Etat a pr\u00e9cis\u00e9 que ces \u00e9quipements d\u00e9fensifs qui ne sont pas dot\u00e9s d\u2019armement proprement-dit devraient \u00eatre d\u00e9ploy\u00e9s aux termes du Partenariat entre la Roumanie et les Etats Unis, la collaboration \u00e9tant similaire \u00e0 celle d\u00e9roul\u00e9e entre Washington et d\u2019autres Etats membres de l\u2019OTAN. Nicu\u015for Dan a \u00e9galement ajout\u00e9 que les \u00e9quipements en question devraient augmenter la s\u00e9curit\u00e9 de la Roumanie et que les Roumains n\u2019avaient aucune raison d\u2019inqui\u00e9tude.<\/p>\n","protected":false},"excerpt":{"rendered":"<p>Conform\u00e9ment \u00e0 la loi, l\u2019approbation du parlement \u00e9tait n\u00e9cessaire. Selon le chef de l\u2019Etat, il s\u2019agirait d\u2019avions de ravitaillement, d\u2019\u00e9quipements de surveillance et de communication satellitaires qui font partie du bouclier antimissile am\u00e9ricain install\u00e9 \u00e0 Deveselu, dans le sud de la Roumanie. Le chef de l\u2019Etat a pr\u00e9cis\u00e9 que ces \u00e9quipements d\u00e9fensifs qui ne sont [&hellip;]<\/p>\n","protected":false},"author":113,"featured_media":956278,"comment_status":"closed","ping_status":"closed","sticky":false,"template":"","format":"standard","meta":{"_acf_changed":false,"footnotes":""},"categories":[94480],"tags":[],"coauthors":[116091],"class_list":["post-992938","post","type-post","status-publish","format-standard","has-post-thumbnail","hentry","category-cest-maintenant"],"acf":[],"yoast_head":"<!-- This site is optimized with the Yoast SEO plugin v27.5 - https:\/\/yoast.com\/product\/yoast-seo-wordpress\/ -->\n<title>Le Parlement roumain a approuv\u00e9 ce mercredi la demande de d\u00e9ploiement temporaire en Roumanie d\u2019\u00e9quipements de d\u00e9fense et de forces militaires am\u00e9ricaines dans le contexte de la crise au Moyen Orient - Radio Roumanie Internationale<\/title>\n<meta name=\"robots\" content=\"index, follow, max-snippet:-1, max-image-preview:large, max-video-preview:-1\" \/>\n<link rel=\"canonical\" href=\"https:\/\/www.rri.ro\/fr\/actualites\/cest-maintenant\/le-parlement-roumain-a-approuve-ce-mercredi-la-demande-de-deploiement-temporaire-en-roumanie-dequipements-de-defense-et-de-forces-militaires-americaines-dans-le-contexte-de-la-crise-au-moyen-id992938.html\" \/>\n<meta property=\"og:locale\" content=\"fr_FR\" \/>\n<meta property=\"og:type\" content=\"article\" \/>\n<meta property=\"og:title\" content=\"Le Parlement roumain a approuv\u00e9 ce mercredi la demande de d\u00e9ploiement temporaire en Roumanie d\u2019\u00e9quipements de d\u00e9fense et de forces militaires am\u00e9ricaines dans le contexte de la crise au Moyen Orient - Radio Roumanie Internationale\" \/>\n<meta property=\"og:description\" content=\"Conform\u00e9ment \u00e0 la loi, l\u2019approbation du parlement \u00e9tait n\u00e9cessaire. Selon le chef de l\u2019Etat, il s\u2019agirait d\u2019avions de ravitaillement, d\u2019\u00e9quipements de surveillance et de communication satellitaires qui font partie du bouclier antimissile am\u00e9ricain install\u00e9 \u00e0 Deveselu, dans le sud de la Roumanie. Le chef de l\u2019Etat a pr\u00e9cis\u00e9 que ces \u00e9quipements d\u00e9fensifs qui ne sont [&hellip;]\" \/>\n<meta property=\"og:url\" content=\"https:\/\/www.rri.ro\/fr\/actualites\/cest-maintenant\/le-parlement-roumain-a-approuve-ce-mercredi-la-demande-de-deploiement-temporaire-en-roumanie-dequipements-de-defense-et-de-forces-militaires-americaines-dans-le-contexte-de-la-crise-au-moyen-id992938.html\" \/>\n<meta property=\"og:site_name\" content=\"Radio Roumanie Internationale\" \/>\n<meta property=\"article:published_time\" content=\"2026-03-11T16:29:03+00:00\" \/>\n<meta property=\"article:modified_time\" content=\"2026-03-11T16:37:56+00:00\" \/>\n<meta property=\"og:image\" content=\"https:\/\/www.rri.ro\/wp-content\/uploads\/2025\/11\/Nicusor-Dan-Parlament-foto-presidency.jpg\" \/>\n\t<meta property=\"og:image:width\" content=\"960\" \/>\n\t<meta property=\"og:image:height\" content=\"540\" \/>\n\t<meta property=\"og:image:type\" content=\"image\/jpeg\" \/>\n<meta name=\"author\" content=\"Newsroom\" \/>\n<meta name=\"twitter:card\" content=\"summary_large_image\" \/>\n<meta name=\"twitter:label1\" content=\"\u00c9crit par\" \/>\n\t<meta name=\"twitter:data1\" content=\"Newsroom\" \/>\n\t<meta name=\"twitter:label2\" content=\"Dur\u00e9e de lecture estim\u00e9e\" \/>\n\t<meta name=\"twitter:data2\" content=\"1 minute\" \/>\n\t<meta name=\"twitter:label3\" content=\"Written by\" \/>\n\t<meta name=\"twitter:data3\" content=\"Newsroom\" \/>\n<script type=\"application\/ld+json\" class=\"yoast-schema-graph\">{\"@context\":\"https:\\\/\\\/schema.org\",\"@graph\":[{\"@type\":\"Article\",\"@id\":\"https:\\\/\\\/www.rri.ro\\\/fr\\\/actualites\\\/cest-maintenant\\\/le-parlement-roumain-a-approuve-ce-mercredi-la-demande-de-deploiement-temporaire-en-roumanie-dequipements-de-defense-et-de-forces-militaires-americaines-dans-le-contexte-de-la-crise-au-moyen-id992938.html#article\",\"isPartOf\":{\"@id\":\"https:\\\/\\\/www.rri.ro\\\/fr\\\/actualites\\\/cest-maintenant\\\/le-parlement-roumain-a-approuve-ce-mercredi-la-demande-de-deploiement-temporaire-en-roumanie-dequipements-de-defense-et-de-forces-militaires-americaines-dans-le-contexte-de-la-crise-au-moyen-id992938.html\"},\"author\":{\"name\":\"Newsroom\",\"@id\":\"https:\\\/\\\/www.rri.ro\\\/#\\\/schema\\\/person\\\/4a479940371b9fdefd194f561e8a7f88\"},\"headline\":\"Le Parlement roumain a approuv\u00e9 ce mercredi la demande de d\u00e9ploiement temporaire en Roumanie d\u2019\u00e9quipements de d\u00e9fense et de forces militaires am\u00e9ricaines dans le contexte de la crise au Moyen Orient\",\"datePublished\":\"2026-03-11T16:29:03+00:00\",\"dateModified\":\"2026-03-11T16:37:56+00:00\",\"mainEntityOfPage\":{\"@id\":\"https:\\\/\\\/www.rri.ro\\\/fr\\\/actualites\\\/cest-maintenant\\\/le-parlement-roumain-a-approuve-ce-mercredi-la-demande-de-deploiement-temporaire-en-roumanie-dequipements-de-defense-et-de-forces-militaires-americaines-dans-le-contexte-de-la-crise-au-moyen-id992938.html\"},\"wordCount\":169,\"image\":{\"@id\":\"https:\\\/\\\/www.rri.ro\\\/fr\\\/actualites\\\/cest-maintenant\\\/le-parlement-roumain-a-approuve-ce-mercredi-la-demande-de-deploiement-temporaire-en-roumanie-dequipements-de-defense-et-de-forces-militaires-americaines-dans-le-contexte-de-la-crise-au-moyen-id992938.html#primaryimage\"},\"thumbnailUrl\":\"https:\\\/\\\/www.rri.ro\\\/wp-content\\\/uploads\\\/2025\\\/11\\\/Nicusor-Dan-Parlament-foto-presidency.jpg\",\"articleSection\":[\"C'est maintenant\"],\"inLanguage\":\"fr-FR\"},{\"@type\":\"WebPage\",\"@id\":\"https:\\\/\\\/www.rri.ro\\\/fr\\\/actualites\\\/cest-maintenant\\\/le-parlement-roumain-a-approuve-ce-mercredi-la-demande-de-deploiement-temporaire-en-roumanie-dequipements-de-defense-et-de-forces-militaires-americaines-dans-le-contexte-de-la-crise-au-moyen-id992938.html\",\"url\":\"https:\\\/\\\/www.rri.ro\\\/fr\\\/actualites\\\/cest-maintenant\\\/le-parlement-roumain-a-approuve-ce-mercredi-la-demande-de-deploiement-temporaire-en-roumanie-dequipements-de-defense-et-de-forces-militaires-americaines-dans-le-contexte-de-la-crise-au-moyen-id992938.html\",\"name\":\"Le Parlement roumain a approuv\u00e9 ce mercredi la demande de d\u00e9ploiement temporaire en Roumanie d\u2019\u00e9quipements de d\u00e9fense et de forces militaires am\u00e9ricaines dans le contexte de la crise au Moyen Orient - Radio Roumanie Internationale\",\"isPartOf\":{\"@id\":\"https:\\\/\\\/www.rri.ro\\\/#website\"},\"primaryImageOfPage\":{\"@id\":\"https:\\\/\\\/www.rri.ro\\\/fr\\\/actualites\\\/cest-maintenant\\\/le-parlement-roumain-a-approuve-ce-mercredi-la-demande-de-deploiement-temporaire-en-roumanie-dequipements-de-defense-et-de-forces-militaires-americaines-dans-le-contexte-de-la-crise-au-moyen-id992938.html#primaryimage\"},\"image\":{\"@id\":\"https:\\\/\\\/www.rri.ro\\\/fr\\\/actualites\\\/cest-maintenant\\\/le-parlement-roumain-a-approuve-ce-mercredi-la-demande-de-deploiement-temporaire-en-roumanie-dequipements-de-defense-et-de-forces-militaires-americaines-dans-le-contexte-de-la-crise-au-moyen-id992938.html#primaryimage\"},\"thumbnailUrl\":\"https:\\\/\\\/www.rri.ro\\\/wp-content\\\/uploads\\\/2025\\\/11\\\/Nicusor-Dan-Parlament-foto-presidency.jpg\",\"datePublished\":\"2026-03-11T16:29:03+00:00\",\"dateModified\":\"2026-03-11T16:37:56+00:00\",\"author\":{\"@id\":\"https:\\\/\\\/www.rri.ro\\\/#\\\/schema\\\/person\\\/4a479940371b9fdefd194f561e8a7f88\"},\"breadcrumb\":{\"@id\":\"https:\\\/\\\/www.rri.ro\\\/fr\\\/actualites\\\/cest-maintenant\\\/le-parlement-roumain-a-approuve-ce-mercredi-la-demande-de-deploiement-temporaire-en-roumanie-dequipements-de-defense-et-de-forces-militaires-americaines-dans-le-contexte-de-la-crise-au-moyen-id992938.html#breadcrumb\"},\"inLanguage\":\"fr-FR\",\"potentialAction\":[{\"@type\":\"ReadAction\",\"target\":[\"https:\\\/\\\/www.rri.ro\\\/fr\\\/actualites\\\/cest-maintenant\\\/le-parlement-roumain-a-approuve-ce-mercredi-la-demande-de-deploiement-temporaire-en-roumanie-dequipements-de-defense-et-de-forces-militaires-americaines-dans-le-contexte-de-la-crise-au-moyen-id992938.html\"]}]},{\"@type\":\"ImageObject\",\"inLanguage\":\"fr-FR\",\"@id\":\"https:\\\/\\\/www.rri.ro\\\/fr\\\/actualites\\\/cest-maintenant\\\/le-parlement-roumain-a-approuve-ce-mercredi-la-demande-de-deploiement-temporaire-en-roumanie-dequipements-de-defense-et-de-forces-militaires-americaines-dans-le-contexte-de-la-crise-au-moyen-id992938.html#primaryimage\",\"url\":\"https:\\\/\\\/www.rri.ro\\\/wp-content\\\/uploads\\\/2025\\\/11\\\/Nicusor-Dan-Parlament-foto-presidency.jpg\",\"contentUrl\":\"https:\\\/\\\/www.rri.ro\\\/wp-content\\\/uploads\\\/2025\\\/11\\\/Nicusor-Dan-Parlament-foto-presidency.jpg\",\"width\":960,\"height\":540,\"caption\":\"Nicu\u015for Dan\"},{\"@type\":\"BreadcrumbList\",\"@id\":\"https:\\\/\\\/www.rri.ro\\\/fr\\\/actualites\\\/cest-maintenant\\\/le-parlement-roumain-a-approuve-ce-mercredi-la-demande-de-deploiement-temporaire-en-roumanie-dequipements-de-defense-et-de-forces-militaires-americaines-dans-le-contexte-de-la-crise-au-moyen-id992938.html#breadcrumb\",\"itemListElement\":[{\"@type\":\"ListItem\",\"position\":1,\"name\":\"Page d'accueil\",\"item\":\"https:\\\/\\\/www.rri.ro\\\/fr\"},{\"@type\":\"ListItem\",\"position\":2,\"name\":\"Actualit\u00e9s\",\"item\":\"https:\\\/\\\/www.rri.ro\\\/fr\\\/actualites\"},{\"@type\":\"ListItem\",\"position\":3,\"name\":\"C'est maintenant\",\"item\":\"https:\\\/\\\/www.rri.ro\\\/fr\\\/actualites\\\/cest-maintenant\"},{\"@type\":\"ListItem\",\"position\":4,\"name\":\"Le Parlement roumain a approuv\u00e9 ce mercredi la demande de d\u00e9ploiement temporaire en Roumanie d\u2019\u00e9quipements de d\u00e9fense et de forces militaires am\u00e9ricaines dans le contexte de la crise au Moyen Orient\"}]},{\"@type\":\"WebSite\",\"@id\":\"https:\\\/\\\/www.rri.ro\\\/#website\",\"url\":\"https:\\\/\\\/www.rri.ro\\\/\",\"name\":\"Radio Roumanie Internationale\",\"description\":\"Totul despre Rom\u00e2nia \u015fi rom\u00e2ni, \u00een 13 limbi\\\/dialecte!\",\"inLanguage\":\"fr-FR\"},{\"@type\":\"Person\",\"@id\":\"https:\\\/\\\/www.rri.ro\\\/#\\\/schema\\\/person\\\/4a479940371b9fdefd194f561e8a7f88\",\"name\":\"Newsroom\",\"url\":\"https:\\\/\\\/www.rri.ro\\\/fr\\\/author\\\/newsroom\"}]}<\/script>\n<!-- \/ Yoast SEO plugin. -->","yoast_head_json":{"title":"Le Parlement roumain a approuv\u00e9 ce mercredi la demande de d\u00e9ploiement temporaire en Roumanie d\u2019\u00e9quipements de d\u00e9fense et de forces militaires am\u00e9ricaines dans le contexte de la crise au Moyen Orient - Radio Roumanie Internationale","robots":{"index":"index","follow":"follow","max-snippet":"max-snippet:-1","max-image-preview":"max-image-preview:large","max-video-preview":"max-video-preview:-1"},"canonical":"https:\/\/www.rri.ro\/fr\/actualites\/cest-maintenant\/le-parlement-roumain-a-approuve-ce-mercredi-la-demande-de-deploiement-temporaire-en-roumanie-dequipements-de-defense-et-de-forces-militaires-americaines-dans-le-contexte-de-la-crise-au-moyen-id992938.html","og_locale":"fr_FR","og_type":"article","og_title":"Le Parlement roumain a approuv\u00e9 ce mercredi la demande de d\u00e9ploiement temporaire en Roumanie d\u2019\u00e9quipements de d\u00e9fense et de forces militaires am\u00e9ricaines dans le contexte de la crise au Moyen Orient - Radio Roumanie Internationale","og_description":"Conform\u00e9ment \u00e0 la loi, l\u2019approbation du parlement \u00e9tait n\u00e9cessaire. Selon le chef de l\u2019Etat, il s\u2019agirait d\u2019avions de ravitaillement, d\u2019\u00e9quipements de surveillance et de communication satellitaires qui font partie du bouclier antimissile am\u00e9ricain install\u00e9 \u00e0 Deveselu, dans le sud de la Roumanie. Le chef de l\u2019Etat a pr\u00e9cis\u00e9 que ces \u00e9quipements d\u00e9fensifs qui ne sont [&hellip;]","og_url":"https:\/\/www.rri.ro\/fr\/actualites\/cest-maintenant\/le-parlement-roumain-a-approuve-ce-mercredi-la-demande-de-deploiement-temporaire-en-roumanie-dequipements-de-defense-et-de-forces-militaires-americaines-dans-le-contexte-de-la-crise-au-moyen-id992938.html","og_site_name":"Radio Roumanie Internationale","article_published_time":"2026-03-11T16:29:03+00:00","article_modified_time":"2026-03-11T16:37:56+00:00","og_image":[{"width":960,"height":540,"url":"https:\/\/www.rri.ro\/wp-content\/uploads\/2025\/11\/Nicusor-Dan-Parlament-foto-presidency.jpg","type":"image\/jpeg"}],"author":"Newsroom","twitter_card":"summary_large_image","twitter_misc":{"\u00c9crit par":"Newsroom","Dur\u00e9e de lecture estim\u00e9e":"1 minute","Written by":"Newsroom"},"schema":{"@context":"https:\/\/schema.org","@graph":[{"@type":"Article","@id":"https:\/\/www.rri.ro\/fr\/actualites\/cest-maintenant\/le-parlement-roumain-a-approuve-ce-mercredi-la-demande-de-deploiement-temporaire-en-roumanie-dequipements-de-defense-et-de-forces-militaires-americaines-dans-le-contexte-de-la-crise-au-moyen-id992938.html#article","isPartOf":{"@id":"https:\/\/www.rri.ro\/fr\/actualites\/cest-maintenant\/le-parlement-roumain-a-approuve-ce-mercredi-la-demande-de-deploiement-temporaire-en-roumanie-dequipements-de-defense-et-de-forces-militaires-americaines-dans-le-contexte-de-la-crise-au-moyen-id992938.html"},"author":{"name":"Newsroom","@id":"https:\/\/www.rri.ro\/#\/schema\/person\/4a479940371b9fdefd194f561e8a7f88"},"headline":"Le Parlement roumain a approuv\u00e9 ce mercredi la demande de d\u00e9ploiement temporaire en Roumanie d\u2019\u00e9quipements de d\u00e9fense et de forces militaires am\u00e9ricaines dans le contexte de la crise au Moyen Orient","datePublished":"2026-03-11T16:29:03+00:00","dateModified":"2026-03-11T16:37:56+00:00","mainEntityOfPage":{"@id":"https:\/\/www.rri.ro\/fr\/actualites\/cest-maintenant\/le-parlement-roumain-a-approuve-ce-mercredi-la-demande-de-deploiement-temporaire-en-roumanie-dequipements-de-defense-et-de-forces-militaires-americaines-dans-le-contexte-de-la-crise-au-moyen-id992938.html"},"wordCount":169,"image":{"@id":"https:\/\/www.rri.ro\/fr\/actualites\/cest-maintenant\/le-parlement-roumain-a-approuve-ce-mercredi-la-demande-de-deploiement-temporaire-en-roumanie-dequipements-de-defense-et-de-forces-militaires-americaines-dans-le-contexte-de-la-crise-au-moyen-id992938.html#primaryimage"},"thumbnailUrl":"https:\/\/www.rri.ro\/wp-content\/uploads\/2025\/11\/Nicusor-Dan-Parlament-foto-presidency.jpg","articleSection":["C'est maintenant"],"inLanguage":"fr-FR"},{"@type":"WebPage","@id":"https:\/\/www.rri.ro\/fr\/actualites\/cest-maintenant\/le-parlement-roumain-a-approuve-ce-mercredi-la-demande-de-deploiement-temporaire-en-roumanie-dequipements-de-defense-et-de-forces-militaires-americaines-dans-le-contexte-de-la-crise-au-moyen-id992938.html","url":"https:\/\/www.rri.ro\/fr\/actualites\/cest-maintenant\/le-parlement-roumain-a-approuve-ce-mercredi-la-demande-de-deploiement-temporaire-en-roumanie-dequipements-de-defense-et-de-forces-militaires-americaines-dans-le-contexte-de-la-crise-au-moyen-id992938.html","name":"Le Parlement roumain a approuv\u00e9 ce mercredi la demande de d\u00e9ploiement temporaire en Roumanie d\u2019\u00e9quipements de d\u00e9fense et de forces militaires am\u00e9ricaines dans le contexte de la crise au Moyen Orient - Radio Roumanie Internationale","isPartOf":{"@id":"https:\/\/www.rri.ro\/#website"},"primaryImageOfPage":{"@id":"https:\/\/www.rri.ro\/fr\/actualites\/cest-maintenant\/le-parlement-roumain-a-approuve-ce-mercredi-la-demande-de-deploiement-temporaire-en-roumanie-dequipements-de-defense-et-de-forces-militaires-americaines-dans-le-contexte-de-la-crise-au-moyen-id992938.html#primaryimage"},"image":{"@id":"https:\/\/www.rri.ro\/fr\/actualites\/cest-maintenant\/le-parlement-roumain-a-approuve-ce-mercredi-la-demande-de-deploiement-temporaire-en-roumanie-dequipements-de-defense-et-de-forces-militaires-americaines-dans-le-contexte-de-la-crise-au-moyen-id992938.html#primaryimage"},"thumbnailUrl":"https:\/\/www.rri.ro\/wp-content\/uploads\/2025\/11\/Nicusor-Dan-Parlament-foto-presidency.jpg","datePublished":"2026-03-11T16:29:03+00:00","dateModified":"2026-03-11T16:37:56+00:00","author":{"@id":"https:\/\/www.rri.ro\/#\/schema\/person\/4a479940371b9fdefd194f561e8a7f88"},"breadcrumb":{"@id":"https:\/\/www.rri.ro\/fr\/actualites\/cest-maintenant\/le-parlement-roumain-a-approuve-ce-mercredi-la-demande-de-deploiement-temporaire-en-roumanie-dequipements-de-defense-et-de-forces-militaires-americaines-dans-le-contexte-de-la-crise-au-moyen-id992938.html#breadcrumb"},"inLanguage":"fr-FR","potentialAction":[{"@type":"ReadAction","target":["https:\/\/www.rri.ro\/fr\/actualites\/cest-maintenant\/le-parlement-roumain-a-approuve-ce-mercredi-la-demande-de-deploiement-temporaire-en-roumanie-dequipements-de-defense-et-de-forces-militaires-americaines-dans-le-contexte-de-la-crise-au-moyen-id992938.html"]}]},{"@type":"ImageObject","inLanguage":"fr-FR","@id":"https:\/\/www.rri.ro\/fr\/actualites\/cest-maintenant\/le-parlement-roumain-a-approuve-ce-mercredi-la-demande-de-deploiement-temporaire-en-roumanie-dequipements-de-defense-et-de-forces-militaires-americaines-dans-le-contexte-de-la-crise-au-moyen-id992938.html#primaryimage","url":"https:\/\/www.rri.ro\/wp-content\/uploads\/2025\/11\/Nicusor-Dan-Parlament-foto-presidency.jpg","contentUrl":"https:\/\/www.rri.ro\/wp-content\/uploads\/2025\/11\/Nicusor-Dan-Parlament-foto-presidency.jpg","width":960,"height":540,"caption":"Nicu\u015for Dan"},{"@type":"BreadcrumbList","@id":"https:\/\/www.rri.ro\/fr\/actualites\/cest-maintenant\/le-parlement-roumain-a-approuve-ce-mercredi-la-demande-de-deploiement-temporaire-en-roumanie-dequipements-de-defense-et-de-forces-militaires-americaines-dans-le-contexte-de-la-crise-au-moyen-id992938.html#breadcrumb","itemListElement":[{"@type":"ListItem","position":1,"name":"Page d'accueil","item":"https:\/\/www.rri.ro\/fr"},{"@type":"ListItem","position":2,"name":"Actualit\u00e9s","item":"https:\/\/www.rri.ro\/fr\/actualites"},{"@type":"ListItem","position":3,"name":"C'est maintenant","item":"https:\/\/www.rri.ro\/fr\/actualites\/cest-maintenant"},{"@type":"ListItem","position":4,"name":"Le Parlement roumain a approuv\u00e9 ce mercredi la demande de d\u00e9ploiement temporaire en Roumanie d\u2019\u00e9quipements de d\u00e9fense et de forces militaires am\u00e9ricaines dans le contexte de la crise au Moyen Orient"}]},{"@type":"WebSite","@id":"https:\/\/www.rri.ro\/#website","url":"https:\/\/www.rri.ro\/","name":"Radio Roumanie Internationale","description":"Totul despre Rom\u00e2nia \u015fi rom\u00e2ni, \u00een 13 limbi\/dialecte!","inLanguage":"fr-FR"},{"@type":"Person","@id":"https:\/\/www.rri.ro\/#\/schema\/person\/4a479940371b9fdefd194f561e8a7f88","name":"Newsroom","url":"https:\/\/www.rri.ro\/fr\/author\/newsroom"}]}},"_links":{"self":[{"href":"https:\/\/www.rri.ro\/fr\/wp-json\/wp\/v2\/posts\/992938","targetHints":{"allow":["GET"]}}],"collection":[{"href":"https:\/\/www.rri.ro\/fr\/wp-json\/wp\/v2\/posts"}],"about":[{"href":"https:\/\/www.rri.ro\/fr\/wp-json\/wp\/v2\/types\/post"}],"author":[{"embeddable":true,"href":"https:\/\/www.rri.ro\/fr\/wp-json\/wp\/v2\/users\/113"}],"replies":[{"embeddable":true,"href":"https:\/\/www.rri.ro\/fr\/wp-json\/wp\/v2\/comments?post=992938"}],"version-history":[{"count":0,"href":"https:\/\/www.rri.ro\/fr\/wp-json\/wp\/v2\/posts\/992938\/revisions"}],"wp:featuredmedia":[{"embeddable":true,"href":"https:\/\/www.rri.ro\/fr\/wp-json\/wp\/v2\/media\/956278"}],"wp:attachment":[{"href":"https:\/\/www.rri.ro\/fr\/wp-json\/wp\/v2\/media?parent=992938"}],"wp:term":[{"taxonomy":"category","embeddable":true,"href":"https:\/\/www.rri.ro\/fr\/wp-json\/wp\/v2\/categories?post=992938"},{"taxonomy":"post_tag","embeddable":true,"href":"https:\/\/www.rri.ro\/fr\/wp-json\/wp\/v2\/tags?post=992938"},{"taxonomy":"author","embeddable":true,"href":"https:\/\/www.rri.ro\/fr\/wp-json\/wp\/v2\/coauthors?post=992938"}],"curies":[{"name":"wp","href":"https:\/\/api.w.org\/{rel}","templated":true}]}}