{"id":1009822,"date":"2026-04-26T11:51:45","date_gmt":"2026-04-26T08:51:45","guid":{"rendered":"https:\/\/www.rri.ro\/?p=1009822"},"modified":"2026-04-23T21:54:02","modified_gmt":"2026-04-23T18:54:02","slug":"invito-in-provincia-di-neamt","status":"publish","type":"post","link":"https:\/\/www.rri.ro\/it\/guida-programmi\/terre-e-sapori\/invito-in-provincia-di-neamt-id1009822.html","title":{"rendered":"Invito in Provincia di Neam\u021b"},"content":{"rendered":"<p>Oltre alle attrazioni gi\u00e0 note, in provincia di Neam\u021b saranno realizzati ambiziosi progetti nei prossimi anni, come lo sviluppo di un villaggio vacanze a tema, dedicato ai personaggi creati dallo scrittore Ion Creang\u0103.<\/p>\n<p>L&#8217;intera esperienza turistica \u00e8 arricchita dalla gastronomia locale e dall&#8217;autenticit\u00e0 dei villaggi tradizionali. Il presidente del Consiglio provinciale di Neam\u021b, Daniel-Vasilic\u0103 Harpa, ci offre una panoramica di questa provincia. \u201cLa provincia di Neam\u021b ha una lunga storia. Basta ricordare la cultura Cucuteni e il Museo di Arte Eneolitica Cucuteni a Piatra Neam\u021b, un punto di riferimento europeo. Neam\u021b \u00e8 anche un pilastro della Moldavia medievale. Sul suo territorio si trovano la Fortezza di Neam\u021b, la Corte Principesca di Piatra Neam\u021b e un vasto patrimonio risalente all&#8217;epoca del sovrano Stefano il Grande (1457-1504). La provincia vanta una vasta rete di musei e case-memoria, come la Casa-memoria &#8220;Ion Creang\u0103&#8221; a Humule\u0219ti, insieme alle case degli scrittori Veronica Micle, Calistrat Hoga\u0219 e Mihail Sadoveanu. Tutto ci\u00f2 dimostra che Neam\u021b \u00e8 un importante centro culturale. In termini di spiritualit\u00e0, la provincia \u00e8 considerata un &#8220;piccolo Athos&#8221; della Romania, avendo il maggior numero di luoghi di culto del paese. Ospita i monasteri di Neam\u021b, Agapia e V\u0103ratec, questi ultimi due tra i pi\u00f9 grandi monasteri di suore in Europa. A questi si aggiungono Sih\u0103stria, Secu, Sihla e altri luoghi con una forte tradizione monastica, che attraggono pellegrini e turisti da tutto il mondo.\u201d<\/p>\n<p>Oltre al suo valore storico e spirituale, la provincia attrae per l&#8217;unicit\u00e0 del suo patrimonio naturale. Ad esempio, la Terra dei Bisonti \u00e8 una destinazione ecologica riconosciuta a livello internazionale, essendo tra le poche destinazioni di ecoturismo certificate in Romania. \u00c8 anche l&#8217;unico luogo in Europa dove \u00e8 possibile osservare i bisonti contemporaneamente in libert\u00e0, in semilibert\u00e0 e in cattivit\u00e0. Il presidente del Consiglio provinciale di Neam\u021b, Daniel-Vasilic\u0103 Harpa, ci ha parlato dello spettacolo della natura e delle esperienze offerte ai turisti. \u201cDal punto di vista naturalistico, ci sono tre importanti aree protette: il Parco Nazionale di Ceahl\u0103u, il Parco Naturale di V\u00e2n\u0103tori-Neam\u021b e il Parco Nazionale di Cheile Bicazului-H\u0103\u0219ma\u0219. Le attrazioni naturali sono completate da laghi spettacolari, come Izvorul Muntelui, soprannominato il \u201cmare tra le montagne\u201d, il lago di Bicaz e il lago di Cuejdel. Oltre ai paesaggi, i visitatori sono accolti da accoglienti comunit\u00e0 locali e da un&#8217;autentica gastronomia. Neam\u021b \u00e8 quindi una destinazione completa, con una forte identit\u00e0. La provincia di Neam\u021b pu\u00f2 essere visitata in qualsiasi periodo dell&#8217;anno, poich\u00e9 offre costantemente esperienze diverse: esplorazione nella natura, avventura, cultura, spiritualit\u00e0 e relax. Un importante punto di riferimento \u00e8 il Massiccio di Ceahl\u0103u, noto anche come l&#8217;\u201cOlimpo della Moldavia\u201d, con attrazioni rinomate come la cima Toaca, la baita Dochia e la cascata Duruitoarea.\u201d<\/p>\n<p>I viaggiatori, soprattutto quelli provenienti da fuori della Romania, desiderano entrare in contatto con le specificit\u00e0 locali e scoprire l&#8217;autentica arte tradizionale. Daniel-Vasilic\u0103 Harpa ci ha parlato del ricco programma di eventi dedicato a coloro che desiderano conoscere il lavoro degli artigiani. \u201eSia a livello di provincia che a livello di amministrazioni locali, abbiamo un calendario annuale ben strutturato. Il Centro per la Cultura e le Arti &#8220;Carmen Saeculare&#8221; organizza numerosi festival internazionali. Tra i pi\u00f9 importanti figurano le &#8220;Feste Musicali&#8221;, il Festival &#8220;Ceahl\u0103ul&#8221;, le &#8220;Giornate della Fortezza di Neam\u021b&#8221;, i mercatini natalizi e le &#8220;Giornate dello scrittore Ion Creang\u0103&#8221;. A questi si aggiungono festival ed eventi specifici di ogni localit\u00e0. L&#8217;artigianato tradizionale viene promosso, in particolare, attraverso questi festival ed eventi dedicati alle tradizioni. Un esempio eloquente \u00e8 l&#8217;iniziativa annuale &#8220;Il baule della provincia di Neam\u021b&#8221;. I turisti possono incontrare gli artigiani anche visitando antiche chiese in legno, percorsi delle case della memoria o sentieri religiosi. Essi praticano diverse attivit\u00e0 artigianali, dalla lavorazione della ceramica e la tessitura all&#8217;intaglio del legno. Sono artigiani riconosciuti a livello internazionale, come la coppia Lungu. Inoltre, la zona di Humule\u0219ti e le comunit\u00e0 rurali intorno ai monasteri di Agapia e V\u0103ratec offrono un&#8217;autentico mix di tradizione e spiritualit\u00e0.\u201d<\/p>\n<p>Per rendere queste attrazioni ancora pi\u00f9 accessibili ai visitatori, le autorit\u00e0 stanno lavorando a una piattaforma digitale provinciale che consentir\u00e0 la rapida creazione di itinerari personalizzati. Inoltre, oltre alle infrastrutture stradali, l&#8217;amministrazione sta preparando attrazioni completamente nuove, come spiega Daniel-Vasilic\u0103 Harpa, presidente del Consiglio provinciale di Neam\u021b. \u201cLa strategia di sviluppo turistico della provincia si concentra su investimenti con un impatto a lungo termine. Abbiamo due progetti principali. Il primo \u00e8 la costruzione di un villaggio turistico a tema nella zona di Humule\u0219ti, ispirato ai racconti di Ion Creang\u0103 e all&#8217;universo del villaggio moldavo tradizionale. Il progetto sar\u00e0 finanziato, in gran parte, con fondi europei e dal bilancio del Consiglio, e speriamo di iniziare presto i lavori. Il secondo progetto riguarda la \u201cRiviera del Lago di Bicaz\u201d, un investimento nelle infrastrutture ricreative intorno al lago, che includer\u00e0 l&#8217;acquisto di imbarcazioni e moderne strutture per il tempo libero. Vi invito, quindi, a scoprire la provincia di Neam\u021b, un luogo dove ogni giorno pu\u00f2 essere diverso. Qui potrete fare escursioni in montagna, passeggiare sul Lago di Bicaz, visitare fortezze medievali e monasteri storici, o esplorare villaggi dove le tradizioni sono ancora vive. Troverete pace, autenticit\u00e0 e ospitalit\u00e0. Le esperienze che vivrete qui vi faranno sicuramente venire voglia di tornare. Vi aspettiamo!\u201d<\/p>\n<p>Si stima che il villaggio turistico a tema potr\u00e0 accogliere i suoi primi ospiti non oltre il 2029. Fino ad allora la regione rimane aperta e pronta ad accogliere turisti da tutto il mondo.<\/p>\n","protected":false},"excerpt":{"rendered":"<p>Oltre alle attrazioni gi\u00e0 note, in provincia di Neam\u021b saranno realizzati ambiziosi progetti nei prossimi anni, come lo sviluppo di un villaggio vacanze a tema, dedicato ai personaggi creati dallo scrittore Ion Creang\u0103. L&#8217;intera esperienza turistica \u00e8 arricchita dalla gastronomia locale e dall&#8217;autenticit\u00e0 dei villaggi tradizionali. Il presidente del Consiglio provinciale di Neam\u021b, Daniel-Vasilic\u0103 Harpa, [&hellip;]<\/p>\n","protected":false},"author":128,"featured_media":968445,"comment_status":"closed","ping_status":"closed","sticky":false,"template":"","format":"standard","meta":{"_acf_changed":false,"footnotes":""},"categories":[132209],"tags":[],"coauthors":[113280],"class_list":["post-1009822","post","type-post","status-publish","format-standard","has-post-thumbnail","hentry","category-terre-e-sapori"],"acf":[],"yoast_head":"<!-- This site is optimized with the Yoast SEO plugin v27.5 - https:\/\/yoast.com\/product\/yoast-seo-wordpress\/ -->\n<title>Invito in Provincia di Neam\u021b - Radio Romania Internazionale<\/title>\n<meta name=\"robots\" content=\"index, follow, max-snippet:-1, max-image-preview:large, max-video-preview:-1\" \/>\n<link rel=\"canonical\" href=\"https:\/\/www.rri.ro\/it\/guida-programmi\/terre-e-sapori\/invito-in-provincia-di-neamt-id1009822.html\" \/>\n<meta property=\"og:locale\" content=\"it_IT\" \/>\n<meta property=\"og:type\" content=\"article\" \/>\n<meta property=\"og:title\" content=\"Invito in Provincia di Neam\u021b - Radio Romania Internazionale\" \/>\n<meta property=\"og:description\" content=\"Oltre alle attrazioni gi\u00e0 note, in provincia di Neam\u021b saranno realizzati ambiziosi progetti nei prossimi anni, come lo sviluppo di un villaggio vacanze a tema, dedicato ai personaggi creati dallo scrittore Ion Creang\u0103. L&#8217;intera esperienza turistica \u00e8 arricchita dalla gastronomia locale e dall&#8217;autenticit\u00e0 dei villaggi tradizionali. Il presidente del Consiglio provinciale di Neam\u021b, Daniel-Vasilic\u0103 Harpa, [&hellip;]\" \/>\n<meta property=\"og:url\" content=\"https:\/\/www.rri.ro\/it\/guida-programmi\/terre-e-sapori\/invito-in-provincia-di-neamt-id1009822.html\" \/>\n<meta property=\"og:site_name\" content=\"Radio Romania Internazionale\" \/>\n<meta property=\"article:published_time\" content=\"2026-04-26T08:51:45+00:00\" \/>\n<meta property=\"og:image\" content=\"https:\/\/www.rri.ro\/wp-content\/uploads\/2026\/01\/Muzeul_Cetatea_Neamt_exterior_16x9.jpg\" \/>\n\t<meta property=\"og:image:width\" content=\"1200\" \/>\n\t<meta property=\"og:image:height\" content=\"675\" \/>\n\t<meta property=\"og:image:type\" content=\"image\/jpeg\" \/>\n<meta name=\"author\" content=\"Daniel Onea\" \/>\n<meta name=\"twitter:card\" content=\"summary_large_image\" \/>\n<meta name=\"twitter:label1\" content=\"Scritto da\" \/>\n\t<meta name=\"twitter:data1\" content=\"Daniel Onea\" \/>\n\t<meta name=\"twitter:label2\" content=\"Tempo di lettura stimato\" \/>\n\t<meta name=\"twitter:data2\" content=\"4 minuti\" \/>\n<script type=\"application\/ld+json\" class=\"yoast-schema-graph\">{\"@context\":\"https:\\\/\\\/schema.org\",\"@graph\":[{\"@type\":\"Article\",\"@id\":\"https:\\\/\\\/www.rri.ro\\\/it\\\/guida-programmi\\\/terre-e-sapori\\\/invito-in-provincia-di-neamt-id1009822.html#article\",\"isPartOf\":{\"@id\":\"https:\\\/\\\/www.rri.ro\\\/it\\\/guida-programmi\\\/terre-e-sapori\\\/invito-in-provincia-di-neamt-id1009822.html\"},\"author\":{\"name\":\"Daniel Onea\",\"@id\":\"https:\\\/\\\/www.rri.ro\\\/#\\\/schema\\\/person\\\/fcce42c208d45f30f5b054b64bc1e0df\"},\"headline\":\"Invito in Provincia di Neam\u021b\",\"datePublished\":\"2026-04-26T08:51:45+00:00\",\"mainEntityOfPage\":{\"@id\":\"https:\\\/\\\/www.rri.ro\\\/it\\\/guida-programmi\\\/terre-e-sapori\\\/invito-in-provincia-di-neamt-id1009822.html\"},\"wordCount\":915,\"image\":{\"@id\":\"https:\\\/\\\/www.rri.ro\\\/it\\\/guida-programmi\\\/terre-e-sapori\\\/invito-in-provincia-di-neamt-id1009822.html#primaryimage\"},\"thumbnailUrl\":\"https:\\\/\\\/www.rri.ro\\\/wp-content\\\/uploads\\\/2026\\\/01\\\/Muzeul_Cetatea_Neamt_exterior_16x9.jpg\",\"articleSection\":[\"Terre e sapori\"],\"inLanguage\":\"it-IT\"},{\"@type\":\"WebPage\",\"@id\":\"https:\\\/\\\/www.rri.ro\\\/it\\\/guida-programmi\\\/terre-e-sapori\\\/invito-in-provincia-di-neamt-id1009822.html\",\"url\":\"https:\\\/\\\/www.rri.ro\\\/it\\\/guida-programmi\\\/terre-e-sapori\\\/invito-in-provincia-di-neamt-id1009822.html\",\"name\":\"Invito in Provincia di Neam\u021b - Radio Romania Internazionale\",\"isPartOf\":{\"@id\":\"https:\\\/\\\/www.rri.ro\\\/#website\"},\"primaryImageOfPage\":{\"@id\":\"https:\\\/\\\/www.rri.ro\\\/it\\\/guida-programmi\\\/terre-e-sapori\\\/invito-in-provincia-di-neamt-id1009822.html#primaryimage\"},\"image\":{\"@id\":\"https:\\\/\\\/www.rri.ro\\\/it\\\/guida-programmi\\\/terre-e-sapori\\\/invito-in-provincia-di-neamt-id1009822.html#primaryimage\"},\"thumbnailUrl\":\"https:\\\/\\\/www.rri.ro\\\/wp-content\\\/uploads\\\/2026\\\/01\\\/Muzeul_Cetatea_Neamt_exterior_16x9.jpg\",\"datePublished\":\"2026-04-26T08:51:45+00:00\",\"author\":{\"@id\":\"https:\\\/\\\/www.rri.ro\\\/#\\\/schema\\\/person\\\/fcce42c208d45f30f5b054b64bc1e0df\"},\"breadcrumb\":{\"@id\":\"https:\\\/\\\/www.rri.ro\\\/it\\\/guida-programmi\\\/terre-e-sapori\\\/invito-in-provincia-di-neamt-id1009822.html#breadcrumb\"},\"inLanguage\":\"it-IT\",\"potentialAction\":[{\"@type\":\"ReadAction\",\"target\":[\"https:\\\/\\\/www.rri.ro\\\/it\\\/guida-programmi\\\/terre-e-sapori\\\/invito-in-provincia-di-neamt-id1009822.html\"]}]},{\"@type\":\"ImageObject\",\"inLanguage\":\"it-IT\",\"@id\":\"https:\\\/\\\/www.rri.ro\\\/it\\\/guida-programmi\\\/terre-e-sapori\\\/invito-in-provincia-di-neamt-id1009822.html#primaryimage\",\"url\":\"https:\\\/\\\/www.rri.ro\\\/wp-content\\\/uploads\\\/2026\\\/01\\\/Muzeul_Cetatea_Neamt_exterior_16x9.jpg\",\"contentUrl\":\"https:\\\/\\\/www.rri.ro\\\/wp-content\\\/uploads\\\/2026\\\/01\\\/Muzeul_Cetatea_Neamt_exterior_16x9.jpg\",\"width\":1200,\"height\":675,\"caption\":\"Il Museo della Fortezza di Neam\u021b,T\u00e2rgu-Neam\u021b\"},{\"@type\":\"BreadcrumbList\",\"@id\":\"https:\\\/\\\/www.rri.ro\\\/it\\\/guida-programmi\\\/terre-e-sapori\\\/invito-in-provincia-di-neamt-id1009822.html#breadcrumb\",\"itemListElement\":[{\"@type\":\"ListItem\",\"position\":1,\"name\":\"Pagina iniziale\",\"item\":\"https:\\\/\\\/www.rri.ro\\\/it\"},{\"@type\":\"ListItem\",\"position\":2,\"name\":\"Guida programmi\",\"item\":\"https:\\\/\\\/www.rri.ro\\\/it\\\/guida-programmi\"},{\"@type\":\"ListItem\",\"position\":3,\"name\":\"Terre e sapori\",\"item\":\"https:\\\/\\\/www.rri.ro\\\/it\\\/guida-programmi\\\/terre-e-sapori\"},{\"@type\":\"ListItem\",\"position\":4,\"name\":\"Invito in Provincia di Neam\u021b\"}]},{\"@type\":\"WebSite\",\"@id\":\"https:\\\/\\\/www.rri.ro\\\/#website\",\"url\":\"https:\\\/\\\/www.rri.ro\\\/\",\"name\":\"Radio Romania Internazionale\",\"description\":\"Totul despre Rom\u00e2nia \u015fi rom\u00e2ni, \u00een 13 limbi\\\/dialecte!\",\"inLanguage\":\"it-IT\"},{\"@type\":\"Person\",\"@id\":\"https:\\\/\\\/www.rri.ro\\\/#\\\/schema\\\/person\\\/fcce42c208d45f30f5b054b64bc1e0df\",\"name\":\"Daniel Onea\",\"url\":\"https:\\\/\\\/www.rri.ro\\\/it\\\/author\\\/daniel-onea\"}]}<\/script>\n<!-- \/ Yoast SEO plugin. -->","yoast_head_json":{"title":"Invito in Provincia di Neam\u021b - Radio Romania Internazionale","robots":{"index":"index","follow":"follow","max-snippet":"max-snippet:-1","max-image-preview":"max-image-preview:large","max-video-preview":"max-video-preview:-1"},"canonical":"https:\/\/www.rri.ro\/it\/guida-programmi\/terre-e-sapori\/invito-in-provincia-di-neamt-id1009822.html","og_locale":"it_IT","og_type":"article","og_title":"Invito in Provincia di Neam\u021b - Radio Romania Internazionale","og_description":"Oltre alle attrazioni gi\u00e0 note, in provincia di Neam\u021b saranno realizzati ambiziosi progetti nei prossimi anni, come lo sviluppo di un villaggio vacanze a tema, dedicato ai personaggi creati dallo scrittore Ion Creang\u0103. L&#8217;intera esperienza turistica \u00e8 arricchita dalla gastronomia locale e dall&#8217;autenticit\u00e0 dei villaggi tradizionali. Il presidente del Consiglio provinciale di Neam\u021b, Daniel-Vasilic\u0103 Harpa, [&hellip;]","og_url":"https:\/\/www.rri.ro\/it\/guida-programmi\/terre-e-sapori\/invito-in-provincia-di-neamt-id1009822.html","og_site_name":"Radio Romania Internazionale","article_published_time":"2026-04-26T08:51:45+00:00","og_image":[{"width":1200,"height":675,"url":"https:\/\/www.rri.ro\/wp-content\/uploads\/2026\/01\/Muzeul_Cetatea_Neamt_exterior_16x9.jpg","type":"image\/jpeg"}],"author":"Daniel Onea","twitter_card":"summary_large_image","twitter_misc":{"Scritto da":"Daniel Onea","Tempo di lettura stimato":"4 minuti"},"schema":{"@context":"https:\/\/schema.org","@graph":[{"@type":"Article","@id":"https:\/\/www.rri.ro\/it\/guida-programmi\/terre-e-sapori\/invito-in-provincia-di-neamt-id1009822.html#article","isPartOf":{"@id":"https:\/\/www.rri.ro\/it\/guida-programmi\/terre-e-sapori\/invito-in-provincia-di-neamt-id1009822.html"},"author":{"name":"Daniel Onea","@id":"https:\/\/www.rri.ro\/#\/schema\/person\/fcce42c208d45f30f5b054b64bc1e0df"},"headline":"Invito in Provincia di Neam\u021b","datePublished":"2026-04-26T08:51:45+00:00","mainEntityOfPage":{"@id":"https:\/\/www.rri.ro\/it\/guida-programmi\/terre-e-sapori\/invito-in-provincia-di-neamt-id1009822.html"},"wordCount":915,"image":{"@id":"https:\/\/www.rri.ro\/it\/guida-programmi\/terre-e-sapori\/invito-in-provincia-di-neamt-id1009822.html#primaryimage"},"thumbnailUrl":"https:\/\/www.rri.ro\/wp-content\/uploads\/2026\/01\/Muzeul_Cetatea_Neamt_exterior_16x9.jpg","articleSection":["Terre e sapori"],"inLanguage":"it-IT"},{"@type":"WebPage","@id":"https:\/\/www.rri.ro\/it\/guida-programmi\/terre-e-sapori\/invito-in-provincia-di-neamt-id1009822.html","url":"https:\/\/www.rri.ro\/it\/guida-programmi\/terre-e-sapori\/invito-in-provincia-di-neamt-id1009822.html","name":"Invito in Provincia di Neam\u021b - Radio Romania Internazionale","isPartOf":{"@id":"https:\/\/www.rri.ro\/#website"},"primaryImageOfPage":{"@id":"https:\/\/www.rri.ro\/it\/guida-programmi\/terre-e-sapori\/invito-in-provincia-di-neamt-id1009822.html#primaryimage"},"image":{"@id":"https:\/\/www.rri.ro\/it\/guida-programmi\/terre-e-sapori\/invito-in-provincia-di-neamt-id1009822.html#primaryimage"},"thumbnailUrl":"https:\/\/www.rri.ro\/wp-content\/uploads\/2026\/01\/Muzeul_Cetatea_Neamt_exterior_16x9.jpg","datePublished":"2026-04-26T08:51:45+00:00","author":{"@id":"https:\/\/www.rri.ro\/#\/schema\/person\/fcce42c208d45f30f5b054b64bc1e0df"},"breadcrumb":{"@id":"https:\/\/www.rri.ro\/it\/guida-programmi\/terre-e-sapori\/invito-in-provincia-di-neamt-id1009822.html#breadcrumb"},"inLanguage":"it-IT","potentialAction":[{"@type":"ReadAction","target":["https:\/\/www.rri.ro\/it\/guida-programmi\/terre-e-sapori\/invito-in-provincia-di-neamt-id1009822.html"]}]},{"@type":"ImageObject","inLanguage":"it-IT","@id":"https:\/\/www.rri.ro\/it\/guida-programmi\/terre-e-sapori\/invito-in-provincia-di-neamt-id1009822.html#primaryimage","url":"https:\/\/www.rri.ro\/wp-content\/uploads\/2026\/01\/Muzeul_Cetatea_Neamt_exterior_16x9.jpg","contentUrl":"https:\/\/www.rri.ro\/wp-content\/uploads\/2026\/01\/Muzeul_Cetatea_Neamt_exterior_16x9.jpg","width":1200,"height":675,"caption":"Il Museo della Fortezza di Neam\u021b,T\u00e2rgu-Neam\u021b"},{"@type":"BreadcrumbList","@id":"https:\/\/www.rri.ro\/it\/guida-programmi\/terre-e-sapori\/invito-in-provincia-di-neamt-id1009822.html#breadcrumb","itemListElement":[{"@type":"ListItem","position":1,"name":"Pagina iniziale","item":"https:\/\/www.rri.ro\/it"},{"@type":"ListItem","position":2,"name":"Guida programmi","item":"https:\/\/www.rri.ro\/it\/guida-programmi"},{"@type":"ListItem","position":3,"name":"Terre e sapori","item":"https:\/\/www.rri.ro\/it\/guida-programmi\/terre-e-sapori"},{"@type":"ListItem","position":4,"name":"Invito in Provincia di Neam\u021b"}]},{"@type":"WebSite","@id":"https:\/\/www.rri.ro\/#website","url":"https:\/\/www.rri.ro\/","name":"Radio Romania Internazionale","description":"Totul despre Rom\u00e2nia \u015fi rom\u00e2ni, \u00een 13 limbi\/dialecte!","inLanguage":"it-IT"},{"@type":"Person","@id":"https:\/\/www.rri.ro\/#\/schema\/person\/fcce42c208d45f30f5b054b64bc1e0df","name":"Daniel Onea","url":"https:\/\/www.rri.ro\/it\/author\/daniel-onea"}]}},"_links":{"self":[{"href":"https:\/\/www.rri.ro\/it\/wp-json\/wp\/v2\/posts\/1009822","targetHints":{"allow":["GET"]}}],"collection":[{"href":"https:\/\/www.rri.ro\/it\/wp-json\/wp\/v2\/posts"}],"about":[{"href":"https:\/\/www.rri.ro\/it\/wp-json\/wp\/v2\/types\/post"}],"author":[{"embeddable":true,"href":"https:\/\/www.rri.ro\/it\/wp-json\/wp\/v2\/users\/128"}],"replies":[{"embeddable":true,"href":"https:\/\/www.rri.ro\/it\/wp-json\/wp\/v2\/comments?post=1009822"}],"version-history":[{"count":0,"href":"https:\/\/www.rri.ro\/it\/wp-json\/wp\/v2\/posts\/1009822\/revisions"}],"wp:featuredmedia":[{"embeddable":true,"href":"https:\/\/www.rri.ro\/it\/wp-json\/wp\/v2\/media\/968445"}],"wp:attachment":[{"href":"https:\/\/www.rri.ro\/it\/wp-json\/wp\/v2\/media?parent=1009822"}],"wp:term":[{"taxonomy":"category","embeddable":true,"href":"https:\/\/www.rri.ro\/it\/wp-json\/wp\/v2\/categories?post=1009822"},{"taxonomy":"post_tag","embeddable":true,"href":"https:\/\/www.rri.ro\/it\/wp-json\/wp\/v2\/tags?post=1009822"},{"taxonomy":"author","embeddable":true,"href":"https:\/\/www.rri.ro\/it\/wp-json\/wp\/v2\/coauthors?post=1009822"}],"curies":[{"name":"wp","href":"https:\/\/api.w.org\/{rel}","templated":true}]}}