{"id":1010214,"date":"2026-04-25T07:00:10","date_gmt":"2026-04-25T04:00:10","guid":{"rendered":"https:\/\/www.rri.ro\/?p=1010214"},"modified":"2026-04-24T19:58:01","modified_gmt":"2026-04-24T16:58:01","slug":"la-settimana-20-25-04-2026","status":"publish","type":"post","link":"https:\/\/www.rri.ro\/it\/news\/sguardo-sulla-settimana\/la-settimana-20-25-04-2026-id1010214.html","title":{"rendered":"La settimana 20 &#8211; 25\/04\/2026"},"content":{"rendered":"<p><strong>Crisi governativa in Romania<br \/>\n<\/strong>Il principale partito della coalizione governativa di Bucarest, il PSD, ha ufficializzato gioved\u00ec il ritiro del proprio sostegno al premier liberale Ilie Bolojan, attraverso le dimissioni dei suoi ministri. Il PSD, il PNL, l&#8217;USR e l&#8217;UDMR avevano unito le loro forze 10 mesi fa per la non facile missione di risanare la situazione economica del Paese, segnata da un ingente deficit di bilancio e dall&#8217;inflazione. La soluzione adottata: impopolari misure di austerit\u00e0, che il PSD ha contestato per diversi mesi. Questa settimana, i socialdemocratici hanno lanciato dure accuse contro il capo dell&#8217;esecutivo, anche in relazione alla distruzione dell&#8217;economia e alla diminuzione del potere d&#8217;acquisto della popolazione, e hanno condizionato la loro partecipazione al governo dalle dimissioni del primo ministro. Ilie Bolojan ha tuttavia annunciato che avrebbe continuato a esercitare il suo mandato di primo ministro per garantire la stabilit\u00e0 del governo e ha precisato che le decisioni prese finora sono state condivise da tutti i partiti della coalizione, incluso il PSD. Dopo le dimissioni dei ministri socialdemocratici, il premier ha optato per la soluzione dell\u2019interim per evitare una situazione di stallo nell&#8217;amministrazione del Paese, come ha dichiarato lui stesso. Si tratta di una soluzione che non richiede una votazione di convalida in Parlamento per i prossimi 45 giorni, durante i quali l&#8217;esecutivo manterr\u00e0 pieni poteri, proprio come prima. Ilie Bolojan assume personalmente la guida del Ministero dell&#8217;Energia. Gli altri ministeri chiave, come Lavoro, Giustizia, Sanit\u00e0 e Trasporti, passano in subordine ai ministri del PNL, dell&#8217;UDMR e dell&#8217;USR rimasti in carica. Da Cipro, dove partecipa al vertice informale dell&#8217;UE, il capo dello Stato ha affermato che il tono delle dichiarazioni fatte nel contesto della crisi politica si sia un po&#8217; calmato. &#8220;La Romania mantiene l&#8217;orientamento europeo. Abbiamo quattro partiti filo-occidentali che vogliono mantenerlo. Per noi, l&#8217;OCSE, il SAFE e il PNRR sono estremamente importanti e su questo c&#8217;\u00e8 consenso. Le istituzioni funzionano e, in una forma o nell&#8217;altra, la Romania continuer\u00e0 sulla strada sulla quale si \u00e8 incamminata&#8221;, ha sottolineato Nicu\u0219or Dan. Si prevede una settimana di intense negoziazioni, durante la quale il governo operer\u00e0 con pieni poteri, ma sotto lo spettro di una possibile mozione di sfiducia. L&#8217;unica reazione del PSD dopo le dimissioni dei ministri del partito \u00e8 arrivata con una dichiarazione in cui si \u00e8 dichiarato pronto a partecipare alla formazione di un nuovo governo filo-europeo e a sostenere un primo ministro, politico o tecnocratico, che sia sensibile ai problemi dei cittadini. E fino alla formazione di un nuovo governo, i socialdemocratici promettono di garantire il sostegno parlamentare all&#8217;adozione degli atti normativi necessari per la realizzazione dei progetti finanziati dall&#8217;Unione Europea.<\/p>\n<p><strong>Il presidente romeno, Nicu\u0219or Dan, alla riunione del CE a Cipru<br \/>\n<\/strong>Presente alla riunione informale del Consiglio Europeo tenutasi a Cipro gioved\u00ec e venerd\u00ec, il capo dello Stato romeno, Nicu\u0219or Dan, ha affermato che la prosperit\u00e0 e la sicurezza della Romania dipendono da un&#8217;Unione Europea forte e prospera. Egli ha sottolineato che uno dei temi essenziali per la Romania all&#8217;ordine del giorno della riunione \u00e8 il futuro bilancio dell&#8217;Unione Europea. &#8220;Vogliamo un bilancio ambizioso, un bilancio consistente&#8221;, ha dichiarato Nicu\u0219or Dan, auspicando che i fondi destinati alla competitivit\u00e0 siano accessibili alle imprese degli Stati membri meno sviluppati. Il presidente ha inoltre evidenziato l&#8217;importanza dei fondi di coesione. &#8220;Sono un elemento indispensabile della nostra solidariet\u00e0 comune. Allo stesso tempo, l&#8217;Unione deve investire risorse nella competitivit\u00e0 e nella sicurezza, nel garantire una solida Politica Agricola Comune, nonch\u00e9 nella connettivit\u00e0 e nell&#8217;innovazione, con particolare attenzione al nostro vicinato immediato&#8221;, ha sottolineato Nicu\u0219or Dan.<\/p>\n<p><strong>Il deficit di bilancio, in calo<br \/>\n<\/strong>Secondo i dati Eurostat, il deficit totale della Romania \u00e8 sceso dal 9,3% del PIL nel 2024 al 7,9% lo scorso anno, ha annunciato il premier Ilie Bolojan. Egli ha affermato che la riduzione del deficit \u00e8 un passo necessario per stabilizzare le finanze del Paese, non un fine a s\u00e9 stesso. La diminuzione \u00e8 il risultato delle misure volte a ridurre la spesa, aumentare le entrate e utilizzare i fondi europei, ha ricordato il capo del governo. Egli ha sottolineato che ogni punto percentuale di riduzione si traduce in minori spese per interessi e maggiori risorse per investimenti e servizi pubblici. A sua volta, il ministro delle Finanze, Alexandru Nazare, ha evidenziato che questa evoluzione segna una fase di maturazione fiscale e di recupero della credibilit\u00e0 economica. Tuttavia, la Romania rimane il Paese con il deficit pi\u00f9 elevato nell&#8217;Unione Europea, il che richiede la continuazione delle misure di consolidamento fiscale, ha notato il ministro delle Finanze.<\/p>\n<p><strong>La Giornata dell\u2019Industria Romena a Bruxelles<br \/>\n<\/strong>Luned\u00ec, presso la sede della NATO a Bruxelles, si \u00e8 svolta per la prima volta la Giornata dell&#8217;Industria Romena, un evento di diplomazia economica volto a promuovere l&#8217;industria romena e a facilitare l&#8217;accesso delle aziende nazionali alle strutture dell&#8217;Alleanza Nord-Atlantica. 20 aziende romene hanno presentato tecnologie nel campo della difesa aerea, con particolare attenzione ai droni e ai sistemi anti-drone, nonch\u00e9 programmi di cybersicurezza e comunicazioni, anche spaziali. Presente all&#8217;evento, la responsabile della diplomazia di Bucarest, Oana \u0162oiu, ha dichiarato che la Romania intende sfruttare l&#8217;aumento della spesa dell&#8217;Alleanza per generare opportunit\u00e0 economiche e posti di lavoro nel Paese. Si tratta di un totale di 1.400 miliardi di dollari a disposizione degli alleati.<\/p>\n<p><strong>L\u2019elmo di Co\u021bofene\u0219ti e i bracciali dacici, di nuovo a casa, in Romania<br \/>\n<\/strong>L&#8217;elmo di Cotofene\u0219ti e due bracciali d&#8217;oro dacici, recuperati dopo il furto avvenuto lo scorso anno al Museo Drents di Assen, nei Paesi Bassi, sono giunti in Romania questa settimana. Un terzo bracciale non \u00e8 stato ancora ritrovato. I reperti sono stati trasportati sotto massima sicurezza al Museo Nazionale di Storia di Bucarest, dove saranno esposti fino al 3 maggio. Lo scorso autunno, il Ministero della Cultura romeno aveva annunciato di aver incassato 5,7 milioni di euro di risarcimento assicurativo per i quattro beni culturali rubati dal Museo Drents. Dopo il recupero di tre dei quattro pezzi, la Romania dovr\u00e0 ora restituire parte della somma alla compagnia assicurativa. Nei mesi successivi al furto, diverse persone sono state arrestate.<\/p>\n","protected":false},"excerpt":{"rendered":"<p>Crisi governativa in Romania Il principale partito della coalizione governativa di Bucarest, il PSD, ha ufficializzato gioved\u00ec il ritiro del proprio sostegno al premier liberale Ilie Bolojan, attraverso le dimissioni dei suoi ministri. Il PSD, il PNL, l&#8217;USR e l&#8217;UDMR avevano unito le loro forze 10 mesi fa per la non facile missione di risanare [&hellip;]<\/p>\n","protected":false},"author":46,"featured_media":892471,"comment_status":"closed","ping_status":"closed","sticky":false,"template":"","format":"standard","meta":{"_acf_changed":false,"footnotes":""},"categories":[132227],"tags":[],"coauthors":[115852],"class_list":["post-1010214","post","type-post","status-publish","format-standard","has-post-thumbnail","hentry","category-sguardo-sulla-settimana"],"acf":[],"yoast_head":"<!-- This site is optimized with the Yoast SEO plugin v27.3 - https:\/\/yoast.com\/product\/yoast-seo-wordpress\/ -->\n<title>La settimana 20 - 25\/04\/2026 - Radio Romania Internazionale<\/title>\n<meta name=\"robots\" content=\"index, follow, max-snippet:-1, max-image-preview:large, max-video-preview:-1\" \/>\n<link rel=\"canonical\" href=\"https:\/\/www.rri.ro\/it\/news\/sguardo-sulla-settimana\/la-settimana-20-25-04-2026-id1010214.html\" \/>\n<meta property=\"og:locale\" content=\"it_IT\" \/>\n<meta property=\"og:type\" content=\"article\" \/>\n<meta property=\"og:title\" content=\"La settimana 20 - 25\/04\/2026 - Radio Romania Internazionale\" \/>\n<meta property=\"og:description\" content=\"Crisi governativa in Romania Il principale partito della coalizione governativa di Bucarest, il PSD, ha ufficializzato gioved\u00ec il ritiro del proprio sostegno al premier liberale Ilie Bolojan, attraverso le dimissioni dei suoi ministri. Il PSD, il PNL, l&#8217;USR e l&#8217;UDMR avevano unito le loro forze 10 mesi fa per la non facile missione di risanare [&hellip;]\" \/>\n<meta property=\"og:url\" content=\"https:\/\/www.rri.ro\/it\/news\/sguardo-sulla-settimana\/la-settimana-20-25-04-2026-id1010214.html\" \/>\n<meta property=\"og:site_name\" content=\"Radio Romania Internazionale\" \/>\n<meta property=\"article:published_time\" content=\"2026-04-25T04:00:10+00:00\" \/>\n<meta property=\"og:image\" content=\"https:\/\/www.rri.ro\/wp-content\/uploads\/2025\/05\/eveniment-top-ND-2025.jpg\" \/>\n\t<meta property=\"og:image:width\" content=\"1200\" \/>\n\t<meta property=\"og:image:height\" content=\"720\" \/>\n\t<meta property=\"og:image:type\" content=\"image\/jpeg\" \/>\n<meta name=\"author\" content=\"Leyla Cheamil\" \/>\n<meta name=\"twitter:card\" content=\"summary_large_image\" \/>\n<meta name=\"twitter:label1\" content=\"Scritto da\" \/>\n\t<meta name=\"twitter:data1\" content=\"Leyla Cheamil\" \/>\n\t<meta name=\"twitter:label2\" content=\"Tempo di lettura stimato\" \/>\n\t<meta name=\"twitter:data2\" content=\"5 minuti\" \/>\n<script type=\"application\/ld+json\" class=\"yoast-schema-graph\">{\"@context\":\"https:\\\/\\\/schema.org\",\"@graph\":[{\"@type\":\"Article\",\"@id\":\"https:\\\/\\\/www.rri.ro\\\/it\\\/news\\\/sguardo-sulla-settimana\\\/la-settimana-20-25-04-2026-id1010214.html#article\",\"isPartOf\":{\"@id\":\"https:\\\/\\\/www.rri.ro\\\/it\\\/news\\\/sguardo-sulla-settimana\\\/la-settimana-20-25-04-2026-id1010214.html\"},\"author\":{\"name\":\"Leyla Cheamil\",\"@id\":\"https:\\\/\\\/www.rri.ro\\\/#\\\/schema\\\/person\\\/e6364ed2d4b6af207a82ca66000d07e0\"},\"headline\":\"La settimana 20 &#8211; 25\\\/04\\\/2026\",\"datePublished\":\"2026-04-25T04:00:10+00:00\",\"mainEntityOfPage\":{\"@id\":\"https:\\\/\\\/www.rri.ro\\\/it\\\/news\\\/sguardo-sulla-settimana\\\/la-settimana-20-25-04-2026-id1010214.html\"},\"wordCount\":1030,\"image\":{\"@id\":\"https:\\\/\\\/www.rri.ro\\\/it\\\/news\\\/sguardo-sulla-settimana\\\/la-settimana-20-25-04-2026-id1010214.html#primaryimage\"},\"thumbnailUrl\":\"https:\\\/\\\/www.rri.ro\\\/wp-content\\\/uploads\\\/2025\\\/05\\\/eveniment-top-ND-2025.jpg\",\"articleSection\":[\"Sguardo sulla settimana\"],\"inLanguage\":\"it-IT\"},{\"@type\":\"WebPage\",\"@id\":\"https:\\\/\\\/www.rri.ro\\\/it\\\/news\\\/sguardo-sulla-settimana\\\/la-settimana-20-25-04-2026-id1010214.html\",\"url\":\"https:\\\/\\\/www.rri.ro\\\/it\\\/news\\\/sguardo-sulla-settimana\\\/la-settimana-20-25-04-2026-id1010214.html\",\"name\":\"La settimana 20 - 25\\\/04\\\/2026 - Radio Romania Internazionale\",\"isPartOf\":{\"@id\":\"https:\\\/\\\/www.rri.ro\\\/#website\"},\"primaryImageOfPage\":{\"@id\":\"https:\\\/\\\/www.rri.ro\\\/it\\\/news\\\/sguardo-sulla-settimana\\\/la-settimana-20-25-04-2026-id1010214.html#primaryimage\"},\"image\":{\"@id\":\"https:\\\/\\\/www.rri.ro\\\/it\\\/news\\\/sguardo-sulla-settimana\\\/la-settimana-20-25-04-2026-id1010214.html#primaryimage\"},\"thumbnailUrl\":\"https:\\\/\\\/www.rri.ro\\\/wp-content\\\/uploads\\\/2025\\\/05\\\/eveniment-top-ND-2025.jpg\",\"datePublished\":\"2026-04-25T04:00:10+00:00\",\"author\":{\"@id\":\"https:\\\/\\\/www.rri.ro\\\/#\\\/schema\\\/person\\\/e6364ed2d4b6af207a82ca66000d07e0\"},\"breadcrumb\":{\"@id\":\"https:\\\/\\\/www.rri.ro\\\/it\\\/news\\\/sguardo-sulla-settimana\\\/la-settimana-20-25-04-2026-id1010214.html#breadcrumb\"},\"inLanguage\":\"it-IT\",\"potentialAction\":[{\"@type\":\"ReadAction\",\"target\":[\"https:\\\/\\\/www.rri.ro\\\/it\\\/news\\\/sguardo-sulla-settimana\\\/la-settimana-20-25-04-2026-id1010214.html\"]}]},{\"@type\":\"ImageObject\",\"inLanguage\":\"it-IT\",\"@id\":\"https:\\\/\\\/www.rri.ro\\\/it\\\/news\\\/sguardo-sulla-settimana\\\/la-settimana-20-25-04-2026-id1010214.html#primaryimage\",\"url\":\"https:\\\/\\\/www.rri.ro\\\/wp-content\\\/uploads\\\/2025\\\/05\\\/eveniment-top-ND-2025.jpg\",\"contentUrl\":\"https:\\\/\\\/www.rri.ro\\\/wp-content\\\/uploads\\\/2025\\\/05\\\/eveniment-top-ND-2025.jpg\",\"width\":1200,\"height\":720,\"caption\":\"Sguardo sulla settimana\"},{\"@type\":\"BreadcrumbList\",\"@id\":\"https:\\\/\\\/www.rri.ro\\\/it\\\/news\\\/sguardo-sulla-settimana\\\/la-settimana-20-25-04-2026-id1010214.html#breadcrumb\",\"itemListElement\":[{\"@type\":\"ListItem\",\"position\":1,\"name\":\"Pagina iniziale\",\"item\":\"https:\\\/\\\/www.rri.ro\\\/it\"},{\"@type\":\"ListItem\",\"position\":2,\"name\":\"Actualitate\",\"item\":\"https:\\\/\\\/www.rri.ro\\\/actualitate\"},{\"@type\":\"ListItem\",\"position\":3,\"name\":\"Focus\",\"item\":\"https:\\\/\\\/www.rri.ro\\\/actualitate\\\/focus\"},{\"@type\":\"ListItem\",\"position\":4,\"name\":\"Sguardo sulla settimana\",\"item\":\"https:\\\/\\\/www.rri.ro\\\/it\\\/news\\\/sguardo-sulla-settimana\"},{\"@type\":\"ListItem\",\"position\":5,\"name\":\"La settimana 20 &#8211; 25\\\/04\\\/2026\"}]},{\"@type\":\"WebSite\",\"@id\":\"https:\\\/\\\/www.rri.ro\\\/#website\",\"url\":\"https:\\\/\\\/www.rri.ro\\\/\",\"name\":\"Radio Romania Internazionale\",\"description\":\"Totul despre Rom\u00e2nia \u015fi rom\u00e2ni, \u00een 13 limbi\\\/dialecte!\",\"inLanguage\":\"it-IT\"},{\"@type\":\"Person\",\"@id\":\"https:\\\/\\\/www.rri.ro\\\/#\\\/schema\\\/person\\\/e6364ed2d4b6af207a82ca66000d07e0\",\"name\":\"Leyla Cheamil\",\"url\":\"https:\\\/\\\/www.rri.ro\\\/it\\\/author\\\/leyla-cheamil\"}]}<\/script>\n<!-- \/ Yoast SEO plugin. -->","yoast_head_json":{"title":"La settimana 20 - 25\/04\/2026 - Radio Romania Internazionale","robots":{"index":"index","follow":"follow","max-snippet":"max-snippet:-1","max-image-preview":"max-image-preview:large","max-video-preview":"max-video-preview:-1"},"canonical":"https:\/\/www.rri.ro\/it\/news\/sguardo-sulla-settimana\/la-settimana-20-25-04-2026-id1010214.html","og_locale":"it_IT","og_type":"article","og_title":"La settimana 20 - 25\/04\/2026 - Radio Romania Internazionale","og_description":"Crisi governativa in Romania Il principale partito della coalizione governativa di Bucarest, il PSD, ha ufficializzato gioved\u00ec il ritiro del proprio sostegno al premier liberale Ilie Bolojan, attraverso le dimissioni dei suoi ministri. Il PSD, il PNL, l&#8217;USR e l&#8217;UDMR avevano unito le loro forze 10 mesi fa per la non facile missione di risanare [&hellip;]","og_url":"https:\/\/www.rri.ro\/it\/news\/sguardo-sulla-settimana\/la-settimana-20-25-04-2026-id1010214.html","og_site_name":"Radio Romania Internazionale","article_published_time":"2026-04-25T04:00:10+00:00","og_image":[{"width":1200,"height":720,"url":"https:\/\/www.rri.ro\/wp-content\/uploads\/2025\/05\/eveniment-top-ND-2025.jpg","type":"image\/jpeg"}],"author":"Leyla Cheamil","twitter_card":"summary_large_image","twitter_misc":{"Scritto da":"Leyla Cheamil","Tempo di lettura stimato":"5 minuti"},"schema":{"@context":"https:\/\/schema.org","@graph":[{"@type":"Article","@id":"https:\/\/www.rri.ro\/it\/news\/sguardo-sulla-settimana\/la-settimana-20-25-04-2026-id1010214.html#article","isPartOf":{"@id":"https:\/\/www.rri.ro\/it\/news\/sguardo-sulla-settimana\/la-settimana-20-25-04-2026-id1010214.html"},"author":{"name":"Leyla Cheamil","@id":"https:\/\/www.rri.ro\/#\/schema\/person\/e6364ed2d4b6af207a82ca66000d07e0"},"headline":"La settimana 20 &#8211; 25\/04\/2026","datePublished":"2026-04-25T04:00:10+00:00","mainEntityOfPage":{"@id":"https:\/\/www.rri.ro\/it\/news\/sguardo-sulla-settimana\/la-settimana-20-25-04-2026-id1010214.html"},"wordCount":1030,"image":{"@id":"https:\/\/www.rri.ro\/it\/news\/sguardo-sulla-settimana\/la-settimana-20-25-04-2026-id1010214.html#primaryimage"},"thumbnailUrl":"https:\/\/www.rri.ro\/wp-content\/uploads\/2025\/05\/eveniment-top-ND-2025.jpg","articleSection":["Sguardo sulla settimana"],"inLanguage":"it-IT"},{"@type":"WebPage","@id":"https:\/\/www.rri.ro\/it\/news\/sguardo-sulla-settimana\/la-settimana-20-25-04-2026-id1010214.html","url":"https:\/\/www.rri.ro\/it\/news\/sguardo-sulla-settimana\/la-settimana-20-25-04-2026-id1010214.html","name":"La settimana 20 - 25\/04\/2026 - Radio Romania Internazionale","isPartOf":{"@id":"https:\/\/www.rri.ro\/#website"},"primaryImageOfPage":{"@id":"https:\/\/www.rri.ro\/it\/news\/sguardo-sulla-settimana\/la-settimana-20-25-04-2026-id1010214.html#primaryimage"},"image":{"@id":"https:\/\/www.rri.ro\/it\/news\/sguardo-sulla-settimana\/la-settimana-20-25-04-2026-id1010214.html#primaryimage"},"thumbnailUrl":"https:\/\/www.rri.ro\/wp-content\/uploads\/2025\/05\/eveniment-top-ND-2025.jpg","datePublished":"2026-04-25T04:00:10+00:00","author":{"@id":"https:\/\/www.rri.ro\/#\/schema\/person\/e6364ed2d4b6af207a82ca66000d07e0"},"breadcrumb":{"@id":"https:\/\/www.rri.ro\/it\/news\/sguardo-sulla-settimana\/la-settimana-20-25-04-2026-id1010214.html#breadcrumb"},"inLanguage":"it-IT","potentialAction":[{"@type":"ReadAction","target":["https:\/\/www.rri.ro\/it\/news\/sguardo-sulla-settimana\/la-settimana-20-25-04-2026-id1010214.html"]}]},{"@type":"ImageObject","inLanguage":"it-IT","@id":"https:\/\/www.rri.ro\/it\/news\/sguardo-sulla-settimana\/la-settimana-20-25-04-2026-id1010214.html#primaryimage","url":"https:\/\/www.rri.ro\/wp-content\/uploads\/2025\/05\/eveniment-top-ND-2025.jpg","contentUrl":"https:\/\/www.rri.ro\/wp-content\/uploads\/2025\/05\/eveniment-top-ND-2025.jpg","width":1200,"height":720,"caption":"Sguardo sulla settimana"},{"@type":"BreadcrumbList","@id":"https:\/\/www.rri.ro\/it\/news\/sguardo-sulla-settimana\/la-settimana-20-25-04-2026-id1010214.html#breadcrumb","itemListElement":[{"@type":"ListItem","position":1,"name":"Pagina iniziale","item":"https:\/\/www.rri.ro\/it"},{"@type":"ListItem","position":2,"name":"Actualitate","item":"https:\/\/www.rri.ro\/actualitate"},{"@type":"ListItem","position":3,"name":"Focus","item":"https:\/\/www.rri.ro\/actualitate\/focus"},{"@type":"ListItem","position":4,"name":"Sguardo sulla settimana","item":"https:\/\/www.rri.ro\/it\/news\/sguardo-sulla-settimana"},{"@type":"ListItem","position":5,"name":"La settimana 20 &#8211; 25\/04\/2026"}]},{"@type":"WebSite","@id":"https:\/\/www.rri.ro\/#website","url":"https:\/\/www.rri.ro\/","name":"Radio Romania Internazionale","description":"Totul despre Rom\u00e2nia \u015fi rom\u00e2ni, \u00een 13 limbi\/dialecte!","inLanguage":"it-IT"},{"@type":"Person","@id":"https:\/\/www.rri.ro\/#\/schema\/person\/e6364ed2d4b6af207a82ca66000d07e0","name":"Leyla Cheamil","url":"https:\/\/www.rri.ro\/it\/author\/leyla-cheamil"}]}},"_links":{"self":[{"href":"https:\/\/www.rri.ro\/it\/wp-json\/wp\/v2\/posts\/1010214","targetHints":{"allow":["GET"]}}],"collection":[{"href":"https:\/\/www.rri.ro\/it\/wp-json\/wp\/v2\/posts"}],"about":[{"href":"https:\/\/www.rri.ro\/it\/wp-json\/wp\/v2\/types\/post"}],"author":[{"embeddable":true,"href":"https:\/\/www.rri.ro\/it\/wp-json\/wp\/v2\/users\/46"}],"replies":[{"embeddable":true,"href":"https:\/\/www.rri.ro\/it\/wp-json\/wp\/v2\/comments?post=1010214"}],"version-history":[{"count":1,"href":"https:\/\/www.rri.ro\/it\/wp-json\/wp\/v2\/posts\/1010214\/revisions"}],"predecessor-version":[{"id":1010215,"href":"https:\/\/www.rri.ro\/it\/wp-json\/wp\/v2\/posts\/1010214\/revisions\/1010215"}],"wp:featuredmedia":[{"embeddable":true,"href":"https:\/\/www.rri.ro\/it\/wp-json\/wp\/v2\/media\/892471"}],"wp:attachment":[{"href":"https:\/\/www.rri.ro\/it\/wp-json\/wp\/v2\/media?parent=1010214"}],"wp:term":[{"taxonomy":"category","embeddable":true,"href":"https:\/\/www.rri.ro\/it\/wp-json\/wp\/v2\/categories?post=1010214"},{"taxonomy":"post_tag","embeddable":true,"href":"https:\/\/www.rri.ro\/it\/wp-json\/wp\/v2\/tags?post=1010214"},{"taxonomy":"author","embeddable":true,"href":"https:\/\/www.rri.ro\/it\/wp-json\/wp\/v2\/coauthors?post=1010214"}],"curies":[{"name":"wp","href":"https:\/\/api.w.org\/{rel}","templated":true}]}}