{"id":1010402,"date":"2026-04-26T17:04:21","date_gmt":"2026-04-26T14:04:21","guid":{"rendered":"https:\/\/www.rri.ro\/?p=1010402"},"modified":"2026-04-26T17:35:02","modified_gmt":"2026-04-26T14:35:02","slug":"26-04-2026","status":"publish","type":"post","link":"https:\/\/www.rri.ro\/it\/news\/topnews\/26-04-2026-id1010402.html","title":{"rendered":"26.04.2026"},"content":{"rendered":"<p>Governo \u2013 Il presidente Nicu\u015for Dan incontrer\u00e0 luned\u00ec a Bucarest i leader dei partiti e delle formazioni politiche filoeuropee \u2013 il Partito Socialdemocratico, il Partito Nazionale Liberale, l&#8217;Unione Salvate Romania, l&#8217;Unione Democratica Magiari di Romania e il gruppo parlamentare delle minoranze nazionali \u2013 per discutere dell&#8217;implementazione dei principali programmi per la Romania, SAFE e PNRR. Nelle recenti dichiarazioni, il presidente ha ribadito la sua intenzione di rimanere un mediatore dopo che il PSD ha ritirato il suo sostegno al premier Ilie Bolojan e i ministri socialdemocratici si sono dimessi. Nicu\u015for Dan ha firmato le loro dimissioni e le proposte per i ministri ad interim inviate dal primo ministro.<\/p>\n<p>Incidente a \u00a0Washington \u2013 I leader europei, tra cui anche il presidente romeno Nicu\u015for Dan, hanno condannato l&#8217;incidente avvenuto ieri sera a Washington, quando si sono verificati colpi d&#8217;arma da fuoco all&#8217;interno dell&#8217;hotel che ospitava la cena dei corrispondenti alla Casa Bianca. Hanno inoltre espresso sollievo per il fatto che il presidente Donald Trump e gli altri partecipanti alla cena non siano rimasti feriti. In un post su X, il capo dello Stato romeno sostiene che l\u2019incidente rappresenta non solo un attacco contro Donald Trump, ma anche contro la democrazia. Il presidente e la First Lady Melania sono stati evacuati e centinaia di persone, tra cui giornalisti e alti funzionari come il capo del Pentagono Pete Hegseth, si sono riparate sotto i tavoli mentre gli agenti dei Servizi Segreti mettevano in sicurezza l&#8217;area. Il sospettato, Cole Thomas Allen, una persona con un curriculum accademico eccezionale, professore e sviluppatore di videogiochi senza precedenti penali, ha aperto il fuoco contro un posto di blocco, ferendo un agente, che \u00e8 riuscito a salvarsi grazie al giubbotto antiproiettile che indossava. Dopo l&#8217;arresto, l&#8217;uomo ha dichiarato alle autorit\u00e0 di aver pianificato di sparare a funzionari dell&#8217;amministrazione Trump, secondo quanto riportato da CBS News, citando due fonti. Cole Thomas Allen \u00e8 stato arrestato e luned\u00ec sar\u00e0 incriminato per diversi reati federali.<\/p>\n<p>Disastro Chernobyl &#8211; Oggi l&#8217;Ucraina commemora il 40\u00b0 anniversario del disastro nucleare di Chernobyl, sullo sfondo dei timori persistenti che la guerra quadriennale con la Russia possa innescare una ripetizione del peggior incidente nucleare della storia. Milioni di persone furono allora esposte alle radiazioni e vaste aree di territorio furono contaminate dopo l&#8217;esplosione del reattore numero 4 della centrale sovietica nelle prime ore del 26 aprile 1986. Migliaia di persone morirono in seguito a malattie legate alle radiazioni, ma il bilancio completo e gli effetti a lungo termine sulla salute rimangono difficili da valutare. Un importante sforzo internazionale ha portato all&#8217;installazione, nel 2016, di un gigantesco arco in acciaio e cemento per ricoprire il sarcofago originale, costruito in fretta per isolare le tonnellate di scorie radioattive. Kiev afferma che, durante l&#8217;attuale conflitto, Mosca ha ripetutamente inviato missili e droni vicino alla centrale per attaccare le citt\u00e0 ucraine e avrebbe danneggiato lo scorso anno uno scudo protettivo in uno di questi attacchi. Non sono state rilevate perdite, ma l&#8217;arco necessita di almeno 500 milioni di euro di riparazioni per evitare danni permanenti, secondo la Banca Europea per la Ricostruzione e lo Sviluppo.<\/p>\n<p>Droni russi, sollecito &#8211; L&#8217;eurodeputato romeno Victor Negrescu ha inviato una richiesta ufficiale all&#8217;Alto rappresentante dell&#8217;UE per gli affari esteri e la politica di sicurezza, Kaja Kallas, chiedendo il rafforzamento dei meccanismi europei di monitoraggio e risposta rapida alle violazioni dello spazio aereo. Negrescu afferma che il drone russo, che ha violato lo spazio aereo nazionale nella notte tra venerd\u00ec e sabato ed \u00e8 precipitato in territorio romeno, in una zona abitata della citt\u00e0 di Gala\u021bi (sud-est), solleva ancora una volta interrogativi sul livello di protezione e sulla capacit\u00e0 di reazione a livello europeo a tali minacce. Questo incidente non \u00e8 isolato, scrive Victor Negrescu su Facebook. &#8220;Si inserisce in un pericoloso schema in prossimit\u00e0 dei confini dell&#8217;Unione e della NATO. La Romania si trova al confine con l&#8217;Unione e avverte direttamente gli effetti del conflitto nella regione. \u00c8 necessaria una risposta comune, coordinata e credibile, e l&#8217;Europa deve essere presente laddove i suoi cittadini hanno bisogno di sicurezza&#8221;, prosegue il post dell&#8217;eurodeputato romeno. Dopo la caduta del drone in citt\u00e0, centinaia di persone sono state evacuate dalle proprie case per diverse ore, durante le quali le autorit\u00e0 sono intervenute. Domenica, sono stati segnalati nuovi frammenti di drone anche nella confinante provincia di Tulcea. Il perimetro \u00e8 stato messo in sicurezza da personale del Ministero dell&#8217;Interno e una squadra congiunta di specialisti della Difesa e del Servizio Romeno di Informazioni si \u00e8 recata sul posto per indagare sulla situazione.<\/p>\n<p>Droni russi, reazioni autorit\u00e0 romene \u2013 Il presidente Nicu\u015for Dan e il premier Ilie Bolojan condannano fermamente il comportamento irresponsabile della Russia, che provoca incidenti come quello del drone utilizzato negli attacchi contro l&#8217;Ucraina, recentemente precipitato nel sud-est della Romania. La nuova violazione dello spazio aereo romeno da parte della Russia \u00e8 un atto irresponsabile e una grave violazione del diritto internazionale, hanno dichiarato i due funzionari, cos\u00ec come il ministro della Difesa, Radu Miru\u0163\u0103, e la ministra degli Affari Esteri, Oana \u0162oiu, che in seguito all&#8217;incidente ha convocato l&#8217;Ambasciatore della Federazione Russa a Bucarest. Il Capo dello Stato osserva, in una dichiarazione, che si tratta del primo incidente in cui sono stati effettivamente danneggiati beni romeni, una soglia che, afferma lui, prendiamo molto sul serio. La Romania non \u00e8 parte in causa nel conflitto e, ciononostante, le conseguenze della guerra si fanno sentire, generando sfide e vulnerabilit\u00e0 che devono essere affrontate con la massima seriet\u00e0 \u2013 ha aggiunto Nicu\u015for Dan. Come Stato membro della NATO e dell&#8217;UE, la Romania partecipa attivamente agli sforzi per rafforzare la sicurezza comune, e questo incidente evidenzia la necessit\u00e0 di accelerare i programmi di equipaggiamento e modernizzazione dell&#8217;esercito, per i quali il piano SAFE \u00e8 essenziale &#8211; ha sottolineato ancora il presidente Dan. A seguito dell&#8217;incidente, lo Stato Maggiore della Difesa sta analizzando la riorganizzazione dei dispositivi di sorveglianza al confine con l&#8217;Ucraina.<\/p>\n<p>Tennis \u2013 La tennista romena Sorana C\u00eerstea (26 WTA) \u00e8 stata sconfitta oggi dalla numero tre mondiale Coco Gauff per \u00a04-6, 7-5, 6-1, nel terzo turno del torneo WTA 1000 di Madrid, con un montepremi di 8.235.540 dollari. Gabriela Ruse (71 WTA) \u00e8 stata sconfitta dalla kazaka Elena Rybakina (2 WTA), mentre la terza romena in gara, Jaqueline Cristian (33 WTA), ha perso contro la numero uno mondiale Arina Sabalenka.<\/p>\n","protected":false},"excerpt":{"rendered":"<p>Governo \u2013 Il presidente Nicu\u015for Dan incontrer\u00e0 luned\u00ec a Bucarest i leader dei partiti e delle formazioni politiche filoeuropee \u2013 il Partito Socialdemocratico, il Partito Nazionale Liberale, l&#8217;Unione Salvate Romania, l&#8217;Unione Democratica Magiari di Romania e il gruppo parlamentare delle minoranze nazionali \u2013 per discutere dell&#8217;implementazione dei principali programmi per la Romania, SAFE e PNRR. [&hellip;]<\/p>\n","protected":false},"author":113,"featured_media":745145,"comment_status":"closed","ping_status":"closed","sticky":false,"template":"","format":"standard","meta":{"_acf_changed":false,"footnotes":""},"categories":[98934],"tags":[],"coauthors":[116091],"class_list":["post-1010402","post","type-post","status-publish","format-standard","has-post-thumbnail","hentry","category-topnews"],"acf":[],"yoast_head":"<!-- This site is optimized with the Yoast SEO plugin v27.5 - https:\/\/yoast.com\/product\/yoast-seo-wordpress\/ -->\n<title>26.04.2026 - Radio Romania Internazionale<\/title>\n<meta name=\"robots\" content=\"index, follow, max-snippet:-1, max-image-preview:large, max-video-preview:-1\" \/>\n<link rel=\"canonical\" href=\"https:\/\/www.rri.ro\/it\/news\/topnews\/26-04-2026-id1010402.html\" \/>\n<meta property=\"og:locale\" content=\"it_IT\" \/>\n<meta property=\"og:type\" content=\"article\" \/>\n<meta property=\"og:title\" content=\"26.04.2026 - Radio Romania Internazionale\" \/>\n<meta property=\"og:description\" content=\"Governo \u2013 Il presidente Nicu\u015for Dan incontrer\u00e0 luned\u00ec a Bucarest i leader dei partiti e delle formazioni politiche filoeuropee \u2013 il Partito Socialdemocratico, il Partito Nazionale Liberale, l&#8217;Unione Salvate Romania, l&#8217;Unione Democratica Magiari di Romania e il gruppo parlamentare delle minoranze nazionali \u2013 per discutere dell&#8217;implementazione dei principali programmi per la Romania, SAFE e PNRR. [&hellip;]\" \/>\n<meta property=\"og:url\" content=\"https:\/\/www.rri.ro\/it\/news\/topnews\/26-04-2026-id1010402.html\" \/>\n<meta property=\"og:site_name\" content=\"Radio Romania Internazionale\" \/>\n<meta property=\"article:published_time\" content=\"2026-04-26T14:04:21+00:00\" \/>\n<meta property=\"article:modified_time\" content=\"2026-04-26T14:35:02+00:00\" \/>\n<meta property=\"og:image\" content=\"https:\/\/www.rri.ro\/wp-content\/uploads\/2024\/04\/stiri-italiana-bleu-site-1269.jpg\" \/>\n\t<meta property=\"og:image:width\" content=\"1269\" \/>\n\t<meta property=\"og:image:height\" content=\"720\" \/>\n\t<meta property=\"og:image:type\" content=\"image\/jpeg\" \/>\n<meta name=\"author\" content=\"Newsroom\" \/>\n<meta name=\"twitter:card\" content=\"summary_large_image\" \/>\n<meta name=\"twitter:label1\" content=\"Scritto da\" \/>\n\t<meta name=\"twitter:data1\" content=\"Newsroom\" \/>\n\t<meta name=\"twitter:label2\" content=\"Tempo di lettura stimato\" \/>\n\t<meta name=\"twitter:data2\" content=\"5 minuti\" \/>\n<script type=\"application\/ld+json\" class=\"yoast-schema-graph\">{\"@context\":\"https:\\\/\\\/schema.org\",\"@graph\":[{\"@type\":\"Article\",\"@id\":\"https:\\\/\\\/www.rri.ro\\\/it\\\/news\\\/topnews\\\/26-04-2026-id1010402.html#article\",\"isPartOf\":{\"@id\":\"https:\\\/\\\/www.rri.ro\\\/it\\\/news\\\/topnews\\\/26-04-2026-id1010402.html\"},\"author\":{\"name\":\"Newsroom\",\"@id\":\"https:\\\/\\\/www.rri.ro\\\/#\\\/schema\\\/person\\\/4a479940371b9fdefd194f561e8a7f88\"},\"headline\":\"26.04.2026\",\"datePublished\":\"2026-04-26T14:04:21+00:00\",\"dateModified\":\"2026-04-26T14:35:02+00:00\",\"mainEntityOfPage\":{\"@id\":\"https:\\\/\\\/www.rri.ro\\\/it\\\/news\\\/topnews\\\/26-04-2026-id1010402.html\"},\"wordCount\":1060,\"image\":{\"@id\":\"https:\\\/\\\/www.rri.ro\\\/it\\\/news\\\/topnews\\\/26-04-2026-id1010402.html#primaryimage\"},\"thumbnailUrl\":\"https:\\\/\\\/www.rri.ro\\\/wp-content\\\/uploads\\\/2024\\\/04\\\/stiri-italiana-bleu-site-1269.jpg\",\"articleSection\":[\"Topnews\"],\"inLanguage\":\"it-IT\"},{\"@type\":\"WebPage\",\"@id\":\"https:\\\/\\\/www.rri.ro\\\/it\\\/news\\\/topnews\\\/26-04-2026-id1010402.html\",\"url\":\"https:\\\/\\\/www.rri.ro\\\/it\\\/news\\\/topnews\\\/26-04-2026-id1010402.html\",\"name\":\"26.04.2026 - Radio Romania Internazionale\",\"isPartOf\":{\"@id\":\"https:\\\/\\\/www.rri.ro\\\/#website\"},\"primaryImageOfPage\":{\"@id\":\"https:\\\/\\\/www.rri.ro\\\/it\\\/news\\\/topnews\\\/26-04-2026-id1010402.html#primaryimage\"},\"image\":{\"@id\":\"https:\\\/\\\/www.rri.ro\\\/it\\\/news\\\/topnews\\\/26-04-2026-id1010402.html#primaryimage\"},\"thumbnailUrl\":\"https:\\\/\\\/www.rri.ro\\\/wp-content\\\/uploads\\\/2024\\\/04\\\/stiri-italiana-bleu-site-1269.jpg\",\"datePublished\":\"2026-04-26T14:04:21+00:00\",\"dateModified\":\"2026-04-26T14:35:02+00:00\",\"author\":{\"@id\":\"https:\\\/\\\/www.rri.ro\\\/#\\\/schema\\\/person\\\/4a479940371b9fdefd194f561e8a7f88\"},\"breadcrumb\":{\"@id\":\"https:\\\/\\\/www.rri.ro\\\/it\\\/news\\\/topnews\\\/26-04-2026-id1010402.html#breadcrumb\"},\"inLanguage\":\"it-IT\",\"potentialAction\":[{\"@type\":\"ReadAction\",\"target\":[\"https:\\\/\\\/www.rri.ro\\\/it\\\/news\\\/topnews\\\/26-04-2026-id1010402.html\"]}]},{\"@type\":\"ImageObject\",\"inLanguage\":\"it-IT\",\"@id\":\"https:\\\/\\\/www.rri.ro\\\/it\\\/news\\\/topnews\\\/26-04-2026-id1010402.html#primaryimage\",\"url\":\"https:\\\/\\\/www.rri.ro\\\/wp-content\\\/uploads\\\/2024\\\/04\\\/stiri-italiana-bleu-site-1269.jpg\",\"contentUrl\":\"https:\\\/\\\/www.rri.ro\\\/wp-content\\\/uploads\\\/2024\\\/04\\\/stiri-italiana-bleu-site-1269.jpg\",\"width\":1269,\"height\":720},{\"@type\":\"BreadcrumbList\",\"@id\":\"https:\\\/\\\/www.rri.ro\\\/it\\\/news\\\/topnews\\\/26-04-2026-id1010402.html#breadcrumb\",\"itemListElement\":[{\"@type\":\"ListItem\",\"position\":1,\"name\":\"Pagina iniziale\",\"item\":\"https:\\\/\\\/www.rri.ro\\\/it\"},{\"@type\":\"ListItem\",\"position\":2,\"name\":\"News\",\"item\":\"https:\\\/\\\/www.rri.ro\\\/it\\\/news\"},{\"@type\":\"ListItem\",\"position\":3,\"name\":\"Topnews\",\"item\":\"https:\\\/\\\/www.rri.ro\\\/it\\\/news\\\/topnews\"},{\"@type\":\"ListItem\",\"position\":4,\"name\":\"26.04.2026\"}]},{\"@type\":\"WebSite\",\"@id\":\"https:\\\/\\\/www.rri.ro\\\/#website\",\"url\":\"https:\\\/\\\/www.rri.ro\\\/\",\"name\":\"Radio Romania Internazionale\",\"description\":\"Totul despre Rom\u00e2nia \u015fi rom\u00e2ni, \u00een 13 limbi\\\/dialecte!\",\"inLanguage\":\"it-IT\"},{\"@type\":\"Person\",\"@id\":\"https:\\\/\\\/www.rri.ro\\\/#\\\/schema\\\/person\\\/4a479940371b9fdefd194f561e8a7f88\",\"name\":\"Newsroom\",\"url\":\"https:\\\/\\\/www.rri.ro\\\/it\\\/author\\\/newsroom\"}]}<\/script>\n<!-- \/ Yoast SEO plugin. -->","yoast_head_json":{"title":"26.04.2026 - Radio Romania Internazionale","robots":{"index":"index","follow":"follow","max-snippet":"max-snippet:-1","max-image-preview":"max-image-preview:large","max-video-preview":"max-video-preview:-1"},"canonical":"https:\/\/www.rri.ro\/it\/news\/topnews\/26-04-2026-id1010402.html","og_locale":"it_IT","og_type":"article","og_title":"26.04.2026 - Radio Romania Internazionale","og_description":"Governo \u2013 Il presidente Nicu\u015for Dan incontrer\u00e0 luned\u00ec a Bucarest i leader dei partiti e delle formazioni politiche filoeuropee \u2013 il Partito Socialdemocratico, il Partito Nazionale Liberale, l&#8217;Unione Salvate Romania, l&#8217;Unione Democratica Magiari di Romania e il gruppo parlamentare delle minoranze nazionali \u2013 per discutere dell&#8217;implementazione dei principali programmi per la Romania, SAFE e PNRR. [&hellip;]","og_url":"https:\/\/www.rri.ro\/it\/news\/topnews\/26-04-2026-id1010402.html","og_site_name":"Radio Romania Internazionale","article_published_time":"2026-04-26T14:04:21+00:00","article_modified_time":"2026-04-26T14:35:02+00:00","og_image":[{"width":1269,"height":720,"url":"https:\/\/www.rri.ro\/wp-content\/uploads\/2024\/04\/stiri-italiana-bleu-site-1269.jpg","type":"image\/jpeg"}],"author":"Newsroom","twitter_card":"summary_large_image","twitter_misc":{"Scritto da":"Newsroom","Tempo di lettura stimato":"5 minuti"},"schema":{"@context":"https:\/\/schema.org","@graph":[{"@type":"Article","@id":"https:\/\/www.rri.ro\/it\/news\/topnews\/26-04-2026-id1010402.html#article","isPartOf":{"@id":"https:\/\/www.rri.ro\/it\/news\/topnews\/26-04-2026-id1010402.html"},"author":{"name":"Newsroom","@id":"https:\/\/www.rri.ro\/#\/schema\/person\/4a479940371b9fdefd194f561e8a7f88"},"headline":"26.04.2026","datePublished":"2026-04-26T14:04:21+00:00","dateModified":"2026-04-26T14:35:02+00:00","mainEntityOfPage":{"@id":"https:\/\/www.rri.ro\/it\/news\/topnews\/26-04-2026-id1010402.html"},"wordCount":1060,"image":{"@id":"https:\/\/www.rri.ro\/it\/news\/topnews\/26-04-2026-id1010402.html#primaryimage"},"thumbnailUrl":"https:\/\/www.rri.ro\/wp-content\/uploads\/2024\/04\/stiri-italiana-bleu-site-1269.jpg","articleSection":["Topnews"],"inLanguage":"it-IT"},{"@type":"WebPage","@id":"https:\/\/www.rri.ro\/it\/news\/topnews\/26-04-2026-id1010402.html","url":"https:\/\/www.rri.ro\/it\/news\/topnews\/26-04-2026-id1010402.html","name":"26.04.2026 - Radio Romania Internazionale","isPartOf":{"@id":"https:\/\/www.rri.ro\/#website"},"primaryImageOfPage":{"@id":"https:\/\/www.rri.ro\/it\/news\/topnews\/26-04-2026-id1010402.html#primaryimage"},"image":{"@id":"https:\/\/www.rri.ro\/it\/news\/topnews\/26-04-2026-id1010402.html#primaryimage"},"thumbnailUrl":"https:\/\/www.rri.ro\/wp-content\/uploads\/2024\/04\/stiri-italiana-bleu-site-1269.jpg","datePublished":"2026-04-26T14:04:21+00:00","dateModified":"2026-04-26T14:35:02+00:00","author":{"@id":"https:\/\/www.rri.ro\/#\/schema\/person\/4a479940371b9fdefd194f561e8a7f88"},"breadcrumb":{"@id":"https:\/\/www.rri.ro\/it\/news\/topnews\/26-04-2026-id1010402.html#breadcrumb"},"inLanguage":"it-IT","potentialAction":[{"@type":"ReadAction","target":["https:\/\/www.rri.ro\/it\/news\/topnews\/26-04-2026-id1010402.html"]}]},{"@type":"ImageObject","inLanguage":"it-IT","@id":"https:\/\/www.rri.ro\/it\/news\/topnews\/26-04-2026-id1010402.html#primaryimage","url":"https:\/\/www.rri.ro\/wp-content\/uploads\/2024\/04\/stiri-italiana-bleu-site-1269.jpg","contentUrl":"https:\/\/www.rri.ro\/wp-content\/uploads\/2024\/04\/stiri-italiana-bleu-site-1269.jpg","width":1269,"height":720},{"@type":"BreadcrumbList","@id":"https:\/\/www.rri.ro\/it\/news\/topnews\/26-04-2026-id1010402.html#breadcrumb","itemListElement":[{"@type":"ListItem","position":1,"name":"Pagina iniziale","item":"https:\/\/www.rri.ro\/it"},{"@type":"ListItem","position":2,"name":"News","item":"https:\/\/www.rri.ro\/it\/news"},{"@type":"ListItem","position":3,"name":"Topnews","item":"https:\/\/www.rri.ro\/it\/news\/topnews"},{"@type":"ListItem","position":4,"name":"26.04.2026"}]},{"@type":"WebSite","@id":"https:\/\/www.rri.ro\/#website","url":"https:\/\/www.rri.ro\/","name":"Radio Romania Internazionale","description":"Totul despre Rom\u00e2nia \u015fi rom\u00e2ni, \u00een 13 limbi\/dialecte!","inLanguage":"it-IT"},{"@type":"Person","@id":"https:\/\/www.rri.ro\/#\/schema\/person\/4a479940371b9fdefd194f561e8a7f88","name":"Newsroom","url":"https:\/\/www.rri.ro\/it\/author\/newsroom"}]}},"_links":{"self":[{"href":"https:\/\/www.rri.ro\/it\/wp-json\/wp\/v2\/posts\/1010402","targetHints":{"allow":["GET"]}}],"collection":[{"href":"https:\/\/www.rri.ro\/it\/wp-json\/wp\/v2\/posts"}],"about":[{"href":"https:\/\/www.rri.ro\/it\/wp-json\/wp\/v2\/types\/post"}],"author":[{"embeddable":true,"href":"https:\/\/www.rri.ro\/it\/wp-json\/wp\/v2\/users\/113"}],"replies":[{"embeddable":true,"href":"https:\/\/www.rri.ro\/it\/wp-json\/wp\/v2\/comments?post=1010402"}],"version-history":[{"count":0,"href":"https:\/\/www.rri.ro\/it\/wp-json\/wp\/v2\/posts\/1010402\/revisions"}],"wp:featuredmedia":[{"embeddable":true,"href":"https:\/\/www.rri.ro\/it\/wp-json\/wp\/v2\/media\/745145"}],"wp:attachment":[{"href":"https:\/\/www.rri.ro\/it\/wp-json\/wp\/v2\/media?parent=1010402"}],"wp:term":[{"taxonomy":"category","embeddable":true,"href":"https:\/\/www.rri.ro\/it\/wp-json\/wp\/v2\/categories?post=1010402"},{"taxonomy":"post_tag","embeddable":true,"href":"https:\/\/www.rri.ro\/it\/wp-json\/wp\/v2\/tags?post=1010402"},{"taxonomy":"author","embeddable":true,"href":"https:\/\/www.rri.ro\/it\/wp-json\/wp\/v2\/coauthors?post=1010402"}],"curies":[{"name":"wp","href":"https:\/\/api.w.org\/{rel}","templated":true}]}}