{"id":1010421,"date":"2026-04-28T07:00:30","date_gmt":"2026-04-28T04:00:30","guid":{"rendered":"https:\/\/www.rri.ro\/?p=1010421"},"modified":"2026-04-26T19:10:45","modified_gmt":"2026-04-26T16:10:45","slug":"le-caldaie-del-danubio-nella-stagione-dei-tulipani-gialli","status":"publish","type":"post","link":"https:\/\/www.rri.ro\/it\/guida-programmi\/destinazione-romania\/le-caldaie-del-danubio-nella-stagione-dei-tulipani-gialli-id1010421.html","title":{"rendered":"Le Caldaie del Danubio, nella stagione dei tulipani gialli"},"content":{"rendered":"<p>Nel tratto chiamato &#8220;Cazanele Dun\u0103rii \/ Le Caldaie del Danubio&#8221;, il fiume scorre tra pareti rocciose quasi verticali, un paesaggio che \u00e8 cambiato negli anni &#8217;70, dopo la costruzione della diga idroelettrica di Por\u0163ile de Fier \/ Le Porte di Ferro. Sotto le acque dell&#8217;enorme bacino artificiale si trovano diversi insediamenti i cui abitanti si sono trasferiti nelle zone limitrofe, in luoghi pi\u00f9 elevati. Il paesaggio \u00e8 cambiato radicalmente dopo che il livello dell&#8217;acqua ha raggiunto le pareti rocciose, creando una gola di oltre 9 chilometri che \u00e8 diventata una grande attrattiva turistica. Questa gola pu\u00f2 essere facilmente percorsa a bordo di un motoscafo, in un viaggio di una o due ore attraverso Cazanele Mari \/ Le Caldaie Grandi, Cazanele Mici \/ Le Caldaie Piccole e il golfo di Dubova. Il nome di Cazane \/ Caldaie risale al periodo in cui la diga non esisteva e il fiume scorreva tra le rocce, dando l&#8217;impressione che la sua acqua ribollisse. Alcuni turisti scelgono questo periodo per visitare Le Caldaie del Danubio perch\u00e9 possono ammirare, dalle barche, il tulipano giallo di Cazane (Tulipa hungarica), una specie che si trova solo sulle pendici del monte di Ciucarul Mare.<\/p>\n<p>Florentina Muchitsch, segretaria generale dell&#8217;associazione &#8220;Scopri le Caldaie del Danubio&#8221;, ci ha detto perch\u00e9 una gita in barca alle caldaie del Danubio in aprile \u00e8 un&#8217;esperienza speciale: <em>&#8220;\u00c8 il posto pi\u00f9 bello in aprile. Abbiamo il tulipano giallo di Cazane, \u00e8 gi\u00e0 fiorito. Il tulipano giallo di Cazane, o Tulipa Hungarica, come viene chiamato, \u00e8 una specie endemica, menzionata per la prima volta nel 1884. Cresce nella riserva di Cazanele Mari, Cazanele Mici, sulle pendici di Ciucarului Mare, sulla riva romena del Danubio. Come possiamo raggiungere il fiore? In barca! \u00c8 un piccolo fiore giallo, inodore, che sboccia proprio sulla roccia nuda, in alto. Possiamo vederlo solo dall&#8217;acqua! Vediamo le pareti rocciose, vestite di giallo. \u00c8 qualcosa che non si pu\u00f2 descrivere. Bisogna vederlo! Un giro in barca \u00e8 un&#8217;esperienza da non perdere. Un itinerario classico includerebbe &#8220;Il Volto di Decebalo&#8221;, Tabula Traiana, il Monastero di Mraconia, la Grotta Veterani, la Grotta di Ponicova, naturalmente Cazanele Mari, Cazanele Mici. L\u2019itinerario dura circa due ore. La zona del tulipano giallo si estende dal golfo di Dubova fino alle vicinanze della grotta di Ponicova.\u201d<\/em> \u2013 ha detto Florentina Muchitsch.<\/p>\n<p>Il volto di Decebalo, scolpito nella roccia della montagna, \u00e8 un&#8217;opera incompiuta, alta 55 metri e larga 25. Sempre dalla barca, sulla sponda serba del Danubio, si pu\u00f2 ammirare la &#8220;Tabula Traiana&#8221;, una lapide commemorativa risalente all&#8217;epoca dell&#8217;imperatore Traiano, eretta per celebrare la vittoria dei Romani nella guerra contro i Daci, negli anni 105-106. Sulla sponda romena si trova il Monastero di Mraconia, costruito sulle fondamenta di un antico faro che aiutava a dirigere la navigazione fluviale, prima della costruzione della diga. La primavera \u00e8 la stagione ideale per fare escursioni sui monti di Ciucarul Mare e di Ciucarul Mic.<\/p>\n<p><em>&#8220;La primavera \u00e8 forse la stagione pi\u00f9 bella per fare escursioni da queste parti. Il percorso sul Ciucarul Mare \u00e8 il pi\u00f9 popolare, dura circa due o tre ore e non \u00e8 molto difficile. Dalla cima si gode di un panorama incredibile sulle Caldaie e sul golfo di Dubova. \u00c8 il punto panoramico pi\u00f9 spettacolare sulle Caldaie. L\u2019itinerario \u00e8 accessibile anche alle famiglie con bambini. Il dislivello \u00e8 di 300 metri, \u00e8 una salita impegnativa, direi, ma poi c&#8217;\u00e8 un altopiano molto ampio per il ritorno. Consiglio questo percorso, poi consiglio Ciucarul Mic, il punto panoramico sulle Caldaie Piccole che dura circa 3 ore, \u00e8 meno affollato e naturalmente le cascate sulla Valle di Ponicova e Pla\u0219evi\u021ba. Sono spettacolari in primavera, perch\u00e9 se andiamo a vederle in estate, non c\u2019\u00e8 acqua.&#8221; \u2013 <\/em>ha aggiunto Florentina Muchitsch, segretaria generale dell&#8217;associazione &#8220;Scopri le Caldaie del Danubio&#8221;.<\/p>\n<p>Dopo l&#8217;innalzamento del livello del Danubio, l&#8217;accesso alle grotte nella zona delle Caldaie del Danubio \u00e8 possibile solo via acqua, con la barca. La Grotta Veterani, ad esempio, con tracce di insediamenti paleolitici, fu fortificata oltre 300 anni fa per creare un punto di osservazione sul Danubio per l&#8217;esercito austriaco. Durante il solstizio d&#8217;estate si verifica un fenomeno spettacolare: i raggi del sole penetrano all&#8217;interno della grotta attraverso un&#8217;apertura nel soffitto. Un&#8217;altra attrattiva \u00e8 la Grotta di Ponicova, lunga un chilometro, che attraversa la montagna da un lato all&#8217;altro. Arrivando via acqua, i visitatori possono accedere alla galleria e poi uscire sulla strada che segue il profilo della sponda romena delle Caldaie del Danubio. \u00c8 importante sottolineare che l&#8217;accesso dei visitatori alla Grotta di Ponicova \u00e8 limitato a una galleria, per non disturbare la colonia di pipistrelli che vi abita.<\/p>\n","protected":false},"excerpt":{"rendered":"<p>Nel tratto chiamato &#8220;Cazanele Dun\u0103rii \/ Le Caldaie del Danubio&#8221;, il fiume scorre tra pareti rocciose quasi verticali, un paesaggio che \u00e8 cambiato negli anni &#8217;70, dopo la costruzione della diga idroelettrica di Por\u0163ile de Fier \/ Le Porte di Ferro. Sotto le acque dell&#8217;enorme bacino artificiale si trovano diversi insediamenti i cui abitanti si [&hellip;]<\/p>\n","protected":false},"author":125,"featured_media":863623,"comment_status":"closed","ping_status":"closed","sticky":false,"template":"","format":"standard","meta":{"_acf_changed":false,"footnotes":""},"categories":[132211],"tags":[],"coauthors":[113250],"class_list":["post-1010421","post","type-post","status-publish","format-standard","has-post-thumbnail","hentry","category-destinazione-romania"],"acf":[],"yoast_head":"<!-- This site is optimized with the Yoast SEO plugin v27.3 - https:\/\/yoast.com\/product\/yoast-seo-wordpress\/ -->\n<title>Le Caldaie del Danubio, nella stagione dei tulipani gialli - Radio Romania Internazionale<\/title>\n<meta name=\"robots\" content=\"index, follow, max-snippet:-1, max-image-preview:large, max-video-preview:-1\" \/>\n<link rel=\"canonical\" href=\"https:\/\/www.rri.ro\/it\/guida-programmi\/destinazione-romania\/le-caldaie-del-danubio-nella-stagione-dei-tulipani-gialli-id1010421.html\" \/>\n<meta property=\"og:locale\" content=\"it_IT\" \/>\n<meta property=\"og:type\" content=\"article\" \/>\n<meta property=\"og:title\" content=\"Le Caldaie del Danubio, nella stagione dei tulipani gialli - Radio Romania Internazionale\" \/>\n<meta property=\"og:description\" content=\"Nel tratto chiamato &#8220;Cazanele Dun\u0103rii \/ Le Caldaie del Danubio&#8221;, il fiume scorre tra pareti rocciose quasi verticali, un paesaggio che \u00e8 cambiato negli anni &#8217;70, dopo la costruzione della diga idroelettrica di Por\u0163ile de Fier \/ Le Porte di Ferro. Sotto le acque dell&#8217;enorme bacino artificiale si trovano diversi insediamenti i cui abitanti si [&hellip;]\" \/>\n<meta property=\"og:url\" content=\"https:\/\/www.rri.ro\/it\/guida-programmi\/destinazione-romania\/le-caldaie-del-danubio-nella-stagione-dei-tulipani-gialli-id1010421.html\" \/>\n<meta property=\"og:site_name\" content=\"Radio Romania Internazionale\" \/>\n<meta property=\"article:published_time\" content=\"2026-04-28T04:00:30+00:00\" \/>\n<meta property=\"og:image\" content=\"https:\/\/www.rri.ro\/wp-content\/uploads\/2025\/02\/cazanele-dunarii-foto-florenta.jpg\" \/>\n\t<meta property=\"og:image:width\" content=\"1200\" \/>\n\t<meta property=\"og:image:height\" content=\"675\" \/>\n\t<meta property=\"og:image:type\" content=\"image\/jpeg\" \/>\n<meta name=\"author\" content=\"\u0218tefan Baciu\" \/>\n<meta name=\"twitter:card\" content=\"summary_large_image\" \/>\n<meta name=\"twitter:label1\" content=\"Scritto da\" \/>\n\t<meta name=\"twitter:data1\" content=\"\u0218tefan Baciu\" \/>\n\t<meta name=\"twitter:label2\" content=\"Tempo di lettura stimato\" \/>\n\t<meta name=\"twitter:data2\" content=\"4 minuti\" \/>\n<script type=\"application\/ld+json\" class=\"yoast-schema-graph\">{\"@context\":\"https:\\\/\\\/schema.org\",\"@graph\":[{\"@type\":\"Article\",\"@id\":\"https:\\\/\\\/www.rri.ro\\\/it\\\/guida-programmi\\\/destinazione-romania\\\/le-caldaie-del-danubio-nella-stagione-dei-tulipani-gialli-id1010421.html#article\",\"isPartOf\":{\"@id\":\"https:\\\/\\\/www.rri.ro\\\/it\\\/guida-programmi\\\/destinazione-romania\\\/le-caldaie-del-danubio-nella-stagione-dei-tulipani-gialli-id1010421.html\"},\"author\":{\"name\":\"\u0218tefan Baciu\",\"@id\":\"https:\\\/\\\/www.rri.ro\\\/#\\\/schema\\\/person\\\/fbb3638d6b8cdc5f110e10b1e6f1b7b5\"},\"headline\":\"Le Caldaie del Danubio, nella stagione dei tulipani gialli\",\"datePublished\":\"2026-04-28T04:00:30+00:00\",\"mainEntityOfPage\":{\"@id\":\"https:\\\/\\\/www.rri.ro\\\/it\\\/guida-programmi\\\/destinazione-romania\\\/le-caldaie-del-danubio-nella-stagione-dei-tulipani-gialli-id1010421.html\"},\"wordCount\":762,\"image\":{\"@id\":\"https:\\\/\\\/www.rri.ro\\\/it\\\/guida-programmi\\\/destinazione-romania\\\/le-caldaie-del-danubio-nella-stagione-dei-tulipani-gialli-id1010421.html#primaryimage\"},\"thumbnailUrl\":\"https:\\\/\\\/www.rri.ro\\\/wp-content\\\/uploads\\\/2025\\\/02\\\/cazanele-dunarii-foto-florenta.jpg\",\"articleSection\":[\"Destinazione Romania\"],\"inLanguage\":\"it-IT\"},{\"@type\":\"WebPage\",\"@id\":\"https:\\\/\\\/www.rri.ro\\\/it\\\/guida-programmi\\\/destinazione-romania\\\/le-caldaie-del-danubio-nella-stagione-dei-tulipani-gialli-id1010421.html\",\"url\":\"https:\\\/\\\/www.rri.ro\\\/it\\\/guida-programmi\\\/destinazione-romania\\\/le-caldaie-del-danubio-nella-stagione-dei-tulipani-gialli-id1010421.html\",\"name\":\"Le Caldaie del Danubio, nella stagione dei tulipani gialli - Radio Romania Internazionale\",\"isPartOf\":{\"@id\":\"https:\\\/\\\/www.rri.ro\\\/#website\"},\"primaryImageOfPage\":{\"@id\":\"https:\\\/\\\/www.rri.ro\\\/it\\\/guida-programmi\\\/destinazione-romania\\\/le-caldaie-del-danubio-nella-stagione-dei-tulipani-gialli-id1010421.html#primaryimage\"},\"image\":{\"@id\":\"https:\\\/\\\/www.rri.ro\\\/it\\\/guida-programmi\\\/destinazione-romania\\\/le-caldaie-del-danubio-nella-stagione-dei-tulipani-gialli-id1010421.html#primaryimage\"},\"thumbnailUrl\":\"https:\\\/\\\/www.rri.ro\\\/wp-content\\\/uploads\\\/2025\\\/02\\\/cazanele-dunarii-foto-florenta.jpg\",\"datePublished\":\"2026-04-28T04:00:30+00:00\",\"author\":{\"@id\":\"https:\\\/\\\/www.rri.ro\\\/#\\\/schema\\\/person\\\/fbb3638d6b8cdc5f110e10b1e6f1b7b5\"},\"breadcrumb\":{\"@id\":\"https:\\\/\\\/www.rri.ro\\\/it\\\/guida-programmi\\\/destinazione-romania\\\/le-caldaie-del-danubio-nella-stagione-dei-tulipani-gialli-id1010421.html#breadcrumb\"},\"inLanguage\":\"it-IT\",\"potentialAction\":[{\"@type\":\"ReadAction\",\"target\":[\"https:\\\/\\\/www.rri.ro\\\/it\\\/guida-programmi\\\/destinazione-romania\\\/le-caldaie-del-danubio-nella-stagione-dei-tulipani-gialli-id1010421.html\"]}]},{\"@type\":\"ImageObject\",\"inLanguage\":\"it-IT\",\"@id\":\"https:\\\/\\\/www.rri.ro\\\/it\\\/guida-programmi\\\/destinazione-romania\\\/le-caldaie-del-danubio-nella-stagione-dei-tulipani-gialli-id1010421.html#primaryimage\",\"url\":\"https:\\\/\\\/www.rri.ro\\\/wp-content\\\/uploads\\\/2025\\\/02\\\/cazanele-dunarii-foto-florenta.jpg\",\"contentUrl\":\"https:\\\/\\\/www.rri.ro\\\/wp-content\\\/uploads\\\/2025\\\/02\\\/cazanele-dunarii-foto-florenta.jpg\",\"width\":1200,\"height\":675,\"caption\":\"Cazanele Dun\u0103rii \\\/ Le Caldaie del Danubio\"},{\"@type\":\"BreadcrumbList\",\"@id\":\"https:\\\/\\\/www.rri.ro\\\/it\\\/guida-programmi\\\/destinazione-romania\\\/le-caldaie-del-danubio-nella-stagione-dei-tulipani-gialli-id1010421.html#breadcrumb\",\"itemListElement\":[{\"@type\":\"ListItem\",\"position\":1,\"name\":\"Pagina iniziale\",\"item\":\"https:\\\/\\\/www.rri.ro\\\/it\"},{\"@type\":\"ListItem\",\"position\":2,\"name\":\"Guida programmi\",\"item\":\"https:\\\/\\\/www.rri.ro\\\/it\\\/guida-programmi\"},{\"@type\":\"ListItem\",\"position\":3,\"name\":\"Destinazione Romania\",\"item\":\"https:\\\/\\\/www.rri.ro\\\/it\\\/guida-programmi\\\/destinazione-romania\"},{\"@type\":\"ListItem\",\"position\":4,\"name\":\"Le Caldaie del Danubio, nella stagione dei tulipani gialli\"}]},{\"@type\":\"WebSite\",\"@id\":\"https:\\\/\\\/www.rri.ro\\\/#website\",\"url\":\"https:\\\/\\\/www.rri.ro\\\/\",\"name\":\"Radio Romania Internazionale\",\"description\":\"Totul despre Rom\u00e2nia \u015fi rom\u00e2ni, \u00een 13 limbi\\\/dialecte!\",\"inLanguage\":\"it-IT\"},{\"@type\":\"Person\",\"@id\":\"https:\\\/\\\/www.rri.ro\\\/#\\\/schema\\\/person\\\/fbb3638d6b8cdc5f110e10b1e6f1b7b5\",\"name\":\"\u0218tefan Baciu\",\"url\":\"https:\\\/\\\/www.rri.ro\\\/it\\\/author\\\/stefan-baciu\"}]}<\/script>\n<!-- \/ Yoast SEO plugin. -->","yoast_head_json":{"title":"Le Caldaie del Danubio, nella stagione dei tulipani gialli - Radio Romania Internazionale","robots":{"index":"index","follow":"follow","max-snippet":"max-snippet:-1","max-image-preview":"max-image-preview:large","max-video-preview":"max-video-preview:-1"},"canonical":"https:\/\/www.rri.ro\/it\/guida-programmi\/destinazione-romania\/le-caldaie-del-danubio-nella-stagione-dei-tulipani-gialli-id1010421.html","og_locale":"it_IT","og_type":"article","og_title":"Le Caldaie del Danubio, nella stagione dei tulipani gialli - Radio Romania Internazionale","og_description":"Nel tratto chiamato &#8220;Cazanele Dun\u0103rii \/ Le Caldaie del Danubio&#8221;, il fiume scorre tra pareti rocciose quasi verticali, un paesaggio che \u00e8 cambiato negli anni &#8217;70, dopo la costruzione della diga idroelettrica di Por\u0163ile de Fier \/ Le Porte di Ferro. Sotto le acque dell&#8217;enorme bacino artificiale si trovano diversi insediamenti i cui abitanti si [&hellip;]","og_url":"https:\/\/www.rri.ro\/it\/guida-programmi\/destinazione-romania\/le-caldaie-del-danubio-nella-stagione-dei-tulipani-gialli-id1010421.html","og_site_name":"Radio Romania Internazionale","article_published_time":"2026-04-28T04:00:30+00:00","og_image":[{"width":1200,"height":675,"url":"https:\/\/www.rri.ro\/wp-content\/uploads\/2025\/02\/cazanele-dunarii-foto-florenta.jpg","type":"image\/jpeg"}],"author":"\u0218tefan Baciu","twitter_card":"summary_large_image","twitter_misc":{"Scritto da":"\u0218tefan Baciu","Tempo di lettura stimato":"4 minuti"},"schema":{"@context":"https:\/\/schema.org","@graph":[{"@type":"Article","@id":"https:\/\/www.rri.ro\/it\/guida-programmi\/destinazione-romania\/le-caldaie-del-danubio-nella-stagione-dei-tulipani-gialli-id1010421.html#article","isPartOf":{"@id":"https:\/\/www.rri.ro\/it\/guida-programmi\/destinazione-romania\/le-caldaie-del-danubio-nella-stagione-dei-tulipani-gialli-id1010421.html"},"author":{"name":"\u0218tefan Baciu","@id":"https:\/\/www.rri.ro\/#\/schema\/person\/fbb3638d6b8cdc5f110e10b1e6f1b7b5"},"headline":"Le Caldaie del Danubio, nella stagione dei tulipani gialli","datePublished":"2026-04-28T04:00:30+00:00","mainEntityOfPage":{"@id":"https:\/\/www.rri.ro\/it\/guida-programmi\/destinazione-romania\/le-caldaie-del-danubio-nella-stagione-dei-tulipani-gialli-id1010421.html"},"wordCount":762,"image":{"@id":"https:\/\/www.rri.ro\/it\/guida-programmi\/destinazione-romania\/le-caldaie-del-danubio-nella-stagione-dei-tulipani-gialli-id1010421.html#primaryimage"},"thumbnailUrl":"https:\/\/www.rri.ro\/wp-content\/uploads\/2025\/02\/cazanele-dunarii-foto-florenta.jpg","articleSection":["Destinazione Romania"],"inLanguage":"it-IT"},{"@type":"WebPage","@id":"https:\/\/www.rri.ro\/it\/guida-programmi\/destinazione-romania\/le-caldaie-del-danubio-nella-stagione-dei-tulipani-gialli-id1010421.html","url":"https:\/\/www.rri.ro\/it\/guida-programmi\/destinazione-romania\/le-caldaie-del-danubio-nella-stagione-dei-tulipani-gialli-id1010421.html","name":"Le Caldaie del Danubio, nella stagione dei tulipani gialli - Radio Romania Internazionale","isPartOf":{"@id":"https:\/\/www.rri.ro\/#website"},"primaryImageOfPage":{"@id":"https:\/\/www.rri.ro\/it\/guida-programmi\/destinazione-romania\/le-caldaie-del-danubio-nella-stagione-dei-tulipani-gialli-id1010421.html#primaryimage"},"image":{"@id":"https:\/\/www.rri.ro\/it\/guida-programmi\/destinazione-romania\/le-caldaie-del-danubio-nella-stagione-dei-tulipani-gialli-id1010421.html#primaryimage"},"thumbnailUrl":"https:\/\/www.rri.ro\/wp-content\/uploads\/2025\/02\/cazanele-dunarii-foto-florenta.jpg","datePublished":"2026-04-28T04:00:30+00:00","author":{"@id":"https:\/\/www.rri.ro\/#\/schema\/person\/fbb3638d6b8cdc5f110e10b1e6f1b7b5"},"breadcrumb":{"@id":"https:\/\/www.rri.ro\/it\/guida-programmi\/destinazione-romania\/le-caldaie-del-danubio-nella-stagione-dei-tulipani-gialli-id1010421.html#breadcrumb"},"inLanguage":"it-IT","potentialAction":[{"@type":"ReadAction","target":["https:\/\/www.rri.ro\/it\/guida-programmi\/destinazione-romania\/le-caldaie-del-danubio-nella-stagione-dei-tulipani-gialli-id1010421.html"]}]},{"@type":"ImageObject","inLanguage":"it-IT","@id":"https:\/\/www.rri.ro\/it\/guida-programmi\/destinazione-romania\/le-caldaie-del-danubio-nella-stagione-dei-tulipani-gialli-id1010421.html#primaryimage","url":"https:\/\/www.rri.ro\/wp-content\/uploads\/2025\/02\/cazanele-dunarii-foto-florenta.jpg","contentUrl":"https:\/\/www.rri.ro\/wp-content\/uploads\/2025\/02\/cazanele-dunarii-foto-florenta.jpg","width":1200,"height":675,"caption":"Cazanele Dun\u0103rii \/ Le Caldaie del Danubio"},{"@type":"BreadcrumbList","@id":"https:\/\/www.rri.ro\/it\/guida-programmi\/destinazione-romania\/le-caldaie-del-danubio-nella-stagione-dei-tulipani-gialli-id1010421.html#breadcrumb","itemListElement":[{"@type":"ListItem","position":1,"name":"Pagina iniziale","item":"https:\/\/www.rri.ro\/it"},{"@type":"ListItem","position":2,"name":"Guida programmi","item":"https:\/\/www.rri.ro\/it\/guida-programmi"},{"@type":"ListItem","position":3,"name":"Destinazione Romania","item":"https:\/\/www.rri.ro\/it\/guida-programmi\/destinazione-romania"},{"@type":"ListItem","position":4,"name":"Le Caldaie del Danubio, nella stagione dei tulipani gialli"}]},{"@type":"WebSite","@id":"https:\/\/www.rri.ro\/#website","url":"https:\/\/www.rri.ro\/","name":"Radio Romania Internazionale","description":"Totul despre Rom\u00e2nia \u015fi rom\u00e2ni, \u00een 13 limbi\/dialecte!","inLanguage":"it-IT"},{"@type":"Person","@id":"https:\/\/www.rri.ro\/#\/schema\/person\/fbb3638d6b8cdc5f110e10b1e6f1b7b5","name":"\u0218tefan Baciu","url":"https:\/\/www.rri.ro\/it\/author\/stefan-baciu"}]}},"_links":{"self":[{"href":"https:\/\/www.rri.ro\/it\/wp-json\/wp\/v2\/posts\/1010421","targetHints":{"allow":["GET"]}}],"collection":[{"href":"https:\/\/www.rri.ro\/it\/wp-json\/wp\/v2\/posts"}],"about":[{"href":"https:\/\/www.rri.ro\/it\/wp-json\/wp\/v2\/types\/post"}],"author":[{"embeddable":true,"href":"https:\/\/www.rri.ro\/it\/wp-json\/wp\/v2\/users\/125"}],"replies":[{"embeddable":true,"href":"https:\/\/www.rri.ro\/it\/wp-json\/wp\/v2\/comments?post=1010421"}],"version-history":[{"count":1,"href":"https:\/\/www.rri.ro\/it\/wp-json\/wp\/v2\/posts\/1010421\/revisions"}],"predecessor-version":[{"id":1010423,"href":"https:\/\/www.rri.ro\/it\/wp-json\/wp\/v2\/posts\/1010421\/revisions\/1010423"}],"wp:featuredmedia":[{"embeddable":true,"href":"https:\/\/www.rri.ro\/it\/wp-json\/wp\/v2\/media\/863623"}],"wp:attachment":[{"href":"https:\/\/www.rri.ro\/it\/wp-json\/wp\/v2\/media?parent=1010421"}],"wp:term":[{"taxonomy":"category","embeddable":true,"href":"https:\/\/www.rri.ro\/it\/wp-json\/wp\/v2\/categories?post=1010421"},{"taxonomy":"post_tag","embeddable":true,"href":"https:\/\/www.rri.ro\/it\/wp-json\/wp\/v2\/tags?post=1010421"},{"taxonomy":"author","embeddable":true,"href":"https:\/\/www.rri.ro\/it\/wp-json\/wp\/v2\/coauthors?post=1010421"}],"curies":[{"name":"wp","href":"https:\/\/api.w.org\/{rel}","templated":true}]}}