{"id":1011000,"date":"2026-04-28T11:49:21","date_gmt":"2026-04-28T08:49:21","guid":{"rendered":"https:\/\/www.rri.ro\/?p=1011000"},"modified":"2026-04-28T11:49:21","modified_gmt":"2026-04-28T08:49:21","slug":"partenariato-romeno-americano-nel-campo-della-difesa","status":"publish","type":"post","link":"https:\/\/www.rri.ro\/it\/news\/attualita\/partenariato-romeno-americano-nel-campo-della-difesa-id1011000.html","title":{"rendered":"Partenariato romeno-americano nel campo della difesa"},"content":{"rendered":"<p>\u00c8 necessario rafforzare il Partenariato strategico tra la Romania e gli Stati Uniti \u2013 ha scritto il presidente Nicu\u0219or Dan sulla rete X, dopo l\u2019incontro avuto luned\u00ec con il segretario all&#8217;Esercito degli Stati Uniti d\u2019America, Daniel P. Driscoll. Bucarest \u00e8 pronta a investire di pi\u00f9 per la propria sicurezza e per quella dell\u2019Alleanza Nord Atlantica \u2013 ha sottolineato il capo dello stato, precisando che la Romania continua a essere il partner e alleato pi\u00f9 affidabile degli Stati Uniti al Mar Nero, dove le sfide e i rischi tendono ad aumentare, intaccando sulla sicurezza euro-atlantica.<\/p>\n<p>Anche la ministra degli Affari Esteri, Oana \u021aoiu, ha evidenziato, dopo l\u2019incontro con il responsabile americano, che il Partenariato strategico bilaterale resta essenziale per la sicurezza della Romania, sostenendo l\u2019accelerazione degli investimenti comuni. \u201cAbbiamo affrontato temi molto importanti per la sicurezza della Romania, dall\u2019importanza della presenza militare americana nel paese per il rafforzamento del Fianco Orientale, fino alla necessit\u00e0 di una stretta cooperazione nel contesto della guerra di aggressione della Russia contro l\u2019Ucraina\u201d, ha precisato Oana \u021aoiu. La ministra ha presentato a Daniel P. Driscoll i dettagli del pi\u00f9 recente incidente, avvenuto alla fine della scorsa settimana, quando un drone russo ha violato lo spazio aereo romeno e, fatto senza precedenti, i frammenti sono caduti in una zona abitata, rendendo necessario l\u2019intervento degli specialisti romeni per la detonazione della carica esplosiva.<\/p>\n<p>Oltre alla componente militare, durante l\u2019incontro tra il capo della diplomazia di Bucarest e il segretario all&#8217;Esercito degli USA si \u00e8 discusso anche dell\u2019accelerazione degli investimenti comuni e della crescita delle economie di entrambi i paesi anche attraverso l\u2019industria della difesa, dove il potenziale di cooperazione \u00e8 significativo. In termini concreti, il ministro della Difesa, Radu Miru\u021b\u0103, e il segretario all&#8217;Esercito degli Stati Uniti, Daniel P. Driscoll, hanno firmato una lettera di intenti per la cooperazione nel campo dei droni e dei sistemi di contrasto agli stessi.<\/p>\n<p>\u201cLa Romania diventa il secondo paese al mondo, dopo il Regno Unito, ad avere accesso in tempo reale alla piattaforma americana Counter-UAS Marketplace \u2013 uno strumento moderno che ci offre accesso rapido a oltre 1.600 soluzioni anti-drone e riduce significativamente i tempi di reazione e di acquisizione. Sul Fianco Orientale, il tempo fa la differenza. E noi scegliamo di essere preparati\u201d, ha precisato il ministro Miru\u021b\u0103 sulla sua pagina Facebook. \u201cIl partenariato con gli Stati Uniti non \u00e8 solo un simbolo. \u00c8 una garanzia reale di sicurezza. E la Romania non \u00e8 solo un beneficiario di sicurezza. \u00c8 un partner serio, che contribuisce, fornisce risultati e offre prevedibilit\u00e0. Un impegno \u00e8 un impegno, indipendentemente da quanto tempo sia passato dalla sua firma. E la Romania rispetta i propri impegni\u201d, ha aggiunto il ministro della Difesa, assicurando che il paese resta un sostenitore fermo del rafforzamento della relazione transatlantica.<\/p>\n","protected":false},"excerpt":{"rendered":"<p>\u00c8 necessario rafforzare il Partenariato strategico tra la Romania e gli Stati Uniti \u2013 ha scritto il presidente Nicu\u0219or Dan sulla rete X, dopo l\u2019incontro avuto luned\u00ec con il segretario all&#8217;Esercito degli Stati Uniti d\u2019America, Daniel P. Driscoll. Bucarest \u00e8 pronta a investire di pi\u00f9 per la propria sicurezza e per quella dell\u2019Alleanza Nord Atlantica [&hellip;]<\/p>\n","protected":false},"author":109,"featured_media":1010931,"comment_status":"closed","ping_status":"closed","sticky":false,"template":"","format":"standard","meta":{"_acf_changed":false,"footnotes":""},"categories":[132228],"tags":[],"coauthors":[115219],"class_list":["post-1011000","post","type-post","status-publish","format-standard","has-post-thumbnail","hentry","category-attualita"],"acf":[],"yoast_head":"<!-- This site is optimized with the Yoast SEO plugin v27.5 - https:\/\/yoast.com\/product\/yoast-seo-wordpress\/ -->\n<title>Partenariato romeno-americano nel campo della difesa - Radio Romania Internazionale<\/title>\n<meta name=\"robots\" content=\"index, follow, max-snippet:-1, max-image-preview:large, max-video-preview:-1\" \/>\n<link rel=\"canonical\" href=\"https:\/\/www.rri.ro\/it\/news\/attualita\/partenariato-romeno-americano-nel-campo-della-difesa-id1011000.html\" \/>\n<meta property=\"og:locale\" content=\"it_IT\" \/>\n<meta property=\"og:type\" content=\"article\" \/>\n<meta property=\"og:title\" content=\"Partenariato romeno-americano nel campo della difesa - Radio Romania Internazionale\" \/>\n<meta property=\"og:description\" content=\"\u00c8 necessario rafforzare il Partenariato strategico tra la Romania e gli Stati Uniti \u2013 ha scritto il presidente Nicu\u0219or Dan sulla rete X, dopo l\u2019incontro avuto luned\u00ec con il segretario all&#8217;Esercito degli Stati Uniti d\u2019America, Daniel P. Driscoll. Bucarest \u00e8 pronta a investire di pi\u00f9 per la propria sicurezza e per quella dell\u2019Alleanza Nord Atlantica [&hellip;]\" \/>\n<meta property=\"og:url\" content=\"https:\/\/www.rri.ro\/it\/news\/attualita\/partenariato-romeno-americano-nel-campo-della-difesa-id1011000.html\" \/>\n<meta property=\"og:site_name\" content=\"Radio Romania Internazionale\" \/>\n<meta property=\"article:published_time\" content=\"2026-04-28T08:49:21+00:00\" \/>\n<meta property=\"og:image\" content=\"https:\/\/www.rri.ro\/wp-content\/uploads\/2026\/04\/Ministrul-Apararii-Radu-Miruta-Secretarul-Fortelor-Terestre-SUA-Daniel-PDriscoll-foto-fb-ministerulaparariinationale.jpg\" \/>\n\t<meta property=\"og:image:width\" content=\"1200\" \/>\n\t<meta property=\"og:image:height\" content=\"799\" \/>\n\t<meta property=\"og:image:type\" content=\"image\/jpeg\" \/>\n<meta name=\"author\" content=\"Roxana Vasile\" \/>\n<meta name=\"twitter:card\" content=\"summary_large_image\" \/>\n<meta name=\"twitter:label1\" content=\"Scritto da\" \/>\n\t<meta name=\"twitter:data1\" content=\"Roxana Vasile\" \/>\n\t<meta name=\"twitter:label2\" content=\"Tempo di lettura stimato\" \/>\n\t<meta name=\"twitter:data2\" content=\"2 minuti\" \/>\n<script type=\"application\/ld+json\" class=\"yoast-schema-graph\">{\"@context\":\"https:\\\/\\\/schema.org\",\"@graph\":[{\"@type\":\"Article\",\"@id\":\"https:\\\/\\\/www.rri.ro\\\/it\\\/news\\\/attualita\\\/partenariato-romeno-americano-nel-campo-della-difesa-id1011000.html#article\",\"isPartOf\":{\"@id\":\"https:\\\/\\\/www.rri.ro\\\/it\\\/news\\\/attualita\\\/partenariato-romeno-americano-nel-campo-della-difesa-id1011000.html\"},\"author\":{\"name\":\"Roxana Vasile\",\"@id\":\"https:\\\/\\\/www.rri.ro\\\/#\\\/schema\\\/person\\\/0745b519f2d1287783422f162c4112af\"},\"headline\":\"Partenariato romeno-americano nel campo della difesa\",\"datePublished\":\"2026-04-28T08:49:21+00:00\",\"mainEntityOfPage\":{\"@id\":\"https:\\\/\\\/www.rri.ro\\\/it\\\/news\\\/attualita\\\/partenariato-romeno-americano-nel-campo-della-difesa-id1011000.html\"},\"wordCount\":468,\"image\":{\"@id\":\"https:\\\/\\\/www.rri.ro\\\/it\\\/news\\\/attualita\\\/partenariato-romeno-americano-nel-campo-della-difesa-id1011000.html#primaryimage\"},\"thumbnailUrl\":\"https:\\\/\\\/www.rri.ro\\\/wp-content\\\/uploads\\\/2026\\\/04\\\/Ministrul-Apararii-Radu-Miruta-Secretarul-Fortelor-Terestre-SUA-Daniel-PDriscoll-foto-fb-ministerulaparariinationale.jpg\",\"articleSection\":[\"Attualit\u00e0\"],\"inLanguage\":\"it-IT\"},{\"@type\":\"WebPage\",\"@id\":\"https:\\\/\\\/www.rri.ro\\\/it\\\/news\\\/attualita\\\/partenariato-romeno-americano-nel-campo-della-difesa-id1011000.html\",\"url\":\"https:\\\/\\\/www.rri.ro\\\/it\\\/news\\\/attualita\\\/partenariato-romeno-americano-nel-campo-della-difesa-id1011000.html\",\"name\":\"Partenariato romeno-americano nel campo della difesa - Radio Romania Internazionale\",\"isPartOf\":{\"@id\":\"https:\\\/\\\/www.rri.ro\\\/#website\"},\"primaryImageOfPage\":{\"@id\":\"https:\\\/\\\/www.rri.ro\\\/it\\\/news\\\/attualita\\\/partenariato-romeno-americano-nel-campo-della-difesa-id1011000.html#primaryimage\"},\"image\":{\"@id\":\"https:\\\/\\\/www.rri.ro\\\/it\\\/news\\\/attualita\\\/partenariato-romeno-americano-nel-campo-della-difesa-id1011000.html#primaryimage\"},\"thumbnailUrl\":\"https:\\\/\\\/www.rri.ro\\\/wp-content\\\/uploads\\\/2026\\\/04\\\/Ministrul-Apararii-Radu-Miruta-Secretarul-Fortelor-Terestre-SUA-Daniel-PDriscoll-foto-fb-ministerulaparariinationale.jpg\",\"datePublished\":\"2026-04-28T08:49:21+00:00\",\"author\":{\"@id\":\"https:\\\/\\\/www.rri.ro\\\/#\\\/schema\\\/person\\\/0745b519f2d1287783422f162c4112af\"},\"breadcrumb\":{\"@id\":\"https:\\\/\\\/www.rri.ro\\\/it\\\/news\\\/attualita\\\/partenariato-romeno-americano-nel-campo-della-difesa-id1011000.html#breadcrumb\"},\"inLanguage\":\"it-IT\",\"potentialAction\":[{\"@type\":\"ReadAction\",\"target\":[\"https:\\\/\\\/www.rri.ro\\\/it\\\/news\\\/attualita\\\/partenariato-romeno-americano-nel-campo-della-difesa-id1011000.html\"]}]},{\"@type\":\"ImageObject\",\"inLanguage\":\"it-IT\",\"@id\":\"https:\\\/\\\/www.rri.ro\\\/it\\\/news\\\/attualita\\\/partenariato-romeno-americano-nel-campo-della-difesa-id1011000.html#primaryimage\",\"url\":\"https:\\\/\\\/www.rri.ro\\\/wp-content\\\/uploads\\\/2026\\\/04\\\/Ministrul-Apararii-Radu-Miruta-Secretarul-Fortelor-Terestre-SUA-Daniel-PDriscoll-foto-fb-ministerulaparariinationale.jpg\",\"contentUrl\":\"https:\\\/\\\/www.rri.ro\\\/wp-content\\\/uploads\\\/2026\\\/04\\\/Ministrul-Apararii-Radu-Miruta-Secretarul-Fortelor-Terestre-SUA-Daniel-PDriscoll-foto-fb-ministerulaparariinationale.jpg\",\"width\":1200,\"height\":799,\"caption\":\"Il ministro della Difesa, Radu Miru\u021b\u0103, e il segretario all'Esercito degli USA, Daniel P. Driscoll (foto facebook.com\\\/ministerulaparariinationale)\"},{\"@type\":\"BreadcrumbList\",\"@id\":\"https:\\\/\\\/www.rri.ro\\\/it\\\/news\\\/attualita\\\/partenariato-romeno-americano-nel-campo-della-difesa-id1011000.html#breadcrumb\",\"itemListElement\":[{\"@type\":\"ListItem\",\"position\":1,\"name\":\"Pagina iniziale\",\"item\":\"https:\\\/\\\/www.rri.ro\\\/it\"},{\"@type\":\"ListItem\",\"position\":2,\"name\":\"News\",\"item\":\"https:\\\/\\\/www.rri.ro\\\/it\\\/news\"},{\"@type\":\"ListItem\",\"position\":3,\"name\":\"Attualit\u00e0\",\"item\":\"https:\\\/\\\/www.rri.ro\\\/it\\\/news\\\/attualita\"},{\"@type\":\"ListItem\",\"position\":4,\"name\":\"Partenariato romeno-americano nel campo della difesa\"}]},{\"@type\":\"WebSite\",\"@id\":\"https:\\\/\\\/www.rri.ro\\\/#website\",\"url\":\"https:\\\/\\\/www.rri.ro\\\/\",\"name\":\"Radio Romania Internazionale\",\"description\":\"Totul despre Rom\u00e2nia \u015fi rom\u00e2ni, \u00een 13 limbi\\\/dialecte!\",\"inLanguage\":\"it-IT\"},{\"@type\":\"Person\",\"@id\":\"https:\\\/\\\/www.rri.ro\\\/#\\\/schema\\\/person\\\/0745b519f2d1287783422f162c4112af\",\"name\":\"Roxana Vasile\",\"url\":\"https:\\\/\\\/www.rri.ro\\\/it\\\/author\\\/roxana-vasile\"}]}<\/script>\n<!-- \/ Yoast SEO plugin. -->","yoast_head_json":{"title":"Partenariato romeno-americano nel campo della difesa - Radio Romania Internazionale","robots":{"index":"index","follow":"follow","max-snippet":"max-snippet:-1","max-image-preview":"max-image-preview:large","max-video-preview":"max-video-preview:-1"},"canonical":"https:\/\/www.rri.ro\/it\/news\/attualita\/partenariato-romeno-americano-nel-campo-della-difesa-id1011000.html","og_locale":"it_IT","og_type":"article","og_title":"Partenariato romeno-americano nel campo della difesa - Radio Romania Internazionale","og_description":"\u00c8 necessario rafforzare il Partenariato strategico tra la Romania e gli Stati Uniti \u2013 ha scritto il presidente Nicu\u0219or Dan sulla rete X, dopo l\u2019incontro avuto luned\u00ec con il segretario all&#8217;Esercito degli Stati Uniti d\u2019America, Daniel P. Driscoll. Bucarest \u00e8 pronta a investire di pi\u00f9 per la propria sicurezza e per quella dell\u2019Alleanza Nord Atlantica [&hellip;]","og_url":"https:\/\/www.rri.ro\/it\/news\/attualita\/partenariato-romeno-americano-nel-campo-della-difesa-id1011000.html","og_site_name":"Radio Romania Internazionale","article_published_time":"2026-04-28T08:49:21+00:00","og_image":[{"width":1200,"height":799,"url":"https:\/\/www.rri.ro\/wp-content\/uploads\/2026\/04\/Ministrul-Apararii-Radu-Miruta-Secretarul-Fortelor-Terestre-SUA-Daniel-PDriscoll-foto-fb-ministerulaparariinationale.jpg","type":"image\/jpeg"}],"author":"Roxana Vasile","twitter_card":"summary_large_image","twitter_misc":{"Scritto da":"Roxana Vasile","Tempo di lettura stimato":"2 minuti"},"schema":{"@context":"https:\/\/schema.org","@graph":[{"@type":"Article","@id":"https:\/\/www.rri.ro\/it\/news\/attualita\/partenariato-romeno-americano-nel-campo-della-difesa-id1011000.html#article","isPartOf":{"@id":"https:\/\/www.rri.ro\/it\/news\/attualita\/partenariato-romeno-americano-nel-campo-della-difesa-id1011000.html"},"author":{"name":"Roxana Vasile","@id":"https:\/\/www.rri.ro\/#\/schema\/person\/0745b519f2d1287783422f162c4112af"},"headline":"Partenariato romeno-americano nel campo della difesa","datePublished":"2026-04-28T08:49:21+00:00","mainEntityOfPage":{"@id":"https:\/\/www.rri.ro\/it\/news\/attualita\/partenariato-romeno-americano-nel-campo-della-difesa-id1011000.html"},"wordCount":468,"image":{"@id":"https:\/\/www.rri.ro\/it\/news\/attualita\/partenariato-romeno-americano-nel-campo-della-difesa-id1011000.html#primaryimage"},"thumbnailUrl":"https:\/\/www.rri.ro\/wp-content\/uploads\/2026\/04\/Ministrul-Apararii-Radu-Miruta-Secretarul-Fortelor-Terestre-SUA-Daniel-PDriscoll-foto-fb-ministerulaparariinationale.jpg","articleSection":["Attualit\u00e0"],"inLanguage":"it-IT"},{"@type":"WebPage","@id":"https:\/\/www.rri.ro\/it\/news\/attualita\/partenariato-romeno-americano-nel-campo-della-difesa-id1011000.html","url":"https:\/\/www.rri.ro\/it\/news\/attualita\/partenariato-romeno-americano-nel-campo-della-difesa-id1011000.html","name":"Partenariato romeno-americano nel campo della difesa - Radio Romania Internazionale","isPartOf":{"@id":"https:\/\/www.rri.ro\/#website"},"primaryImageOfPage":{"@id":"https:\/\/www.rri.ro\/it\/news\/attualita\/partenariato-romeno-americano-nel-campo-della-difesa-id1011000.html#primaryimage"},"image":{"@id":"https:\/\/www.rri.ro\/it\/news\/attualita\/partenariato-romeno-americano-nel-campo-della-difesa-id1011000.html#primaryimage"},"thumbnailUrl":"https:\/\/www.rri.ro\/wp-content\/uploads\/2026\/04\/Ministrul-Apararii-Radu-Miruta-Secretarul-Fortelor-Terestre-SUA-Daniel-PDriscoll-foto-fb-ministerulaparariinationale.jpg","datePublished":"2026-04-28T08:49:21+00:00","author":{"@id":"https:\/\/www.rri.ro\/#\/schema\/person\/0745b519f2d1287783422f162c4112af"},"breadcrumb":{"@id":"https:\/\/www.rri.ro\/it\/news\/attualita\/partenariato-romeno-americano-nel-campo-della-difesa-id1011000.html#breadcrumb"},"inLanguage":"it-IT","potentialAction":[{"@type":"ReadAction","target":["https:\/\/www.rri.ro\/it\/news\/attualita\/partenariato-romeno-americano-nel-campo-della-difesa-id1011000.html"]}]},{"@type":"ImageObject","inLanguage":"it-IT","@id":"https:\/\/www.rri.ro\/it\/news\/attualita\/partenariato-romeno-americano-nel-campo-della-difesa-id1011000.html#primaryimage","url":"https:\/\/www.rri.ro\/wp-content\/uploads\/2026\/04\/Ministrul-Apararii-Radu-Miruta-Secretarul-Fortelor-Terestre-SUA-Daniel-PDriscoll-foto-fb-ministerulaparariinationale.jpg","contentUrl":"https:\/\/www.rri.ro\/wp-content\/uploads\/2026\/04\/Ministrul-Apararii-Radu-Miruta-Secretarul-Fortelor-Terestre-SUA-Daniel-PDriscoll-foto-fb-ministerulaparariinationale.jpg","width":1200,"height":799,"caption":"Il ministro della Difesa, Radu Miru\u021b\u0103, e il segretario all'Esercito degli USA, Daniel P. Driscoll (foto facebook.com\/ministerulaparariinationale)"},{"@type":"BreadcrumbList","@id":"https:\/\/www.rri.ro\/it\/news\/attualita\/partenariato-romeno-americano-nel-campo-della-difesa-id1011000.html#breadcrumb","itemListElement":[{"@type":"ListItem","position":1,"name":"Pagina iniziale","item":"https:\/\/www.rri.ro\/it"},{"@type":"ListItem","position":2,"name":"News","item":"https:\/\/www.rri.ro\/it\/news"},{"@type":"ListItem","position":3,"name":"Attualit\u00e0","item":"https:\/\/www.rri.ro\/it\/news\/attualita"},{"@type":"ListItem","position":4,"name":"Partenariato romeno-americano nel campo della difesa"}]},{"@type":"WebSite","@id":"https:\/\/www.rri.ro\/#website","url":"https:\/\/www.rri.ro\/","name":"Radio Romania Internazionale","description":"Totul despre Rom\u00e2nia \u015fi rom\u00e2ni, \u00een 13 limbi\/dialecte!","inLanguage":"it-IT"},{"@type":"Person","@id":"https:\/\/www.rri.ro\/#\/schema\/person\/0745b519f2d1287783422f162c4112af","name":"Roxana Vasile","url":"https:\/\/www.rri.ro\/it\/author\/roxana-vasile"}]}},"_links":{"self":[{"href":"https:\/\/www.rri.ro\/it\/wp-json\/wp\/v2\/posts\/1011000","targetHints":{"allow":["GET"]}}],"collection":[{"href":"https:\/\/www.rri.ro\/it\/wp-json\/wp\/v2\/posts"}],"about":[{"href":"https:\/\/www.rri.ro\/it\/wp-json\/wp\/v2\/types\/post"}],"author":[{"embeddable":true,"href":"https:\/\/www.rri.ro\/it\/wp-json\/wp\/v2\/users\/109"}],"replies":[{"embeddable":true,"href":"https:\/\/www.rri.ro\/it\/wp-json\/wp\/v2\/comments?post=1011000"}],"version-history":[{"count":0,"href":"https:\/\/www.rri.ro\/it\/wp-json\/wp\/v2\/posts\/1011000\/revisions"}],"wp:featuredmedia":[{"embeddable":true,"href":"https:\/\/www.rri.ro\/it\/wp-json\/wp\/v2\/media\/1010931"}],"wp:attachment":[{"href":"https:\/\/www.rri.ro\/it\/wp-json\/wp\/v2\/media?parent=1011000"}],"wp:term":[{"taxonomy":"category","embeddable":true,"href":"https:\/\/www.rri.ro\/it\/wp-json\/wp\/v2\/categories?post=1011000"},{"taxonomy":"post_tag","embeddable":true,"href":"https:\/\/www.rri.ro\/it\/wp-json\/wp\/v2\/tags?post=1011000"},{"taxonomy":"author","embeddable":true,"href":"https:\/\/www.rri.ro\/it\/wp-json\/wp\/v2\/coauthors?post=1011000"}],"curies":[{"name":"wp","href":"https:\/\/api.w.org\/{rel}","templated":true}]}}