{"id":1011003,"date":"2026-04-28T11:54:57","date_gmt":"2026-04-28T08:54:57","guid":{"rendered":"https:\/\/www.rri.ro\/?p=1011003"},"modified":"2026-04-28T11:54:57","modified_gmt":"2026-04-28T08:54:57","slug":"collaborazione-psd-aur-per-mozione-di-sfiducia","status":"publish","type":"post","link":"https:\/\/www.rri.ro\/it\/news\/in-primo-piano\/collaborazione-psd-aur-per-mozione-di-sfiducia-id1011003.html","title":{"rendered":"Collaborazione PSD \u2013 AUR per mozione di sfiducia"},"content":{"rendered":"<p>In Romania, il pi\u00f9 grande partito parlamentare il PSD, e il favorito nei sondaggi, l\u2019AUR, hanno annunciato che uniranno le forze per dimettere il governo di minoranza PNL \u2013 USR \u2013 UDMR guidato dal liberale Ilie Bolojan. I socialdemocratici hanno fatto parte fino a poco tempo fa della coalizione di governo creata proprio per isolare i populisti ultranazionalisti, autodefinitisi sovranisti, dell\u2019Alleanza per l\u2019Unione dei Romeni, ma l\u2019hanno lasciata perch\u00e9 non volevano pi\u00f9 Bolojan alla guida dell\u2019esecutivo. L\u2019annuncio che il PSD e l\u2019AUR presenteranno insieme una mozione di sfiducia contro il governo \u00e8 arrivato in modo piuttosto sorprendente e non \u00e8 stato fatto dai leader dei due partiti, Sorin Grindeanu e George Simion.<\/p>\n<p>Luned\u00ec mattina, al momento dell\u2019annuncio, Grindeanu e Bolojan partecipavano a consultazioni organizzate dal presidente Nicu\u0219or Dan con i partiti pro-europei. Successivamente, Sorin Grindeanu ha spiegato che l\u2019iniziativa comune con l\u2019AUR mira esclusivamente alla rimozione del governo Bolojan e non sar\u00e0 seguita da una collaborazione tra socialdemocratici e populisti. Ha inoltre chiesto ai prefetti e ai segretari di stato proposti dal PSD di ritirarsi dalle cariche nel successivo periodo, come hanno fatto la settimana scorsa tutti i ministri socialdemocratici.<\/p>\n<p>Da parte sua, il leader dell\u2019AUR, George Simion, ha dichiarato che lo scopo dell\u2019alleanza con il PSD \u00e8 quello di far cadere il governo Bolojan. La mozione beneficer\u00e0 molto probabilmente anche del sostegno dei parlamentari sovranisti, diversi da quelli dell\u2019AUR. Il PSD e l\u2019AUR avevano finora escluso a parole qualsiasi forma di collaborazione. Il PNL ha reagito affermando che i socialdemocratici hanno ufficializzato la collaborazione con l\u2019AUR e dimostrano irresponsabilit\u00e0. I liberali avevano annunciato che, se il PSD parteciper\u00e0 alla caduta del governo pro-europeo attraverso una mozione di sfiducia, una futura collaborazione diventer\u00e0 impossibile.<\/p>\n<p>Il Partito Social Democratico, che ha messo dinamite al governo violando tutte le intese assunte di comune accordo, cercando un alleato per questa mozione, da un lato aumenta le possibilit\u00e0 di farla passare, ma dall\u2019altro prepara di fatto una nuova alleanza e assistiamo, di fatto, alla formazione di una nuova coalizione, ha dichiarato Ilie Bolojan. Anche il leader dell\u2019USR, Dominic Fritz, ha escluso qualsiasi collaborazione con il PSD se i socialdemocratici voteranno la mozione di sfiducia. D\u2019altra parte, i leader politici prendono in considerazione anche lo scenario di elezioni anticipate. L\u2019AUR insiste, come prevedibile, per \u201cil ritorno al popolo\u201d. Lo fa dal dicembre 2024, quando la Corte Costituzionale ha annullato le elezioni presidenziali, manipolate con interferenze esterne a favore dell\u2019estremista filorusso C\u0103lin Georgescu, sostenuto costantemente dall\u2019AUR.<\/p>\n<p>Reuters e Bloomberg osservano che il PSD, il pi\u00f9 grande partito in Parlamento, fa squadra con l\u2019opposizione di estrema destra per far cadere il governo pro-europeo, mettendo cos\u00ec a rischio l\u2019accesso ai fondi UE e il rating sovrano del paese. Per far cadere il governo sono necessari almeno 233 voti favorevoli alla mozione di sfiducia.<\/p>\n","protected":false},"excerpt":{"rendered":"<p>In Romania, il pi\u00f9 grande partito parlamentare il PSD, e il favorito nei sondaggi, l\u2019AUR, hanno annunciato che uniranno le forze per dimettere il governo di minoranza PNL \u2013 USR \u2013 UDMR guidato dal liberale Ilie Bolojan. I socialdemocratici hanno fatto parte fino a poco tempo fa della coalizione di governo creata proprio per isolare [&hellip;]<\/p>\n","protected":false},"author":110,"featured_media":833010,"comment_status":"closed","ping_status":"closed","sticky":false,"template":"","format":"standard","meta":{"_acf_changed":false,"footnotes":""},"categories":[99264],"tags":[],"coauthors":[113257],"class_list":["post-1011003","post","type-post","status-publish","format-standard","has-post-thumbnail","hentry","category-in-primo-piano"],"acf":[],"yoast_head":"<!-- This site is optimized with the Yoast SEO plugin v27.5 - https:\/\/yoast.com\/product\/yoast-seo-wordpress\/ -->\n<title>Collaborazione PSD \u2013 AUR per mozione di sfiducia - Radio Romania Internazionale<\/title>\n<meta name=\"robots\" content=\"index, follow, max-snippet:-1, max-image-preview:large, max-video-preview:-1\" \/>\n<link rel=\"canonical\" href=\"https:\/\/www.rri.ro\/it\/news\/in-primo-piano\/collaborazione-psd-aur-per-mozione-di-sfiducia-id1011003.html\" \/>\n<meta property=\"og:locale\" content=\"it_IT\" \/>\n<meta property=\"og:type\" content=\"article\" \/>\n<meta property=\"og:title\" content=\"Collaborazione PSD \u2013 AUR per mozione di sfiducia - Radio Romania Internazionale\" \/>\n<meta property=\"og:description\" content=\"In Romania, il pi\u00f9 grande partito parlamentare il PSD, e il favorito nei sondaggi, l\u2019AUR, hanno annunciato che uniranno le forze per dimettere il governo di minoranza PNL \u2013 USR \u2013 UDMR guidato dal liberale Ilie Bolojan. I socialdemocratici hanno fatto parte fino a poco tempo fa della coalizione di governo creata proprio per isolare [&hellip;]\" \/>\n<meta property=\"og:url\" content=\"https:\/\/www.rri.ro\/it\/news\/in-primo-piano\/collaborazione-psd-aur-per-mozione-di-sfiducia-id1011003.html\" \/>\n<meta property=\"og:site_name\" content=\"Radio Romania Internazionale\" \/>\n<meta property=\"article:published_time\" content=\"2026-04-28T08:54:57+00:00\" \/>\n<meta property=\"og:image\" content=\"https:\/\/www.rri.ro\/wp-content\/uploads\/2024\/11\/palatul-Victoria-guvern-foto-gov-ro.jpg\" \/>\n\t<meta property=\"og:image:width\" content=\"960\" \/>\n\t<meta property=\"og:image:height\" content=\"540\" \/>\n\t<meta property=\"og:image:type\" content=\"image\/jpeg\" \/>\n<meta name=\"author\" content=\"\u015etefan Stoica\" \/>\n<meta name=\"twitter:card\" content=\"summary_large_image\" \/>\n<meta name=\"twitter:label1\" content=\"Scritto da\" \/>\n\t<meta name=\"twitter:data1\" content=\"\u015etefan Stoica\" \/>\n\t<meta name=\"twitter:label2\" content=\"Tempo di lettura stimato\" \/>\n\t<meta name=\"twitter:data2\" content=\"2 minuti\" \/>\n<script type=\"application\/ld+json\" class=\"yoast-schema-graph\">{\"@context\":\"https:\\\/\\\/schema.org\",\"@graph\":[{\"@type\":\"Article\",\"@id\":\"https:\\\/\\\/www.rri.ro\\\/it\\\/news\\\/in-primo-piano\\\/collaborazione-psd-aur-per-mozione-di-sfiducia-id1011003.html#article\",\"isPartOf\":{\"@id\":\"https:\\\/\\\/www.rri.ro\\\/it\\\/news\\\/in-primo-piano\\\/collaborazione-psd-aur-per-mozione-di-sfiducia-id1011003.html\"},\"author\":{\"name\":\"\u015etefan Stoica\",\"@id\":\"https:\\\/\\\/www.rri.ro\\\/#\\\/schema\\\/person\\\/2d81d5dc94d44190d13245f64551d334\"},\"headline\":\"Collaborazione PSD \u2013 AUR per mozione di sfiducia\",\"datePublished\":\"2026-04-28T08:54:57+00:00\",\"mainEntityOfPage\":{\"@id\":\"https:\\\/\\\/www.rri.ro\\\/it\\\/news\\\/in-primo-piano\\\/collaborazione-psd-aur-per-mozione-di-sfiducia-id1011003.html\"},\"wordCount\":490,\"image\":{\"@id\":\"https:\\\/\\\/www.rri.ro\\\/it\\\/news\\\/in-primo-piano\\\/collaborazione-psd-aur-per-mozione-di-sfiducia-id1011003.html#primaryimage\"},\"thumbnailUrl\":\"https:\\\/\\\/www.rri.ro\\\/wp-content\\\/uploads\\\/2024\\\/11\\\/palatul-Victoria-guvern-foto-gov-ro.jpg\",\"articleSection\":[\"In primo piano\"],\"inLanguage\":\"it-IT\"},{\"@type\":\"WebPage\",\"@id\":\"https:\\\/\\\/www.rri.ro\\\/it\\\/news\\\/in-primo-piano\\\/collaborazione-psd-aur-per-mozione-di-sfiducia-id1011003.html\",\"url\":\"https:\\\/\\\/www.rri.ro\\\/it\\\/news\\\/in-primo-piano\\\/collaborazione-psd-aur-per-mozione-di-sfiducia-id1011003.html\",\"name\":\"Collaborazione PSD \u2013 AUR per mozione di sfiducia - Radio Romania Internazionale\",\"isPartOf\":{\"@id\":\"https:\\\/\\\/www.rri.ro\\\/#website\"},\"primaryImageOfPage\":{\"@id\":\"https:\\\/\\\/www.rri.ro\\\/it\\\/news\\\/in-primo-piano\\\/collaborazione-psd-aur-per-mozione-di-sfiducia-id1011003.html#primaryimage\"},\"image\":{\"@id\":\"https:\\\/\\\/www.rri.ro\\\/it\\\/news\\\/in-primo-piano\\\/collaborazione-psd-aur-per-mozione-di-sfiducia-id1011003.html#primaryimage\"},\"thumbnailUrl\":\"https:\\\/\\\/www.rri.ro\\\/wp-content\\\/uploads\\\/2024\\\/11\\\/palatul-Victoria-guvern-foto-gov-ro.jpg\",\"datePublished\":\"2026-04-28T08:54:57+00:00\",\"author\":{\"@id\":\"https:\\\/\\\/www.rri.ro\\\/#\\\/schema\\\/person\\\/2d81d5dc94d44190d13245f64551d334\"},\"breadcrumb\":{\"@id\":\"https:\\\/\\\/www.rri.ro\\\/it\\\/news\\\/in-primo-piano\\\/collaborazione-psd-aur-per-mozione-di-sfiducia-id1011003.html#breadcrumb\"},\"inLanguage\":\"it-IT\",\"potentialAction\":[{\"@type\":\"ReadAction\",\"target\":[\"https:\\\/\\\/www.rri.ro\\\/it\\\/news\\\/in-primo-piano\\\/collaborazione-psd-aur-per-mozione-di-sfiducia-id1011003.html\"]}]},{\"@type\":\"ImageObject\",\"inLanguage\":\"it-IT\",\"@id\":\"https:\\\/\\\/www.rri.ro\\\/it\\\/news\\\/in-primo-piano\\\/collaborazione-psd-aur-per-mozione-di-sfiducia-id1011003.html#primaryimage\",\"url\":\"https:\\\/\\\/www.rri.ro\\\/wp-content\\\/uploads\\\/2024\\\/11\\\/palatul-Victoria-guvern-foto-gov-ro.jpg\",\"contentUrl\":\"https:\\\/\\\/www.rri.ro\\\/wp-content\\\/uploads\\\/2024\\\/11\\\/palatul-Victoria-guvern-foto-gov-ro.jpg\",\"width\":960,\"height\":540,\"caption\":\"\u0423\u0440\u044f\u0434 \u0432\u0456\u0434\u043a\u043b\u0430\u0434\u0430\u0454 \u0434\u0440\u0443\u0433\u0438\u0439 \u043f\u0430\u043a\u0435\u0442 \u043f\u043e\u0434\u0430\u0442\u043a\u043e\u0432\u0438\u0445 \u0437\u0430\u0445\u043e\u0434\u0456\u0432\"},{\"@type\":\"BreadcrumbList\",\"@id\":\"https:\\\/\\\/www.rri.ro\\\/it\\\/news\\\/in-primo-piano\\\/collaborazione-psd-aur-per-mozione-di-sfiducia-id1011003.html#breadcrumb\",\"itemListElement\":[{\"@type\":\"ListItem\",\"position\":1,\"name\":\"Pagina iniziale\",\"item\":\"https:\\\/\\\/www.rri.ro\\\/it\"},{\"@type\":\"ListItem\",\"position\":2,\"name\":\"News\",\"item\":\"https:\\\/\\\/www.rri.ro\\\/it\\\/news\"},{\"@type\":\"ListItem\",\"position\":3,\"name\":\"In primo piano\",\"item\":\"https:\\\/\\\/www.rri.ro\\\/it\\\/news\\\/in-primo-piano\"},{\"@type\":\"ListItem\",\"position\":4,\"name\":\"Collaborazione PSD \u2013 AUR per mozione di sfiducia\"}]},{\"@type\":\"WebSite\",\"@id\":\"https:\\\/\\\/www.rri.ro\\\/#website\",\"url\":\"https:\\\/\\\/www.rri.ro\\\/\",\"name\":\"Radio Romania Internazionale\",\"description\":\"Totul despre Rom\u00e2nia \u015fi rom\u00e2ni, \u00een 13 limbi\\\/dialecte!\",\"inLanguage\":\"it-IT\"},{\"@type\":\"Person\",\"@id\":\"https:\\\/\\\/www.rri.ro\\\/#\\\/schema\\\/person\\\/2d81d5dc94d44190d13245f64551d334\",\"name\":\"\u015etefan Stoica\",\"url\":\"https:\\\/\\\/www.rri.ro\\\/it\\\/author\\\/stefan-stoica\"}]}<\/script>\n<!-- \/ Yoast SEO plugin. -->","yoast_head_json":{"title":"Collaborazione PSD \u2013 AUR per mozione di sfiducia - Radio Romania Internazionale","robots":{"index":"index","follow":"follow","max-snippet":"max-snippet:-1","max-image-preview":"max-image-preview:large","max-video-preview":"max-video-preview:-1"},"canonical":"https:\/\/www.rri.ro\/it\/news\/in-primo-piano\/collaborazione-psd-aur-per-mozione-di-sfiducia-id1011003.html","og_locale":"it_IT","og_type":"article","og_title":"Collaborazione PSD \u2013 AUR per mozione di sfiducia - Radio Romania Internazionale","og_description":"In Romania, il pi\u00f9 grande partito parlamentare il PSD, e il favorito nei sondaggi, l\u2019AUR, hanno annunciato che uniranno le forze per dimettere il governo di minoranza PNL \u2013 USR \u2013 UDMR guidato dal liberale Ilie Bolojan. I socialdemocratici hanno fatto parte fino a poco tempo fa della coalizione di governo creata proprio per isolare [&hellip;]","og_url":"https:\/\/www.rri.ro\/it\/news\/in-primo-piano\/collaborazione-psd-aur-per-mozione-di-sfiducia-id1011003.html","og_site_name":"Radio Romania Internazionale","article_published_time":"2026-04-28T08:54:57+00:00","og_image":[{"width":960,"height":540,"url":"https:\/\/www.rri.ro\/wp-content\/uploads\/2024\/11\/palatul-Victoria-guvern-foto-gov-ro.jpg","type":"image\/jpeg"}],"author":"\u015etefan Stoica","twitter_card":"summary_large_image","twitter_misc":{"Scritto da":"\u015etefan Stoica","Tempo di lettura stimato":"2 minuti"},"schema":{"@context":"https:\/\/schema.org","@graph":[{"@type":"Article","@id":"https:\/\/www.rri.ro\/it\/news\/in-primo-piano\/collaborazione-psd-aur-per-mozione-di-sfiducia-id1011003.html#article","isPartOf":{"@id":"https:\/\/www.rri.ro\/it\/news\/in-primo-piano\/collaborazione-psd-aur-per-mozione-di-sfiducia-id1011003.html"},"author":{"name":"\u015etefan Stoica","@id":"https:\/\/www.rri.ro\/#\/schema\/person\/2d81d5dc94d44190d13245f64551d334"},"headline":"Collaborazione PSD \u2013 AUR per mozione di sfiducia","datePublished":"2026-04-28T08:54:57+00:00","mainEntityOfPage":{"@id":"https:\/\/www.rri.ro\/it\/news\/in-primo-piano\/collaborazione-psd-aur-per-mozione-di-sfiducia-id1011003.html"},"wordCount":490,"image":{"@id":"https:\/\/www.rri.ro\/it\/news\/in-primo-piano\/collaborazione-psd-aur-per-mozione-di-sfiducia-id1011003.html#primaryimage"},"thumbnailUrl":"https:\/\/www.rri.ro\/wp-content\/uploads\/2024\/11\/palatul-Victoria-guvern-foto-gov-ro.jpg","articleSection":["In primo piano"],"inLanguage":"it-IT"},{"@type":"WebPage","@id":"https:\/\/www.rri.ro\/it\/news\/in-primo-piano\/collaborazione-psd-aur-per-mozione-di-sfiducia-id1011003.html","url":"https:\/\/www.rri.ro\/it\/news\/in-primo-piano\/collaborazione-psd-aur-per-mozione-di-sfiducia-id1011003.html","name":"Collaborazione PSD \u2013 AUR per mozione di sfiducia - Radio Romania Internazionale","isPartOf":{"@id":"https:\/\/www.rri.ro\/#website"},"primaryImageOfPage":{"@id":"https:\/\/www.rri.ro\/it\/news\/in-primo-piano\/collaborazione-psd-aur-per-mozione-di-sfiducia-id1011003.html#primaryimage"},"image":{"@id":"https:\/\/www.rri.ro\/it\/news\/in-primo-piano\/collaborazione-psd-aur-per-mozione-di-sfiducia-id1011003.html#primaryimage"},"thumbnailUrl":"https:\/\/www.rri.ro\/wp-content\/uploads\/2024\/11\/palatul-Victoria-guvern-foto-gov-ro.jpg","datePublished":"2026-04-28T08:54:57+00:00","author":{"@id":"https:\/\/www.rri.ro\/#\/schema\/person\/2d81d5dc94d44190d13245f64551d334"},"breadcrumb":{"@id":"https:\/\/www.rri.ro\/it\/news\/in-primo-piano\/collaborazione-psd-aur-per-mozione-di-sfiducia-id1011003.html#breadcrumb"},"inLanguage":"it-IT","potentialAction":[{"@type":"ReadAction","target":["https:\/\/www.rri.ro\/it\/news\/in-primo-piano\/collaborazione-psd-aur-per-mozione-di-sfiducia-id1011003.html"]}]},{"@type":"ImageObject","inLanguage":"it-IT","@id":"https:\/\/www.rri.ro\/it\/news\/in-primo-piano\/collaborazione-psd-aur-per-mozione-di-sfiducia-id1011003.html#primaryimage","url":"https:\/\/www.rri.ro\/wp-content\/uploads\/2024\/11\/palatul-Victoria-guvern-foto-gov-ro.jpg","contentUrl":"https:\/\/www.rri.ro\/wp-content\/uploads\/2024\/11\/palatul-Victoria-guvern-foto-gov-ro.jpg","width":960,"height":540,"caption":"\u0423\u0440\u044f\u0434 \u0432\u0456\u0434\u043a\u043b\u0430\u0434\u0430\u0454 \u0434\u0440\u0443\u0433\u0438\u0439 \u043f\u0430\u043a\u0435\u0442 \u043f\u043e\u0434\u0430\u0442\u043a\u043e\u0432\u0438\u0445 \u0437\u0430\u0445\u043e\u0434\u0456\u0432"},{"@type":"BreadcrumbList","@id":"https:\/\/www.rri.ro\/it\/news\/in-primo-piano\/collaborazione-psd-aur-per-mozione-di-sfiducia-id1011003.html#breadcrumb","itemListElement":[{"@type":"ListItem","position":1,"name":"Pagina iniziale","item":"https:\/\/www.rri.ro\/it"},{"@type":"ListItem","position":2,"name":"News","item":"https:\/\/www.rri.ro\/it\/news"},{"@type":"ListItem","position":3,"name":"In primo piano","item":"https:\/\/www.rri.ro\/it\/news\/in-primo-piano"},{"@type":"ListItem","position":4,"name":"Collaborazione PSD \u2013 AUR per mozione di sfiducia"}]},{"@type":"WebSite","@id":"https:\/\/www.rri.ro\/#website","url":"https:\/\/www.rri.ro\/","name":"Radio Romania Internazionale","description":"Totul despre Rom\u00e2nia \u015fi rom\u00e2ni, \u00een 13 limbi\/dialecte!","inLanguage":"it-IT"},{"@type":"Person","@id":"https:\/\/www.rri.ro\/#\/schema\/person\/2d81d5dc94d44190d13245f64551d334","name":"\u015etefan Stoica","url":"https:\/\/www.rri.ro\/it\/author\/stefan-stoica"}]}},"_links":{"self":[{"href":"https:\/\/www.rri.ro\/it\/wp-json\/wp\/v2\/posts\/1011003","targetHints":{"allow":["GET"]}}],"collection":[{"href":"https:\/\/www.rri.ro\/it\/wp-json\/wp\/v2\/posts"}],"about":[{"href":"https:\/\/www.rri.ro\/it\/wp-json\/wp\/v2\/types\/post"}],"author":[{"embeddable":true,"href":"https:\/\/www.rri.ro\/it\/wp-json\/wp\/v2\/users\/110"}],"replies":[{"embeddable":true,"href":"https:\/\/www.rri.ro\/it\/wp-json\/wp\/v2\/comments?post=1011003"}],"version-history":[{"count":0,"href":"https:\/\/www.rri.ro\/it\/wp-json\/wp\/v2\/posts\/1011003\/revisions"}],"wp:featuredmedia":[{"embeddable":true,"href":"https:\/\/www.rri.ro\/it\/wp-json\/wp\/v2\/media\/833010"}],"wp:attachment":[{"href":"https:\/\/www.rri.ro\/it\/wp-json\/wp\/v2\/media?parent=1011003"}],"wp:term":[{"taxonomy":"category","embeddable":true,"href":"https:\/\/www.rri.ro\/it\/wp-json\/wp\/v2\/categories?post=1011003"},{"taxonomy":"post_tag","embeddable":true,"href":"https:\/\/www.rri.ro\/it\/wp-json\/wp\/v2\/tags?post=1011003"},{"taxonomy":"author","embeddable":true,"href":"https:\/\/www.rri.ro\/it\/wp-json\/wp\/v2\/coauthors?post=1011003"}],"curies":[{"name":"wp","href":"https:\/\/api.w.org\/{rel}","templated":true}]}}