{"id":1054736,"date":"2026-08-31T10:30:59","date_gmt":"2026-08-31T07:30:59","guid":{"rendered":"https:\/\/www.rri.ro\/?p=1054736"},"modified":"2026-08-28T17:58:09","modified_gmt":"2026-08-28T14:58:09","slug":"novita-dagli-aeroporti-3","status":"publish","type":"post","link":"https:\/\/www.rri.ro\/it\/guida-programmi\/raccontare-romania\/novita-dagli-aeroporti-3-id1054736.html","title":{"rendered":"Novit\u00e0 dagli aeroporti"},"content":{"rendered":"<p style=\"font-weight: 400;\">Dopo la chiusura del parcheggio Arrivi, il numero di posti disponibili \u00e8 diminuito di quasi 600. La Compagnia Nazionale Aeroporti di Bucarest (CNAB) prosegue i lavori di ammodernamento e consolidamento del parcheggio multipiano situato di fronte al Terminal Arrivi, con il progetto che \u00e8 entrato nella fase degli interventi principali sulla struttura portante. Per aumentare la capacit\u00e0 di parcheggio, in autunno sar\u00e0 inaugurato un nuovo parcheggio con oltre 1.000 posti presso l\u2019Aeroporto Henri Coand\u0103, nelle vicinanze dell\u2019edificio Arrivi, e sar\u00e0 organizzato su quattro livelli.<\/p>\n<p style=\"font-weight: 400;\">La CNAB precisa che l\u2019area dedicata ai servizi di ride-sharing si trova di fronte al Terminal Partenze. Inoltre, gli autobus delle linee 100 e 442 effettuano fermata esclusivamente presso la fermata comune Partenze dell\u2019aeroporto. La fermata dei taxi sar\u00e0 trasferita dal Terminal Arrivi davanti al Terminal Partenze a partire dal 1\u00b0 settembre. I passeggeri vengono indirizzati all\u2019interno dell\u2019aeroporto attraverso percorsi segnalati verso i vari mezzi di trasporto e servizi disponibili (stazione ferroviaria CFR, autobus, taxi e area ride-sharing). La Compagnia Nazionale Aeroporti di Bucarest gestisce i due aeroporti della capitale: l\u2019Aeroporto Internazionale Henri Coand\u0103 e l\u2019Aeroporto Internazionale B\u0103neasa Aurel Vlaicu. Nei primi sei mesi di quest\u2019anno, i due aeroporti hanno registrato il numero record di 8,46 milioni di passeggeri, oltre il 5% in pi\u00f9 rispetto allo stesso periodo del 2025.<\/p>\n<p style=\"font-weight: 400;\">D\u2019altra parte, l\u2019operatore PPC Blue Romania ha messo in funzione 7 stazioni di ricarica ultra-rapida per veicoli elettrici all\u2019interno dell\u2019Aeroporto Internazionale Henri Coand\u0103 di Bucarest, nelle vicinanze del Terminal Partenze. Le 7 stazioni di ricarica, da 200 kW ciascuna, servono complessivamente 14 punti di ricarica, garantendo tempi ridotti.<\/p>\n<p style=\"font-weight: 400;\">Intanto, l\u2019Aeroporto Internazionale Avram Iancu di Cluj-Napoca, il secondo aeroporto pi\u00f9 trafficato della Romania, ha superato i due milioni di passeggeri dall\u2019inizio dell\u2019anno, in crescita rispetto allo stesso periodo dell\u2019anno scorso. Il Consiglio Provinciale di Cluj, che gestisce l\u2019aeroporto, ha annunciato che nel 2026 sono state introdotte 13 nuove destinazioni e sono state aumentate le frequenze dei voli su diverse rotte. Nel 2025, l\u2019aeroporto di Cluj ha registrato un numero record di 3.582.000 passeggeri. A sua volta, l\u2019Aeroporto Internazionale Bra\u0219ov-Ghimbav ha recentemente raggiunto il traguardo di un milione di passeggeri, a poco pi\u00f9 di tre anni dalla sua inaugurazione. L\u2019aeroporto pi\u00f9 nuovo della Romania ha raggiunto questa cifra dopo che il numero di viaggiatori \u00e8 aumentato significativamente nell\u2019ultimo anno.<\/p>\n<p style=\"font-weight: 400;\">Vi informiamo inoltre che, a partire dal 4 settembre, i cittadini romeni potranno viaggiare in aereo direttamente verso la Cina, grazie all\u2019inaugurazione ufficiale della rotta Pechino-Bucarest, operata dalla compagnia Air China. La nuova rotta aerea sulla tratta Pechino (PEK) \u2013 Bucarest (OTP) \u2013 Zagabria (ZAG) sar\u00e0 operativa il luned\u00ec, il mercoled\u00ec e il venerd\u00ec e contribuir\u00e0 a ottimizzare i flussi di trasporto, eliminando gli scali e riducendo i tempi di viaggio.<\/p>\n","protected":false},"excerpt":{"rendered":"<p>Dopo la chiusura del parcheggio Arrivi, il numero di posti disponibili \u00e8 diminuito di quasi 600. La Compagnia Nazionale Aeroporti di Bucarest (CNAB) prosegue i lavori di ammodernamento e consolidamento del parcheggio multipiano situato di fronte al Terminal Arrivi, con il progetto che \u00e8 entrato nella fase degli interventi principali sulla struttura portante. Per aumentare [&hellip;]<\/p>\n","protected":false},"author":28,"featured_media":988840,"comment_status":"closed","ping_status":"closed","sticky":false,"template":"","format":"standard","meta":{"_acf_changed":false,"footnotes":""},"categories":[132208],"tags":[],"coauthors":[115205],"class_list":["post-1054736","post","type-post","status-publish","format-standard","has-post-thumbnail","hentry","category-raccontare-romania"],"acf":[],"yoast_head":"<!-- This site is optimized with the Yoast SEO plugin v28.2 - https:\/\/yoast.com\/product\/yoast-seo-wordpress\/ -->\n<title>Novit\u00e0 dagli aeroporti - Radio Romania Internazionale<\/title>\n<meta name=\"robots\" content=\"index, follow, max-snippet:-1, max-image-preview:large, max-video-preview:-1\" \/>\n<link rel=\"canonical\" href=\"https:\/\/www.rri.ro\/it\/guida-programmi\/raccontare-romania\/novita-dagli-aeroporti-3-id1054736.html\" \/>\n<meta property=\"og:locale\" content=\"it_IT\" \/>\n<meta property=\"og:type\" content=\"article\" \/>\n<meta property=\"og:title\" content=\"Novit\u00e0 dagli aeroporti - Radio Romania Internazionale\" \/>\n<meta property=\"og:description\" content=\"Dopo la chiusura del parcheggio Arrivi, il numero di posti disponibili \u00e8 diminuito di quasi 600. La Compagnia Nazionale Aeroporti di Bucarest (CNAB) prosegue i lavori di ammodernamento e consolidamento del parcheggio multipiano situato di fronte al Terminal Arrivi, con il progetto che \u00e8 entrato nella fase degli interventi principali sulla struttura portante. Per aumentare [&hellip;]\" \/>\n<meta property=\"og:url\" content=\"https:\/\/www.rri.ro\/it\/guida-programmi\/raccontare-romania\/novita-dagli-aeroporti-3-id1054736.html\" \/>\n<meta property=\"og:site_name\" content=\"Radio Romania Internazionale\" \/>\n<meta property=\"article:published_time\" content=\"2026-08-31T07:30:59+00:00\" \/>\n<meta property=\"og:image\" content=\"https:\/\/www.rri.ro\/wp-content\/uploads\/2026\/03\/Otopeni-foto-fb-aeroportotopeni.jpg\" \/>\n\t<meta property=\"og:image:width\" content=\"1279\" \/>\n\t<meta property=\"og:image:height\" content=\"721\" \/>\n\t<meta property=\"og:image:type\" content=\"image\/jpeg\" \/>\n<meta name=\"author\" content=\"Eugen Cojocariu\" \/>\n<meta name=\"twitter:card\" content=\"summary_large_image\" \/>\n<meta name=\"twitter:label1\" content=\"Scritto da\" \/>\n\t<meta name=\"twitter:data1\" content=\"Eugen Cojocariu\" \/>\n\t<meta name=\"twitter:label2\" content=\"Tempo di lettura stimato\" \/>\n\t<meta name=\"twitter:data2\" content=\"2 minuti\" \/>\n<script type=\"application\/ld+json\" class=\"yoast-schema-graph\">{\"@context\":\"https:\\\/\\\/schema.org\",\"@graph\":[{\"@type\":\"Article\",\"@id\":\"https:\\\/\\\/www.rri.ro\\\/it\\\/guida-programmi\\\/raccontare-romania\\\/novita-dagli-aeroporti-3-id1054736.html#article\",\"isPartOf\":{\"@id\":\"https:\\\/\\\/www.rri.ro\\\/it\\\/guida-programmi\\\/raccontare-romania\\\/novita-dagli-aeroporti-3-id1054736.html\"},\"author\":{\"name\":\"Eugen Cojocariu\",\"@id\":\"https:\\\/\\\/www.rri.ro\\\/#\\\/schema\\\/person\\\/7e1d12a0ddf50bb2d58f812a617e5eaa\"},\"headline\":\"Novit\u00e0 dagli aeroporti\",\"datePublished\":\"2026-08-31T07:30:59+00:00\",\"mainEntityOfPage\":{\"@id\":\"https:\\\/\\\/www.rri.ro\\\/it\\\/guida-programmi\\\/raccontare-romania\\\/novita-dagli-aeroporti-3-id1054736.html\"},\"wordCount\":458,\"image\":{\"@id\":\"https:\\\/\\\/www.rri.ro\\\/it\\\/guida-programmi\\\/raccontare-romania\\\/novita-dagli-aeroporti-3-id1054736.html#primaryimage\"},\"thumbnailUrl\":\"https:\\\/\\\/www.rri.ro\\\/wp-content\\\/uploads\\\/2026\\\/03\\\/Otopeni-foto-fb-aeroportotopeni.jpg\",\"articleSection\":[\"Raccontare Romania\"],\"inLanguage\":\"it-IT\"},{\"@type\":\"WebPage\",\"@id\":\"https:\\\/\\\/www.rri.ro\\\/it\\\/guida-programmi\\\/raccontare-romania\\\/novita-dagli-aeroporti-3-id1054736.html\",\"url\":\"https:\\\/\\\/www.rri.ro\\\/it\\\/guida-programmi\\\/raccontare-romania\\\/novita-dagli-aeroporti-3-id1054736.html\",\"name\":\"Novit\u00e0 dagli aeroporti - Radio Romania Internazionale\",\"isPartOf\":{\"@id\":\"https:\\\/\\\/www.rri.ro\\\/#website\"},\"primaryImageOfPage\":{\"@id\":\"https:\\\/\\\/www.rri.ro\\\/it\\\/guida-programmi\\\/raccontare-romania\\\/novita-dagli-aeroporti-3-id1054736.html#primaryimage\"},\"image\":{\"@id\":\"https:\\\/\\\/www.rri.ro\\\/it\\\/guida-programmi\\\/raccontare-romania\\\/novita-dagli-aeroporti-3-id1054736.html#primaryimage\"},\"thumbnailUrl\":\"https:\\\/\\\/www.rri.ro\\\/wp-content\\\/uploads\\\/2026\\\/03\\\/Otopeni-foto-fb-aeroportotopeni.jpg\",\"datePublished\":\"2026-08-31T07:30:59+00:00\",\"author\":{\"@id\":\"https:\\\/\\\/www.rri.ro\\\/#\\\/schema\\\/person\\\/7e1d12a0ddf50bb2d58f812a617e5eaa\"},\"breadcrumb\":{\"@id\":\"https:\\\/\\\/www.rri.ro\\\/it\\\/guida-programmi\\\/raccontare-romania\\\/novita-dagli-aeroporti-3-id1054736.html#breadcrumb\"},\"inLanguage\":\"it-IT\",\"potentialAction\":[{\"@type\":\"ReadAction\",\"target\":[\"https:\\\/\\\/www.rri.ro\\\/it\\\/guida-programmi\\\/raccontare-romania\\\/novita-dagli-aeroporti-3-id1054736.html\"]}]},{\"@type\":\"ImageObject\",\"inLanguage\":\"it-IT\",\"@id\":\"https:\\\/\\\/www.rri.ro\\\/it\\\/guida-programmi\\\/raccontare-romania\\\/novita-dagli-aeroporti-3-id1054736.html#primaryimage\",\"url\":\"https:\\\/\\\/www.rri.ro\\\/wp-content\\\/uploads\\\/2026\\\/03\\\/Otopeni-foto-fb-aeroportotopeni.jpg\",\"contentUrl\":\"https:\\\/\\\/www.rri.ro\\\/wp-content\\\/uploads\\\/2026\\\/03\\\/Otopeni-foto-fb-aeroportotopeni.jpg\",\"width\":1279,\"height\":721,\"caption\":\"foto: Bucharest Airports\"},{\"@type\":\"BreadcrumbList\",\"@id\":\"https:\\\/\\\/www.rri.ro\\\/it\\\/guida-programmi\\\/raccontare-romania\\\/novita-dagli-aeroporti-3-id1054736.html#breadcrumb\",\"itemListElement\":[{\"@type\":\"ListItem\",\"position\":1,\"name\":\"Pagina iniziale\",\"item\":\"https:\\\/\\\/www.rri.ro\\\/it\"},{\"@type\":\"ListItem\",\"position\":2,\"name\":\"Guida programmi\",\"item\":\"https:\\\/\\\/www.rri.ro\\\/it\\\/guida-programmi\"},{\"@type\":\"ListItem\",\"position\":3,\"name\":\"Raccontare Romania\",\"item\":\"https:\\\/\\\/www.rri.ro\\\/it\\\/guida-programmi\\\/raccontare-romania\"},{\"@type\":\"ListItem\",\"position\":4,\"name\":\"Novit\u00e0 dagli aeroporti\"}]},{\"@type\":\"WebSite\",\"@id\":\"https:\\\/\\\/www.rri.ro\\\/#website\",\"url\":\"https:\\\/\\\/www.rri.ro\\\/\",\"name\":\"Radio Romania Internazionale\",\"description\":\"Totul despre Rom\u00e2nia \u015fi rom\u00e2ni, \u00een 13 limbi\\\/dialecte!\",\"inLanguage\":\"it-IT\"},{\"@type\":\"Person\",\"@id\":\"https:\\\/\\\/www.rri.ro\\\/#\\\/schema\\\/person\\\/7e1d12a0ddf50bb2d58f812a617e5eaa\",\"name\":\"Eugen Cojocariu\",\"url\":\"https:\\\/\\\/www.rri.ro\\\/it\\\/author\\\/eugen-cojocariu\"}]}<\/script>\n<!-- \/ Yoast SEO plugin. -->","yoast_head_json":{"title":"Novit\u00e0 dagli aeroporti - Radio Romania Internazionale","robots":{"index":"index","follow":"follow","max-snippet":"max-snippet:-1","max-image-preview":"max-image-preview:large","max-video-preview":"max-video-preview:-1"},"canonical":"https:\/\/www.rri.ro\/it\/guida-programmi\/raccontare-romania\/novita-dagli-aeroporti-3-id1054736.html","og_locale":"it_IT","og_type":"article","og_title":"Novit\u00e0 dagli aeroporti - Radio Romania Internazionale","og_description":"Dopo la chiusura del parcheggio Arrivi, il numero di posti disponibili \u00e8 diminuito di quasi 600. La Compagnia Nazionale Aeroporti di Bucarest (CNAB) prosegue i lavori di ammodernamento e consolidamento del parcheggio multipiano situato di fronte al Terminal Arrivi, con il progetto che \u00e8 entrato nella fase degli interventi principali sulla struttura portante. Per aumentare [&hellip;]","og_url":"https:\/\/www.rri.ro\/it\/guida-programmi\/raccontare-romania\/novita-dagli-aeroporti-3-id1054736.html","og_site_name":"Radio Romania Internazionale","article_published_time":"2026-08-31T07:30:59+00:00","og_image":[{"width":1279,"height":721,"url":"https:\/\/www.rri.ro\/wp-content\/uploads\/2026\/03\/Otopeni-foto-fb-aeroportotopeni.jpg","type":"image\/jpeg"}],"author":"Eugen Cojocariu","twitter_card":"summary_large_image","twitter_misc":{"Scritto da":"Eugen Cojocariu","Tempo di lettura stimato":"2 minuti"},"schema":{"@context":"https:\/\/schema.org","@graph":[{"@type":"Article","@id":"https:\/\/www.rri.ro\/it\/guida-programmi\/raccontare-romania\/novita-dagli-aeroporti-3-id1054736.html#article","isPartOf":{"@id":"https:\/\/www.rri.ro\/it\/guida-programmi\/raccontare-romania\/novita-dagli-aeroporti-3-id1054736.html"},"author":{"name":"Eugen Cojocariu","@id":"https:\/\/www.rri.ro\/#\/schema\/person\/7e1d12a0ddf50bb2d58f812a617e5eaa"},"headline":"Novit\u00e0 dagli aeroporti","datePublished":"2026-08-31T07:30:59+00:00","mainEntityOfPage":{"@id":"https:\/\/www.rri.ro\/it\/guida-programmi\/raccontare-romania\/novita-dagli-aeroporti-3-id1054736.html"},"wordCount":458,"image":{"@id":"https:\/\/www.rri.ro\/it\/guida-programmi\/raccontare-romania\/novita-dagli-aeroporti-3-id1054736.html#primaryimage"},"thumbnailUrl":"https:\/\/www.rri.ro\/wp-content\/uploads\/2026\/03\/Otopeni-foto-fb-aeroportotopeni.jpg","articleSection":["Raccontare Romania"],"inLanguage":"it-IT"},{"@type":"WebPage","@id":"https:\/\/www.rri.ro\/it\/guida-programmi\/raccontare-romania\/novita-dagli-aeroporti-3-id1054736.html","url":"https:\/\/www.rri.ro\/it\/guida-programmi\/raccontare-romania\/novita-dagli-aeroporti-3-id1054736.html","name":"Novit\u00e0 dagli aeroporti - Radio Romania Internazionale","isPartOf":{"@id":"https:\/\/www.rri.ro\/#website"},"primaryImageOfPage":{"@id":"https:\/\/www.rri.ro\/it\/guida-programmi\/raccontare-romania\/novita-dagli-aeroporti-3-id1054736.html#primaryimage"},"image":{"@id":"https:\/\/www.rri.ro\/it\/guida-programmi\/raccontare-romania\/novita-dagli-aeroporti-3-id1054736.html#primaryimage"},"thumbnailUrl":"https:\/\/www.rri.ro\/wp-content\/uploads\/2026\/03\/Otopeni-foto-fb-aeroportotopeni.jpg","datePublished":"2026-08-31T07:30:59+00:00","author":{"@id":"https:\/\/www.rri.ro\/#\/schema\/person\/7e1d12a0ddf50bb2d58f812a617e5eaa"},"breadcrumb":{"@id":"https:\/\/www.rri.ro\/it\/guida-programmi\/raccontare-romania\/novita-dagli-aeroporti-3-id1054736.html#breadcrumb"},"inLanguage":"it-IT","potentialAction":[{"@type":"ReadAction","target":["https:\/\/www.rri.ro\/it\/guida-programmi\/raccontare-romania\/novita-dagli-aeroporti-3-id1054736.html"]}]},{"@type":"ImageObject","inLanguage":"it-IT","@id":"https:\/\/www.rri.ro\/it\/guida-programmi\/raccontare-romania\/novita-dagli-aeroporti-3-id1054736.html#primaryimage","url":"https:\/\/www.rri.ro\/wp-content\/uploads\/2026\/03\/Otopeni-foto-fb-aeroportotopeni.jpg","contentUrl":"https:\/\/www.rri.ro\/wp-content\/uploads\/2026\/03\/Otopeni-foto-fb-aeroportotopeni.jpg","width":1279,"height":721,"caption":"foto: Bucharest Airports"},{"@type":"BreadcrumbList","@id":"https:\/\/www.rri.ro\/it\/guida-programmi\/raccontare-romania\/novita-dagli-aeroporti-3-id1054736.html#breadcrumb","itemListElement":[{"@type":"ListItem","position":1,"name":"Pagina iniziale","item":"https:\/\/www.rri.ro\/it"},{"@type":"ListItem","position":2,"name":"Guida programmi","item":"https:\/\/www.rri.ro\/it\/guida-programmi"},{"@type":"ListItem","position":3,"name":"Raccontare Romania","item":"https:\/\/www.rri.ro\/it\/guida-programmi\/raccontare-romania"},{"@type":"ListItem","position":4,"name":"Novit\u00e0 dagli aeroporti"}]},{"@type":"WebSite","@id":"https:\/\/www.rri.ro\/#website","url":"https:\/\/www.rri.ro\/","name":"Radio Romania Internazionale","description":"Totul despre Rom\u00e2nia \u015fi rom\u00e2ni, \u00een 13 limbi\/dialecte!","inLanguage":"it-IT"},{"@type":"Person","@id":"https:\/\/www.rri.ro\/#\/schema\/person\/7e1d12a0ddf50bb2d58f812a617e5eaa","name":"Eugen Cojocariu","url":"https:\/\/www.rri.ro\/it\/author\/eugen-cojocariu"}]}},"_links":{"self":[{"href":"https:\/\/www.rri.ro\/it\/wp-json\/wp\/v2\/posts\/1054736","targetHints":{"allow":["GET"]}}],"collection":[{"href":"https:\/\/www.rri.ro\/it\/wp-json\/wp\/v2\/posts"}],"about":[{"href":"https:\/\/www.rri.ro\/it\/wp-json\/wp\/v2\/types\/post"}],"author":[{"embeddable":true,"href":"https:\/\/www.rri.ro\/it\/wp-json\/wp\/v2\/users\/28"}],"replies":[{"embeddable":true,"href":"https:\/\/www.rri.ro\/it\/wp-json\/wp\/v2\/comments?post=1054736"}],"version-history":[{"count":2,"href":"https:\/\/www.rri.ro\/it\/wp-json\/wp\/v2\/posts\/1054736\/revisions"}],"predecessor-version":[{"id":1054740,"href":"https:\/\/www.rri.ro\/it\/wp-json\/wp\/v2\/posts\/1054736\/revisions\/1054740"}],"wp:featuredmedia":[{"embeddable":true,"href":"https:\/\/www.rri.ro\/it\/wp-json\/wp\/v2\/media\/988840"}],"wp:attachment":[{"href":"https:\/\/www.rri.ro\/it\/wp-json\/wp\/v2\/media?parent=1054736"}],"wp:term":[{"taxonomy":"category","embeddable":true,"href":"https:\/\/www.rri.ro\/it\/wp-json\/wp\/v2\/categories?post=1054736"},{"taxonomy":"post_tag","embeddable":true,"href":"https:\/\/www.rri.ro\/it\/wp-json\/wp\/v2\/tags?post=1054736"},{"taxonomy":"author","embeddable":true,"href":"https:\/\/www.rri.ro\/it\/wp-json\/wp\/v2\/coauthors?post=1054736"}],"curies":[{"name":"wp","href":"https:\/\/api.w.org\/{rel}","templated":true}]}}