{"id":1055051,"date":"2026-09-03T09:30:44","date_gmt":"2026-09-03T06:30:44","guid":{"rendered":"https:\/\/www.rri.ro\/?p=1055051"},"modified":"2026-08-30T17:58:20","modified_gmt":"2026-08-30T14:58:20","slug":"antipasti-e-piatti-con-sedano","status":"publish","type":"post","link":"https:\/\/www.rri.ro\/it\/guida-programmi\/pronto-in-tavola\/antipasti-e-piatti-con-sedano-id1055051.html","title":{"rendered":"Antipasti e piatti con sedano"},"content":{"rendered":"<p>Possiamo preparare un\u2019insalata di sedano e funghi che pu\u00f2 essere servita come antipasto e che \u00e8 facile da preparare. Servono sedano e funghi in quantit\u00e0 uguali, nonch\u00e8 una cipolla, un peperone, qualche spicchio d\u2019aglio, un limone, olio d\u2019oliva, un mazzetto di prezzemolo, pepe e sale. I funghi vengono puliti, lavati e messi a bollire in acqua leggermente salata. Dopo che si sono ammorbiditi, si scolano e si tritano finemente. Il sedano viene pulito, lavato e grattugiato. Il peperone viene lavato, privato del picciolo e dei semi e poi tritato finemente.<\/p>\n<p>Anche la cipolla viene tritata finemente. Prepariamo una salsa mescolando l\u2019olio d\u2019oliva con il succo di un limone, l\u2019aglio schiacciato e le foglie di prezzemolo tritate. Condiamo con pepe macinato e aggiustiamo di sale. Versiamo questa salsa sul sedano, sui funghi, sul peperone e sulla cipolla, mescoliamo bene e lasciamo riposare per un po\u2019 in frigorifero, dopodich\u00e9 l\u2019insalata pu\u00f2 essere servita. In Transilvania \u00e8 diffusa la vellutata di sedano e patate, che ha origini nella cucina tedesca, dove il mix di verdure a radice passate costituisce la base di alcuni piatti tradizionali.<\/p>\n<p>A sud dei Carpazi, il sedano combinato con le olive provenienti dall\u2019area mediterranea rappresentava uno dei piatti di un tempo. Si utilizzavano dei sedani che venivano prima puliti e poi tagliati a fette piuttosto spesse, che venivano messe a soffriggere nell\u2019olio, in una pentola, insieme a due o tre cipolle tritate. Quando iniziavano a dorarsi, si aggiungeva dell\u2019acqua, in modo che cuocessero lentamente e a fuoco dolce. Verso la fine della cottura si aggiungevano 200 grammi di olive e pomodori tagliati a cubetti.<\/p>\n<p>Al posto dei pomodori freschi si pu\u00f2 utilizzare la passata. Alla fine si aggiunge il pepe macinato e le foglie di prezzemolo tritate. Si regola di sale a seconda del gusto delle olive. Il piatto pu\u00f2 essere servito sia caldo che freddo. Allo stesso modo, questo piatto pu\u00f2 essere preparato anche al forno, dopo aver fatto passare le fette di sedano nell\u2019olio caldo. Buon appetito!<\/p>\n","protected":false},"excerpt":{"rendered":"<p>Possiamo preparare un\u2019insalata di sedano e funghi che pu\u00f2 essere servita come antipasto e che \u00e8 facile da preparare. Servono sedano e funghi in quantit\u00e0 uguali, nonch\u00e8 una cipolla, un peperone, qualche spicchio d\u2019aglio, un limone, olio d\u2019oliva, un mazzetto di prezzemolo, pepe e sale. I funghi vengono puliti, lavati e messi a bollire in [&hellip;]<\/p>\n","protected":false},"author":125,"featured_media":1047892,"comment_status":"closed","ping_status":"closed","sticky":false,"template":"","format":"standard","meta":{"_acf_changed":false,"footnotes":""},"categories":[132213],"tags":[],"coauthors":[113250],"class_list":["post-1055051","post","type-post","status-publish","format-standard","has-post-thumbnail","hentry","category-pronto-in-tavola"],"acf":[],"yoast_head":"<!-- This site is optimized with the Yoast SEO plugin v28.2 - https:\/\/yoast.com\/product\/yoast-seo-wordpress\/ -->\n<title>Antipasti e piatti con sedano - Radio Romania Internazionale<\/title>\n<meta name=\"robots\" content=\"index, follow, max-snippet:-1, max-image-preview:large, max-video-preview:-1\" \/>\n<link rel=\"canonical\" href=\"https:\/\/www.rri.ro\/it\/guida-programmi\/pronto-in-tavola\/antipasti-e-piatti-con-sedano-id1055051.html\" \/>\n<meta property=\"og:locale\" content=\"it_IT\" \/>\n<meta property=\"og:type\" content=\"article\" \/>\n<meta property=\"og:title\" content=\"Antipasti e piatti con sedano - Radio Romania Internazionale\" \/>\n<meta property=\"og:description\" content=\"Possiamo preparare un\u2019insalata di sedano e funghi che pu\u00f2 essere servita come antipasto e che \u00e8 facile da preparare. Servono sedano e funghi in quantit\u00e0 uguali, nonch\u00e8 una cipolla, un peperone, qualche spicchio d\u2019aglio, un limone, olio d\u2019oliva, un mazzetto di prezzemolo, pepe e sale. I funghi vengono puliti, lavati e messi a bollire in [&hellip;]\" \/>\n<meta property=\"og:url\" content=\"https:\/\/www.rri.ro\/it\/guida-programmi\/pronto-in-tavola\/antipasti-e-piatti-con-sedano-id1055051.html\" \/>\n<meta property=\"og:site_name\" content=\"Radio Romania Internazionale\" \/>\n<meta property=\"article:published_time\" content=\"2026-09-03T06:30:44+00:00\" \/>\n<meta property=\"og:image\" content=\"https:\/\/www.rri.ro\/wp-content\/uploads\/2026\/08\/telina-leguma-foto-Hans-pixabay_16x9.jpg\" \/>\n\t<meta property=\"og:image:width\" content=\"1200\" \/>\n\t<meta property=\"og:image:height\" content=\"675\" \/>\n\t<meta property=\"og:image:type\" content=\"image\/jpeg\" \/>\n<meta name=\"author\" content=\"\u0218tefan Baciu\" \/>\n<meta name=\"twitter:card\" content=\"summary_large_image\" \/>\n<meta name=\"twitter:label1\" content=\"Scritto da\" \/>\n\t<meta name=\"twitter:data1\" content=\"\u0218tefan Baciu\" \/>\n\t<meta name=\"twitter:label2\" content=\"Tempo di lettura stimato\" \/>\n\t<meta name=\"twitter:data2\" content=\"2 minuti\" \/>\n<script type=\"application\/ld+json\" class=\"yoast-schema-graph\">{\"@context\":\"https:\\\/\\\/schema.org\",\"@graph\":[{\"@type\":\"Article\",\"@id\":\"https:\\\/\\\/www.rri.ro\\\/it\\\/guida-programmi\\\/pronto-in-tavola\\\/antipasti-e-piatti-con-sedano-id1055051.html#article\",\"isPartOf\":{\"@id\":\"https:\\\/\\\/www.rri.ro\\\/it\\\/guida-programmi\\\/pronto-in-tavola\\\/antipasti-e-piatti-con-sedano-id1055051.html\"},\"author\":{\"name\":\"\u0218tefan Baciu\",\"@id\":\"https:\\\/\\\/www.rri.ro\\\/#\\\/schema\\\/person\\\/fbb3638d6b8cdc5f110e10b1e6f1b7b5\"},\"headline\":\"Antipasti e piatti con sedano\",\"datePublished\":\"2026-09-03T06:30:44+00:00\",\"mainEntityOfPage\":{\"@id\":\"https:\\\/\\\/www.rri.ro\\\/it\\\/guida-programmi\\\/pronto-in-tavola\\\/antipasti-e-piatti-con-sedano-id1055051.html\"},\"wordCount\":343,\"image\":{\"@id\":\"https:\\\/\\\/www.rri.ro\\\/it\\\/guida-programmi\\\/pronto-in-tavola\\\/antipasti-e-piatti-con-sedano-id1055051.html#primaryimage\"},\"thumbnailUrl\":\"https:\\\/\\\/www.rri.ro\\\/wp-content\\\/uploads\\\/2026\\\/08\\\/telina-leguma-foto-Hans-pixabay_16x9.jpg\",\"articleSection\":[\"Pronto in tavola!\"],\"inLanguage\":\"it-IT\"},{\"@type\":\"WebPage\",\"@id\":\"https:\\\/\\\/www.rri.ro\\\/it\\\/guida-programmi\\\/pronto-in-tavola\\\/antipasti-e-piatti-con-sedano-id1055051.html\",\"url\":\"https:\\\/\\\/www.rri.ro\\\/it\\\/guida-programmi\\\/pronto-in-tavola\\\/antipasti-e-piatti-con-sedano-id1055051.html\",\"name\":\"Antipasti e piatti con sedano - Radio Romania Internazionale\",\"isPartOf\":{\"@id\":\"https:\\\/\\\/www.rri.ro\\\/#website\"},\"primaryImageOfPage\":{\"@id\":\"https:\\\/\\\/www.rri.ro\\\/it\\\/guida-programmi\\\/pronto-in-tavola\\\/antipasti-e-piatti-con-sedano-id1055051.html#primaryimage\"},\"image\":{\"@id\":\"https:\\\/\\\/www.rri.ro\\\/it\\\/guida-programmi\\\/pronto-in-tavola\\\/antipasti-e-piatti-con-sedano-id1055051.html#primaryimage\"},\"thumbnailUrl\":\"https:\\\/\\\/www.rri.ro\\\/wp-content\\\/uploads\\\/2026\\\/08\\\/telina-leguma-foto-Hans-pixabay_16x9.jpg\",\"datePublished\":\"2026-09-03T06:30:44+00:00\",\"author\":{\"@id\":\"https:\\\/\\\/www.rri.ro\\\/#\\\/schema\\\/person\\\/fbb3638d6b8cdc5f110e10b1e6f1b7b5\"},\"breadcrumb\":{\"@id\":\"https:\\\/\\\/www.rri.ro\\\/it\\\/guida-programmi\\\/pronto-in-tavola\\\/antipasti-e-piatti-con-sedano-id1055051.html#breadcrumb\"},\"inLanguage\":\"it-IT\",\"potentialAction\":[{\"@type\":\"ReadAction\",\"target\":[\"https:\\\/\\\/www.rri.ro\\\/it\\\/guida-programmi\\\/pronto-in-tavola\\\/antipasti-e-piatti-con-sedano-id1055051.html\"]}]},{\"@type\":\"ImageObject\",\"inLanguage\":\"it-IT\",\"@id\":\"https:\\\/\\\/www.rri.ro\\\/it\\\/guida-programmi\\\/pronto-in-tavola\\\/antipasti-e-piatti-con-sedano-id1055051.html#primaryimage\",\"url\":\"https:\\\/\\\/www.rri.ro\\\/wp-content\\\/uploads\\\/2026\\\/08\\\/telina-leguma-foto-Hans-pixabay_16x9.jpg\",\"contentUrl\":\"https:\\\/\\\/www.rri.ro\\\/wp-content\\\/uploads\\\/2026\\\/08\\\/telina-leguma-foto-Hans-pixabay_16x9.jpg\",\"width\":1200,\"height\":675,\"caption\":\"Foto: Hans \\\/ pixabay.com\"},{\"@type\":\"BreadcrumbList\",\"@id\":\"https:\\\/\\\/www.rri.ro\\\/it\\\/guida-programmi\\\/pronto-in-tavola\\\/antipasti-e-piatti-con-sedano-id1055051.html#breadcrumb\",\"itemListElement\":[{\"@type\":\"ListItem\",\"position\":1,\"name\":\"Pagina iniziale\",\"item\":\"https:\\\/\\\/www.rri.ro\\\/it\"},{\"@type\":\"ListItem\",\"position\":2,\"name\":\"Guida programmi\",\"item\":\"https:\\\/\\\/www.rri.ro\\\/it\\\/guida-programmi\"},{\"@type\":\"ListItem\",\"position\":3,\"name\":\"Pronto in tavola!\",\"item\":\"https:\\\/\\\/www.rri.ro\\\/it\\\/guida-programmi\\\/pronto-in-tavola\"},{\"@type\":\"ListItem\",\"position\":4,\"name\":\"Antipasti e piatti con sedano\"}]},{\"@type\":\"WebSite\",\"@id\":\"https:\\\/\\\/www.rri.ro\\\/#website\",\"url\":\"https:\\\/\\\/www.rri.ro\\\/\",\"name\":\"Radio Romania Internazionale\",\"description\":\"Totul despre Rom\u00e2nia \u015fi rom\u00e2ni, \u00een 13 limbi\\\/dialecte!\",\"inLanguage\":\"it-IT\"},{\"@type\":\"Person\",\"@id\":\"https:\\\/\\\/www.rri.ro\\\/#\\\/schema\\\/person\\\/fbb3638d6b8cdc5f110e10b1e6f1b7b5\",\"name\":\"\u0218tefan Baciu\",\"url\":\"https:\\\/\\\/www.rri.ro\\\/it\\\/author\\\/stefan-baciu\"}]}<\/script>\n<!-- \/ Yoast SEO plugin. -->","yoast_head_json":{"title":"Antipasti e piatti con sedano - Radio Romania Internazionale","robots":{"index":"index","follow":"follow","max-snippet":"max-snippet:-1","max-image-preview":"max-image-preview:large","max-video-preview":"max-video-preview:-1"},"canonical":"https:\/\/www.rri.ro\/it\/guida-programmi\/pronto-in-tavola\/antipasti-e-piatti-con-sedano-id1055051.html","og_locale":"it_IT","og_type":"article","og_title":"Antipasti e piatti con sedano - Radio Romania Internazionale","og_description":"Possiamo preparare un\u2019insalata di sedano e funghi che pu\u00f2 essere servita come antipasto e che \u00e8 facile da preparare. Servono sedano e funghi in quantit\u00e0 uguali, nonch\u00e8 una cipolla, un peperone, qualche spicchio d\u2019aglio, un limone, olio d\u2019oliva, un mazzetto di prezzemolo, pepe e sale. I funghi vengono puliti, lavati e messi a bollire in [&hellip;]","og_url":"https:\/\/www.rri.ro\/it\/guida-programmi\/pronto-in-tavola\/antipasti-e-piatti-con-sedano-id1055051.html","og_site_name":"Radio Romania Internazionale","article_published_time":"2026-09-03T06:30:44+00:00","og_image":[{"width":1200,"height":675,"url":"https:\/\/www.rri.ro\/wp-content\/uploads\/2026\/08\/telina-leguma-foto-Hans-pixabay_16x9.jpg","type":"image\/jpeg"}],"author":"\u0218tefan Baciu","twitter_card":"summary_large_image","twitter_misc":{"Scritto da":"\u0218tefan Baciu","Tempo di lettura stimato":"2 minuti"},"schema":{"@context":"https:\/\/schema.org","@graph":[{"@type":"Article","@id":"https:\/\/www.rri.ro\/it\/guida-programmi\/pronto-in-tavola\/antipasti-e-piatti-con-sedano-id1055051.html#article","isPartOf":{"@id":"https:\/\/www.rri.ro\/it\/guida-programmi\/pronto-in-tavola\/antipasti-e-piatti-con-sedano-id1055051.html"},"author":{"name":"\u0218tefan Baciu","@id":"https:\/\/www.rri.ro\/#\/schema\/person\/fbb3638d6b8cdc5f110e10b1e6f1b7b5"},"headline":"Antipasti e piatti con sedano","datePublished":"2026-09-03T06:30:44+00:00","mainEntityOfPage":{"@id":"https:\/\/www.rri.ro\/it\/guida-programmi\/pronto-in-tavola\/antipasti-e-piatti-con-sedano-id1055051.html"},"wordCount":343,"image":{"@id":"https:\/\/www.rri.ro\/it\/guida-programmi\/pronto-in-tavola\/antipasti-e-piatti-con-sedano-id1055051.html#primaryimage"},"thumbnailUrl":"https:\/\/www.rri.ro\/wp-content\/uploads\/2026\/08\/telina-leguma-foto-Hans-pixabay_16x9.jpg","articleSection":["Pronto in tavola!"],"inLanguage":"it-IT"},{"@type":"WebPage","@id":"https:\/\/www.rri.ro\/it\/guida-programmi\/pronto-in-tavola\/antipasti-e-piatti-con-sedano-id1055051.html","url":"https:\/\/www.rri.ro\/it\/guida-programmi\/pronto-in-tavola\/antipasti-e-piatti-con-sedano-id1055051.html","name":"Antipasti e piatti con sedano - Radio Romania Internazionale","isPartOf":{"@id":"https:\/\/www.rri.ro\/#website"},"primaryImageOfPage":{"@id":"https:\/\/www.rri.ro\/it\/guida-programmi\/pronto-in-tavola\/antipasti-e-piatti-con-sedano-id1055051.html#primaryimage"},"image":{"@id":"https:\/\/www.rri.ro\/it\/guida-programmi\/pronto-in-tavola\/antipasti-e-piatti-con-sedano-id1055051.html#primaryimage"},"thumbnailUrl":"https:\/\/www.rri.ro\/wp-content\/uploads\/2026\/08\/telina-leguma-foto-Hans-pixabay_16x9.jpg","datePublished":"2026-09-03T06:30:44+00:00","author":{"@id":"https:\/\/www.rri.ro\/#\/schema\/person\/fbb3638d6b8cdc5f110e10b1e6f1b7b5"},"breadcrumb":{"@id":"https:\/\/www.rri.ro\/it\/guida-programmi\/pronto-in-tavola\/antipasti-e-piatti-con-sedano-id1055051.html#breadcrumb"},"inLanguage":"it-IT","potentialAction":[{"@type":"ReadAction","target":["https:\/\/www.rri.ro\/it\/guida-programmi\/pronto-in-tavola\/antipasti-e-piatti-con-sedano-id1055051.html"]}]},{"@type":"ImageObject","inLanguage":"it-IT","@id":"https:\/\/www.rri.ro\/it\/guida-programmi\/pronto-in-tavola\/antipasti-e-piatti-con-sedano-id1055051.html#primaryimage","url":"https:\/\/www.rri.ro\/wp-content\/uploads\/2026\/08\/telina-leguma-foto-Hans-pixabay_16x9.jpg","contentUrl":"https:\/\/www.rri.ro\/wp-content\/uploads\/2026\/08\/telina-leguma-foto-Hans-pixabay_16x9.jpg","width":1200,"height":675,"caption":"Foto: Hans \/ pixabay.com"},{"@type":"BreadcrumbList","@id":"https:\/\/www.rri.ro\/it\/guida-programmi\/pronto-in-tavola\/antipasti-e-piatti-con-sedano-id1055051.html#breadcrumb","itemListElement":[{"@type":"ListItem","position":1,"name":"Pagina iniziale","item":"https:\/\/www.rri.ro\/it"},{"@type":"ListItem","position":2,"name":"Guida programmi","item":"https:\/\/www.rri.ro\/it\/guida-programmi"},{"@type":"ListItem","position":3,"name":"Pronto in tavola!","item":"https:\/\/www.rri.ro\/it\/guida-programmi\/pronto-in-tavola"},{"@type":"ListItem","position":4,"name":"Antipasti e piatti con sedano"}]},{"@type":"WebSite","@id":"https:\/\/www.rri.ro\/#website","url":"https:\/\/www.rri.ro\/","name":"Radio Romania Internazionale","description":"Totul despre Rom\u00e2nia \u015fi rom\u00e2ni, \u00een 13 limbi\/dialecte!","inLanguage":"it-IT"},{"@type":"Person","@id":"https:\/\/www.rri.ro\/#\/schema\/person\/fbb3638d6b8cdc5f110e10b1e6f1b7b5","name":"\u0218tefan Baciu","url":"https:\/\/www.rri.ro\/it\/author\/stefan-baciu"}]}},"_links":{"self":[{"href":"https:\/\/www.rri.ro\/it\/wp-json\/wp\/v2\/posts\/1055051","targetHints":{"allow":["GET"]}}],"collection":[{"href":"https:\/\/www.rri.ro\/it\/wp-json\/wp\/v2\/posts"}],"about":[{"href":"https:\/\/www.rri.ro\/it\/wp-json\/wp\/v2\/types\/post"}],"author":[{"embeddable":true,"href":"https:\/\/www.rri.ro\/it\/wp-json\/wp\/v2\/users\/125"}],"replies":[{"embeddable":true,"href":"https:\/\/www.rri.ro\/it\/wp-json\/wp\/v2\/comments?post=1055051"}],"version-history":[{"count":1,"href":"https:\/\/www.rri.ro\/it\/wp-json\/wp\/v2\/posts\/1055051\/revisions"}],"predecessor-version":[{"id":1056076,"href":"https:\/\/www.rri.ro\/it\/wp-json\/wp\/v2\/posts\/1055051\/revisions\/1056076"}],"wp:featuredmedia":[{"embeddable":true,"href":"https:\/\/www.rri.ro\/it\/wp-json\/wp\/v2\/media\/1047892"}],"wp:attachment":[{"href":"https:\/\/www.rri.ro\/it\/wp-json\/wp\/v2\/media?parent=1055051"}],"wp:term":[{"taxonomy":"category","embeddable":true,"href":"https:\/\/www.rri.ro\/it\/wp-json\/wp\/v2\/categories?post=1055051"},{"taxonomy":"post_tag","embeddable":true,"href":"https:\/\/www.rri.ro\/it\/wp-json\/wp\/v2\/tags?post=1055051"},{"taxonomy":"author","embeddable":true,"href":"https:\/\/www.rri.ro\/it\/wp-json\/wp\/v2\/coauthors?post=1055051"}],"curies":[{"name":"wp","href":"https:\/\/api.w.org\/{rel}","templated":true}]}}