{"id":1055278,"date":"2026-08-31T10:55:30","date_gmt":"2026-08-31T07:55:30","guid":{"rendered":"https:\/\/www.rri.ro\/?p=1055278"},"modified":"2026-08-31T11:31:51","modified_gmt":"2026-08-31T08:31:51","slug":"oro-per-il-canottaggio-romeno","status":"publish","type":"post","link":"https:\/\/www.rri.ro\/it\/news\/in-primo-piano\/oro-per-il-canottaggio-romeno-id1055278.html","title":{"rendered":"Oro per il canottaggio romeno"},"content":{"rendered":"<p>Ai Campionati Mondiali di canottaggio di Amsterdam, gli atleti romeni hanno conquistato tre medaglie d\u2019oro, due delle quali proprio domenica, nell\u2019ultima giornata di gare, con gli equipaggi dell\u2019otto con femminile e dell\u2019otto con misto. Nell\u2019otto con femminile, l\u2019equipaggio composto da Cristina Drug\u0103, Geanina Juncanariu, Ancu\u021ba Bodnar, Maria Lehaci, Magdalena Rusu, Amalia Chelaru, Adriana Adam, Simona Radi\u0219 e Victoria Petreanu ha condotto la gara dalla partenza fino al traguardo.<\/p>\n<p>Le nostre atlete hanno imposto il ritmo fin dall\u2019inizio, dominando la gara e tagliando per prime il traguardo, conquistando l\u2019oro e battendo un nuovo record mondiale con il tempo di 5 minuti, 51 secondi e 88 centesimi. La Romania ha cos\u00ec pareggiato gli Stati Uniti come numero di titoli mondiali conquistati nella gara ammiraglio del canottaggio femminile, con 11 ciascuna. Le atlete romene sono state seguite nella classifica finale dalla Gran Bretagna (5:52.76) e dagli Stati Uniti (5:53.76).<\/p>\n<p>Sempre domenica, la Romania ha conquistato la medaglia d\u2019oro anche nella gara dell\u2019otto con misto. L\u2019equipaggio formato da Cristina Drug\u0103, Amalia Chelaru, Adriana Adam, Florin Lehaci, Cosmin Iulian Ple\u0219escu, Ciprian Tudos\u0103, \u0218tefan Berariu, Simona Radi\u0219 e Victoria Petreanu si \u00e8 imposto con il tempo di 5 minuti, 35 secondi e 75 centesimi. Alle loro spalle si sono classificati i Paesi Bassi (5:38.42) e gli Stati Uniti (5:38.61), nell\u2019ultima gara della competizione.<\/p>\n<p>Una prima in un\u2019edizione dei Campionati Mondiali \u00e8 il fatto che Adriana Adam e Simona Radi\u0219 hanno concluso la gara di Amsterdam con tre medaglie d\u2019oro, dopo quelle conquistate nell\u2019otto con misto, nell\u2019otto con femminile e nel due senza femminile, venerd\u00ec. La Romania ha cos\u00ec chiuso al quarto posto nel medagliere dei Campionati Mondiali di canottaggio 2026, con tre medaglie d\u2019oro, preceduta dai Paesi Bassi, dalla Germania e dagli USA, ma davanti a nazioni come Gran Bretagna, Messico e Irlanda.<\/p>\n<p>La Romania \u00e8 stata rappresentata ai Mondiali di canottaggio di Amsterdam, svoltisi dal 24 al 30 agosto, da una delegazione composta da 14 equipaggi, per un totale di 38 atleti. All\u2019edizione dello scorso anno dei Campionati Mondiali, svoltasi a Shanghai, la Romania aveva conquistato sei medaglie, di cui due d\u2019oro e quattro d\u2019argento. Il premier ad interim Ilie Bolojan ha rivolto domenica sera le sue congratulazioni alle campionesse di canottaggio, sottolineando, in un post su una rete sociale, che dietro questi risultati ci sono anni di lavoro, disciplina e sacrifici. \u201cAvete portato la Romania al primo posto nel mondo. E ci avete dato una grande gioia\u201d, ha scritto inoltre Ilie Bolojan.<\/p>\n","protected":false},"excerpt":{"rendered":"<p>Ai Campionati Mondiali di canottaggio di Amsterdam, gli atleti romeni hanno conquistato tre medaglie d\u2019oro, due delle quali proprio domenica, nell\u2019ultima giornata di gare, con gli equipaggi dell\u2019otto con femminile e dell\u2019otto con misto. Nell\u2019otto con femminile, l\u2019equipaggio composto da Cristina Drug\u0103, Geanina Juncanariu, Ancu\u021ba Bodnar, Maria Lehaci, Magdalena Rusu, Amalia Chelaru, Adriana Adam, Simona [&hellip;]<\/p>\n","protected":false},"author":107,"featured_media":1055237,"comment_status":"closed","ping_status":"closed","sticky":false,"template":"","format":"standard","meta":{"_acf_changed":false,"footnotes":""},"categories":[99264],"tags":[],"coauthors":[113282],"class_list":["post-1055278","post","type-post","status-publish","format-standard","has-post-thumbnail","hentry","category-in-primo-piano"],"acf":[],"yoast_head":"<!-- This site is optimized with the Yoast SEO plugin v28.2 - https:\/\/yoast.com\/product\/yoast-seo-wordpress\/ -->\n<title>Oro per il canottaggio romeno - Radio Romania Internazionale<\/title>\n<meta name=\"robots\" content=\"index, follow, max-snippet:-1, max-image-preview:large, max-video-preview:-1\" \/>\n<link rel=\"canonical\" href=\"https:\/\/www.rri.ro\/it\/news\/in-primo-piano\/oro-per-il-canottaggio-romeno-id1055278.html\" \/>\n<meta property=\"og:locale\" content=\"it_IT\" \/>\n<meta property=\"og:type\" content=\"article\" \/>\n<meta property=\"og:title\" content=\"Oro per il canottaggio romeno - Radio Romania Internazionale\" \/>\n<meta property=\"og:description\" content=\"Ai Campionati Mondiali di canottaggio di Amsterdam, gli atleti romeni hanno conquistato tre medaglie d\u2019oro, due delle quali proprio domenica, nell\u2019ultima giornata di gare, con gli equipaggi dell\u2019otto con femminile e dell\u2019otto con misto. Nell\u2019otto con femminile, l\u2019equipaggio composto da Cristina Drug\u0103, Geanina Juncanariu, Ancu\u021ba Bodnar, Maria Lehaci, Magdalena Rusu, Amalia Chelaru, Adriana Adam, Simona [&hellip;]\" \/>\n<meta property=\"og:url\" content=\"https:\/\/www.rri.ro\/it\/news\/in-primo-piano\/oro-per-il-canottaggio-romeno-id1055278.html\" \/>\n<meta property=\"og:site_name\" content=\"Radio Romania Internazionale\" \/>\n<meta property=\"article:published_time\" content=\"2026-08-31T07:55:30+00:00\" \/>\n<meta property=\"article:modified_time\" content=\"2026-08-31T08:31:51+00:00\" \/>\n<meta property=\"og:image\" content=\"https:\/\/www.rri.ro\/wp-content\/uploads\/2026\/08\/aur-canotaj-romania-la-amsterdam-foto-fb-fr-canotaj_16x9.jpg\" \/>\n\t<meta property=\"og:image:width\" content=\"1200\" \/>\n\t<meta property=\"og:image:height\" content=\"675\" \/>\n\t<meta property=\"og:image:type\" content=\"image\/jpeg\" \/>\n<meta name=\"author\" content=\"Daniela Budu\" \/>\n<meta name=\"twitter:card\" content=\"summary_large_image\" \/>\n<meta name=\"twitter:label1\" content=\"Scritto da\" \/>\n\t<meta name=\"twitter:data1\" content=\"Daniela Budu\" \/>\n\t<meta name=\"twitter:label2\" content=\"Tempo di lettura stimato\" \/>\n\t<meta name=\"twitter:data2\" content=\"2 minuti\" \/>\n<script type=\"application\/ld+json\" class=\"yoast-schema-graph\">{\"@context\":\"https:\\\/\\\/schema.org\",\"@graph\":[{\"@type\":\"Article\",\"@id\":\"https:\\\/\\\/www.rri.ro\\\/it\\\/news\\\/in-primo-piano\\\/oro-per-il-canottaggio-romeno-id1055278.html#article\",\"isPartOf\":{\"@id\":\"https:\\\/\\\/www.rri.ro\\\/it\\\/news\\\/in-primo-piano\\\/oro-per-il-canottaggio-romeno-id1055278.html\"},\"author\":{\"name\":\"Daniela Budu\",\"@id\":\"https:\\\/\\\/www.rri.ro\\\/#\\\/schema\\\/person\\\/b46b8f80d7d6e4b5ac9f14f0acbad0c4\"},\"headline\":\"Oro per il canottaggio romeno\",\"datePublished\":\"2026-08-31T07:55:30+00:00\",\"dateModified\":\"2026-08-31T08:31:51+00:00\",\"mainEntityOfPage\":{\"@id\":\"https:\\\/\\\/www.rri.ro\\\/it\\\/news\\\/in-primo-piano\\\/oro-per-il-canottaggio-romeno-id1055278.html\"},\"wordCount\":416,\"image\":{\"@id\":\"https:\\\/\\\/www.rri.ro\\\/it\\\/news\\\/in-primo-piano\\\/oro-per-il-canottaggio-romeno-id1055278.html#primaryimage\"},\"thumbnailUrl\":\"https:\\\/\\\/www.rri.ro\\\/wp-content\\\/uploads\\\/2026\\\/08\\\/aur-canotaj-romania-la-amsterdam-foto-fb-fr-canotaj_16x9.jpg\",\"articleSection\":[\"In primo piano\"],\"inLanguage\":\"it-IT\"},{\"@type\":\"WebPage\",\"@id\":\"https:\\\/\\\/www.rri.ro\\\/it\\\/news\\\/in-primo-piano\\\/oro-per-il-canottaggio-romeno-id1055278.html\",\"url\":\"https:\\\/\\\/www.rri.ro\\\/it\\\/news\\\/in-primo-piano\\\/oro-per-il-canottaggio-romeno-id1055278.html\",\"name\":\"Oro per il canottaggio romeno - Radio Romania Internazionale\",\"isPartOf\":{\"@id\":\"https:\\\/\\\/www.rri.ro\\\/#website\"},\"primaryImageOfPage\":{\"@id\":\"https:\\\/\\\/www.rri.ro\\\/it\\\/news\\\/in-primo-piano\\\/oro-per-il-canottaggio-romeno-id1055278.html#primaryimage\"},\"image\":{\"@id\":\"https:\\\/\\\/www.rri.ro\\\/it\\\/news\\\/in-primo-piano\\\/oro-per-il-canottaggio-romeno-id1055278.html#primaryimage\"},\"thumbnailUrl\":\"https:\\\/\\\/www.rri.ro\\\/wp-content\\\/uploads\\\/2026\\\/08\\\/aur-canotaj-romania-la-amsterdam-foto-fb-fr-canotaj_16x9.jpg\",\"datePublished\":\"2026-08-31T07:55:30+00:00\",\"dateModified\":\"2026-08-31T08:31:51+00:00\",\"author\":{\"@id\":\"https:\\\/\\\/www.rri.ro\\\/#\\\/schema\\\/person\\\/b46b8f80d7d6e4b5ac9f14f0acbad0c4\"},\"breadcrumb\":{\"@id\":\"https:\\\/\\\/www.rri.ro\\\/it\\\/news\\\/in-primo-piano\\\/oro-per-il-canottaggio-romeno-id1055278.html#breadcrumb\"},\"inLanguage\":\"it-IT\",\"potentialAction\":[{\"@type\":\"ReadAction\",\"target\":[\"https:\\\/\\\/www.rri.ro\\\/it\\\/news\\\/in-primo-piano\\\/oro-per-il-canottaggio-romeno-id1055278.html\"]}]},{\"@type\":\"ImageObject\",\"inLanguage\":\"it-IT\",\"@id\":\"https:\\\/\\\/www.rri.ro\\\/it\\\/news\\\/in-primo-piano\\\/oro-per-il-canottaggio-romeno-id1055278.html#primaryimage\",\"url\":\"https:\\\/\\\/www.rri.ro\\\/wp-content\\\/uploads\\\/2026\\\/08\\\/aur-canotaj-romania-la-amsterdam-foto-fb-fr-canotaj_16x9.jpg\",\"contentUrl\":\"https:\\\/\\\/www.rri.ro\\\/wp-content\\\/uploads\\\/2026\\\/08\\\/aur-canotaj-romania-la-amsterdam-foto-fb-fr-canotaj_16x9.jpg\",\"width\":1200,\"height\":675,\"caption\":\"Oro per il canottaggio romeno (foto: Federatia Romana De Canotaj \\\/ Facebook)\"},{\"@type\":\"BreadcrumbList\",\"@id\":\"https:\\\/\\\/www.rri.ro\\\/it\\\/news\\\/in-primo-piano\\\/oro-per-il-canottaggio-romeno-id1055278.html#breadcrumb\",\"itemListElement\":[{\"@type\":\"ListItem\",\"position\":1,\"name\":\"Pagina iniziale\",\"item\":\"https:\\\/\\\/www.rri.ro\\\/it\"},{\"@type\":\"ListItem\",\"position\":2,\"name\":\"News\",\"item\":\"https:\\\/\\\/www.rri.ro\\\/it\\\/news\"},{\"@type\":\"ListItem\",\"position\":3,\"name\":\"In primo piano\",\"item\":\"https:\\\/\\\/www.rri.ro\\\/it\\\/news\\\/in-primo-piano\"},{\"@type\":\"ListItem\",\"position\":4,\"name\":\"Oro per il canottaggio romeno\"}]},{\"@type\":\"WebSite\",\"@id\":\"https:\\\/\\\/www.rri.ro\\\/#website\",\"url\":\"https:\\\/\\\/www.rri.ro\\\/\",\"name\":\"Radio Romania Internazionale\",\"description\":\"Totul despre Rom\u00e2nia \u015fi rom\u00e2ni, \u00een 13 limbi\\\/dialecte!\",\"inLanguage\":\"it-IT\"},{\"@type\":\"Person\",\"@id\":\"https:\\\/\\\/www.rri.ro\\\/#\\\/schema\\\/person\\\/b46b8f80d7d6e4b5ac9f14f0acbad0c4\",\"name\":\"Daniela Budu\",\"url\":\"https:\\\/\\\/www.rri.ro\\\/it\\\/author\\\/daniela-budu\"}]}<\/script>\n<!-- \/ Yoast SEO plugin. -->","yoast_head_json":{"title":"Oro per il canottaggio romeno - Radio Romania Internazionale","robots":{"index":"index","follow":"follow","max-snippet":"max-snippet:-1","max-image-preview":"max-image-preview:large","max-video-preview":"max-video-preview:-1"},"canonical":"https:\/\/www.rri.ro\/it\/news\/in-primo-piano\/oro-per-il-canottaggio-romeno-id1055278.html","og_locale":"it_IT","og_type":"article","og_title":"Oro per il canottaggio romeno - Radio Romania Internazionale","og_description":"Ai Campionati Mondiali di canottaggio di Amsterdam, gli atleti romeni hanno conquistato tre medaglie d\u2019oro, due delle quali proprio domenica, nell\u2019ultima giornata di gare, con gli equipaggi dell\u2019otto con femminile e dell\u2019otto con misto. Nell\u2019otto con femminile, l\u2019equipaggio composto da Cristina Drug\u0103, Geanina Juncanariu, Ancu\u021ba Bodnar, Maria Lehaci, Magdalena Rusu, Amalia Chelaru, Adriana Adam, Simona [&hellip;]","og_url":"https:\/\/www.rri.ro\/it\/news\/in-primo-piano\/oro-per-il-canottaggio-romeno-id1055278.html","og_site_name":"Radio Romania Internazionale","article_published_time":"2026-08-31T07:55:30+00:00","article_modified_time":"2026-08-31T08:31:51+00:00","og_image":[{"width":1200,"height":675,"url":"https:\/\/www.rri.ro\/wp-content\/uploads\/2026\/08\/aur-canotaj-romania-la-amsterdam-foto-fb-fr-canotaj_16x9.jpg","type":"image\/jpeg"}],"author":"Daniela Budu","twitter_card":"summary_large_image","twitter_misc":{"Scritto da":"Daniela Budu","Tempo di lettura stimato":"2 minuti"},"schema":{"@context":"https:\/\/schema.org","@graph":[{"@type":"Article","@id":"https:\/\/www.rri.ro\/it\/news\/in-primo-piano\/oro-per-il-canottaggio-romeno-id1055278.html#article","isPartOf":{"@id":"https:\/\/www.rri.ro\/it\/news\/in-primo-piano\/oro-per-il-canottaggio-romeno-id1055278.html"},"author":{"name":"Daniela Budu","@id":"https:\/\/www.rri.ro\/#\/schema\/person\/b46b8f80d7d6e4b5ac9f14f0acbad0c4"},"headline":"Oro per il canottaggio romeno","datePublished":"2026-08-31T07:55:30+00:00","dateModified":"2026-08-31T08:31:51+00:00","mainEntityOfPage":{"@id":"https:\/\/www.rri.ro\/it\/news\/in-primo-piano\/oro-per-il-canottaggio-romeno-id1055278.html"},"wordCount":416,"image":{"@id":"https:\/\/www.rri.ro\/it\/news\/in-primo-piano\/oro-per-il-canottaggio-romeno-id1055278.html#primaryimage"},"thumbnailUrl":"https:\/\/www.rri.ro\/wp-content\/uploads\/2026\/08\/aur-canotaj-romania-la-amsterdam-foto-fb-fr-canotaj_16x9.jpg","articleSection":["In primo piano"],"inLanguage":"it-IT"},{"@type":"WebPage","@id":"https:\/\/www.rri.ro\/it\/news\/in-primo-piano\/oro-per-il-canottaggio-romeno-id1055278.html","url":"https:\/\/www.rri.ro\/it\/news\/in-primo-piano\/oro-per-il-canottaggio-romeno-id1055278.html","name":"Oro per il canottaggio romeno - Radio Romania Internazionale","isPartOf":{"@id":"https:\/\/www.rri.ro\/#website"},"primaryImageOfPage":{"@id":"https:\/\/www.rri.ro\/it\/news\/in-primo-piano\/oro-per-il-canottaggio-romeno-id1055278.html#primaryimage"},"image":{"@id":"https:\/\/www.rri.ro\/it\/news\/in-primo-piano\/oro-per-il-canottaggio-romeno-id1055278.html#primaryimage"},"thumbnailUrl":"https:\/\/www.rri.ro\/wp-content\/uploads\/2026\/08\/aur-canotaj-romania-la-amsterdam-foto-fb-fr-canotaj_16x9.jpg","datePublished":"2026-08-31T07:55:30+00:00","dateModified":"2026-08-31T08:31:51+00:00","author":{"@id":"https:\/\/www.rri.ro\/#\/schema\/person\/b46b8f80d7d6e4b5ac9f14f0acbad0c4"},"breadcrumb":{"@id":"https:\/\/www.rri.ro\/it\/news\/in-primo-piano\/oro-per-il-canottaggio-romeno-id1055278.html#breadcrumb"},"inLanguage":"it-IT","potentialAction":[{"@type":"ReadAction","target":["https:\/\/www.rri.ro\/it\/news\/in-primo-piano\/oro-per-il-canottaggio-romeno-id1055278.html"]}]},{"@type":"ImageObject","inLanguage":"it-IT","@id":"https:\/\/www.rri.ro\/it\/news\/in-primo-piano\/oro-per-il-canottaggio-romeno-id1055278.html#primaryimage","url":"https:\/\/www.rri.ro\/wp-content\/uploads\/2026\/08\/aur-canotaj-romania-la-amsterdam-foto-fb-fr-canotaj_16x9.jpg","contentUrl":"https:\/\/www.rri.ro\/wp-content\/uploads\/2026\/08\/aur-canotaj-romania-la-amsterdam-foto-fb-fr-canotaj_16x9.jpg","width":1200,"height":675,"caption":"Oro per il canottaggio romeno (foto: Federatia Romana De Canotaj \/ Facebook)"},{"@type":"BreadcrumbList","@id":"https:\/\/www.rri.ro\/it\/news\/in-primo-piano\/oro-per-il-canottaggio-romeno-id1055278.html#breadcrumb","itemListElement":[{"@type":"ListItem","position":1,"name":"Pagina iniziale","item":"https:\/\/www.rri.ro\/it"},{"@type":"ListItem","position":2,"name":"News","item":"https:\/\/www.rri.ro\/it\/news"},{"@type":"ListItem","position":3,"name":"In primo piano","item":"https:\/\/www.rri.ro\/it\/news\/in-primo-piano"},{"@type":"ListItem","position":4,"name":"Oro per il canottaggio romeno"}]},{"@type":"WebSite","@id":"https:\/\/www.rri.ro\/#website","url":"https:\/\/www.rri.ro\/","name":"Radio Romania Internazionale","description":"Totul despre Rom\u00e2nia \u015fi rom\u00e2ni, \u00een 13 limbi\/dialecte!","inLanguage":"it-IT"},{"@type":"Person","@id":"https:\/\/www.rri.ro\/#\/schema\/person\/b46b8f80d7d6e4b5ac9f14f0acbad0c4","name":"Daniela Budu","url":"https:\/\/www.rri.ro\/it\/author\/daniela-budu"}]}},"_links":{"self":[{"href":"https:\/\/www.rri.ro\/it\/wp-json\/wp\/v2\/posts\/1055278","targetHints":{"allow":["GET"]}}],"collection":[{"href":"https:\/\/www.rri.ro\/it\/wp-json\/wp\/v2\/posts"}],"about":[{"href":"https:\/\/www.rri.ro\/it\/wp-json\/wp\/v2\/types\/post"}],"author":[{"embeddable":true,"href":"https:\/\/www.rri.ro\/it\/wp-json\/wp\/v2\/users\/107"}],"replies":[{"embeddable":true,"href":"https:\/\/www.rri.ro\/it\/wp-json\/wp\/v2\/comments?post=1055278"}],"version-history":[{"count":2,"href":"https:\/\/www.rri.ro\/it\/wp-json\/wp\/v2\/posts\/1055278\/revisions"}],"predecessor-version":[{"id":1055292,"href":"https:\/\/www.rri.ro\/it\/wp-json\/wp\/v2\/posts\/1055278\/revisions\/1055292"}],"wp:featuredmedia":[{"embeddable":true,"href":"https:\/\/www.rri.ro\/it\/wp-json\/wp\/v2\/media\/1055237"}],"wp:attachment":[{"href":"https:\/\/www.rri.ro\/it\/wp-json\/wp\/v2\/media?parent=1055278"}],"wp:term":[{"taxonomy":"category","embeddable":true,"href":"https:\/\/www.rri.ro\/it\/wp-json\/wp\/v2\/categories?post=1055278"},{"taxonomy":"post_tag","embeddable":true,"href":"https:\/\/www.rri.ro\/it\/wp-json\/wp\/v2\/tags?post=1055278"},{"taxonomy":"author","embeddable":true,"href":"https:\/\/www.rri.ro\/it\/wp-json\/wp\/v2\/coauthors?post=1055278"}],"curies":[{"name":"wp","href":"https:\/\/api.w.org\/{rel}","templated":true}]}}