{"id":1055371,"date":"2026-08-31T16:44:27","date_gmt":"2026-08-31T13:44:27","guid":{"rendered":"https:\/\/www.rri.ro\/?p=1055371"},"modified":"2026-08-31T17:07:09","modified_gmt":"2026-08-31T14:07:09","slug":"31-08-2026","status":"publish","type":"post","link":"https:\/\/www.rri.ro\/it\/news\/topnews\/31-08-2026-id1055371.html","title":{"rendered":"31.08.2026"},"content":{"rendered":"<p>Deficit \u2013 Nei primi sette mesi dell\u2019anno, il deficit di bilancio della Romania \u00e8 diminuito in modo significativo, attestandosi a poco pi\u00f9 di 48 miliardi di lei (circa 9,1 miliardi di euro). Secondo il Ministero delle Finanze, rispetto allo stesso periodo dell&#8217;anno precedente, il valore rappresenta una diminuzione del 37%. In rapporto al Prodotto Interno Lordo invece, il deficit \u00e8 sceso dal 3,99% al 2,34%. Il miglioramento \u00e8 stato generato da un aumento dell&#8217;11% delle entrate, nonch\u00e8 da un migliore mantenimento del controllo della spesa pubblica, con un incremento di solo il 2,9%, senza penalizzare gli investimenti. A partire dal 1\u00b0 agosto del 2025, \u00a0il governo di Bucarest ha introdotto una serie di misure, per accelerare la riduzione del deficit di bilancio, dopo che, nel 2024, il disavanzo della Romania aveva raggiunto un valore pari al 9,3% del PIL, il livello pi\u00f9 alto dell&#8217;Unione Europea.<\/p>\n<p>&nbsp;<\/p>\n<p>PNRR \u2013 Si conclude oggi il Piano Nazionale di Ripresa e Resilienza (PNRR), un meccanismo nazionale di investimenti e riforme finanziato dall&#8217;UE, per sostenere la ripresa dopo la pandemia di COVID-19. Su un budget complessivo superiore ai 20 miliardi di euro stanziati nell&#8217;ambito del piano, la Romania \u00e8 riuscita a ottenere effettivamente solo circa 13 miliardi di euro. Il pagamento della quota restante \u00e8 subordinata ora alla valutazione da parte della Commissione Europea delle riforme attuate dalle autorit\u00e0 di Bucarest nell&#8217;ultima fase. Prima della chiusura del PNRR, erano in via di attuazione oltre 15.000 progetti finanziati dall&#8217;UE, di cui circa 4.500 non sono ancora stati completati<\/p>\n<p>&nbsp;<\/p>\n<p>Giornata della Lingua Romena \u2013 In Romania e nella Repubblica di Moldova viene celebrata oggi la Giornata della lingua romena. In un messaggio pubblicato online, il presidente romeno Nicu\u0219or Dan rileva che la tutela dei diritti dei cittadini romeni di tutto il mondo e la promozione della cultura nazionale rimangono obiettivi fondamentali. Dan ha definito la lingua romena come un &#8220;legame prezioso&#8221;, in grado di ancorarci alla storia, nonch\u00e8 di aprire le porte al futuro. Il capo dello stato ha rivolto i suoi auguri a tutti coloro che parlano, scrivono e mantengono viva la lingua romena. Istituita nel 2013 dal Parlamento di Bucarest, la Giornata della lingua romena coincide con la festa nazionale della Repubblica di Moldova e rende un omaggio al movimento di risveglio nazionale nel paese confinante, a maggioranza romenofona. Il 31 agosto 1989, mentre il regime sovietico era ancora al potere, il Parlamento di Chi\u0219in\u0103u, presidiato da circa 750.000 persone che manifestavano davanti alla sua sede, decise di dichiarare il romeno lingua di stato e di adottare l&#8217;alfabeto latino, sostituendo quello cirillico imposto dalle forze di occupazione sovietiche in seguito all&#8217;annessione del 1940.<\/p>\n<p>&nbsp;<\/p>\n<p>Diplomazia \u2013 A Bucarest \u00e8 in corso la Riunione Annuale della Diplomazia Romena. All&#8217;evento, guidato dalla ministra degli Esteri ad interim Oana \u0162oiu, partecipano ambasciatori, consoli e altie autorit\u00e0. Il capo della diplomazia di Bucarest ha affermato che i pilastri della politica estera nazionale, come l&#8217;appartenenza all&#8217;Unione Europea e alla NATO, il partenariato transatlantico e le relazioni di buon vicinato, restano elementi vitali per il paese, sottolineando che non \u00e8 possibile discutere delle priorit\u00e0 di politica estera della Romania senza affrontare la dimensione della sicurezza nel contesto della guerra di aggressione della Russia contro l&#8217;Ucraina. Dal canto suo, \u00a0il presidente del Senato, Mircea Abrudean, ha sottolineato che, nel \u00a02026, la Romania dovr\u00e0 essere un garante attivo della sicurezza a livello della NATO, in particolare lungo il suo Fianco Orientale e nella regione del Mar Nero. Secondo Abrudean, la presenza di truppe statunitensi sul territorio nazionale rappresenta la pi\u00f9 solida garanzia di sicurezza che la Romania abbia mai avuto nella sua storia moderna. La Riunione Annuale della Diplomazia Romena si concentra sulle modalit\u00e0 in cui l&#8217;azione diplomatica e consolare sia in misura di rafforzare il profilo internazionale del paese, promuoverne gli interessi economici e di sicurezza e sostenere i cittadini romeni.<\/p>\n<p>&nbsp;<\/p>\n<p>Sondaggio \u2013 Quasi tre quarti dei residenti di Bucarest (73%) ritengono che la Romania stia andando in una direzione sbagliata, mentre solo il 18% considera che la direzione sia quella giusta. Secondo un sondaggio condotto dall&#8217;istituto CURS, per quello che riguarda la situazione specifica di Bucarest, il 63% degli intervistati \u00a0ha dichiarato che la citt\u00e0 sta andando nella direzione sbagliata. Il traffico e le congestioni stradali sono stati indicati come le principali criticit\u00e0 che richiedono un intervento prioritario da parte dell&#8217;amministrazione. Al secondo posto si collocano le condizioni delle strade e la viabilit\u00e0, seguite dalla situazione dei parcheggi. Secondo il sondaggio, se le elezioni amministrative si tenessero domenica prossima, il PSD otterrebbe il 22% dei voti, seguito a breve distanza, con uno scarto di un punto percentuale, \u00a0dal PNL. All&#8217;AUR viene attribuito circa il 20% delle preferenze mentre all&#8217;USR il 18%. L&#8217;indagine \u00e8 stata condotta tra il 21 e il 28 agosto su un campione di oltre 1.000 intervistati, con un margine di errore del +\/-3%.<\/p>\n<p>&nbsp;<\/p>\n<p>Pellegrinaggio \u2013 Le autorit\u00e0 della provincia di Tulcea, nella Romania sud-orientale, si stanno preparando a gestire un aumento del flusso di persone in transito al valico di confine tra la citt\u00e0 romena di Isaccea e Orlivka, nella regione ucraina di Odessa, in occasione del Capodanno ebraico. Nel 2026, il Capodanno ebraico sar\u00e0 celebrato tra l&#8217;11 e il 13 settembre, e in Ucraina si trova la tomba di un leader religioso, che ogni anno richiama migliaia di pellegrini. A causa della chiusura dello spazio aereo ucraino dovuta all&#8217;invasione russa, i pellegrini provenienti da tutto il mondo utilizzano le infrastrutture aeroportuali di Romania e della Repubblica di Moldova.<\/p>\n<p>&nbsp;<\/p>\n<p>&nbsp;<\/p>\n","protected":false},"excerpt":{"rendered":"<p>Deficit \u2013 Nei primi sette mesi dell\u2019anno, il deficit di bilancio della Romania \u00e8 diminuito in modo significativo, attestandosi a poco pi\u00f9 di 48 miliardi di lei (circa 9,1 miliardi di euro). Secondo il Ministero delle Finanze, rispetto allo stesso periodo dell&#8217;anno precedente, il valore rappresenta una diminuzione del 37%. In rapporto al Prodotto Interno [&hellip;]<\/p>\n","protected":false},"author":113,"featured_media":723460,"comment_status":"closed","ping_status":"closed","sticky":false,"template":"","format":"standard","meta":{"_acf_changed":false,"footnotes":""},"categories":[98934],"tags":[],"coauthors":[116091],"class_list":["post-1055371","post","type-post","status-publish","format-standard","has-post-thumbnail","hentry","category-topnews"],"acf":[],"yoast_head":"<!-- This site is optimized with the Yoast SEO plugin v28.2 - https:\/\/yoast.com\/product\/yoast-seo-wordpress\/ -->\n<title>31.08.2026 - Radio Romania Internazionale<\/title>\n<meta name=\"robots\" content=\"index, follow, max-snippet:-1, max-image-preview:large, max-video-preview:-1\" \/>\n<link rel=\"canonical\" href=\"https:\/\/www.rri.ro\/it\/news\/topnews\/31-08-2026-id1055371.html\" \/>\n<meta property=\"og:locale\" content=\"it_IT\" \/>\n<meta property=\"og:type\" content=\"article\" \/>\n<meta property=\"og:title\" content=\"31.08.2026 - Radio Romania Internazionale\" \/>\n<meta property=\"og:description\" content=\"Deficit \u2013 Nei primi sette mesi dell\u2019anno, il deficit di bilancio della Romania \u00e8 diminuito in modo significativo, attestandosi a poco pi\u00f9 di 48 miliardi di lei (circa 9,1 miliardi di euro). Secondo il Ministero delle Finanze, rispetto allo stesso periodo dell&#8217;anno precedente, il valore rappresenta una diminuzione del 37%. In rapporto al Prodotto Interno [&hellip;]\" \/>\n<meta property=\"og:url\" content=\"https:\/\/www.rri.ro\/it\/news\/topnews\/31-08-2026-id1055371.html\" \/>\n<meta property=\"og:site_name\" content=\"Radio Romania Internazionale\" \/>\n<meta property=\"article:published_time\" content=\"2026-08-31T13:44:27+00:00\" \/>\n<meta property=\"article:modified_time\" content=\"2026-08-31T14:07:09+00:00\" \/>\n<meta property=\"og:image\" content=\"https:\/\/www.rri.ro\/wp-content\/uploads\/2024\/03\/RRI-960x540-Topnews-2-NOU.jpg\" \/>\n\t<meta property=\"og:image:width\" content=\"960\" \/>\n\t<meta property=\"og:image:height\" content=\"540\" \/>\n\t<meta property=\"og:image:type\" content=\"image\/jpeg\" \/>\n<meta name=\"author\" content=\"Newsroom\" \/>\n<meta name=\"twitter:card\" content=\"summary_large_image\" \/>\n<meta name=\"twitter:label1\" content=\"Scritto da\" \/>\n\t<meta name=\"twitter:data1\" content=\"Newsroom\" \/>\n\t<meta name=\"twitter:label2\" content=\"Tempo di lettura stimato\" \/>\n\t<meta name=\"twitter:data2\" content=\"4 minuti\" \/>\n<script type=\"application\/ld+json\" class=\"yoast-schema-graph\">{\"@context\":\"https:\\\/\\\/schema.org\",\"@graph\":[{\"@type\":\"Article\",\"@id\":\"https:\\\/\\\/www.rri.ro\\\/it\\\/news\\\/topnews\\\/31-08-2026-id1055371.html#article\",\"isPartOf\":{\"@id\":\"https:\\\/\\\/www.rri.ro\\\/it\\\/news\\\/topnews\\\/31-08-2026-id1055371.html\"},\"author\":{\"name\":\"Newsroom\",\"@id\":\"https:\\\/\\\/www.rri.ro\\\/#\\\/schema\\\/person\\\/4a479940371b9fdefd194f561e8a7f88\"},\"headline\":\"31.08.2026\",\"datePublished\":\"2026-08-31T13:44:27+00:00\",\"dateModified\":\"2026-08-31T14:07:09+00:00\",\"mainEntityOfPage\":{\"@id\":\"https:\\\/\\\/www.rri.ro\\\/it\\\/news\\\/topnews\\\/31-08-2026-id1055371.html\"},\"wordCount\":894,\"image\":{\"@id\":\"https:\\\/\\\/www.rri.ro\\\/it\\\/news\\\/topnews\\\/31-08-2026-id1055371.html#primaryimage\"},\"thumbnailUrl\":\"https:\\\/\\\/www.rri.ro\\\/wp-content\\\/uploads\\\/2024\\\/03\\\/RRI-960x540-Topnews-2-NOU.jpg\",\"articleSection\":[\"Topnews\"],\"inLanguage\":\"it-IT\"},{\"@type\":\"WebPage\",\"@id\":\"https:\\\/\\\/www.rri.ro\\\/it\\\/news\\\/topnews\\\/31-08-2026-id1055371.html\",\"url\":\"https:\\\/\\\/www.rri.ro\\\/it\\\/news\\\/topnews\\\/31-08-2026-id1055371.html\",\"name\":\"31.08.2026 - Radio Romania Internazionale\",\"isPartOf\":{\"@id\":\"https:\\\/\\\/www.rri.ro\\\/#website\"},\"primaryImageOfPage\":{\"@id\":\"https:\\\/\\\/www.rri.ro\\\/it\\\/news\\\/topnews\\\/31-08-2026-id1055371.html#primaryimage\"},\"image\":{\"@id\":\"https:\\\/\\\/www.rri.ro\\\/it\\\/news\\\/topnews\\\/31-08-2026-id1055371.html#primaryimage\"},\"thumbnailUrl\":\"https:\\\/\\\/www.rri.ro\\\/wp-content\\\/uploads\\\/2024\\\/03\\\/RRI-960x540-Topnews-2-NOU.jpg\",\"datePublished\":\"2026-08-31T13:44:27+00:00\",\"dateModified\":\"2026-08-31T14:07:09+00:00\",\"author\":{\"@id\":\"https:\\\/\\\/www.rri.ro\\\/#\\\/schema\\\/person\\\/4a479940371b9fdefd194f561e8a7f88\"},\"breadcrumb\":{\"@id\":\"https:\\\/\\\/www.rri.ro\\\/it\\\/news\\\/topnews\\\/31-08-2026-id1055371.html#breadcrumb\"},\"inLanguage\":\"it-IT\",\"potentialAction\":[{\"@type\":\"ReadAction\",\"target\":[\"https:\\\/\\\/www.rri.ro\\\/it\\\/news\\\/topnews\\\/31-08-2026-id1055371.html\"]}]},{\"@type\":\"ImageObject\",\"inLanguage\":\"it-IT\",\"@id\":\"https:\\\/\\\/www.rri.ro\\\/it\\\/news\\\/topnews\\\/31-08-2026-id1055371.html#primaryimage\",\"url\":\"https:\\\/\\\/www.rri.ro\\\/wp-content\\\/uploads\\\/2024\\\/03\\\/RRI-960x540-Topnews-2-NOU.jpg\",\"contentUrl\":\"https:\\\/\\\/www.rri.ro\\\/wp-content\\\/uploads\\\/2024\\\/03\\\/RRI-960x540-Topnews-2-NOU.jpg\",\"width\":960,\"height\":540},{\"@type\":\"BreadcrumbList\",\"@id\":\"https:\\\/\\\/www.rri.ro\\\/it\\\/news\\\/topnews\\\/31-08-2026-id1055371.html#breadcrumb\",\"itemListElement\":[{\"@type\":\"ListItem\",\"position\":1,\"name\":\"Pagina iniziale\",\"item\":\"https:\\\/\\\/www.rri.ro\\\/it\"},{\"@type\":\"ListItem\",\"position\":2,\"name\":\"News\",\"item\":\"https:\\\/\\\/www.rri.ro\\\/it\\\/news\"},{\"@type\":\"ListItem\",\"position\":3,\"name\":\"Topnews\",\"item\":\"https:\\\/\\\/www.rri.ro\\\/it\\\/news\\\/topnews\"},{\"@type\":\"ListItem\",\"position\":4,\"name\":\"31.08.2026\"}]},{\"@type\":\"WebSite\",\"@id\":\"https:\\\/\\\/www.rri.ro\\\/#website\",\"url\":\"https:\\\/\\\/www.rri.ro\\\/\",\"name\":\"Radio Romania Internazionale\",\"description\":\"Totul despre Rom\u00e2nia \u015fi rom\u00e2ni, \u00een 13 limbi\\\/dialecte!\",\"inLanguage\":\"it-IT\"},{\"@type\":\"Person\",\"@id\":\"https:\\\/\\\/www.rri.ro\\\/#\\\/schema\\\/person\\\/4a479940371b9fdefd194f561e8a7f88\",\"name\":\"Newsroom\",\"url\":\"https:\\\/\\\/www.rri.ro\\\/it\\\/author\\\/newsroom\"}]}<\/script>\n<!-- \/ Yoast SEO plugin. -->","yoast_head_json":{"title":"31.08.2026 - Radio Romania Internazionale","robots":{"index":"index","follow":"follow","max-snippet":"max-snippet:-1","max-image-preview":"max-image-preview:large","max-video-preview":"max-video-preview:-1"},"canonical":"https:\/\/www.rri.ro\/it\/news\/topnews\/31-08-2026-id1055371.html","og_locale":"it_IT","og_type":"article","og_title":"31.08.2026 - Radio Romania Internazionale","og_description":"Deficit \u2013 Nei primi sette mesi dell\u2019anno, il deficit di bilancio della Romania \u00e8 diminuito in modo significativo, attestandosi a poco pi\u00f9 di 48 miliardi di lei (circa 9,1 miliardi di euro). Secondo il Ministero delle Finanze, rispetto allo stesso periodo dell&#8217;anno precedente, il valore rappresenta una diminuzione del 37%. In rapporto al Prodotto Interno [&hellip;]","og_url":"https:\/\/www.rri.ro\/it\/news\/topnews\/31-08-2026-id1055371.html","og_site_name":"Radio Romania Internazionale","article_published_time":"2026-08-31T13:44:27+00:00","article_modified_time":"2026-08-31T14:07:09+00:00","og_image":[{"width":960,"height":540,"url":"https:\/\/www.rri.ro\/wp-content\/uploads\/2024\/03\/RRI-960x540-Topnews-2-NOU.jpg","type":"image\/jpeg"}],"author":"Newsroom","twitter_card":"summary_large_image","twitter_misc":{"Scritto da":"Newsroom","Tempo di lettura stimato":"4 minuti"},"schema":{"@context":"https:\/\/schema.org","@graph":[{"@type":"Article","@id":"https:\/\/www.rri.ro\/it\/news\/topnews\/31-08-2026-id1055371.html#article","isPartOf":{"@id":"https:\/\/www.rri.ro\/it\/news\/topnews\/31-08-2026-id1055371.html"},"author":{"name":"Newsroom","@id":"https:\/\/www.rri.ro\/#\/schema\/person\/4a479940371b9fdefd194f561e8a7f88"},"headline":"31.08.2026","datePublished":"2026-08-31T13:44:27+00:00","dateModified":"2026-08-31T14:07:09+00:00","mainEntityOfPage":{"@id":"https:\/\/www.rri.ro\/it\/news\/topnews\/31-08-2026-id1055371.html"},"wordCount":894,"image":{"@id":"https:\/\/www.rri.ro\/it\/news\/topnews\/31-08-2026-id1055371.html#primaryimage"},"thumbnailUrl":"https:\/\/www.rri.ro\/wp-content\/uploads\/2024\/03\/RRI-960x540-Topnews-2-NOU.jpg","articleSection":["Topnews"],"inLanguage":"it-IT"},{"@type":"WebPage","@id":"https:\/\/www.rri.ro\/it\/news\/topnews\/31-08-2026-id1055371.html","url":"https:\/\/www.rri.ro\/it\/news\/topnews\/31-08-2026-id1055371.html","name":"31.08.2026 - Radio Romania Internazionale","isPartOf":{"@id":"https:\/\/www.rri.ro\/#website"},"primaryImageOfPage":{"@id":"https:\/\/www.rri.ro\/it\/news\/topnews\/31-08-2026-id1055371.html#primaryimage"},"image":{"@id":"https:\/\/www.rri.ro\/it\/news\/topnews\/31-08-2026-id1055371.html#primaryimage"},"thumbnailUrl":"https:\/\/www.rri.ro\/wp-content\/uploads\/2024\/03\/RRI-960x540-Topnews-2-NOU.jpg","datePublished":"2026-08-31T13:44:27+00:00","dateModified":"2026-08-31T14:07:09+00:00","author":{"@id":"https:\/\/www.rri.ro\/#\/schema\/person\/4a479940371b9fdefd194f561e8a7f88"},"breadcrumb":{"@id":"https:\/\/www.rri.ro\/it\/news\/topnews\/31-08-2026-id1055371.html#breadcrumb"},"inLanguage":"it-IT","potentialAction":[{"@type":"ReadAction","target":["https:\/\/www.rri.ro\/it\/news\/topnews\/31-08-2026-id1055371.html"]}]},{"@type":"ImageObject","inLanguage":"it-IT","@id":"https:\/\/www.rri.ro\/it\/news\/topnews\/31-08-2026-id1055371.html#primaryimage","url":"https:\/\/www.rri.ro\/wp-content\/uploads\/2024\/03\/RRI-960x540-Topnews-2-NOU.jpg","contentUrl":"https:\/\/www.rri.ro\/wp-content\/uploads\/2024\/03\/RRI-960x540-Topnews-2-NOU.jpg","width":960,"height":540},{"@type":"BreadcrumbList","@id":"https:\/\/www.rri.ro\/it\/news\/topnews\/31-08-2026-id1055371.html#breadcrumb","itemListElement":[{"@type":"ListItem","position":1,"name":"Pagina iniziale","item":"https:\/\/www.rri.ro\/it"},{"@type":"ListItem","position":2,"name":"News","item":"https:\/\/www.rri.ro\/it\/news"},{"@type":"ListItem","position":3,"name":"Topnews","item":"https:\/\/www.rri.ro\/it\/news\/topnews"},{"@type":"ListItem","position":4,"name":"31.08.2026"}]},{"@type":"WebSite","@id":"https:\/\/www.rri.ro\/#website","url":"https:\/\/www.rri.ro\/","name":"Radio Romania Internazionale","description":"Totul despre Rom\u00e2nia \u015fi rom\u00e2ni, \u00een 13 limbi\/dialecte!","inLanguage":"it-IT"},{"@type":"Person","@id":"https:\/\/www.rri.ro\/#\/schema\/person\/4a479940371b9fdefd194f561e8a7f88","name":"Newsroom","url":"https:\/\/www.rri.ro\/it\/author\/newsroom"}]}},"_links":{"self":[{"href":"https:\/\/www.rri.ro\/it\/wp-json\/wp\/v2\/posts\/1055371","targetHints":{"allow":["GET"]}}],"collection":[{"href":"https:\/\/www.rri.ro\/it\/wp-json\/wp\/v2\/posts"}],"about":[{"href":"https:\/\/www.rri.ro\/it\/wp-json\/wp\/v2\/types\/post"}],"author":[{"embeddable":true,"href":"https:\/\/www.rri.ro\/it\/wp-json\/wp\/v2\/users\/113"}],"replies":[{"embeddable":true,"href":"https:\/\/www.rri.ro\/it\/wp-json\/wp\/v2\/comments?post=1055371"}],"version-history":[{"count":3,"href":"https:\/\/www.rri.ro\/it\/wp-json\/wp\/v2\/posts\/1055371\/revisions"}],"predecessor-version":[{"id":1055377,"href":"https:\/\/www.rri.ro\/it\/wp-json\/wp\/v2\/posts\/1055371\/revisions\/1055377"}],"wp:featuredmedia":[{"embeddable":true,"href":"https:\/\/www.rri.ro\/it\/wp-json\/wp\/v2\/media\/723460"}],"wp:attachment":[{"href":"https:\/\/www.rri.ro\/it\/wp-json\/wp\/v2\/media?parent=1055371"}],"wp:term":[{"taxonomy":"category","embeddable":true,"href":"https:\/\/www.rri.ro\/it\/wp-json\/wp\/v2\/categories?post=1055371"},{"taxonomy":"post_tag","embeddable":true,"href":"https:\/\/www.rri.ro\/it\/wp-json\/wp\/v2\/tags?post=1055371"},{"taxonomy":"author","embeddable":true,"href":"https:\/\/www.rri.ro\/it\/wp-json\/wp\/v2\/coauthors?post=1055371"}],"curies":[{"name":"wp","href":"https:\/\/api.w.org\/{rel}","templated":true}]}}