{"id":1055400,"date":"2026-08-31T18:37:38","date_gmt":"2026-08-31T15:37:38","guid":{"rendered":"https:\/\/www.rri.ro\/?p=1055400"},"modified":"2026-08-31T20:12:34","modified_gmt":"2026-08-31T17:12:34","slug":"31-08-2026-aggiornamento","status":"publish","type":"post","link":"https:\/\/www.rri.ro\/it\/news\/topnews\/31-08-2026-aggiornamento-id1055400.html","title":{"rendered":"31.08.2026 (aggiornamento)"},"content":{"rendered":"<p>Politica \u2013 Domani \u00e8 previsto un nuovo round di consultazioni tra il presidente Nicu\u0219or Dan e i partiti parlamentari sulla nomina del nuovo premier della Romania. Il capo dello stato ritiene che questa volta sar\u00e0 individuata una maggioranza in grado di sostenere un governo stabile, escludendo al momento l\u2019ipotesi di un esecutivo tecnico. Secondo fonti politiche, il nuovo primo ministro dovrebbe essere una figura indipendente alla guida di un governo a maggioranza PSD, \u00a0con il sostegno dell\u2019UDMR. Il presidente del PSD, Sorin Grindeanu, ha dichiarato che i rappresentanti della sua formazione parteciperanno alle consultazioni di domani per la formazione di un nuovo governo, precisando di voler assumere egli stesso la carica di primo ministro. La Romania non ha un governo con pieni poteri dal 5 maggio, quando l&#8217;esecutivo di minoranza PNL-USR-UDMR, guidato dal liberale Ilie Bolojan, \u00e8 stato sfiduciato dal Parlamento.<\/p>\n<p>&nbsp;<\/p>\n<p>Deficit \u2013 Nei primi sette mesi dell\u2019anno, il deficit di bilancio della Romania \u00e8 diminuito in modo significativo, attestandosi a poco pi\u00f9 di 48 miliardi di lei (circa 9,1 miliardi di euro). Secondo il Ministero delle Finanze, rispetto allo stesso periodo dell\u2019anno precedente, il valore rappresenta una diminuzione del 37%. In rapporto al Prodotto Interno Lordo invece, il deficit \u00e8 sceso dal 3,99% al 2,34%. Il miglioramento \u00e8 stato generato da un aumento dell\u201911% delle entrate, nonch\u00e8 da un migliore mantenimento del controllo della spesa pubblica, con un incremento di solo il 2,9%, senza penalizzare gli investimenti. A partire dal 1\u00b0 agosto del 2025, \u00a0il governo di Bucarest ha introdotto una serie di misure, per accelerare la riduzione del deficit di bilancio, dopo che, nel 2024, il disavanzo della Romania aveva raggiunto un valore pari al 9,3% del PIL, il livello pi\u00f9 alto dell\u2019Unione Europea.<\/p>\n<p>&nbsp;<\/p>\n<p>PNRR \u2013 L\u2019Esecutivo di Bucarest si \u00e8 riunito oggi in una seduta straordinaria, in cui ha adottato i documenti necessari per la conclusione, oggi, del PNRR, un meccanismo nazionale di investimenti e riforme finanziato dall\u2019UE, per sostenere la ripresa dopo la pandemia di COVID-19. Su un budget complessivo superiore ai 20 miliardi di euro stanziati nell\u2019ambito del piano, la Romania \u00e8 riuscita a ottenere effettivamente solo circa 13 miliardi di euro. Il pagamento della quota restante \u00e8 subordinata ora alla valutazione da parte della Commissione Europea delle riforme attuate dalle autorit\u00e0 di Bucarest nell\u2019ultima fase. Prima della chiusura del PNRR, erano in via di attuazione oltre 15.000 progetti finanziati dall\u2019UE, di cui circa 4.500 non sono ancora stati completati<\/p>\n<p>&nbsp;<\/p>\n<p>Giornata della Lingua Romena \u2013 In Romania e nella Repubblica di Moldova viene celebrata oggi la Giornata della lingua romena. In un messaggio pubblicato online, il presidente romeno Nicu\u0219or Dan rileva che la tutela dei diritti dei cittadini romeni di tutto il mondo e la promozione della cultura nazionale rimangono obiettivi fondamentali. Dan ha definito la lingua romena come un \u201clegame prezioso\u201d, in grado di ancorarci alla storia, nonch\u00e8 di aprire le porte al futuro. Il capo dello stato ha rivolto i suoi auguri a tutti coloro che parlano, scrivono e mantengono viva la lingua romena. Istituita nel 2013 dal Parlamento di Bucarest, la Giornata della lingua romena coincide con la festa nazionale della Repubblica di Moldova e rende un omaggio al movimento di risveglio nazionale nel paese confinante, a maggioranza romenofona. Il 31 agosto 1989, mentre il regime sovietico era ancora al potere, il Parlamento di Chi\u0219in\u0103u, presidiato da circa 750.000 persone che manifestavano davanti alla sua sede, decise di dichiarare il romeno lingua di stato e di adottare l\u2019alfabeto latino, sostituendo quello cirillico imposto dalle forze di occupazione sovietiche in seguito all\u2019annessione del 1940.<\/p>\n<p>&nbsp;<\/p>\n<p>Diplomazia \u2013 A Bucarest \u00e8 in corso la Riunione Annuale della Diplomazia Romena. All\u2019evento, guidato dalla ministra degli Esteri ad interim Oana \u0162oiu, partecipano ambasciatori, consoli e altie autorit\u00e0. Il capo della diplomazia di Bucarest ha affermato che i pilastri della politica estera nazionale, come l\u2019appartenenza all\u2019Unione Europea e alla NATO, il partenariato transatlantico e le relazioni di buon vicinato, restano elementi vitali per il paese, sottolineando che non \u00e8 possibile discutere delle priorit\u00e0 di politica estera della Romania senza affrontare la dimensione della sicurezza nel contesto della guerra di aggressione della Russia contro l\u2019Ucraina. Dal canto suo, \u00a0il presidente del Senato, Mircea Abrudean, ha sottolineato che, nel \u00a02026, la Romania dovr\u00e0 essere un garante attivo della sicurezza a livello della NATO, in particolare lungo il suo Fianco Orientale e nella regione del Mar Nero. Secondo Abrudean, la presenza di truppe statunitensi sul territorio nazionale rappresenta la pi\u00f9 solida garanzia di sicurezza che la Romania abbia mai avuto nella sua storia moderna. La Riunione Annuale della Diplomazia Romena si concentra sulle modalit\u00e0 in cui l\u2019azione diplomatica e consolare sia in misura di rafforzare il profilo internazionale del paese, promuoverne gli interessi economici e di sicurezza e sostenere i cittadini romeni.<\/p>\n<p>&nbsp;<\/p>\n<p>Sondaggio \u2013 Quasi tre quarti dei residenti di Bucarest (73%) ritengono che la Romania stia andando in una direzione sbagliata, mentre solo il 18% considera che la direzione sia quella giusta. Secondo un sondaggio condotto da CURS, per quello che riguarda la situazione specifica di Bucarest, il 63% degli intervistati ha dichiarato che la citt\u00e0 sta andando nella direzione sbagliata. Il traffico e le congestioni stradali sono stati indicati come le principali criticit\u00e0 che richiedono un intervento prioritario da parte dell\u2019amministrazione. Al secondo posto si collocano le condizioni delle strade e la viabilit\u00e0, seguite dalla situazione dei parcheggi. Secondo il sondaggio, se le elezioni amministrative si tenessero domenica prossima, il PSD otterrebbe il 22% dei voti, seguito a breve distanza, con uno scarto di un punto percentuale, \u00a0dal PNL. All\u2019AUR viene attribuito circa il 20% delle preferenze, mentre all\u2019USR il 18%. L\u2019indagine \u00e8 stata condotta tra il 21 e il 28 agosto su un campione di oltre 1.000 intervistati, con un margine di errore del +\/-3%.<\/p>\n<p>&nbsp;<\/p>\n<p>&nbsp;<\/p>\n","protected":false},"excerpt":{"rendered":"<p>Politica \u2013 Domani \u00e8 previsto un nuovo round di consultazioni tra il presidente Nicu\u0219or Dan e i partiti parlamentari sulla nomina del nuovo premier della Romania. Il capo dello stato ritiene che questa volta sar\u00e0 individuata una maggioranza in grado di sostenere un governo stabile, escludendo al momento l\u2019ipotesi di un esecutivo tecnico. Secondo fonti [&hellip;]<\/p>\n","protected":false},"author":113,"featured_media":723460,"comment_status":"closed","ping_status":"closed","sticky":false,"template":"","format":"standard","meta":{"_acf_changed":false,"footnotes":""},"categories":[98934],"tags":[],"coauthors":[116091],"class_list":["post-1055400","post","type-post","status-publish","format-standard","has-post-thumbnail","hentry","category-topnews"],"acf":[],"yoast_head":"<!-- This site is optimized with the Yoast SEO plugin v28.2 - https:\/\/yoast.com\/product\/yoast-seo-wordpress\/ -->\n<title>31.08.2026 (aggiornamento) - Radio Romania Internazionale<\/title>\n<meta name=\"robots\" content=\"index, follow, max-snippet:-1, max-image-preview:large, max-video-preview:-1\" \/>\n<link rel=\"canonical\" href=\"https:\/\/www.rri.ro\/it\/news\/topnews\/31-08-2026-aggiornamento-id1055400.html\" \/>\n<meta property=\"og:locale\" content=\"it_IT\" \/>\n<meta property=\"og:type\" content=\"article\" \/>\n<meta property=\"og:title\" content=\"31.08.2026 (aggiornamento) - Radio Romania Internazionale\" \/>\n<meta property=\"og:description\" content=\"Politica \u2013 Domani \u00e8 previsto un nuovo round di consultazioni tra il presidente Nicu\u0219or Dan e i partiti parlamentari sulla nomina del nuovo premier della Romania. Il capo dello stato ritiene che questa volta sar\u00e0 individuata una maggioranza in grado di sostenere un governo stabile, escludendo al momento l\u2019ipotesi di un esecutivo tecnico. Secondo fonti [&hellip;]\" \/>\n<meta property=\"og:url\" content=\"https:\/\/www.rri.ro\/it\/news\/topnews\/31-08-2026-aggiornamento-id1055400.html\" \/>\n<meta property=\"og:site_name\" content=\"Radio Romania Internazionale\" \/>\n<meta property=\"article:published_time\" content=\"2026-08-31T15:37:38+00:00\" \/>\n<meta property=\"article:modified_time\" content=\"2026-08-31T17:12:34+00:00\" \/>\n<meta property=\"og:image\" content=\"https:\/\/www.rri.ro\/wp-content\/uploads\/2024\/03\/RRI-960x540-Topnews-2-NOU.jpg\" \/>\n\t<meta property=\"og:image:width\" content=\"960\" \/>\n\t<meta property=\"og:image:height\" content=\"540\" \/>\n\t<meta property=\"og:image:type\" content=\"image\/jpeg\" \/>\n<meta name=\"author\" content=\"Newsroom\" \/>\n<meta name=\"twitter:card\" content=\"summary_large_image\" \/>\n<meta name=\"twitter:label1\" content=\"Scritto da\" \/>\n\t<meta name=\"twitter:data1\" content=\"Newsroom\" \/>\n\t<meta name=\"twitter:label2\" content=\"Tempo di lettura stimato\" \/>\n\t<meta name=\"twitter:data2\" content=\"5 minuti\" \/>\n<script type=\"application\/ld+json\" class=\"yoast-schema-graph\">{\"@context\":\"https:\\\/\\\/schema.org\",\"@graph\":[{\"@type\":\"Article\",\"@id\":\"https:\\\/\\\/www.rri.ro\\\/it\\\/news\\\/topnews\\\/31-08-2026-aggiornamento-id1055400.html#article\",\"isPartOf\":{\"@id\":\"https:\\\/\\\/www.rri.ro\\\/it\\\/news\\\/topnews\\\/31-08-2026-aggiornamento-id1055400.html\"},\"author\":{\"name\":\"Newsroom\",\"@id\":\"https:\\\/\\\/www.rri.ro\\\/#\\\/schema\\\/person\\\/4a479940371b9fdefd194f561e8a7f88\"},\"headline\":\"31.08.2026 (aggiornamento)\",\"datePublished\":\"2026-08-31T15:37:38+00:00\",\"dateModified\":\"2026-08-31T17:12:34+00:00\",\"mainEntityOfPage\":{\"@id\":\"https:\\\/\\\/www.rri.ro\\\/it\\\/news\\\/topnews\\\/31-08-2026-aggiornamento-id1055400.html\"},\"wordCount\":944,\"image\":{\"@id\":\"https:\\\/\\\/www.rri.ro\\\/it\\\/news\\\/topnews\\\/31-08-2026-aggiornamento-id1055400.html#primaryimage\"},\"thumbnailUrl\":\"https:\\\/\\\/www.rri.ro\\\/wp-content\\\/uploads\\\/2024\\\/03\\\/RRI-960x540-Topnews-2-NOU.jpg\",\"articleSection\":[\"Topnews\"],\"inLanguage\":\"it-IT\"},{\"@type\":\"WebPage\",\"@id\":\"https:\\\/\\\/www.rri.ro\\\/it\\\/news\\\/topnews\\\/31-08-2026-aggiornamento-id1055400.html\",\"url\":\"https:\\\/\\\/www.rri.ro\\\/it\\\/news\\\/topnews\\\/31-08-2026-aggiornamento-id1055400.html\",\"name\":\"31.08.2026 (aggiornamento) - Radio Romania Internazionale\",\"isPartOf\":{\"@id\":\"https:\\\/\\\/www.rri.ro\\\/#website\"},\"primaryImageOfPage\":{\"@id\":\"https:\\\/\\\/www.rri.ro\\\/it\\\/news\\\/topnews\\\/31-08-2026-aggiornamento-id1055400.html#primaryimage\"},\"image\":{\"@id\":\"https:\\\/\\\/www.rri.ro\\\/it\\\/news\\\/topnews\\\/31-08-2026-aggiornamento-id1055400.html#primaryimage\"},\"thumbnailUrl\":\"https:\\\/\\\/www.rri.ro\\\/wp-content\\\/uploads\\\/2024\\\/03\\\/RRI-960x540-Topnews-2-NOU.jpg\",\"datePublished\":\"2026-08-31T15:37:38+00:00\",\"dateModified\":\"2026-08-31T17:12:34+00:00\",\"author\":{\"@id\":\"https:\\\/\\\/www.rri.ro\\\/#\\\/schema\\\/person\\\/4a479940371b9fdefd194f561e8a7f88\"},\"breadcrumb\":{\"@id\":\"https:\\\/\\\/www.rri.ro\\\/it\\\/news\\\/topnews\\\/31-08-2026-aggiornamento-id1055400.html#breadcrumb\"},\"inLanguage\":\"it-IT\",\"potentialAction\":[{\"@type\":\"ReadAction\",\"target\":[\"https:\\\/\\\/www.rri.ro\\\/it\\\/news\\\/topnews\\\/31-08-2026-aggiornamento-id1055400.html\"]}]},{\"@type\":\"ImageObject\",\"inLanguage\":\"it-IT\",\"@id\":\"https:\\\/\\\/www.rri.ro\\\/it\\\/news\\\/topnews\\\/31-08-2026-aggiornamento-id1055400.html#primaryimage\",\"url\":\"https:\\\/\\\/www.rri.ro\\\/wp-content\\\/uploads\\\/2024\\\/03\\\/RRI-960x540-Topnews-2-NOU.jpg\",\"contentUrl\":\"https:\\\/\\\/www.rri.ro\\\/wp-content\\\/uploads\\\/2024\\\/03\\\/RRI-960x540-Topnews-2-NOU.jpg\",\"width\":960,\"height\":540},{\"@type\":\"BreadcrumbList\",\"@id\":\"https:\\\/\\\/www.rri.ro\\\/it\\\/news\\\/topnews\\\/31-08-2026-aggiornamento-id1055400.html#breadcrumb\",\"itemListElement\":[{\"@type\":\"ListItem\",\"position\":1,\"name\":\"Pagina iniziale\",\"item\":\"https:\\\/\\\/www.rri.ro\\\/it\"},{\"@type\":\"ListItem\",\"position\":2,\"name\":\"News\",\"item\":\"https:\\\/\\\/www.rri.ro\\\/it\\\/news\"},{\"@type\":\"ListItem\",\"position\":3,\"name\":\"Topnews\",\"item\":\"https:\\\/\\\/www.rri.ro\\\/it\\\/news\\\/topnews\"},{\"@type\":\"ListItem\",\"position\":4,\"name\":\"31.08.2026 (aggiornamento)\"}]},{\"@type\":\"WebSite\",\"@id\":\"https:\\\/\\\/www.rri.ro\\\/#website\",\"url\":\"https:\\\/\\\/www.rri.ro\\\/\",\"name\":\"Radio Romania Internazionale\",\"description\":\"Totul despre Rom\u00e2nia \u015fi rom\u00e2ni, \u00een 13 limbi\\\/dialecte!\",\"inLanguage\":\"it-IT\"},{\"@type\":\"Person\",\"@id\":\"https:\\\/\\\/www.rri.ro\\\/#\\\/schema\\\/person\\\/4a479940371b9fdefd194f561e8a7f88\",\"name\":\"Newsroom\",\"url\":\"https:\\\/\\\/www.rri.ro\\\/it\\\/author\\\/newsroom\"}]}<\/script>\n<!-- \/ Yoast SEO plugin. -->","yoast_head_json":{"title":"31.08.2026 (aggiornamento) - Radio Romania Internazionale","robots":{"index":"index","follow":"follow","max-snippet":"max-snippet:-1","max-image-preview":"max-image-preview:large","max-video-preview":"max-video-preview:-1"},"canonical":"https:\/\/www.rri.ro\/it\/news\/topnews\/31-08-2026-aggiornamento-id1055400.html","og_locale":"it_IT","og_type":"article","og_title":"31.08.2026 (aggiornamento) - Radio Romania Internazionale","og_description":"Politica \u2013 Domani \u00e8 previsto un nuovo round di consultazioni tra il presidente Nicu\u0219or Dan e i partiti parlamentari sulla nomina del nuovo premier della Romania. Il capo dello stato ritiene che questa volta sar\u00e0 individuata una maggioranza in grado di sostenere un governo stabile, escludendo al momento l\u2019ipotesi di un esecutivo tecnico. Secondo fonti [&hellip;]","og_url":"https:\/\/www.rri.ro\/it\/news\/topnews\/31-08-2026-aggiornamento-id1055400.html","og_site_name":"Radio Romania Internazionale","article_published_time":"2026-08-31T15:37:38+00:00","article_modified_time":"2026-08-31T17:12:34+00:00","og_image":[{"width":960,"height":540,"url":"https:\/\/www.rri.ro\/wp-content\/uploads\/2024\/03\/RRI-960x540-Topnews-2-NOU.jpg","type":"image\/jpeg"}],"author":"Newsroom","twitter_card":"summary_large_image","twitter_misc":{"Scritto da":"Newsroom","Tempo di lettura stimato":"5 minuti"},"schema":{"@context":"https:\/\/schema.org","@graph":[{"@type":"Article","@id":"https:\/\/www.rri.ro\/it\/news\/topnews\/31-08-2026-aggiornamento-id1055400.html#article","isPartOf":{"@id":"https:\/\/www.rri.ro\/it\/news\/topnews\/31-08-2026-aggiornamento-id1055400.html"},"author":{"name":"Newsroom","@id":"https:\/\/www.rri.ro\/#\/schema\/person\/4a479940371b9fdefd194f561e8a7f88"},"headline":"31.08.2026 (aggiornamento)","datePublished":"2026-08-31T15:37:38+00:00","dateModified":"2026-08-31T17:12:34+00:00","mainEntityOfPage":{"@id":"https:\/\/www.rri.ro\/it\/news\/topnews\/31-08-2026-aggiornamento-id1055400.html"},"wordCount":944,"image":{"@id":"https:\/\/www.rri.ro\/it\/news\/topnews\/31-08-2026-aggiornamento-id1055400.html#primaryimage"},"thumbnailUrl":"https:\/\/www.rri.ro\/wp-content\/uploads\/2024\/03\/RRI-960x540-Topnews-2-NOU.jpg","articleSection":["Topnews"],"inLanguage":"it-IT"},{"@type":"WebPage","@id":"https:\/\/www.rri.ro\/it\/news\/topnews\/31-08-2026-aggiornamento-id1055400.html","url":"https:\/\/www.rri.ro\/it\/news\/topnews\/31-08-2026-aggiornamento-id1055400.html","name":"31.08.2026 (aggiornamento) - Radio Romania Internazionale","isPartOf":{"@id":"https:\/\/www.rri.ro\/#website"},"primaryImageOfPage":{"@id":"https:\/\/www.rri.ro\/it\/news\/topnews\/31-08-2026-aggiornamento-id1055400.html#primaryimage"},"image":{"@id":"https:\/\/www.rri.ro\/it\/news\/topnews\/31-08-2026-aggiornamento-id1055400.html#primaryimage"},"thumbnailUrl":"https:\/\/www.rri.ro\/wp-content\/uploads\/2024\/03\/RRI-960x540-Topnews-2-NOU.jpg","datePublished":"2026-08-31T15:37:38+00:00","dateModified":"2026-08-31T17:12:34+00:00","author":{"@id":"https:\/\/www.rri.ro\/#\/schema\/person\/4a479940371b9fdefd194f561e8a7f88"},"breadcrumb":{"@id":"https:\/\/www.rri.ro\/it\/news\/topnews\/31-08-2026-aggiornamento-id1055400.html#breadcrumb"},"inLanguage":"it-IT","potentialAction":[{"@type":"ReadAction","target":["https:\/\/www.rri.ro\/it\/news\/topnews\/31-08-2026-aggiornamento-id1055400.html"]}]},{"@type":"ImageObject","inLanguage":"it-IT","@id":"https:\/\/www.rri.ro\/it\/news\/topnews\/31-08-2026-aggiornamento-id1055400.html#primaryimage","url":"https:\/\/www.rri.ro\/wp-content\/uploads\/2024\/03\/RRI-960x540-Topnews-2-NOU.jpg","contentUrl":"https:\/\/www.rri.ro\/wp-content\/uploads\/2024\/03\/RRI-960x540-Topnews-2-NOU.jpg","width":960,"height":540},{"@type":"BreadcrumbList","@id":"https:\/\/www.rri.ro\/it\/news\/topnews\/31-08-2026-aggiornamento-id1055400.html#breadcrumb","itemListElement":[{"@type":"ListItem","position":1,"name":"Pagina iniziale","item":"https:\/\/www.rri.ro\/it"},{"@type":"ListItem","position":2,"name":"News","item":"https:\/\/www.rri.ro\/it\/news"},{"@type":"ListItem","position":3,"name":"Topnews","item":"https:\/\/www.rri.ro\/it\/news\/topnews"},{"@type":"ListItem","position":4,"name":"31.08.2026 (aggiornamento)"}]},{"@type":"WebSite","@id":"https:\/\/www.rri.ro\/#website","url":"https:\/\/www.rri.ro\/","name":"Radio Romania Internazionale","description":"Totul despre Rom\u00e2nia \u015fi rom\u00e2ni, \u00een 13 limbi\/dialecte!","inLanguage":"it-IT"},{"@type":"Person","@id":"https:\/\/www.rri.ro\/#\/schema\/person\/4a479940371b9fdefd194f561e8a7f88","name":"Newsroom","url":"https:\/\/www.rri.ro\/it\/author\/newsroom"}]}},"_links":{"self":[{"href":"https:\/\/www.rri.ro\/it\/wp-json\/wp\/v2\/posts\/1055400","targetHints":{"allow":["GET"]}}],"collection":[{"href":"https:\/\/www.rri.ro\/it\/wp-json\/wp\/v2\/posts"}],"about":[{"href":"https:\/\/www.rri.ro\/it\/wp-json\/wp\/v2\/types\/post"}],"author":[{"embeddable":true,"href":"https:\/\/www.rri.ro\/it\/wp-json\/wp\/v2\/users\/113"}],"replies":[{"embeddable":true,"href":"https:\/\/www.rri.ro\/it\/wp-json\/wp\/v2\/comments?post=1055400"}],"version-history":[{"count":4,"href":"https:\/\/www.rri.ro\/it\/wp-json\/wp\/v2\/posts\/1055400\/revisions"}],"predecessor-version":[{"id":1055421,"href":"https:\/\/www.rri.ro\/it\/wp-json\/wp\/v2\/posts\/1055400\/revisions\/1055421"}],"wp:featuredmedia":[{"embeddable":true,"href":"https:\/\/www.rri.ro\/it\/wp-json\/wp\/v2\/media\/723460"}],"wp:attachment":[{"href":"https:\/\/www.rri.ro\/it\/wp-json\/wp\/v2\/media?parent=1055400"}],"wp:term":[{"taxonomy":"category","embeddable":true,"href":"https:\/\/www.rri.ro\/it\/wp-json\/wp\/v2\/categories?post=1055400"},{"taxonomy":"post_tag","embeddable":true,"href":"https:\/\/www.rri.ro\/it\/wp-json\/wp\/v2\/tags?post=1055400"},{"taxonomy":"author","embeddable":true,"href":"https:\/\/www.rri.ro\/it\/wp-json\/wp\/v2\/coauthors?post=1055400"}],"curies":[{"name":"wp","href":"https:\/\/api.w.org\/{rel}","templated":true}]}}