{"id":1055577,"date":"2026-09-01T11:07:28","date_gmt":"2026-09-01T08:07:28","guid":{"rendered":"https:\/\/www.rri.ro\/?p=1055577"},"modified":"2026-09-01T11:07:28","modified_gmt":"2026-09-01T08:07:28","slug":"pnrr-alla-fine","status":"publish","type":"post","link":"https:\/\/www.rri.ro\/it\/news\/in-primo-piano\/pnrr-alla-fine-id1055577.html","title":{"rendered":"PNRR alla fine"},"content":{"rendered":"<p style=\"font-weight: 400;\">Il PNRR \u00e8 giunto al termine anche in Romania. Fino all\u2019ultimo giorno sono stati effettuati collaudi finali di opere completate e sono stati adottati atti normativi durante la riunione del governo, con l\u2019obiettivo di garantire il maggior numero possibile di impegni assunti e traguardi raggiunti. A T\u00e2rgu Mure\u0219 \u00e8 stato inaugurato il nuovo Centro di chirurgia cardiovascolare dell\u2019Istituto del Cuore, mentre sull\u2019autostrada della Moldavia A7, nel nord-est del paese, \u00e8 stato aperto al traffico un altro tratto di quasi 50 chilometri.<\/p>\n<p style=\"font-weight: 400;\">\n<p style=\"font-weight: 400;\">In Romania resteranno importanti investimenti, ha dichiarato il premier ad interim, il liberale Ilie Bolojan. \u201cSi tratta di progetti importanti nelle grandi infrastrutture, che comprendono ferrovie modernizzate ed elettrificate, la rete degli ospedali romeni e numerosi progetti riguardanti la qualit\u00e0 dell\u2019istruzione nelle scuole del paese, praticamente in quasi tutti i capoluoghi provinciali. La maggior parte delle scuole \u00e8 stata modernizzata, dotata di nuove attrezzature e riabilitata con infrastrutture adeguate e di ultima generazione. Inoltre, sono numerosi i progetti di efficienza energetica per le autorit\u00e0 locali che le hanno portate a termine regolarmente\u201d, ha detto Ilie Bolojan.<\/p>\n<p style=\"font-weight: 400;\">\n<p style=\"font-weight: 400;\">Ha inoltre precisato che i soldi del PNRR ammontavano a 13,5 miliardi di euro nella componente a fondo perduto, vale a dire finanziamenti non rimborsabili, e a circa 7 miliardi di euro nella componente dei prestiti, quest\u2019ultima progressivamente ridotta per diminuire il pi\u00f9 possibile il rischio di perdere fondi europei. Sono stati comunque persi finanziamenti consistenti: ad esempio, 770 milioni di euro per il mancato completamento della riforma della retribuzione dei dipendenti pubblici e quasi 100 milioni di euro per le misure incomplete nel settore della decarbonizzazione.<\/p>\n<p style=\"font-weight: 400;\">\n<p style=\"font-weight: 400;\">Bolojan ha spiegato che, a causa dei ritardi nella realizzazione di nuove capacit\u00e0 di produzione energetica, \u00e8 stato impossibile sostituire le centrali a carbone. Nei prossimi giorni saranno effettuate valutazioni e verifiche, dopodich\u00e9 le autorit\u00e0 presenteranno dati precisi, ha precisato il premier ad interim. A suo avviso, l\u2019attuazione del PNRR \u00e8 stata penalizzata da ritardi e da problemi emersi gi\u00e0 nelle prime fasi del programma. Ha inoltre precisato che, negli ultimi anni, la Romania ha rinegoziato una serie di traguardi e ridotto la portata di alcuni degli impegni assunti.<\/p>\n<p style=\"font-weight: 400;\">\n<p style=\"font-weight: 400;\">Dei pi\u00f9 di 15.000 investimenti previsti, quasi 4.500 progetti sono rimasti incompiuti o non sono stati ancora formalmente collaudati. Rispetto al resto dell\u2019UE, la Romania si colloca in fondo alla classifica per quanto riguarda la percentuale di fondi effettivamente ricevuti nell\u2019ambito del PNRR, riuscendo a mettere al sicuro solo circa il 61% della propria allocazione complessiva rivista.<\/p>\n<p style=\"font-weight: 400;\">\n<p style=\"font-weight: 400;\">Le campionesse assolute nell\u2019ottenimento dei fondi del PNRR sono la Spagna e l\u2019Italia, che hanno ottenuto il 90-100% dei finanziamenti. Seguono il Portogallo e la Grecia, con un tasso di assorbimento dell\u201980-85%. La maggior parte degli stati membri dell\u2019UE ha ottenuto circa il 70-75% dei fondi inizialmente assegnati. La Polonia ha ottenuto oltre il 65% dei finanziamenti, accelerando fortemente nell\u2019ultimo anno le richieste di finanziamento.<\/p>\n<p style=\"font-weight: 400;\">\n<p style=\"font-weight: 400;\">In questo contesto, la Romania, che si trova in fondo alla classifica, ha alle spalle soltanto la Bulgaria, che ha ottenuto appena il 53% dei fondi del PNRR, in un paese leso dall\u2019instabilit\u00e0 politica.<\/p>\n<p style=\"font-weight: 400;\">\n","protected":false},"excerpt":{"rendered":"<p>Il PNRR \u00e8 giunto al termine anche in Romania. Fino all\u2019ultimo giorno sono stati effettuati collaudi finali di opere completate e sono stati adottati atti normativi durante la riunione del governo, con l\u2019obiettivo di garantire il maggior numero possibile di impegni assunti e traguardi raggiunti. A T\u00e2rgu Mure\u0219 \u00e8 stato inaugurato il nuovo Centro di [&hellip;]<\/p>\n","protected":false},"author":106,"featured_media":1055548,"comment_status":"closed","ping_status":"closed","sticky":false,"template":"","format":"standard","meta":{"_acf_changed":false,"footnotes":""},"categories":[99264],"tags":[],"coauthors":[113311],"class_list":["post-1055577","post","type-post","status-publish","format-standard","has-post-thumbnail","hentry","category-in-primo-piano"],"acf":[],"yoast_head":"<!-- This site is optimized with the Yoast SEO plugin v28.2 - https:\/\/yoast.com\/product\/yoast-seo-wordpress\/ -->\n<title>PNRR alla fine - Radio Romania Internazionale<\/title>\n<meta name=\"robots\" content=\"index, follow, max-snippet:-1, max-image-preview:large, max-video-preview:-1\" \/>\n<link rel=\"canonical\" href=\"https:\/\/www.rri.ro\/it\/news\/in-primo-piano\/pnrr-alla-fine-id1055577.html\" \/>\n<meta property=\"og:locale\" content=\"it_IT\" \/>\n<meta property=\"og:type\" content=\"article\" \/>\n<meta property=\"og:title\" content=\"PNRR alla fine - Radio Romania Internazionale\" \/>\n<meta property=\"og:description\" content=\"Il PNRR \u00e8 giunto al termine anche in Romania. Fino all\u2019ultimo giorno sono stati effettuati collaudi finali di opere completate e sono stati adottati atti normativi durante la riunione del governo, con l\u2019obiettivo di garantire il maggior numero possibile di impegni assunti e traguardi raggiunti. A T\u00e2rgu Mure\u0219 \u00e8 stato inaugurato il nuovo Centro di [&hellip;]\" \/>\n<meta property=\"og:url\" content=\"https:\/\/www.rri.ro\/it\/news\/in-primo-piano\/pnrr-alla-fine-id1055577.html\" \/>\n<meta property=\"og:site_name\" content=\"Radio Romania Internazionale\" \/>\n<meta property=\"article:published_time\" content=\"2026-09-01T08:07:28+00:00\" \/>\n<meta property=\"og:image\" content=\"https:\/\/www.rri.ro\/wp-content\/uploads\/2026\/09\/PNRR-sursa-foto-guvernul-Romaniei-facebook.jpg\" \/>\n\t<meta property=\"og:image:width\" content=\"960\" \/>\n\t<meta property=\"og:image:height\" content=\"541\" \/>\n\t<meta property=\"og:image:type\" content=\"image\/jpeg\" \/>\n<meta name=\"author\" content=\"Mihai Pelin\" \/>\n<meta name=\"twitter:card\" content=\"summary_large_image\" \/>\n<meta name=\"twitter:label1\" content=\"Scritto da\" \/>\n\t<meta name=\"twitter:data1\" content=\"Mihai Pelin\" \/>\n\t<meta name=\"twitter:label2\" content=\"Tempo di lettura stimato\" \/>\n\t<meta name=\"twitter:data2\" content=\"3 minuti\" \/>\n<script type=\"application\/ld+json\" class=\"yoast-schema-graph\">{\"@context\":\"https:\\\/\\\/schema.org\",\"@graph\":[{\"@type\":\"Article\",\"@id\":\"https:\\\/\\\/www.rri.ro\\\/it\\\/news\\\/in-primo-piano\\\/pnrr-alla-fine-id1055577.html#article\",\"isPartOf\":{\"@id\":\"https:\\\/\\\/www.rri.ro\\\/it\\\/news\\\/in-primo-piano\\\/pnrr-alla-fine-id1055577.html\"},\"author\":{\"name\":\"Mihai Pelin\",\"@id\":\"https:\\\/\\\/www.rri.ro\\\/#\\\/schema\\\/person\\\/c6036c822534c855dc3aad41a484f05d\"},\"headline\":\"PNRR alla fine\",\"datePublished\":\"2026-09-01T08:07:28+00:00\",\"mainEntityOfPage\":{\"@id\":\"https:\\\/\\\/www.rri.ro\\\/it\\\/news\\\/in-primo-piano\\\/pnrr-alla-fine-id1055577.html\"},\"wordCount\":512,\"image\":{\"@id\":\"https:\\\/\\\/www.rri.ro\\\/it\\\/news\\\/in-primo-piano\\\/pnrr-alla-fine-id1055577.html#primaryimage\"},\"thumbnailUrl\":\"https:\\\/\\\/www.rri.ro\\\/wp-content\\\/uploads\\\/2026\\\/09\\\/PNRR-sursa-foto-guvernul-Romaniei-facebook.jpg\",\"articleSection\":[\"In primo piano\"],\"inLanguage\":\"it-IT\"},{\"@type\":\"WebPage\",\"@id\":\"https:\\\/\\\/www.rri.ro\\\/it\\\/news\\\/in-primo-piano\\\/pnrr-alla-fine-id1055577.html\",\"url\":\"https:\\\/\\\/www.rri.ro\\\/it\\\/news\\\/in-primo-piano\\\/pnrr-alla-fine-id1055577.html\",\"name\":\"PNRR alla fine - Radio Romania Internazionale\",\"isPartOf\":{\"@id\":\"https:\\\/\\\/www.rri.ro\\\/#website\"},\"primaryImageOfPage\":{\"@id\":\"https:\\\/\\\/www.rri.ro\\\/it\\\/news\\\/in-primo-piano\\\/pnrr-alla-fine-id1055577.html#primaryimage\"},\"image\":{\"@id\":\"https:\\\/\\\/www.rri.ro\\\/it\\\/news\\\/in-primo-piano\\\/pnrr-alla-fine-id1055577.html#primaryimage\"},\"thumbnailUrl\":\"https:\\\/\\\/www.rri.ro\\\/wp-content\\\/uploads\\\/2026\\\/09\\\/PNRR-sursa-foto-guvernul-Romaniei-facebook.jpg\",\"datePublished\":\"2026-09-01T08:07:28+00:00\",\"author\":{\"@id\":\"https:\\\/\\\/www.rri.ro\\\/#\\\/schema\\\/person\\\/c6036c822534c855dc3aad41a484f05d\"},\"breadcrumb\":{\"@id\":\"https:\\\/\\\/www.rri.ro\\\/it\\\/news\\\/in-primo-piano\\\/pnrr-alla-fine-id1055577.html#breadcrumb\"},\"inLanguage\":\"it-IT\",\"potentialAction\":[{\"@type\":\"ReadAction\",\"target\":[\"https:\\\/\\\/www.rri.ro\\\/it\\\/news\\\/in-primo-piano\\\/pnrr-alla-fine-id1055577.html\"]}]},{\"@type\":\"ImageObject\",\"inLanguage\":\"it-IT\",\"@id\":\"https:\\\/\\\/www.rri.ro\\\/it\\\/news\\\/in-primo-piano\\\/pnrr-alla-fine-id1055577.html#primaryimage\",\"url\":\"https:\\\/\\\/www.rri.ro\\\/wp-content\\\/uploads\\\/2026\\\/09\\\/PNRR-sursa-foto-guvernul-Romaniei-facebook.jpg\",\"contentUrl\":\"https:\\\/\\\/www.rri.ro\\\/wp-content\\\/uploads\\\/2026\\\/09\\\/PNRR-sursa-foto-guvernul-Romaniei-facebook.jpg\",\"width\":960,\"height\":541,\"caption\":\"fonte: Facebook.com\\\/ Guvernul Rom\u00e2niei\"},{\"@type\":\"BreadcrumbList\",\"@id\":\"https:\\\/\\\/www.rri.ro\\\/it\\\/news\\\/in-primo-piano\\\/pnrr-alla-fine-id1055577.html#breadcrumb\",\"itemListElement\":[{\"@type\":\"ListItem\",\"position\":1,\"name\":\"Pagina iniziale\",\"item\":\"https:\\\/\\\/www.rri.ro\\\/it\"},{\"@type\":\"ListItem\",\"position\":2,\"name\":\"News\",\"item\":\"https:\\\/\\\/www.rri.ro\\\/it\\\/news\"},{\"@type\":\"ListItem\",\"position\":3,\"name\":\"In primo piano\",\"item\":\"https:\\\/\\\/www.rri.ro\\\/it\\\/news\\\/in-primo-piano\"},{\"@type\":\"ListItem\",\"position\":4,\"name\":\"PNRR alla fine\"}]},{\"@type\":\"WebSite\",\"@id\":\"https:\\\/\\\/www.rri.ro\\\/#website\",\"url\":\"https:\\\/\\\/www.rri.ro\\\/\",\"name\":\"Radio Romania Internazionale\",\"description\":\"Totul despre Rom\u00e2nia \u015fi rom\u00e2ni, \u00een 13 limbi\\\/dialecte!\",\"inLanguage\":\"it-IT\"},{\"@type\":\"Person\",\"@id\":\"https:\\\/\\\/www.rri.ro\\\/#\\\/schema\\\/person\\\/c6036c822534c855dc3aad41a484f05d\",\"name\":\"Mihai Pelin\",\"url\":\"https:\\\/\\\/www.rri.ro\\\/it\\\/author\\\/mihai-pelin\"}]}<\/script>\n<!-- \/ Yoast SEO plugin. -->","yoast_head_json":{"title":"PNRR alla fine - Radio Romania Internazionale","robots":{"index":"index","follow":"follow","max-snippet":"max-snippet:-1","max-image-preview":"max-image-preview:large","max-video-preview":"max-video-preview:-1"},"canonical":"https:\/\/www.rri.ro\/it\/news\/in-primo-piano\/pnrr-alla-fine-id1055577.html","og_locale":"it_IT","og_type":"article","og_title":"PNRR alla fine - Radio Romania Internazionale","og_description":"Il PNRR \u00e8 giunto al termine anche in Romania. Fino all\u2019ultimo giorno sono stati effettuati collaudi finali di opere completate e sono stati adottati atti normativi durante la riunione del governo, con l\u2019obiettivo di garantire il maggior numero possibile di impegni assunti e traguardi raggiunti. A T\u00e2rgu Mure\u0219 \u00e8 stato inaugurato il nuovo Centro di [&hellip;]","og_url":"https:\/\/www.rri.ro\/it\/news\/in-primo-piano\/pnrr-alla-fine-id1055577.html","og_site_name":"Radio Romania Internazionale","article_published_time":"2026-09-01T08:07:28+00:00","og_image":[{"width":960,"height":541,"url":"https:\/\/www.rri.ro\/wp-content\/uploads\/2026\/09\/PNRR-sursa-foto-guvernul-Romaniei-facebook.jpg","type":"image\/jpeg"}],"author":"Mihai Pelin","twitter_card":"summary_large_image","twitter_misc":{"Scritto da":"Mihai Pelin","Tempo di lettura stimato":"3 minuti"},"schema":{"@context":"https:\/\/schema.org","@graph":[{"@type":"Article","@id":"https:\/\/www.rri.ro\/it\/news\/in-primo-piano\/pnrr-alla-fine-id1055577.html#article","isPartOf":{"@id":"https:\/\/www.rri.ro\/it\/news\/in-primo-piano\/pnrr-alla-fine-id1055577.html"},"author":{"name":"Mihai Pelin","@id":"https:\/\/www.rri.ro\/#\/schema\/person\/c6036c822534c855dc3aad41a484f05d"},"headline":"PNRR alla fine","datePublished":"2026-09-01T08:07:28+00:00","mainEntityOfPage":{"@id":"https:\/\/www.rri.ro\/it\/news\/in-primo-piano\/pnrr-alla-fine-id1055577.html"},"wordCount":512,"image":{"@id":"https:\/\/www.rri.ro\/it\/news\/in-primo-piano\/pnrr-alla-fine-id1055577.html#primaryimage"},"thumbnailUrl":"https:\/\/www.rri.ro\/wp-content\/uploads\/2026\/09\/PNRR-sursa-foto-guvernul-Romaniei-facebook.jpg","articleSection":["In primo piano"],"inLanguage":"it-IT"},{"@type":"WebPage","@id":"https:\/\/www.rri.ro\/it\/news\/in-primo-piano\/pnrr-alla-fine-id1055577.html","url":"https:\/\/www.rri.ro\/it\/news\/in-primo-piano\/pnrr-alla-fine-id1055577.html","name":"PNRR alla fine - Radio Romania Internazionale","isPartOf":{"@id":"https:\/\/www.rri.ro\/#website"},"primaryImageOfPage":{"@id":"https:\/\/www.rri.ro\/it\/news\/in-primo-piano\/pnrr-alla-fine-id1055577.html#primaryimage"},"image":{"@id":"https:\/\/www.rri.ro\/it\/news\/in-primo-piano\/pnrr-alla-fine-id1055577.html#primaryimage"},"thumbnailUrl":"https:\/\/www.rri.ro\/wp-content\/uploads\/2026\/09\/PNRR-sursa-foto-guvernul-Romaniei-facebook.jpg","datePublished":"2026-09-01T08:07:28+00:00","author":{"@id":"https:\/\/www.rri.ro\/#\/schema\/person\/c6036c822534c855dc3aad41a484f05d"},"breadcrumb":{"@id":"https:\/\/www.rri.ro\/it\/news\/in-primo-piano\/pnrr-alla-fine-id1055577.html#breadcrumb"},"inLanguage":"it-IT","potentialAction":[{"@type":"ReadAction","target":["https:\/\/www.rri.ro\/it\/news\/in-primo-piano\/pnrr-alla-fine-id1055577.html"]}]},{"@type":"ImageObject","inLanguage":"it-IT","@id":"https:\/\/www.rri.ro\/it\/news\/in-primo-piano\/pnrr-alla-fine-id1055577.html#primaryimage","url":"https:\/\/www.rri.ro\/wp-content\/uploads\/2026\/09\/PNRR-sursa-foto-guvernul-Romaniei-facebook.jpg","contentUrl":"https:\/\/www.rri.ro\/wp-content\/uploads\/2026\/09\/PNRR-sursa-foto-guvernul-Romaniei-facebook.jpg","width":960,"height":541,"caption":"fonte: Facebook.com\/ Guvernul Rom\u00e2niei"},{"@type":"BreadcrumbList","@id":"https:\/\/www.rri.ro\/it\/news\/in-primo-piano\/pnrr-alla-fine-id1055577.html#breadcrumb","itemListElement":[{"@type":"ListItem","position":1,"name":"Pagina iniziale","item":"https:\/\/www.rri.ro\/it"},{"@type":"ListItem","position":2,"name":"News","item":"https:\/\/www.rri.ro\/it\/news"},{"@type":"ListItem","position":3,"name":"In primo piano","item":"https:\/\/www.rri.ro\/it\/news\/in-primo-piano"},{"@type":"ListItem","position":4,"name":"PNRR alla fine"}]},{"@type":"WebSite","@id":"https:\/\/www.rri.ro\/#website","url":"https:\/\/www.rri.ro\/","name":"Radio Romania Internazionale","description":"Totul despre Rom\u00e2nia \u015fi rom\u00e2ni, \u00een 13 limbi\/dialecte!","inLanguage":"it-IT"},{"@type":"Person","@id":"https:\/\/www.rri.ro\/#\/schema\/person\/c6036c822534c855dc3aad41a484f05d","name":"Mihai Pelin","url":"https:\/\/www.rri.ro\/it\/author\/mihai-pelin"}]}},"_links":{"self":[{"href":"https:\/\/www.rri.ro\/it\/wp-json\/wp\/v2\/posts\/1055577","targetHints":{"allow":["GET"]}}],"collection":[{"href":"https:\/\/www.rri.ro\/it\/wp-json\/wp\/v2\/posts"}],"about":[{"href":"https:\/\/www.rri.ro\/it\/wp-json\/wp\/v2\/types\/post"}],"author":[{"embeddable":true,"href":"https:\/\/www.rri.ro\/it\/wp-json\/wp\/v2\/users\/106"}],"replies":[{"embeddable":true,"href":"https:\/\/www.rri.ro\/it\/wp-json\/wp\/v2\/comments?post=1055577"}],"version-history":[{"count":1,"href":"https:\/\/www.rri.ro\/it\/wp-json\/wp\/v2\/posts\/1055577\/revisions"}],"predecessor-version":[{"id":1055578,"href":"https:\/\/www.rri.ro\/it\/wp-json\/wp\/v2\/posts\/1055577\/revisions\/1055578"}],"wp:featuredmedia":[{"embeddable":true,"href":"https:\/\/www.rri.ro\/it\/wp-json\/wp\/v2\/media\/1055548"}],"wp:attachment":[{"href":"https:\/\/www.rri.ro\/it\/wp-json\/wp\/v2\/media?parent=1055577"}],"wp:term":[{"taxonomy":"category","embeddable":true,"href":"https:\/\/www.rri.ro\/it\/wp-json\/wp\/v2\/categories?post=1055577"},{"taxonomy":"post_tag","embeddable":true,"href":"https:\/\/www.rri.ro\/it\/wp-json\/wp\/v2\/tags?post=1055577"},{"taxonomy":"author","embeddable":true,"href":"https:\/\/www.rri.ro\/it\/wp-json\/wp\/v2\/coauthors?post=1055577"}],"curies":[{"name":"wp","href":"https:\/\/api.w.org\/{rel}","templated":true}]}}