{"id":1055738,"date":"2026-09-01T16:47:34","date_gmt":"2026-09-01T13:47:34","guid":{"rendered":"https:\/\/www.rri.ro\/?p=1055738"},"modified":"2026-09-01T17:01:50","modified_gmt":"2026-09-01T14:01:50","slug":"01-09-2026","status":"publish","type":"post","link":"https:\/\/www.rri.ro\/it\/news\/topnews\/01-09-2026-id1055738.html","title":{"rendered":"01.09.2026"},"content":{"rendered":"<p>PNRR &#8211; Il 31 agosto \u00e8 stata la scadenza per il completamento delle riforme e degli investimenti assunti dalla Romania nell\u2019ambito del Piano Nazionale di Ripresa e Resilienza (PNRR). Da un budget totale previsto di circa 20 miliardi di euro, la Romania ha ottenuto effettivamente solo circa 13 miliardi, perdendo definitivamente ingenti somme a causa di stalli politici e ritardi. Nel contesto, il Parlamento romeno ha approvato con la procedura d\u2019urgenza una legge che stabilisce che i lavori eseguiti dopo il 31 agosto non saranno pi\u00f9 rimborsati con fondi europei, bens\u00ec dai bilanci locali o attraverso altre fonti di finanziamento. Nel caso in cui i beneficiari non dovessero completare i progetti entro il 31 dicembre, dovranno restituire tutti i fondi ricevuti.<\/p>\n<p>&nbsp;<\/p>\n<p>Diplomazia \u2013 La Romania contribuisce alla sicurezza transatlantica, alla sicurezza del fianco orientale della NATO e dell&#8217;UE nonch\u00e8 alla sicurezza regionale: lo ha dichiarato il Presidente Nicu\u0219or Dan nel suo intervento rivolto al corpo diplomatico durante la Riunione annuale della diplomazia romena. Il Capo dello Stato ha ricordato che la Romania inizier\u00e0 il prossimo anno le operazioni di sfuttamento di gas naturali presso il giacimento &#8220;Neptun Deep&#8221;, sottolineando che il Mar Nero ha un ruolo vitale per la sicurezza nazionale ed europea, nonch\u00e9 per le future relazioni economiche con la regione del Caspio e dell&#8217;Asia. Il Presidente ha inoltre spiegato che la Romania mira a contribuire al contrasto delle minacce ibride in Europa. Dan ha infine espresso l&#8217;auspicio che i rapporti con il futuro governo, siano in grado di risolvere diversi problemi amministrativi che interessano la diplomazia romena, come lo status di alcune sedi diplomatiche oppure i ritardi nella sostituzione del personale diplomatico.<\/p>\n<p>&nbsp;<\/p>\n<p>Parlamento \u2013 Il Parlamento bicamerale di Bucarest inaugura oggi la sessione autunnale. La prima giornata \u00e8 \u00a0dedicata all&#8217;elezione dei presidenti delle due Camere nonch\u00e8 dei rappresentanti dei partiti negli Uffici permanenti. Tra le priorit\u00e0 della sessione figurano la votazione di un nuovo governo, la riorganizzazione nel settore della pubblica amministrazione e delle imprese a capitale pubblico, nonch\u00e9 la riforma elettorale. Sul tavolo del Legislativo anche il sistema retributivo unico nel settore pubblico, il finanziamento del sistema sanitario oppure il meccanismo di ammissione alle scuole superiori. La Romania non ha un governo a pieno mandato dal 5 maggio, quando l&#8217;esecutivo di minoranza PNL-USR-UDMR, guidato dal liberale Ilie Bolojan, \u00e8 stato sfiduciato dal Parlamento.<\/p>\n<p>&nbsp;<\/p>\n<p>UE-Ucraina \u2013 Il Ministro degli Esteri ad interim Oana \u0162oiu assieme al Ministro della Difesa ad interim Radu Miru\u0163\u0103, partecipano a una riunione dell&#8217;Unione Europea organizzata in Irlanda. L&#8217;incontro \u00e8 incentrato sull&#8217;escalation della guerra lanciata dalla Russia in Ucraina nonch\u00e8 sull&#8217;aumento degli attacchi ibridi e con droni attribuiti a Mosca contro gli Stati europei. I partecipanti mirano a individuare soluzioni affinch\u00e9 gli Stati membri dotati di sistemi di difesa Patriot possano fornire \u00a0questa tecnologia di difesa all&#8217;Ucraina. Sul tavolo anche un dibattito sull&#8217;utilizzo dei beni russi congelati a favore dell&#8217;Ucraina, un&#8217;iniziativa fortemente sostenuta da Spagna, Portogallo, Svezia e Paesi Bassi, ma bloccata l&#8217;anno scorso dal Belgio.<\/p>\n<p>&nbsp;<\/p>\n<p>Chiusura Valico di Confine \u2013 Il valico di confine Isaccea\u2013Orlivka, tra la Romania e l\u2019Ucraina, \u00e8 stato chiuso da oggi a causa degli attacchi con droni russi; di conseguenza, il transito di persone attraverso il Danubio essendo sospeso, informa la Guardia Costiera della Polizia di Frontiera romena. I dati presentati dal gestore ucraino del valico indicano che, tra lo scoppio della guerra il 24 febbraio 2022 e la fine del primo trimestre di quest&#8217;anno, la struttura \u00e8 stata distrutta quattro volte da droni lanciati contro l&#8217;Ucraina dall&#8217;esercito russo invasore. La scorsa settimana, le autorit\u00e0 della provincia di Tulcea avevano annunciato preparativi per gestire un aumento del flusso di persone in transito attraverso il valico, che collega la citt\u00e0 romena di Isaccea a Orlivka, nella regione ucraina di Odessa, in vista del Capodanno ebraico. Nel 2026, la celebrazione dell\u2019evento si svolger\u00e0 tra l\u201911 e il 13 settembre, mentre in Ucraina si trova la tomba di un leader religioso, che ogni anno richiama migliaia di pellegrini. A causa della chiusura dello spazio aereo ucraino dovuta all\u2019invasione russa, i pellegrini provenienti da tutto il mondo utilizzavano le infrastrutture aeroportuali di Romania e della Repubblica di Moldova.<\/p>\n<p>&nbsp;<\/p>\n<p>Angela Merkel \u2013 L&#8217;ex cancelliera tedesca Angela Merkel \u00e8 stata ricevuta oggi dal presidente della Romania, Nicu\u0219or Dan. I colloqui si sono concentrati sul contesto politico e di sicurezza internazionale, sulla solidariet\u00e0 all&#8217;interno dell&#8217;Unione Europea nonch\u00e8 sulla necessit\u00e0 che gli Stati europei si assumano maggiori responsabilit\u00e0 \u00a0nella NATO. L&#8217;ex cancelliera si trova a Bucarest per presentare il suo libro di memorie, *Freedom: Memories 1954\u20132021*. L&#8217;opera \u00e8 stata lanciata a livello internazionale nel 2024 in oltre 30 Paesi. Bucarest \u00e8 una delle poche citt\u00e0, insieme a capitali come Berlino, Washington, Budapest o Atene, in cui l\u2019ex cancelliera ha scelto di partecipare di persona alla presentazione del suo libro. Nel volume, la Merkel ripercorre l&#8217;infanzia e la giovinezza trascorse nella cosiddetta Repubblica Democratica Tedesca, la caduta del Muro di Berlino e gli esordi della sua carriera politica; offre inoltre uno sguardo sulle decisioni prese durante i suoi 16 anni alla guida del governo tedesco nonch\u00e8 sugli incontri avuti con leader della scena internazionale. Angela Merkel \u00e8 stata cancelliera della Germania dal 2005 al 2021, diventando la prima donna a ricoprire tale carica.<\/p>\n<p>&nbsp;<\/p>\n<p>&nbsp;<\/p>\n<p>&nbsp;<\/p>\n<p>&nbsp;<\/p>\n<p>&nbsp;<\/p>\n","protected":false},"excerpt":{"rendered":"<p>PNRR &#8211; Il 31 agosto \u00e8 stata la scadenza per il completamento delle riforme e degli investimenti assunti dalla Romania nell\u2019ambito del Piano Nazionale di Ripresa e Resilienza (PNRR). Da un budget totale previsto di circa 20 miliardi di euro, la Romania ha ottenuto effettivamente solo circa 13 miliardi, perdendo definitivamente ingenti somme a causa [&hellip;]<\/p>\n","protected":false},"author":113,"featured_media":723460,"comment_status":"closed","ping_status":"closed","sticky":false,"template":"","format":"standard","meta":{"_acf_changed":false,"footnotes":""},"categories":[98934],"tags":[],"coauthors":[116091],"class_list":["post-1055738","post","type-post","status-publish","format-standard","has-post-thumbnail","hentry","category-topnews"],"acf":[],"yoast_head":"<!-- This site is optimized with the Yoast SEO plugin v28.2 - https:\/\/yoast.com\/product\/yoast-seo-wordpress\/ -->\n<title>01.09.2026 - Radio Romania Internazionale<\/title>\n<meta name=\"robots\" content=\"index, follow, max-snippet:-1, max-image-preview:large, max-video-preview:-1\" \/>\n<link rel=\"canonical\" href=\"https:\/\/www.rri.ro\/it\/news\/topnews\/01-09-2026-id1055738.html\" \/>\n<meta property=\"og:locale\" content=\"it_IT\" \/>\n<meta property=\"og:type\" content=\"article\" \/>\n<meta property=\"og:title\" content=\"01.09.2026 - Radio Romania Internazionale\" \/>\n<meta property=\"og:description\" content=\"PNRR &#8211; Il 31 agosto \u00e8 stata la scadenza per il completamento delle riforme e degli investimenti assunti dalla Romania nell\u2019ambito del Piano Nazionale di Ripresa e Resilienza (PNRR). Da un budget totale previsto di circa 20 miliardi di euro, la Romania ha ottenuto effettivamente solo circa 13 miliardi, perdendo definitivamente ingenti somme a causa [&hellip;]\" \/>\n<meta property=\"og:url\" content=\"https:\/\/www.rri.ro\/it\/news\/topnews\/01-09-2026-id1055738.html\" \/>\n<meta property=\"og:site_name\" content=\"Radio Romania Internazionale\" \/>\n<meta property=\"article:published_time\" content=\"2026-09-01T13:47:34+00:00\" \/>\n<meta property=\"article:modified_time\" content=\"2026-09-01T14:01:50+00:00\" \/>\n<meta property=\"og:image\" content=\"https:\/\/www.rri.ro\/wp-content\/uploads\/2024\/03\/RRI-960x540-Topnews-2-NOU.jpg\" \/>\n\t<meta property=\"og:image:width\" content=\"960\" \/>\n\t<meta property=\"og:image:height\" content=\"540\" \/>\n\t<meta property=\"og:image:type\" content=\"image\/jpeg\" \/>\n<meta name=\"author\" content=\"Newsroom\" \/>\n<meta name=\"twitter:card\" content=\"summary_large_image\" \/>\n<meta name=\"twitter:label1\" content=\"Scritto da\" \/>\n\t<meta name=\"twitter:data1\" content=\"Newsroom\" \/>\n\t<meta name=\"twitter:label2\" content=\"Tempo di lettura stimato\" \/>\n\t<meta name=\"twitter:data2\" content=\"4 minuti\" \/>\n<script type=\"application\/ld+json\" class=\"yoast-schema-graph\">{\"@context\":\"https:\\\/\\\/schema.org\",\"@graph\":[{\"@type\":\"Article\",\"@id\":\"https:\\\/\\\/www.rri.ro\\\/it\\\/news\\\/topnews\\\/01-09-2026-id1055738.html#article\",\"isPartOf\":{\"@id\":\"https:\\\/\\\/www.rri.ro\\\/it\\\/news\\\/topnews\\\/01-09-2026-id1055738.html\"},\"author\":{\"name\":\"Newsroom\",\"@id\":\"https:\\\/\\\/www.rri.ro\\\/#\\\/schema\\\/person\\\/4a479940371b9fdefd194f561e8a7f88\"},\"headline\":\"01.09.2026\",\"datePublished\":\"2026-09-01T13:47:34+00:00\",\"dateModified\":\"2026-09-01T14:01:50+00:00\",\"mainEntityOfPage\":{\"@id\":\"https:\\\/\\\/www.rri.ro\\\/it\\\/news\\\/topnews\\\/01-09-2026-id1055738.html\"},\"wordCount\":876,\"image\":{\"@id\":\"https:\\\/\\\/www.rri.ro\\\/it\\\/news\\\/topnews\\\/01-09-2026-id1055738.html#primaryimage\"},\"thumbnailUrl\":\"https:\\\/\\\/www.rri.ro\\\/wp-content\\\/uploads\\\/2024\\\/03\\\/RRI-960x540-Topnews-2-NOU.jpg\",\"articleSection\":[\"Topnews\"],\"inLanguage\":\"it-IT\"},{\"@type\":\"WebPage\",\"@id\":\"https:\\\/\\\/www.rri.ro\\\/it\\\/news\\\/topnews\\\/01-09-2026-id1055738.html\",\"url\":\"https:\\\/\\\/www.rri.ro\\\/it\\\/news\\\/topnews\\\/01-09-2026-id1055738.html\",\"name\":\"01.09.2026 - Radio Romania Internazionale\",\"isPartOf\":{\"@id\":\"https:\\\/\\\/www.rri.ro\\\/#website\"},\"primaryImageOfPage\":{\"@id\":\"https:\\\/\\\/www.rri.ro\\\/it\\\/news\\\/topnews\\\/01-09-2026-id1055738.html#primaryimage\"},\"image\":{\"@id\":\"https:\\\/\\\/www.rri.ro\\\/it\\\/news\\\/topnews\\\/01-09-2026-id1055738.html#primaryimage\"},\"thumbnailUrl\":\"https:\\\/\\\/www.rri.ro\\\/wp-content\\\/uploads\\\/2024\\\/03\\\/RRI-960x540-Topnews-2-NOU.jpg\",\"datePublished\":\"2026-09-01T13:47:34+00:00\",\"dateModified\":\"2026-09-01T14:01:50+00:00\",\"author\":{\"@id\":\"https:\\\/\\\/www.rri.ro\\\/#\\\/schema\\\/person\\\/4a479940371b9fdefd194f561e8a7f88\"},\"breadcrumb\":{\"@id\":\"https:\\\/\\\/www.rri.ro\\\/it\\\/news\\\/topnews\\\/01-09-2026-id1055738.html#breadcrumb\"},\"inLanguage\":\"it-IT\",\"potentialAction\":[{\"@type\":\"ReadAction\",\"target\":[\"https:\\\/\\\/www.rri.ro\\\/it\\\/news\\\/topnews\\\/01-09-2026-id1055738.html\"]}]},{\"@type\":\"ImageObject\",\"inLanguage\":\"it-IT\",\"@id\":\"https:\\\/\\\/www.rri.ro\\\/it\\\/news\\\/topnews\\\/01-09-2026-id1055738.html#primaryimage\",\"url\":\"https:\\\/\\\/www.rri.ro\\\/wp-content\\\/uploads\\\/2024\\\/03\\\/RRI-960x540-Topnews-2-NOU.jpg\",\"contentUrl\":\"https:\\\/\\\/www.rri.ro\\\/wp-content\\\/uploads\\\/2024\\\/03\\\/RRI-960x540-Topnews-2-NOU.jpg\",\"width\":960,\"height\":540},{\"@type\":\"BreadcrumbList\",\"@id\":\"https:\\\/\\\/www.rri.ro\\\/it\\\/news\\\/topnews\\\/01-09-2026-id1055738.html#breadcrumb\",\"itemListElement\":[{\"@type\":\"ListItem\",\"position\":1,\"name\":\"Pagina iniziale\",\"item\":\"https:\\\/\\\/www.rri.ro\\\/it\"},{\"@type\":\"ListItem\",\"position\":2,\"name\":\"News\",\"item\":\"https:\\\/\\\/www.rri.ro\\\/it\\\/news\"},{\"@type\":\"ListItem\",\"position\":3,\"name\":\"Topnews\",\"item\":\"https:\\\/\\\/www.rri.ro\\\/it\\\/news\\\/topnews\"},{\"@type\":\"ListItem\",\"position\":4,\"name\":\"01.09.2026\"}]},{\"@type\":\"WebSite\",\"@id\":\"https:\\\/\\\/www.rri.ro\\\/#website\",\"url\":\"https:\\\/\\\/www.rri.ro\\\/\",\"name\":\"Radio Romania Internazionale\",\"description\":\"Totul despre Rom\u00e2nia \u015fi rom\u00e2ni, \u00een 13 limbi\\\/dialecte!\",\"inLanguage\":\"it-IT\"},{\"@type\":\"Person\",\"@id\":\"https:\\\/\\\/www.rri.ro\\\/#\\\/schema\\\/person\\\/4a479940371b9fdefd194f561e8a7f88\",\"name\":\"Newsroom\",\"url\":\"https:\\\/\\\/www.rri.ro\\\/it\\\/author\\\/newsroom\"}]}<\/script>\n<!-- \/ Yoast SEO plugin. -->","yoast_head_json":{"title":"01.09.2026 - Radio Romania Internazionale","robots":{"index":"index","follow":"follow","max-snippet":"max-snippet:-1","max-image-preview":"max-image-preview:large","max-video-preview":"max-video-preview:-1"},"canonical":"https:\/\/www.rri.ro\/it\/news\/topnews\/01-09-2026-id1055738.html","og_locale":"it_IT","og_type":"article","og_title":"01.09.2026 - Radio Romania Internazionale","og_description":"PNRR &#8211; Il 31 agosto \u00e8 stata la scadenza per il completamento delle riforme e degli investimenti assunti dalla Romania nell\u2019ambito del Piano Nazionale di Ripresa e Resilienza (PNRR). Da un budget totale previsto di circa 20 miliardi di euro, la Romania ha ottenuto effettivamente solo circa 13 miliardi, perdendo definitivamente ingenti somme a causa [&hellip;]","og_url":"https:\/\/www.rri.ro\/it\/news\/topnews\/01-09-2026-id1055738.html","og_site_name":"Radio Romania Internazionale","article_published_time":"2026-09-01T13:47:34+00:00","article_modified_time":"2026-09-01T14:01:50+00:00","og_image":[{"width":960,"height":540,"url":"https:\/\/www.rri.ro\/wp-content\/uploads\/2024\/03\/RRI-960x540-Topnews-2-NOU.jpg","type":"image\/jpeg"}],"author":"Newsroom","twitter_card":"summary_large_image","twitter_misc":{"Scritto da":"Newsroom","Tempo di lettura stimato":"4 minuti"},"schema":{"@context":"https:\/\/schema.org","@graph":[{"@type":"Article","@id":"https:\/\/www.rri.ro\/it\/news\/topnews\/01-09-2026-id1055738.html#article","isPartOf":{"@id":"https:\/\/www.rri.ro\/it\/news\/topnews\/01-09-2026-id1055738.html"},"author":{"name":"Newsroom","@id":"https:\/\/www.rri.ro\/#\/schema\/person\/4a479940371b9fdefd194f561e8a7f88"},"headline":"01.09.2026","datePublished":"2026-09-01T13:47:34+00:00","dateModified":"2026-09-01T14:01:50+00:00","mainEntityOfPage":{"@id":"https:\/\/www.rri.ro\/it\/news\/topnews\/01-09-2026-id1055738.html"},"wordCount":876,"image":{"@id":"https:\/\/www.rri.ro\/it\/news\/topnews\/01-09-2026-id1055738.html#primaryimage"},"thumbnailUrl":"https:\/\/www.rri.ro\/wp-content\/uploads\/2024\/03\/RRI-960x540-Topnews-2-NOU.jpg","articleSection":["Topnews"],"inLanguage":"it-IT"},{"@type":"WebPage","@id":"https:\/\/www.rri.ro\/it\/news\/topnews\/01-09-2026-id1055738.html","url":"https:\/\/www.rri.ro\/it\/news\/topnews\/01-09-2026-id1055738.html","name":"01.09.2026 - Radio Romania Internazionale","isPartOf":{"@id":"https:\/\/www.rri.ro\/#website"},"primaryImageOfPage":{"@id":"https:\/\/www.rri.ro\/it\/news\/topnews\/01-09-2026-id1055738.html#primaryimage"},"image":{"@id":"https:\/\/www.rri.ro\/it\/news\/topnews\/01-09-2026-id1055738.html#primaryimage"},"thumbnailUrl":"https:\/\/www.rri.ro\/wp-content\/uploads\/2024\/03\/RRI-960x540-Topnews-2-NOU.jpg","datePublished":"2026-09-01T13:47:34+00:00","dateModified":"2026-09-01T14:01:50+00:00","author":{"@id":"https:\/\/www.rri.ro\/#\/schema\/person\/4a479940371b9fdefd194f561e8a7f88"},"breadcrumb":{"@id":"https:\/\/www.rri.ro\/it\/news\/topnews\/01-09-2026-id1055738.html#breadcrumb"},"inLanguage":"it-IT","potentialAction":[{"@type":"ReadAction","target":["https:\/\/www.rri.ro\/it\/news\/topnews\/01-09-2026-id1055738.html"]}]},{"@type":"ImageObject","inLanguage":"it-IT","@id":"https:\/\/www.rri.ro\/it\/news\/topnews\/01-09-2026-id1055738.html#primaryimage","url":"https:\/\/www.rri.ro\/wp-content\/uploads\/2024\/03\/RRI-960x540-Topnews-2-NOU.jpg","contentUrl":"https:\/\/www.rri.ro\/wp-content\/uploads\/2024\/03\/RRI-960x540-Topnews-2-NOU.jpg","width":960,"height":540},{"@type":"BreadcrumbList","@id":"https:\/\/www.rri.ro\/it\/news\/topnews\/01-09-2026-id1055738.html#breadcrumb","itemListElement":[{"@type":"ListItem","position":1,"name":"Pagina iniziale","item":"https:\/\/www.rri.ro\/it"},{"@type":"ListItem","position":2,"name":"News","item":"https:\/\/www.rri.ro\/it\/news"},{"@type":"ListItem","position":3,"name":"Topnews","item":"https:\/\/www.rri.ro\/it\/news\/topnews"},{"@type":"ListItem","position":4,"name":"01.09.2026"}]},{"@type":"WebSite","@id":"https:\/\/www.rri.ro\/#website","url":"https:\/\/www.rri.ro\/","name":"Radio Romania Internazionale","description":"Totul despre Rom\u00e2nia \u015fi rom\u00e2ni, \u00een 13 limbi\/dialecte!","inLanguage":"it-IT"},{"@type":"Person","@id":"https:\/\/www.rri.ro\/#\/schema\/person\/4a479940371b9fdefd194f561e8a7f88","name":"Newsroom","url":"https:\/\/www.rri.ro\/it\/author\/newsroom"}]}},"_links":{"self":[{"href":"https:\/\/www.rri.ro\/it\/wp-json\/wp\/v2\/posts\/1055738","targetHints":{"allow":["GET"]}}],"collection":[{"href":"https:\/\/www.rri.ro\/it\/wp-json\/wp\/v2\/posts"}],"about":[{"href":"https:\/\/www.rri.ro\/it\/wp-json\/wp\/v2\/types\/post"}],"author":[{"embeddable":true,"href":"https:\/\/www.rri.ro\/it\/wp-json\/wp\/v2\/users\/113"}],"replies":[{"embeddable":true,"href":"https:\/\/www.rri.ro\/it\/wp-json\/wp\/v2\/comments?post=1055738"}],"version-history":[{"count":2,"href":"https:\/\/www.rri.ro\/it\/wp-json\/wp\/v2\/posts\/1055738\/revisions"}],"predecessor-version":[{"id":1055749,"href":"https:\/\/www.rri.ro\/it\/wp-json\/wp\/v2\/posts\/1055738\/revisions\/1055749"}],"wp:featuredmedia":[{"embeddable":true,"href":"https:\/\/www.rri.ro\/it\/wp-json\/wp\/v2\/media\/723460"}],"wp:attachment":[{"href":"https:\/\/www.rri.ro\/it\/wp-json\/wp\/v2\/media?parent=1055738"}],"wp:term":[{"taxonomy":"category","embeddable":true,"href":"https:\/\/www.rri.ro\/it\/wp-json\/wp\/v2\/categories?post=1055738"},{"taxonomy":"post_tag","embeddable":true,"href":"https:\/\/www.rri.ro\/it\/wp-json\/wp\/v2\/tags?post=1055738"},{"taxonomy":"author","embeddable":true,"href":"https:\/\/www.rri.ro\/it\/wp-json\/wp\/v2\/coauthors?post=1055738"}],"curies":[{"name":"wp","href":"https:\/\/api.w.org\/{rel}","templated":true}]}}