{"id":1055762,"date":"2026-09-01T18:19:42","date_gmt":"2026-09-01T15:19:42","guid":{"rendered":"https:\/\/www.rri.ro\/?p=1055762"},"modified":"2026-09-01T19:04:40","modified_gmt":"2026-09-01T16:04:40","slug":"01-09-2026-aggiornamento","status":"publish","type":"post","link":"https:\/\/www.rri.ro\/it\/news\/topnews\/01-09-2026-aggiornamento-id1055762.html","title":{"rendered":"01.09.2026 (aggiornamento)"},"content":{"rendered":"<p>PNRR \u2013 Il Primo Ministro ad interim Ilie Bolojan ha dichiarato che la Romania ha realizzato con successo una serie di progetti importanti utilizzando i fondi del Piano Nazionale di Ripresa e Resilienza (PNRR). Nel contesto, Bolojan ha spiegato che, sebbene il Paese sia riuscito ad assorbire oltre il 90% dei fondi nonrimborsabili stanziati attraverso il programma, pi\u00f9 di 2.000 progetti risultavano \u00a0ancora incompiuti al 31 agosto, data di scadenza stabilita dall\u2019UE per il completamento di tutti \u00a0gli obiettivi e i progetti finanziati dal PNRR. D\u2019altra parte, il Parlamento romeno ha approvato con la procedura d\u2019urgenza una legge che stabilisce che i lavori eseguiti dopo il 31 agosto non saranno pi\u00f9 rimborsati da fondi europei, bens\u00ec dai bilanci locali o attraverso altre fonti di finanziamento. Nel caso in cui i beneficiari non dovessero completare i progetti entro il 31 dicembre, dovranno restituire tutti i fondi ricevuti.<\/p>\n<p>&nbsp;<\/p>\n<p>Diplomazia \u2013 La Romania contribuisce alla sicurezza transatlantica, alla sicurezza del fianco orientale della NATO e dell\u2019UE, nonch\u00e8 alla sicurezza regionale. Lo ha dichiarato il presidente Nicu\u0219or Dan, incontrando i capi delle missioni diplomatiche, dei consolati e degli istituti culturali romeni all\u2019estero, presenti alla Riunione Annuale della Diplomazia Romena. Il capo dello stato ha ricordato che la Romania inizier\u00e0 il prossimo anno le operazioni di sfuttamento di gas naturale del giacimento Neptun Deep, sottolineando che il Mar Nero ha un ruolo vitale per la sicurezza nazionale ed europea, nonch\u00e9 per le future relazioni economiche con la regione del Caspio e dell\u2019Asia. Il presidente ha inoltre spiegato che la Romania mira a contribuire al contrasto delle minacce ibride in Europa. Presente all\u2019evento, il Primo Ministro ad interim Ilie Bolojan ha sottolineato l&#8217;importanza dell&#8217;adesione della Romania all&#8217;UE e alla NATO nonch\u00e8 del mantenimento del partenariato con gli Stati Uniti.<\/p>\n<p>&nbsp;<\/p>\n<p>Parlamento \u2013 Il Parlamento bicamerale di Bucarest ha iniziato oggi la sessione autunnale. La prima giornata \u00e8 stata dedicata all\u2019elezione dei presidenti delle due camere e dei rappresentanti dei partiti negli Uffici permanenti. Tra le priorit\u00e0 della sessione figurano la votazione di un nuovo governo, la riorganizzazione nel settore della pubblica amministrazione e delle imprese a capitale pubblico, nonch\u00e9 la riforma elettorale. Sul tavolo del Legislativo anche il sistema retributivo unico nel settore pubblico, il finanziamento del sistema sanitario oppure il meccanismo di ammissione alle scuole superiori. La Romania non ha un governo a pieno poteri dal 5 maggio, quando l\u2019esecutivo di minoranza PNL-USR-UDMR, guidato dal liberale Ilie Bolojan, \u00e8 stato sfiduciato dal Parlamento.<\/p>\n<p>&nbsp;<\/p>\n<p>UE-Ucraina \u2013 Il ministro degli Esteri ad interim, Oana \u0162oiu, e il ministro della Difesa ad interim, Radu Miru\u0163\u0103, partecipano a una riunione dell\u2019Unione Europea organizzata in Irlanda. L\u2019incontro \u00e8 incentrato sull\u2019escalation della guerra lanciata dalla Russia in Ucraina, nonch\u00e8 sull\u2019intensificarsi degli attacchi ibridi e con droni attribuiti a Mosca contro gli stati europei. I partecipanti mirano a individuare soluzioni affinch\u00e9 gli stati membri dotati di sistemi di difesa Patriot possano fornire \u00a0questa tecnologia di difesa all\u2019Ucraina. Sul tavolo anche un dibattito sull\u2019utilizzo dei beni russi congelati a favore dell\u2019Ucraina, un\u2019iniziativa fortemente sostenuta da Spagna, Portogallo, Svezia e Paesi Bassi, ma bloccata l\u2019anno scorso dal Belgio.<\/p>\n<p>&nbsp;<\/p>\n<p>Chiusura valico di confine \u2013 Il valico di confine Isaccea\u2013Orlivka, tra la Romania e l\u2019Ucraina, \u00e8 stato chiuso da oggi a causa degli attacchi con droni russi. Di conseguenza, il transito di persone attraverso il Danubio \u00e8 sospeso, informa la Guardia Costiera della Polizia di Frontiera romena. I dati presentati dal gestore ucraino del valico indicano che, tra lo scoppio della guerra il 24 febbraio 2022 e la fine del primo trimestre di quest\u2019anno, la struttura \u00e8 stata distrutta quattro volte da droni lanciati contro l\u2019Ucraina dall\u2019esercito russo invasore. La scorsa settimana, le autorit\u00e0 della provincia di Tulcea avevano annunciato preparativi per gestire un aumento del flusso di persone in transito attraverso il valico, che collega la citt\u00e0 romena di Isaccea a Orlivka, nella regione ucraina di Odessa, in vista del Capodanno ebraico. Nel 2026, la celebrazione dell\u2019evento si svolger\u00e0 tra l\u201911 e il 13 settembre, mentre in Ucraina si trova la tomba di un leader religioso, che ogni anno richiama migliaia di pellegrini. A causa della chiusura dello spazio aereo ucraino dovuta all\u2019invasione russa, i pellegrini provenienti da tutto il mondo utilizzavano le infrastrutture aeroportuali di Romania e della Repubblica di Moldova.<\/p>\n<p>&nbsp;<\/p>\n<p>Angela Merkel \u2013 L\u2019ex cancelliera tedesca Angela Merkel \u00e8 stata ricevuta oggi dal presidente della Romania, Nicu\u0219or Dan. I colloqui si sono concentrati sul contesto politico e di sicurezza internazionale, sulla solidariet\u00e0 all\u2019interno dell\u2019Unione Europea, nonch\u00e8 sulla necessit\u00e0 che gli stati europei si assumano maggiori responsabilit\u00e0 nella NATO. L\u2019ex cancelliera si trova a Bucarest per presentare il suo libro di memorie \u201cFreedom: Memories 1954\u20132021\u201d. L\u2019opera \u00e8 stata lanciata a livello internazionale nel 2024 in oltre 30 paesi. Bucarest \u00e8 una delle poche citt\u00e0, insieme a capitali come Berlino, Washington, Budapest o Atene, in cui l\u2019ex cancelliera ha scelto di partecipare di persona alla presentazione del suo libro. Nel volume, la Merkel ripercorre l\u2019infanzia e la giovinezza trascorse nella Repubblica Democratica Tedesca, la caduta del Muro di Berlino e gli esordi della sua carriera politica. Offre inoltre uno sguardo sulle decisioni prese durante i suoi 16 anni alla guida del governo tedesco, nonch\u00e8 sugli incontri avuti con leader della scena internazionale. Angela Merkel \u00e8 stata cancelliera della Germania dal 2005 al 2021, diventando la prima donna a ricoprire tale carica.<\/p>\n<p>&nbsp;<\/p>\n","protected":false},"excerpt":{"rendered":"<p>PNRR \u2013 Il Primo Ministro ad interim Ilie Bolojan ha dichiarato che la Romania ha realizzato con successo una serie di progetti importanti utilizzando i fondi del Piano Nazionale di Ripresa e Resilienza (PNRR). Nel contesto, Bolojan ha spiegato che, sebbene il Paese sia riuscito ad assorbire oltre il 90% dei fondi nonrimborsabili stanziati attraverso [&hellip;]<\/p>\n","protected":false},"author":113,"featured_media":723460,"comment_status":"closed","ping_status":"closed","sticky":false,"template":"","format":"standard","meta":{"_acf_changed":false,"footnotes":""},"categories":[98934],"tags":[],"coauthors":[116091],"class_list":["post-1055762","post","type-post","status-publish","format-standard","has-post-thumbnail","hentry","category-topnews"],"acf":[],"yoast_head":"<!-- This site is optimized with the Yoast SEO plugin v28.2 - https:\/\/yoast.com\/product\/yoast-seo-wordpress\/ -->\n<title>01.09.2026 (aggiornamento) - Radio Romania Internazionale<\/title>\n<meta name=\"robots\" content=\"index, follow, max-snippet:-1, max-image-preview:large, max-video-preview:-1\" \/>\n<link rel=\"canonical\" href=\"https:\/\/www.rri.ro\/it\/news\/topnews\/01-09-2026-aggiornamento-id1055762.html\" \/>\n<meta property=\"og:locale\" content=\"it_IT\" \/>\n<meta property=\"og:type\" content=\"article\" \/>\n<meta property=\"og:title\" content=\"01.09.2026 (aggiornamento) - Radio Romania Internazionale\" \/>\n<meta property=\"og:description\" content=\"PNRR \u2013 Il Primo Ministro ad interim Ilie Bolojan ha dichiarato che la Romania ha realizzato con successo una serie di progetti importanti utilizzando i fondi del Piano Nazionale di Ripresa e Resilienza (PNRR). Nel contesto, Bolojan ha spiegato che, sebbene il Paese sia riuscito ad assorbire oltre il 90% dei fondi nonrimborsabili stanziati attraverso [&hellip;]\" \/>\n<meta property=\"og:url\" content=\"https:\/\/www.rri.ro\/it\/news\/topnews\/01-09-2026-aggiornamento-id1055762.html\" \/>\n<meta property=\"og:site_name\" content=\"Radio Romania Internazionale\" \/>\n<meta property=\"article:published_time\" content=\"2026-09-01T15:19:42+00:00\" \/>\n<meta property=\"article:modified_time\" content=\"2026-09-01T16:04:40+00:00\" \/>\n<meta property=\"og:image\" content=\"https:\/\/www.rri.ro\/wp-content\/uploads\/2024\/03\/RRI-960x540-Topnews-2-NOU.jpg\" \/>\n\t<meta property=\"og:image:width\" content=\"960\" \/>\n\t<meta property=\"og:image:height\" content=\"540\" \/>\n\t<meta property=\"og:image:type\" content=\"image\/jpeg\" \/>\n<meta name=\"author\" content=\"Newsroom\" \/>\n<meta name=\"twitter:card\" content=\"summary_large_image\" \/>\n<meta name=\"twitter:label1\" content=\"Scritto da\" \/>\n\t<meta name=\"twitter:data1\" content=\"Newsroom\" \/>\n\t<meta name=\"twitter:label2\" content=\"Tempo di lettura stimato\" \/>\n\t<meta name=\"twitter:data2\" content=\"4 minuti\" \/>\n<script type=\"application\/ld+json\" class=\"yoast-schema-graph\">{\"@context\":\"https:\\\/\\\/schema.org\",\"@graph\":[{\"@type\":\"Article\",\"@id\":\"https:\\\/\\\/www.rri.ro\\\/it\\\/news\\\/topnews\\\/01-09-2026-aggiornamento-id1055762.html#article\",\"isPartOf\":{\"@id\":\"https:\\\/\\\/www.rri.ro\\\/it\\\/news\\\/topnews\\\/01-09-2026-aggiornamento-id1055762.html\"},\"author\":{\"name\":\"Newsroom\",\"@id\":\"https:\\\/\\\/www.rri.ro\\\/#\\\/schema\\\/person\\\/4a479940371b9fdefd194f561e8a7f88\"},\"headline\":\"01.09.2026 (aggiornamento)\",\"datePublished\":\"2026-09-01T15:19:42+00:00\",\"dateModified\":\"2026-09-01T16:04:40+00:00\",\"mainEntityOfPage\":{\"@id\":\"https:\\\/\\\/www.rri.ro\\\/it\\\/news\\\/topnews\\\/01-09-2026-aggiornamento-id1055762.html\"},\"wordCount\":897,\"image\":{\"@id\":\"https:\\\/\\\/www.rri.ro\\\/it\\\/news\\\/topnews\\\/01-09-2026-aggiornamento-id1055762.html#primaryimage\"},\"thumbnailUrl\":\"https:\\\/\\\/www.rri.ro\\\/wp-content\\\/uploads\\\/2024\\\/03\\\/RRI-960x540-Topnews-2-NOU.jpg\",\"articleSection\":[\"Topnews\"],\"inLanguage\":\"it-IT\"},{\"@type\":\"WebPage\",\"@id\":\"https:\\\/\\\/www.rri.ro\\\/it\\\/news\\\/topnews\\\/01-09-2026-aggiornamento-id1055762.html\",\"url\":\"https:\\\/\\\/www.rri.ro\\\/it\\\/news\\\/topnews\\\/01-09-2026-aggiornamento-id1055762.html\",\"name\":\"01.09.2026 (aggiornamento) - Radio Romania Internazionale\",\"isPartOf\":{\"@id\":\"https:\\\/\\\/www.rri.ro\\\/#website\"},\"primaryImageOfPage\":{\"@id\":\"https:\\\/\\\/www.rri.ro\\\/it\\\/news\\\/topnews\\\/01-09-2026-aggiornamento-id1055762.html#primaryimage\"},\"image\":{\"@id\":\"https:\\\/\\\/www.rri.ro\\\/it\\\/news\\\/topnews\\\/01-09-2026-aggiornamento-id1055762.html#primaryimage\"},\"thumbnailUrl\":\"https:\\\/\\\/www.rri.ro\\\/wp-content\\\/uploads\\\/2024\\\/03\\\/RRI-960x540-Topnews-2-NOU.jpg\",\"datePublished\":\"2026-09-01T15:19:42+00:00\",\"dateModified\":\"2026-09-01T16:04:40+00:00\",\"author\":{\"@id\":\"https:\\\/\\\/www.rri.ro\\\/#\\\/schema\\\/person\\\/4a479940371b9fdefd194f561e8a7f88\"},\"breadcrumb\":{\"@id\":\"https:\\\/\\\/www.rri.ro\\\/it\\\/news\\\/topnews\\\/01-09-2026-aggiornamento-id1055762.html#breadcrumb\"},\"inLanguage\":\"it-IT\",\"potentialAction\":[{\"@type\":\"ReadAction\",\"target\":[\"https:\\\/\\\/www.rri.ro\\\/it\\\/news\\\/topnews\\\/01-09-2026-aggiornamento-id1055762.html\"]}]},{\"@type\":\"ImageObject\",\"inLanguage\":\"it-IT\",\"@id\":\"https:\\\/\\\/www.rri.ro\\\/it\\\/news\\\/topnews\\\/01-09-2026-aggiornamento-id1055762.html#primaryimage\",\"url\":\"https:\\\/\\\/www.rri.ro\\\/wp-content\\\/uploads\\\/2024\\\/03\\\/RRI-960x540-Topnews-2-NOU.jpg\",\"contentUrl\":\"https:\\\/\\\/www.rri.ro\\\/wp-content\\\/uploads\\\/2024\\\/03\\\/RRI-960x540-Topnews-2-NOU.jpg\",\"width\":960,\"height\":540},{\"@type\":\"BreadcrumbList\",\"@id\":\"https:\\\/\\\/www.rri.ro\\\/it\\\/news\\\/topnews\\\/01-09-2026-aggiornamento-id1055762.html#breadcrumb\",\"itemListElement\":[{\"@type\":\"ListItem\",\"position\":1,\"name\":\"Pagina iniziale\",\"item\":\"https:\\\/\\\/www.rri.ro\\\/it\"},{\"@type\":\"ListItem\",\"position\":2,\"name\":\"News\",\"item\":\"https:\\\/\\\/www.rri.ro\\\/it\\\/news\"},{\"@type\":\"ListItem\",\"position\":3,\"name\":\"Topnews\",\"item\":\"https:\\\/\\\/www.rri.ro\\\/it\\\/news\\\/topnews\"},{\"@type\":\"ListItem\",\"position\":4,\"name\":\"01.09.2026 (aggiornamento)\"}]},{\"@type\":\"WebSite\",\"@id\":\"https:\\\/\\\/www.rri.ro\\\/#website\",\"url\":\"https:\\\/\\\/www.rri.ro\\\/\",\"name\":\"Radio Romania Internazionale\",\"description\":\"Totul despre Rom\u00e2nia \u015fi rom\u00e2ni, \u00een 13 limbi\\\/dialecte!\",\"inLanguage\":\"it-IT\"},{\"@type\":\"Person\",\"@id\":\"https:\\\/\\\/www.rri.ro\\\/#\\\/schema\\\/person\\\/4a479940371b9fdefd194f561e8a7f88\",\"name\":\"Newsroom\",\"url\":\"https:\\\/\\\/www.rri.ro\\\/it\\\/author\\\/newsroom\"}]}<\/script>\n<!-- \/ Yoast SEO plugin. -->","yoast_head_json":{"title":"01.09.2026 (aggiornamento) - Radio Romania Internazionale","robots":{"index":"index","follow":"follow","max-snippet":"max-snippet:-1","max-image-preview":"max-image-preview:large","max-video-preview":"max-video-preview:-1"},"canonical":"https:\/\/www.rri.ro\/it\/news\/topnews\/01-09-2026-aggiornamento-id1055762.html","og_locale":"it_IT","og_type":"article","og_title":"01.09.2026 (aggiornamento) - Radio Romania Internazionale","og_description":"PNRR \u2013 Il Primo Ministro ad interim Ilie Bolojan ha dichiarato che la Romania ha realizzato con successo una serie di progetti importanti utilizzando i fondi del Piano Nazionale di Ripresa e Resilienza (PNRR). Nel contesto, Bolojan ha spiegato che, sebbene il Paese sia riuscito ad assorbire oltre il 90% dei fondi nonrimborsabili stanziati attraverso [&hellip;]","og_url":"https:\/\/www.rri.ro\/it\/news\/topnews\/01-09-2026-aggiornamento-id1055762.html","og_site_name":"Radio Romania Internazionale","article_published_time":"2026-09-01T15:19:42+00:00","article_modified_time":"2026-09-01T16:04:40+00:00","og_image":[{"width":960,"height":540,"url":"https:\/\/www.rri.ro\/wp-content\/uploads\/2024\/03\/RRI-960x540-Topnews-2-NOU.jpg","type":"image\/jpeg"}],"author":"Newsroom","twitter_card":"summary_large_image","twitter_misc":{"Scritto da":"Newsroom","Tempo di lettura stimato":"4 minuti"},"schema":{"@context":"https:\/\/schema.org","@graph":[{"@type":"Article","@id":"https:\/\/www.rri.ro\/it\/news\/topnews\/01-09-2026-aggiornamento-id1055762.html#article","isPartOf":{"@id":"https:\/\/www.rri.ro\/it\/news\/topnews\/01-09-2026-aggiornamento-id1055762.html"},"author":{"name":"Newsroom","@id":"https:\/\/www.rri.ro\/#\/schema\/person\/4a479940371b9fdefd194f561e8a7f88"},"headline":"01.09.2026 (aggiornamento)","datePublished":"2026-09-01T15:19:42+00:00","dateModified":"2026-09-01T16:04:40+00:00","mainEntityOfPage":{"@id":"https:\/\/www.rri.ro\/it\/news\/topnews\/01-09-2026-aggiornamento-id1055762.html"},"wordCount":897,"image":{"@id":"https:\/\/www.rri.ro\/it\/news\/topnews\/01-09-2026-aggiornamento-id1055762.html#primaryimage"},"thumbnailUrl":"https:\/\/www.rri.ro\/wp-content\/uploads\/2024\/03\/RRI-960x540-Topnews-2-NOU.jpg","articleSection":["Topnews"],"inLanguage":"it-IT"},{"@type":"WebPage","@id":"https:\/\/www.rri.ro\/it\/news\/topnews\/01-09-2026-aggiornamento-id1055762.html","url":"https:\/\/www.rri.ro\/it\/news\/topnews\/01-09-2026-aggiornamento-id1055762.html","name":"01.09.2026 (aggiornamento) - Radio Romania Internazionale","isPartOf":{"@id":"https:\/\/www.rri.ro\/#website"},"primaryImageOfPage":{"@id":"https:\/\/www.rri.ro\/it\/news\/topnews\/01-09-2026-aggiornamento-id1055762.html#primaryimage"},"image":{"@id":"https:\/\/www.rri.ro\/it\/news\/topnews\/01-09-2026-aggiornamento-id1055762.html#primaryimage"},"thumbnailUrl":"https:\/\/www.rri.ro\/wp-content\/uploads\/2024\/03\/RRI-960x540-Topnews-2-NOU.jpg","datePublished":"2026-09-01T15:19:42+00:00","dateModified":"2026-09-01T16:04:40+00:00","author":{"@id":"https:\/\/www.rri.ro\/#\/schema\/person\/4a479940371b9fdefd194f561e8a7f88"},"breadcrumb":{"@id":"https:\/\/www.rri.ro\/it\/news\/topnews\/01-09-2026-aggiornamento-id1055762.html#breadcrumb"},"inLanguage":"it-IT","potentialAction":[{"@type":"ReadAction","target":["https:\/\/www.rri.ro\/it\/news\/topnews\/01-09-2026-aggiornamento-id1055762.html"]}]},{"@type":"ImageObject","inLanguage":"it-IT","@id":"https:\/\/www.rri.ro\/it\/news\/topnews\/01-09-2026-aggiornamento-id1055762.html#primaryimage","url":"https:\/\/www.rri.ro\/wp-content\/uploads\/2024\/03\/RRI-960x540-Topnews-2-NOU.jpg","contentUrl":"https:\/\/www.rri.ro\/wp-content\/uploads\/2024\/03\/RRI-960x540-Topnews-2-NOU.jpg","width":960,"height":540},{"@type":"BreadcrumbList","@id":"https:\/\/www.rri.ro\/it\/news\/topnews\/01-09-2026-aggiornamento-id1055762.html#breadcrumb","itemListElement":[{"@type":"ListItem","position":1,"name":"Pagina iniziale","item":"https:\/\/www.rri.ro\/it"},{"@type":"ListItem","position":2,"name":"News","item":"https:\/\/www.rri.ro\/it\/news"},{"@type":"ListItem","position":3,"name":"Topnews","item":"https:\/\/www.rri.ro\/it\/news\/topnews"},{"@type":"ListItem","position":4,"name":"01.09.2026 (aggiornamento)"}]},{"@type":"WebSite","@id":"https:\/\/www.rri.ro\/#website","url":"https:\/\/www.rri.ro\/","name":"Radio Romania Internazionale","description":"Totul despre Rom\u00e2nia \u015fi rom\u00e2ni, \u00een 13 limbi\/dialecte!","inLanguage":"it-IT"},{"@type":"Person","@id":"https:\/\/www.rri.ro\/#\/schema\/person\/4a479940371b9fdefd194f561e8a7f88","name":"Newsroom","url":"https:\/\/www.rri.ro\/it\/author\/newsroom"}]}},"_links":{"self":[{"href":"https:\/\/www.rri.ro\/it\/wp-json\/wp\/v2\/posts\/1055762","targetHints":{"allow":["GET"]}}],"collection":[{"href":"https:\/\/www.rri.ro\/it\/wp-json\/wp\/v2\/posts"}],"about":[{"href":"https:\/\/www.rri.ro\/it\/wp-json\/wp\/v2\/types\/post"}],"author":[{"embeddable":true,"href":"https:\/\/www.rri.ro\/it\/wp-json\/wp\/v2\/users\/113"}],"replies":[{"embeddable":true,"href":"https:\/\/www.rri.ro\/it\/wp-json\/wp\/v2\/comments?post=1055762"}],"version-history":[{"count":3,"href":"https:\/\/www.rri.ro\/it\/wp-json\/wp\/v2\/posts\/1055762\/revisions"}],"predecessor-version":[{"id":1055775,"href":"https:\/\/www.rri.ro\/it\/wp-json\/wp\/v2\/posts\/1055762\/revisions\/1055775"}],"wp:featuredmedia":[{"embeddable":true,"href":"https:\/\/www.rri.ro\/it\/wp-json\/wp\/v2\/media\/723460"}],"wp:attachment":[{"href":"https:\/\/www.rri.ro\/it\/wp-json\/wp\/v2\/media?parent=1055762"}],"wp:term":[{"taxonomy":"category","embeddable":true,"href":"https:\/\/www.rri.ro\/it\/wp-json\/wp\/v2\/categories?post=1055762"},{"taxonomy":"post_tag","embeddable":true,"href":"https:\/\/www.rri.ro\/it\/wp-json\/wp\/v2\/tags?post=1055762"},{"taxonomy":"author","embeddable":true,"href":"https:\/\/www.rri.ro\/it\/wp-json\/wp\/v2\/coauthors?post=1055762"}],"curies":[{"name":"wp","href":"https:\/\/api.w.org\/{rel}","templated":true}]}}