{"id":1055878,"date":"2026-09-02T10:52:43","date_gmt":"2026-09-02T07:52:43","guid":{"rendered":"https:\/\/www.rri.ro\/?p=1055878"},"modified":"2026-09-02T10:55:12","modified_gmt":"2026-09-02T07:55:12","slug":"riunione-annuale-della-diplomazia-romena","status":"publish","type":"post","link":"https:\/\/www.rri.ro\/it\/news\/in-primo-piano\/riunione-annuale-della-diplomazia-romena-id1055878.html","title":{"rendered":"Riunione Annuale della Diplomazia Romena"},"content":{"rendered":"<p>La Romania contribuisce alla sicurezza transatlantica, del fianco orientale e della regione in cui ci troviamo, ha dichiarato il presidente Nicu\u0219or Dan nel discorso rivolto al corpo diplomatico a Bucarest, in occasione della Riunione Annuale della Diplomazia Romena. Il capo dello stato ha parlato dei grandi progetti di interconnessione regionale e ha annunciato che lo sfruttamento dei giacimenti di gas di Neptun Deep, nel Mar Nero, inizier\u00e0 il prossimo anno. Inoltre, il presidente ha ha fatto riferimento all\u2019urgenza di risolvere alcune questioni amministrative ancora irrisolte all\u2019interno del sistema. Secondo Nicu\u0219or Dan, le tre priorit\u00e0 della diplomazia romena sono il rafforzamento della sicurezza, le comunit\u00e0 romene all\u2019estero e la diplomazia economica.<\/p>\n<p>\u201cNelle nostre azioni di quest\u2019anno, abbiamo cercato di consolidare il nostro ruolo all\u2019interno dei formati multilaterali di sicurezza di cui facciamo parte, e il messaggio \u00e8 che la Romania contribuisce alla sicurezza transatlantica, del fianco orientale e della regione pi\u00f9 ristretta in cui ci troviamo\u201d, ha detto Nicu\u0219or Dan. Ha ricordato che quest\u2019anno Bucarest ha ospitato il Vertice B9, con la partecipazione del segretario generale della NATO, e la rappresentanza degli Stati Uniti e dell\u2019Ucraina, e che al termine del summit \u00e8 stata adottata una dichiarazione importante in vista del Vertice NATO di Ankara.<\/p>\n<p>Di fronte ai diplomatici riuniti al Palazzo Cotroceni, Nicu\u0219or Dan ha sottolineato che il partenariato con gli Stati Uniti d\u2019America \u00e8 molto importante per la Romania e che, inoltre, si auspica una presenza economica pi\u00f9 forte delle aziende americane nel nostro paese. Ha evidenziato, al contempo, che il Mar Nero \u00e8 importante per la sicurezza della Romania e dell\u2019Europa e, in prospettiva, per i rapporti economici con l\u2019area del Caspio e con l\u2019Asia. \u201cStiamo facendo progressi per quanto riguarda l\u2019hub europeo per la sicurezza marittima, il prossimo anno inizieremo lo sfruttamento di Neptun Deep. Stiamo avanzando anche per quanto riguarda le interconnessioni energetiche con i paesi della regione e ciascuno di questi strumenti fa parte della nostra politica di sicurezza\u201d, ha aggiunto Nicu\u0219or Dan.<\/p>\n<p>Il presidente ha inoltre affermato di auspicare che, in futuro, vengano risolte una serie di problematiche amministrative della diplomazia romena, come, ad esempio, la situazione di alcune sedi e il ritardo nella rotazione dei diplomatici. Allo stesso tempo, il capo dello stato ha ribadito il sostegno della Romania all\u2019integrazione della Repubblica di Moldova e dell\u2019Ucraina, nonch\u00e9 dei paesi dei Balcani occidentali. Ha inoltre detto che il rapporto con la Repubblica di Moldova rimane estremamente importante per la politica estera romena.<\/p>\n<p>Per quanto riguarda la diplomazia economica, Nicu\u0219or Dan ha affermato che si stanno aprendo nuove opportunit\u00e0 grazie ai trattati firmati dall\u2019Unione Europea in relazione a Mercosur, India, Indonesia, Australia e altri mercati importanti. I diplomatici romeni hanno incontrato anche il primo ministro ad interim, Ilie Bolojan, che ha sottolineato il loro contributo decisivo alla promozione degli interessi nazionali sulla scena internazionale.<\/p>\n","protected":false},"excerpt":{"rendered":"<p>La Romania contribuisce alla sicurezza transatlantica, del fianco orientale e della regione in cui ci troviamo, ha dichiarato il presidente Nicu\u0219or Dan nel discorso rivolto al corpo diplomatico a Bucarest, in occasione della Riunione Annuale della Diplomazia Romena. Il capo dello stato ha parlato dei grandi progetti di interconnessione regionale e ha annunciato che lo [&hellip;]<\/p>\n","protected":false},"author":106,"featured_media":1055849,"comment_status":"closed","ping_status":"closed","sticky":false,"template":"","format":"standard","meta":{"_acf_changed":false,"footnotes":""},"categories":[99264],"tags":[170754,175450],"coauthors":[113311],"class_list":["post-1055878","post","type-post","status-publish","format-standard","has-post-thumbnail","hentry","category-in-primo-piano","tag-presidente-nicusor-dan","tag-riunione-annuale-diplomazia-romena"],"acf":[],"yoast_head":"<!-- This site is optimized with the Yoast SEO plugin v28.2 - https:\/\/yoast.com\/product\/yoast-seo-wordpress\/ -->\n<title>Riunione Annuale della Diplomazia Romena - Radio Romania Internazionale<\/title>\n<meta name=\"robots\" content=\"index, follow, max-snippet:-1, max-image-preview:large, max-video-preview:-1\" \/>\n<link rel=\"canonical\" href=\"https:\/\/www.rri.ro\/it\/news\/in-primo-piano\/riunione-annuale-della-diplomazia-romena-id1055878.html\" \/>\n<meta property=\"og:locale\" content=\"it_IT\" \/>\n<meta property=\"og:type\" content=\"article\" \/>\n<meta property=\"og:title\" content=\"Riunione Annuale della Diplomazia Romena - Radio Romania Internazionale\" \/>\n<meta property=\"og:description\" content=\"La Romania contribuisce alla sicurezza transatlantica, del fianco orientale e della regione in cui ci troviamo, ha dichiarato il presidente Nicu\u0219or Dan nel discorso rivolto al corpo diplomatico a Bucarest, in occasione della Riunione Annuale della Diplomazia Romena. Il capo dello stato ha parlato dei grandi progetti di interconnessione regionale e ha annunciato che lo [&hellip;]\" \/>\n<meta property=\"og:url\" content=\"https:\/\/www.rri.ro\/it\/news\/in-primo-piano\/riunione-annuale-della-diplomazia-romena-id1055878.html\" \/>\n<meta property=\"og:site_name\" content=\"Radio Romania Internazionale\" \/>\n<meta property=\"article:published_time\" content=\"2026-09-02T07:52:43+00:00\" \/>\n<meta property=\"article:modified_time\" content=\"2026-09-02T07:55:12+00:00\" \/>\n<meta property=\"og:image\" content=\"https:\/\/www.rri.ro\/wp-content\/uploads\/2026\/09\/Nicusor-Dan-discurs-RADR-2026-presidency-ro.jpg\" \/>\n\t<meta property=\"og:image:width\" content=\"1280\" \/>\n\t<meta property=\"og:image:height\" content=\"720\" \/>\n\t<meta property=\"og:image:type\" content=\"image\/jpeg\" \/>\n<meta name=\"author\" content=\"Mihai Pelin\" \/>\n<meta name=\"twitter:card\" content=\"summary_large_image\" \/>\n<meta name=\"twitter:label1\" content=\"Scritto da\" \/>\n\t<meta name=\"twitter:data1\" content=\"Mihai Pelin\" \/>\n\t<meta name=\"twitter:label2\" content=\"Tempo di lettura stimato\" \/>\n\t<meta name=\"twitter:data2\" content=\"2 minuti\" \/>\n<script type=\"application\/ld+json\" class=\"yoast-schema-graph\">{\"@context\":\"https:\\\/\\\/schema.org\",\"@graph\":[{\"@type\":\"Article\",\"@id\":\"https:\\\/\\\/www.rri.ro\\\/it\\\/news\\\/in-primo-piano\\\/riunione-annuale-della-diplomazia-romena-id1055878.html#article\",\"isPartOf\":{\"@id\":\"https:\\\/\\\/www.rri.ro\\\/it\\\/news\\\/in-primo-piano\\\/riunione-annuale-della-diplomazia-romena-id1055878.html\"},\"author\":{\"name\":\"Mihai Pelin\",\"@id\":\"https:\\\/\\\/www.rri.ro\\\/#\\\/schema\\\/person\\\/c6036c822534c855dc3aad41a484f05d\"},\"headline\":\"Riunione Annuale della Diplomazia Romena\",\"datePublished\":\"2026-09-02T07:52:43+00:00\",\"dateModified\":\"2026-09-02T07:55:12+00:00\",\"mainEntityOfPage\":{\"@id\":\"https:\\\/\\\/www.rri.ro\\\/it\\\/news\\\/in-primo-piano\\\/riunione-annuale-della-diplomazia-romena-id1055878.html\"},\"wordCount\":491,\"image\":{\"@id\":\"https:\\\/\\\/www.rri.ro\\\/it\\\/news\\\/in-primo-piano\\\/riunione-annuale-della-diplomazia-romena-id1055878.html#primaryimage\"},\"thumbnailUrl\":\"https:\\\/\\\/www.rri.ro\\\/wp-content\\\/uploads\\\/2026\\\/09\\\/Nicusor-Dan-discurs-RADR-2026-presidency-ro.jpg\",\"keywords\":[\"presidente Nicusor Dan\",\"Riunione annuale diplomazia romena\"],\"articleSection\":[\"In primo piano\"],\"inLanguage\":\"it-IT\"},{\"@type\":\"WebPage\",\"@id\":\"https:\\\/\\\/www.rri.ro\\\/it\\\/news\\\/in-primo-piano\\\/riunione-annuale-della-diplomazia-romena-id1055878.html\",\"url\":\"https:\\\/\\\/www.rri.ro\\\/it\\\/news\\\/in-primo-piano\\\/riunione-annuale-della-diplomazia-romena-id1055878.html\",\"name\":\"Riunione Annuale della Diplomazia Romena - Radio Romania Internazionale\",\"isPartOf\":{\"@id\":\"https:\\\/\\\/www.rri.ro\\\/#website\"},\"primaryImageOfPage\":{\"@id\":\"https:\\\/\\\/www.rri.ro\\\/it\\\/news\\\/in-primo-piano\\\/riunione-annuale-della-diplomazia-romena-id1055878.html#primaryimage\"},\"image\":{\"@id\":\"https:\\\/\\\/www.rri.ro\\\/it\\\/news\\\/in-primo-piano\\\/riunione-annuale-della-diplomazia-romena-id1055878.html#primaryimage\"},\"thumbnailUrl\":\"https:\\\/\\\/www.rri.ro\\\/wp-content\\\/uploads\\\/2026\\\/09\\\/Nicusor-Dan-discurs-RADR-2026-presidency-ro.jpg\",\"datePublished\":\"2026-09-02T07:52:43+00:00\",\"dateModified\":\"2026-09-02T07:55:12+00:00\",\"author\":{\"@id\":\"https:\\\/\\\/www.rri.ro\\\/#\\\/schema\\\/person\\\/c6036c822534c855dc3aad41a484f05d\"},\"breadcrumb\":{\"@id\":\"https:\\\/\\\/www.rri.ro\\\/it\\\/news\\\/in-primo-piano\\\/riunione-annuale-della-diplomazia-romena-id1055878.html#breadcrumb\"},\"inLanguage\":\"it-IT\",\"potentialAction\":[{\"@type\":\"ReadAction\",\"target\":[\"https:\\\/\\\/www.rri.ro\\\/it\\\/news\\\/in-primo-piano\\\/riunione-annuale-della-diplomazia-romena-id1055878.html\"]}]},{\"@type\":\"ImageObject\",\"inLanguage\":\"it-IT\",\"@id\":\"https:\\\/\\\/www.rri.ro\\\/it\\\/news\\\/in-primo-piano\\\/riunione-annuale-della-diplomazia-romena-id1055878.html#primaryimage\",\"url\":\"https:\\\/\\\/www.rri.ro\\\/wp-content\\\/uploads\\\/2026\\\/09\\\/Nicusor-Dan-discurs-RADR-2026-presidency-ro.jpg\",\"contentUrl\":\"https:\\\/\\\/www.rri.ro\\\/wp-content\\\/uploads\\\/2026\\\/09\\\/Nicusor-Dan-discurs-RADR-2026-presidency-ro.jpg\",\"width\":1280,\"height\":720,\"caption\":\"Discorso del presidente Nicu\u0219or Dan alla Riunione Annuale della Diplomazia Romena (foto: presidency.ro)\"},{\"@type\":\"BreadcrumbList\",\"@id\":\"https:\\\/\\\/www.rri.ro\\\/it\\\/news\\\/in-primo-piano\\\/riunione-annuale-della-diplomazia-romena-id1055878.html#breadcrumb\",\"itemListElement\":[{\"@type\":\"ListItem\",\"position\":1,\"name\":\"Pagina iniziale\",\"item\":\"https:\\\/\\\/www.rri.ro\\\/it\"},{\"@type\":\"ListItem\",\"position\":2,\"name\":\"News\",\"item\":\"https:\\\/\\\/www.rri.ro\\\/it\\\/news\"},{\"@type\":\"ListItem\",\"position\":3,\"name\":\"In primo piano\",\"item\":\"https:\\\/\\\/www.rri.ro\\\/it\\\/news\\\/in-primo-piano\"},{\"@type\":\"ListItem\",\"position\":4,\"name\":\"Riunione Annuale della Diplomazia Romena\"}]},{\"@type\":\"WebSite\",\"@id\":\"https:\\\/\\\/www.rri.ro\\\/#website\",\"url\":\"https:\\\/\\\/www.rri.ro\\\/\",\"name\":\"Radio Romania Internazionale\",\"description\":\"Totul despre Rom\u00e2nia \u015fi rom\u00e2ni, \u00een 13 limbi\\\/dialecte!\",\"inLanguage\":\"it-IT\"},{\"@type\":\"Person\",\"@id\":\"https:\\\/\\\/www.rri.ro\\\/#\\\/schema\\\/person\\\/c6036c822534c855dc3aad41a484f05d\",\"name\":\"Mihai Pelin\",\"url\":\"https:\\\/\\\/www.rri.ro\\\/it\\\/author\\\/mihai-pelin\"}]}<\/script>\n<!-- \/ Yoast SEO plugin. -->","yoast_head_json":{"title":"Riunione Annuale della Diplomazia Romena - Radio Romania Internazionale","robots":{"index":"index","follow":"follow","max-snippet":"max-snippet:-1","max-image-preview":"max-image-preview:large","max-video-preview":"max-video-preview:-1"},"canonical":"https:\/\/www.rri.ro\/it\/news\/in-primo-piano\/riunione-annuale-della-diplomazia-romena-id1055878.html","og_locale":"it_IT","og_type":"article","og_title":"Riunione Annuale della Diplomazia Romena - Radio Romania Internazionale","og_description":"La Romania contribuisce alla sicurezza transatlantica, del fianco orientale e della regione in cui ci troviamo, ha dichiarato il presidente Nicu\u0219or Dan nel discorso rivolto al corpo diplomatico a Bucarest, in occasione della Riunione Annuale della Diplomazia Romena. Il capo dello stato ha parlato dei grandi progetti di interconnessione regionale e ha annunciato che lo [&hellip;]","og_url":"https:\/\/www.rri.ro\/it\/news\/in-primo-piano\/riunione-annuale-della-diplomazia-romena-id1055878.html","og_site_name":"Radio Romania Internazionale","article_published_time":"2026-09-02T07:52:43+00:00","article_modified_time":"2026-09-02T07:55:12+00:00","og_image":[{"width":1280,"height":720,"url":"https:\/\/www.rri.ro\/wp-content\/uploads\/2026\/09\/Nicusor-Dan-discurs-RADR-2026-presidency-ro.jpg","type":"image\/jpeg"}],"author":"Mihai Pelin","twitter_card":"summary_large_image","twitter_misc":{"Scritto da":"Mihai Pelin","Tempo di lettura stimato":"2 minuti"},"schema":{"@context":"https:\/\/schema.org","@graph":[{"@type":"Article","@id":"https:\/\/www.rri.ro\/it\/news\/in-primo-piano\/riunione-annuale-della-diplomazia-romena-id1055878.html#article","isPartOf":{"@id":"https:\/\/www.rri.ro\/it\/news\/in-primo-piano\/riunione-annuale-della-diplomazia-romena-id1055878.html"},"author":{"name":"Mihai Pelin","@id":"https:\/\/www.rri.ro\/#\/schema\/person\/c6036c822534c855dc3aad41a484f05d"},"headline":"Riunione Annuale della Diplomazia Romena","datePublished":"2026-09-02T07:52:43+00:00","dateModified":"2026-09-02T07:55:12+00:00","mainEntityOfPage":{"@id":"https:\/\/www.rri.ro\/it\/news\/in-primo-piano\/riunione-annuale-della-diplomazia-romena-id1055878.html"},"wordCount":491,"image":{"@id":"https:\/\/www.rri.ro\/it\/news\/in-primo-piano\/riunione-annuale-della-diplomazia-romena-id1055878.html#primaryimage"},"thumbnailUrl":"https:\/\/www.rri.ro\/wp-content\/uploads\/2026\/09\/Nicusor-Dan-discurs-RADR-2026-presidency-ro.jpg","keywords":["presidente Nicusor Dan","Riunione annuale diplomazia romena"],"articleSection":["In primo piano"],"inLanguage":"it-IT"},{"@type":"WebPage","@id":"https:\/\/www.rri.ro\/it\/news\/in-primo-piano\/riunione-annuale-della-diplomazia-romena-id1055878.html","url":"https:\/\/www.rri.ro\/it\/news\/in-primo-piano\/riunione-annuale-della-diplomazia-romena-id1055878.html","name":"Riunione Annuale della Diplomazia Romena - Radio Romania Internazionale","isPartOf":{"@id":"https:\/\/www.rri.ro\/#website"},"primaryImageOfPage":{"@id":"https:\/\/www.rri.ro\/it\/news\/in-primo-piano\/riunione-annuale-della-diplomazia-romena-id1055878.html#primaryimage"},"image":{"@id":"https:\/\/www.rri.ro\/it\/news\/in-primo-piano\/riunione-annuale-della-diplomazia-romena-id1055878.html#primaryimage"},"thumbnailUrl":"https:\/\/www.rri.ro\/wp-content\/uploads\/2026\/09\/Nicusor-Dan-discurs-RADR-2026-presidency-ro.jpg","datePublished":"2026-09-02T07:52:43+00:00","dateModified":"2026-09-02T07:55:12+00:00","author":{"@id":"https:\/\/www.rri.ro\/#\/schema\/person\/c6036c822534c855dc3aad41a484f05d"},"breadcrumb":{"@id":"https:\/\/www.rri.ro\/it\/news\/in-primo-piano\/riunione-annuale-della-diplomazia-romena-id1055878.html#breadcrumb"},"inLanguage":"it-IT","potentialAction":[{"@type":"ReadAction","target":["https:\/\/www.rri.ro\/it\/news\/in-primo-piano\/riunione-annuale-della-diplomazia-romena-id1055878.html"]}]},{"@type":"ImageObject","inLanguage":"it-IT","@id":"https:\/\/www.rri.ro\/it\/news\/in-primo-piano\/riunione-annuale-della-diplomazia-romena-id1055878.html#primaryimage","url":"https:\/\/www.rri.ro\/wp-content\/uploads\/2026\/09\/Nicusor-Dan-discurs-RADR-2026-presidency-ro.jpg","contentUrl":"https:\/\/www.rri.ro\/wp-content\/uploads\/2026\/09\/Nicusor-Dan-discurs-RADR-2026-presidency-ro.jpg","width":1280,"height":720,"caption":"Discorso del presidente Nicu\u0219or Dan alla Riunione Annuale della Diplomazia Romena (foto: presidency.ro)"},{"@type":"BreadcrumbList","@id":"https:\/\/www.rri.ro\/it\/news\/in-primo-piano\/riunione-annuale-della-diplomazia-romena-id1055878.html#breadcrumb","itemListElement":[{"@type":"ListItem","position":1,"name":"Pagina iniziale","item":"https:\/\/www.rri.ro\/it"},{"@type":"ListItem","position":2,"name":"News","item":"https:\/\/www.rri.ro\/it\/news"},{"@type":"ListItem","position":3,"name":"In primo piano","item":"https:\/\/www.rri.ro\/it\/news\/in-primo-piano"},{"@type":"ListItem","position":4,"name":"Riunione Annuale della Diplomazia Romena"}]},{"@type":"WebSite","@id":"https:\/\/www.rri.ro\/#website","url":"https:\/\/www.rri.ro\/","name":"Radio Romania Internazionale","description":"Totul despre Rom\u00e2nia \u015fi rom\u00e2ni, \u00een 13 limbi\/dialecte!","inLanguage":"it-IT"},{"@type":"Person","@id":"https:\/\/www.rri.ro\/#\/schema\/person\/c6036c822534c855dc3aad41a484f05d","name":"Mihai Pelin","url":"https:\/\/www.rri.ro\/it\/author\/mihai-pelin"}]}},"_links":{"self":[{"href":"https:\/\/www.rri.ro\/it\/wp-json\/wp\/v2\/posts\/1055878","targetHints":{"allow":["GET"]}}],"collection":[{"href":"https:\/\/www.rri.ro\/it\/wp-json\/wp\/v2\/posts"}],"about":[{"href":"https:\/\/www.rri.ro\/it\/wp-json\/wp\/v2\/types\/post"}],"author":[{"embeddable":true,"href":"https:\/\/www.rri.ro\/it\/wp-json\/wp\/v2\/users\/106"}],"replies":[{"embeddable":true,"href":"https:\/\/www.rri.ro\/it\/wp-json\/wp\/v2\/comments?post=1055878"}],"version-history":[{"count":2,"href":"https:\/\/www.rri.ro\/it\/wp-json\/wp\/v2\/posts\/1055878\/revisions"}],"predecessor-version":[{"id":1055881,"href":"https:\/\/www.rri.ro\/it\/wp-json\/wp\/v2\/posts\/1055878\/revisions\/1055881"}],"wp:featuredmedia":[{"embeddable":true,"href":"https:\/\/www.rri.ro\/it\/wp-json\/wp\/v2\/media\/1055849"}],"wp:attachment":[{"href":"https:\/\/www.rri.ro\/it\/wp-json\/wp\/v2\/media?parent=1055878"}],"wp:term":[{"taxonomy":"category","embeddable":true,"href":"https:\/\/www.rri.ro\/it\/wp-json\/wp\/v2\/categories?post=1055878"},{"taxonomy":"post_tag","embeddable":true,"href":"https:\/\/www.rri.ro\/it\/wp-json\/wp\/v2\/tags?post=1055878"},{"taxonomy":"author","embeddable":true,"href":"https:\/\/www.rri.ro\/it\/wp-json\/wp\/v2\/coauthors?post=1055878"}],"curies":[{"name":"wp","href":"https:\/\/api.w.org\/{rel}","templated":true}]}}