{"id":1055901,"date":"2026-09-03T09:33:36","date_gmt":"2026-09-03T06:33:36","guid":{"rendered":"https:\/\/www.rri.ro\/?p=1055901"},"modified":"2026-09-02T12:57:14","modified_gmt":"2026-09-02T09:57:14","slug":"musica-al-museo-un-viaggio-nel-mondo-delle-arti","status":"publish","type":"post","link":"https:\/\/www.rri.ro\/it\/guida-programmi\/agenda-culturale\/musica-al-museo-un-viaggio-nel-mondo-delle-arti-id1055901.html","title":{"rendered":"Musica al Museo. Un viaggio nel mondo delle arti"},"content":{"rendered":"<p>Sotto la direzione artistica della violinista Clara Cernat e sotto il patrocinio della Commissione Nazionale della Romania per l\u2019UNESCO e della Rete Nazionale dei Musei della Romania, l\u2019iniziativa porta all\u2019attenzione del pubblico, attraverso concerti, presentazioni di libri ed esposizioni, diversi spazi museali di Bucarest, mettendo in dialogo il patrimonio artistico con le espressioni musicali e creando esperienze immersive e tematiche, volte a valorizzare le collezioni di questi musei in modo innovativo e accessibile a tutti, precisano gli organizzatori in un comunicato.<\/p>\n<p>La rassegna sar\u00e0 inaugurata dal concerto &#8220;Vivaldi, il violino delle Quattro Stagioni&#8221;, in programma il 4 settembre, alle ore 18:00, presso il Museo Nazionale Cotroceni. Protagonisti saranno la violinista Clara Cernat, direttrice artistica del progetto, il pianista e compositore francese Thierry Huillet e la giornalista e scrittrice Ioana B\u00e2ldea Constantinescu. L\u2019evento, organizzato in partenariato con il Museo Nazionale Cotroceni, ricorda i 285 anni trascorsi dalla scomparsa del compositore italiano Antonio Vivaldi.<\/p>\n<p>Il 5 settembre, dalle ore 17:00, presso il Museo Nazionale della Letteratura Romena, sar\u00e0 presentato l\u2019omonimo volume &#8220;Vivaldi, il violino delle Quattro Stagioni&#8221; di Clara Cernat, pubblicato presso Rediviva Edizioni di Milano. L\u2019evento, moderato dalla giornalista e scrittrice Elena Loreta Popa, \u00e8 organizzato in partenariato con il Museo Nazionale della Letteratura Romena e Rediviva Edizioni di Milano.<\/p>\n<p>Tra gli altri appuntamenti in programma figurano &#8220;Electroclassic. La poesia di un violino su ritmi moderni&#8221;, in programma domenica 6 settembre presso MARe \u2013 Museo d\u2019Arte Recente, e &#8220;In Risonanza&#8221;, con il Duo Serafim, composto dai violoncellisti \u0218tefan Cazacu e Mircea Marian, marted\u00ec 8 settembre presso il Museo delle Collezioni d\u2019Arte \u2013 Palazzo Romanit.<\/p>\n<p>Altri riferimenti del progetto sono il recital &#8220;Il sogno meccanico di Mozart&#8221;, tenuto dal fisarmonicista Ghenadie Rotari, il concerto &#8220;Il soffiatore dei sogni&#8221;, eseguito dall\u2019Ensemble Imago Mundi presso il Museo Nazionale del Contadino Romeno, e &#8220;<em>C\u00e2rstovul viilor<\/em> \u2013 Usanze della vendemmia&#8221;, in programma domenica 13 settembre, presso il Museo Nazionale del Villaggio Dimitrie Gusti. Il Museo Nazionale del Villaggio Dimitrie Gusti organizza ogni anno, in occasione della Festa dell\u2019Esaltazione della Santa Croce, celebrata il 14 settembre, una rosa di eventi che riportano all\u2019attenzione del pubblico le usanze e le tradizioni di una volta. Nell\u2019edizione di quest\u2019anno, uno dei concerti sar\u00e0 quello tenuto dall\u2019Ensemble Folcloristico \u021aara Vrancei di Foc\u0219ani, coordinato dalla cantante di musica popolare prof.ssa Maria Murgoci.<\/p>\n<p>Il concerto &#8220;Romania. 100 minuti&#8221; del Gruppo Trei Parale, in programma il 13 settembre presso il Museo d\u2019Arte Popolare Nicolae Minovici, &#8220;Hommage \u00e0 Constantin Br\u00e2ncu\u015fi&#8221;, con Oxana Corjos al pianoforte e Petru Pane al clarinetto, che avr\u00e0 luogo il 16 settembre presso Casa Filipescu-Cesianu, &#8220;I colori di un giardino sonoro. Omaggio a George Enescu&#8221;, che si terr\u00e0 il 17 settembre presso il Museo Theodor Aman, con il soprano Rodica Vic\u0103 e il chitarrista Lauren\u021biu Topal\u0103, sono altri eventi di portata proposti dagli organizzatori.<\/p>\n<p>Il 18 settembre, presso le Gallerie Artmark \u2013 Palazzo Cesianu-Racovi\u021b\u0103, la musicologa Lumini\u021ba Arvunescu inviter\u00e0 il pubblico a un\u2019edizione speciale di &#8220;Opera Fantastica 10 \u2013 Quando la musica diventa un incontro dell\u2019anima&#8221;, che avr\u00e0 come ospite il celebre mezzosoprano Ruxandra Donose, accompagnata al pianoforte da Sergiu Tuhu\u021biu.<\/p>\n<p>La rassegna si chiuder\u00e0 il 19 settembre, quando l\u2019Associazione per la Musica, l\u2019Arte e la Cultura e il Museo Nazionale di Storia della Romania organizzano la mostra celebrativa &#8220;Viorica Cortez 90&#8221;, che riunir\u00e0 una selezione di materiali volti a illustrare la prestigiosa carriera artistica del celebre mezzosoprano, in occasione del 90\u00b0 anniversario della nascita.<\/p>\n<p>Il programma integrale e maggiori dettagli sono disponibili sul <a href=\"https:\/\/musicarte.ro\/muzica-la-muzeu\/\">sito web dell\u2019Associazione per la Musica, l\u2019Arte e la Cultura<\/a>.<\/p>\n","protected":false},"excerpt":{"rendered":"<p>Sotto la direzione artistica della violinista Clara Cernat e sotto il patrocinio della Commissione Nazionale della Romania per l\u2019UNESCO e della Rete Nazionale dei Musei della Romania, l\u2019iniziativa porta all\u2019attenzione del pubblico, attraverso concerti, presentazioni di libri ed esposizioni, diversi spazi museali di Bucarest, mettendo in dialogo il patrimonio artistico con le espressioni musicali e [&hellip;]<\/p>\n","protected":false},"author":25,"featured_media":1055872,"comment_status":"closed","ping_status":"closed","sticky":false,"template":"","format":"standard","meta":{"_acf_changed":false,"footnotes":""},"categories":[132210],"tags":[196000,196001,195999,19347],"coauthors":[113261],"class_list":["post-1055901","post","type-post","status-publish","format-standard","has-post-thumbnail","hentry","category-agenda-culturale","tag-associazione-per-la-musica","tag-larte-e-la-cultura","tag-musica-al-museo-un-viaggio-nel-mondo-delle-arti","tag-romania"],"acf":[],"yoast_head":"<!-- This site is optimized with the Yoast SEO plugin v28.2 - https:\/\/yoast.com\/product\/yoast-seo-wordpress\/ -->\n<title>Musica al Museo. Un viaggio nel mondo delle arti - Radio Romania Internazionale<\/title>\n<meta name=\"robots\" content=\"index, follow, max-snippet:-1, max-image-preview:large, max-video-preview:-1\" \/>\n<link rel=\"canonical\" href=\"https:\/\/www.rri.ro\/it\/guida-programmi\/agenda-culturale\/musica-al-museo-un-viaggio-nel-mondo-delle-arti-id1055901.html\" \/>\n<meta property=\"og:locale\" content=\"it_IT\" \/>\n<meta property=\"og:type\" content=\"article\" \/>\n<meta property=\"og:title\" content=\"Musica al Museo. Un viaggio nel mondo delle arti - Radio Romania Internazionale\" \/>\n<meta property=\"og:description\" content=\"Sotto la direzione artistica della violinista Clara Cernat e sotto il patrocinio della Commissione Nazionale della Romania per l\u2019UNESCO e della Rete Nazionale dei Musei della Romania, l\u2019iniziativa porta all\u2019attenzione del pubblico, attraverso concerti, presentazioni di libri ed esposizioni, diversi spazi museali di Bucarest, mettendo in dialogo il patrimonio artistico con le espressioni musicali e [&hellip;]\" \/>\n<meta property=\"og:url\" content=\"https:\/\/www.rri.ro\/it\/guida-programmi\/agenda-culturale\/musica-al-museo-un-viaggio-nel-mondo-delle-arti-id1055901.html\" \/>\n<meta property=\"og:site_name\" content=\"Radio Romania Internazionale\" \/>\n<meta property=\"article:published_time\" content=\"2026-09-03T06:33:36+00:00\" \/>\n<meta property=\"og:image\" content=\"https:\/\/www.rri.ro\/wp-content\/uploads\/2026\/09\/afis-Muzica-la-Muzeu-2026.jpg\" \/>\n\t<meta property=\"og:image:width\" content=\"1280\" \/>\n\t<meta property=\"og:image:height\" content=\"720\" \/>\n\t<meta property=\"og:image:type\" content=\"image\/jpeg\" \/>\n<meta name=\"author\" content=\"Iuliana Sima Anghel\" \/>\n<meta name=\"twitter:card\" content=\"summary_large_image\" \/>\n<meta name=\"twitter:label1\" content=\"Scritto da\" \/>\n\t<meta name=\"twitter:data1\" content=\"Iuliana Sima Anghel\" \/>\n\t<meta name=\"twitter:label2\" content=\"Tempo di lettura stimato\" \/>\n\t<meta name=\"twitter:data2\" content=\"3 minuti\" \/>\n<script type=\"application\/ld+json\" class=\"yoast-schema-graph\">{\"@context\":\"https:\\\/\\\/schema.org\",\"@graph\":[{\"@type\":\"Article\",\"@id\":\"https:\\\/\\\/www.rri.ro\\\/it\\\/guida-programmi\\\/agenda-culturale\\\/musica-al-museo-un-viaggio-nel-mondo-delle-arti-id1055901.html#article\",\"isPartOf\":{\"@id\":\"https:\\\/\\\/www.rri.ro\\\/it\\\/guida-programmi\\\/agenda-culturale\\\/musica-al-museo-un-viaggio-nel-mondo-delle-arti-id1055901.html\"},\"author\":{\"name\":\"Iuliana Sima Anghel\",\"@id\":\"https:\\\/\\\/www.rri.ro\\\/#\\\/schema\\\/person\\\/2ec0b7b6683d5603f319a9da9050c563\"},\"headline\":\"Musica al Museo. Un viaggio nel mondo delle arti\",\"datePublished\":\"2026-09-03T06:33:36+00:00\",\"mainEntityOfPage\":{\"@id\":\"https:\\\/\\\/www.rri.ro\\\/it\\\/guida-programmi\\\/agenda-culturale\\\/musica-al-museo-un-viaggio-nel-mondo-delle-arti-id1055901.html\"},\"wordCount\":597,\"image\":{\"@id\":\"https:\\\/\\\/www.rri.ro\\\/it\\\/guida-programmi\\\/agenda-culturale\\\/musica-al-museo-un-viaggio-nel-mondo-delle-arti-id1055901.html#primaryimage\"},\"thumbnailUrl\":\"https:\\\/\\\/www.rri.ro\\\/wp-content\\\/uploads\\\/2026\\\/09\\\/afis-Muzica-la-Muzeu-2026.jpg\",\"keywords\":[\"Associazione per la Musica\",\"l\u2019Arte e la Cultura\",\"Musica al Museo Un viaggio nel mondo delle arti\",\"Romania\"],\"articleSection\":[\"Agenda culturale\"],\"inLanguage\":\"it-IT\"},{\"@type\":\"WebPage\",\"@id\":\"https:\\\/\\\/www.rri.ro\\\/it\\\/guida-programmi\\\/agenda-culturale\\\/musica-al-museo-un-viaggio-nel-mondo-delle-arti-id1055901.html\",\"url\":\"https:\\\/\\\/www.rri.ro\\\/it\\\/guida-programmi\\\/agenda-culturale\\\/musica-al-museo-un-viaggio-nel-mondo-delle-arti-id1055901.html\",\"name\":\"Musica al Museo. Un viaggio nel mondo delle arti - Radio Romania Internazionale\",\"isPartOf\":{\"@id\":\"https:\\\/\\\/www.rri.ro\\\/#website\"},\"primaryImageOfPage\":{\"@id\":\"https:\\\/\\\/www.rri.ro\\\/it\\\/guida-programmi\\\/agenda-culturale\\\/musica-al-museo-un-viaggio-nel-mondo-delle-arti-id1055901.html#primaryimage\"},\"image\":{\"@id\":\"https:\\\/\\\/www.rri.ro\\\/it\\\/guida-programmi\\\/agenda-culturale\\\/musica-al-museo-un-viaggio-nel-mondo-delle-arti-id1055901.html#primaryimage\"},\"thumbnailUrl\":\"https:\\\/\\\/www.rri.ro\\\/wp-content\\\/uploads\\\/2026\\\/09\\\/afis-Muzica-la-Muzeu-2026.jpg\",\"datePublished\":\"2026-09-03T06:33:36+00:00\",\"author\":{\"@id\":\"https:\\\/\\\/www.rri.ro\\\/#\\\/schema\\\/person\\\/2ec0b7b6683d5603f319a9da9050c563\"},\"breadcrumb\":{\"@id\":\"https:\\\/\\\/www.rri.ro\\\/it\\\/guida-programmi\\\/agenda-culturale\\\/musica-al-museo-un-viaggio-nel-mondo-delle-arti-id1055901.html#breadcrumb\"},\"inLanguage\":\"it-IT\",\"potentialAction\":[{\"@type\":\"ReadAction\",\"target\":[\"https:\\\/\\\/www.rri.ro\\\/it\\\/guida-programmi\\\/agenda-culturale\\\/musica-al-museo-un-viaggio-nel-mondo-delle-arti-id1055901.html\"]}]},{\"@type\":\"ImageObject\",\"inLanguage\":\"it-IT\",\"@id\":\"https:\\\/\\\/www.rri.ro\\\/it\\\/guida-programmi\\\/agenda-culturale\\\/musica-al-museo-un-viaggio-nel-mondo-delle-arti-id1055901.html#primaryimage\",\"url\":\"https:\\\/\\\/www.rri.ro\\\/wp-content\\\/uploads\\\/2026\\\/09\\\/afis-Muzica-la-Muzeu-2026.jpg\",\"contentUrl\":\"https:\\\/\\\/www.rri.ro\\\/wp-content\\\/uploads\\\/2026\\\/09\\\/afis-Muzica-la-Muzeu-2026.jpg\",\"width\":1280,\"height\":720,\"caption\":\"Musica al Museo. Un viaggio nel mondo delle arti (fonte: https:\\\/\\\/www.facebook.com\\\/asociatia.muzicaartacultura\\\/)\"},{\"@type\":\"BreadcrumbList\",\"@id\":\"https:\\\/\\\/www.rri.ro\\\/it\\\/guida-programmi\\\/agenda-culturale\\\/musica-al-museo-un-viaggio-nel-mondo-delle-arti-id1055901.html#breadcrumb\",\"itemListElement\":[{\"@type\":\"ListItem\",\"position\":1,\"name\":\"Pagina iniziale\",\"item\":\"https:\\\/\\\/www.rri.ro\\\/it\"},{\"@type\":\"ListItem\",\"position\":2,\"name\":\"Guida programmi\",\"item\":\"https:\\\/\\\/www.rri.ro\\\/it\\\/guida-programmi\"},{\"@type\":\"ListItem\",\"position\":3,\"name\":\"Agenda culturale\",\"item\":\"https:\\\/\\\/www.rri.ro\\\/it\\\/guida-programmi\\\/agenda-culturale\"},{\"@type\":\"ListItem\",\"position\":4,\"name\":\"Musica al Museo. Un viaggio nel mondo delle arti\"}]},{\"@type\":\"WebSite\",\"@id\":\"https:\\\/\\\/www.rri.ro\\\/#website\",\"url\":\"https:\\\/\\\/www.rri.ro\\\/\",\"name\":\"Radio Romania Internazionale\",\"description\":\"Totul despre Rom\u00e2nia \u015fi rom\u00e2ni, \u00een 13 limbi\\\/dialecte!\",\"inLanguage\":\"it-IT\"},{\"@type\":\"Person\",\"@id\":\"https:\\\/\\\/www.rri.ro\\\/#\\\/schema\\\/person\\\/2ec0b7b6683d5603f319a9da9050c563\",\"name\":\"Iuliana Sima Anghel\",\"url\":\"https:\\\/\\\/www.rri.ro\\\/it\\\/author\\\/iuliana-anghel\"}]}<\/script>\n<!-- \/ Yoast SEO plugin. -->","yoast_head_json":{"title":"Musica al Museo. Un viaggio nel mondo delle arti - Radio Romania Internazionale","robots":{"index":"index","follow":"follow","max-snippet":"max-snippet:-1","max-image-preview":"max-image-preview:large","max-video-preview":"max-video-preview:-1"},"canonical":"https:\/\/www.rri.ro\/it\/guida-programmi\/agenda-culturale\/musica-al-museo-un-viaggio-nel-mondo-delle-arti-id1055901.html","og_locale":"it_IT","og_type":"article","og_title":"Musica al Museo. Un viaggio nel mondo delle arti - Radio Romania Internazionale","og_description":"Sotto la direzione artistica della violinista Clara Cernat e sotto il patrocinio della Commissione Nazionale della Romania per l\u2019UNESCO e della Rete Nazionale dei Musei della Romania, l\u2019iniziativa porta all\u2019attenzione del pubblico, attraverso concerti, presentazioni di libri ed esposizioni, diversi spazi museali di Bucarest, mettendo in dialogo il patrimonio artistico con le espressioni musicali e [&hellip;]","og_url":"https:\/\/www.rri.ro\/it\/guida-programmi\/agenda-culturale\/musica-al-museo-un-viaggio-nel-mondo-delle-arti-id1055901.html","og_site_name":"Radio Romania Internazionale","article_published_time":"2026-09-03T06:33:36+00:00","og_image":[{"width":1280,"height":720,"url":"https:\/\/www.rri.ro\/wp-content\/uploads\/2026\/09\/afis-Muzica-la-Muzeu-2026.jpg","type":"image\/jpeg"}],"author":"Iuliana Sima Anghel","twitter_card":"summary_large_image","twitter_misc":{"Scritto da":"Iuliana Sima Anghel","Tempo di lettura stimato":"3 minuti"},"schema":{"@context":"https:\/\/schema.org","@graph":[{"@type":"Article","@id":"https:\/\/www.rri.ro\/it\/guida-programmi\/agenda-culturale\/musica-al-museo-un-viaggio-nel-mondo-delle-arti-id1055901.html#article","isPartOf":{"@id":"https:\/\/www.rri.ro\/it\/guida-programmi\/agenda-culturale\/musica-al-museo-un-viaggio-nel-mondo-delle-arti-id1055901.html"},"author":{"name":"Iuliana Sima Anghel","@id":"https:\/\/www.rri.ro\/#\/schema\/person\/2ec0b7b6683d5603f319a9da9050c563"},"headline":"Musica al Museo. Un viaggio nel mondo delle arti","datePublished":"2026-09-03T06:33:36+00:00","mainEntityOfPage":{"@id":"https:\/\/www.rri.ro\/it\/guida-programmi\/agenda-culturale\/musica-al-museo-un-viaggio-nel-mondo-delle-arti-id1055901.html"},"wordCount":597,"image":{"@id":"https:\/\/www.rri.ro\/it\/guida-programmi\/agenda-culturale\/musica-al-museo-un-viaggio-nel-mondo-delle-arti-id1055901.html#primaryimage"},"thumbnailUrl":"https:\/\/www.rri.ro\/wp-content\/uploads\/2026\/09\/afis-Muzica-la-Muzeu-2026.jpg","keywords":["Associazione per la Musica","l\u2019Arte e la Cultura","Musica al Museo Un viaggio nel mondo delle arti","Romania"],"articleSection":["Agenda culturale"],"inLanguage":"it-IT"},{"@type":"WebPage","@id":"https:\/\/www.rri.ro\/it\/guida-programmi\/agenda-culturale\/musica-al-museo-un-viaggio-nel-mondo-delle-arti-id1055901.html","url":"https:\/\/www.rri.ro\/it\/guida-programmi\/agenda-culturale\/musica-al-museo-un-viaggio-nel-mondo-delle-arti-id1055901.html","name":"Musica al Museo. Un viaggio nel mondo delle arti - Radio Romania Internazionale","isPartOf":{"@id":"https:\/\/www.rri.ro\/#website"},"primaryImageOfPage":{"@id":"https:\/\/www.rri.ro\/it\/guida-programmi\/agenda-culturale\/musica-al-museo-un-viaggio-nel-mondo-delle-arti-id1055901.html#primaryimage"},"image":{"@id":"https:\/\/www.rri.ro\/it\/guida-programmi\/agenda-culturale\/musica-al-museo-un-viaggio-nel-mondo-delle-arti-id1055901.html#primaryimage"},"thumbnailUrl":"https:\/\/www.rri.ro\/wp-content\/uploads\/2026\/09\/afis-Muzica-la-Muzeu-2026.jpg","datePublished":"2026-09-03T06:33:36+00:00","author":{"@id":"https:\/\/www.rri.ro\/#\/schema\/person\/2ec0b7b6683d5603f319a9da9050c563"},"breadcrumb":{"@id":"https:\/\/www.rri.ro\/it\/guida-programmi\/agenda-culturale\/musica-al-museo-un-viaggio-nel-mondo-delle-arti-id1055901.html#breadcrumb"},"inLanguage":"it-IT","potentialAction":[{"@type":"ReadAction","target":["https:\/\/www.rri.ro\/it\/guida-programmi\/agenda-culturale\/musica-al-museo-un-viaggio-nel-mondo-delle-arti-id1055901.html"]}]},{"@type":"ImageObject","inLanguage":"it-IT","@id":"https:\/\/www.rri.ro\/it\/guida-programmi\/agenda-culturale\/musica-al-museo-un-viaggio-nel-mondo-delle-arti-id1055901.html#primaryimage","url":"https:\/\/www.rri.ro\/wp-content\/uploads\/2026\/09\/afis-Muzica-la-Muzeu-2026.jpg","contentUrl":"https:\/\/www.rri.ro\/wp-content\/uploads\/2026\/09\/afis-Muzica-la-Muzeu-2026.jpg","width":1280,"height":720,"caption":"Musica al Museo. Un viaggio nel mondo delle arti (fonte: https:\/\/www.facebook.com\/asociatia.muzicaartacultura\/)"},{"@type":"BreadcrumbList","@id":"https:\/\/www.rri.ro\/it\/guida-programmi\/agenda-culturale\/musica-al-museo-un-viaggio-nel-mondo-delle-arti-id1055901.html#breadcrumb","itemListElement":[{"@type":"ListItem","position":1,"name":"Pagina iniziale","item":"https:\/\/www.rri.ro\/it"},{"@type":"ListItem","position":2,"name":"Guida programmi","item":"https:\/\/www.rri.ro\/it\/guida-programmi"},{"@type":"ListItem","position":3,"name":"Agenda culturale","item":"https:\/\/www.rri.ro\/it\/guida-programmi\/agenda-culturale"},{"@type":"ListItem","position":4,"name":"Musica al Museo. Un viaggio nel mondo delle arti"}]},{"@type":"WebSite","@id":"https:\/\/www.rri.ro\/#website","url":"https:\/\/www.rri.ro\/","name":"Radio Romania Internazionale","description":"Totul despre Rom\u00e2nia \u015fi rom\u00e2ni, \u00een 13 limbi\/dialecte!","inLanguage":"it-IT"},{"@type":"Person","@id":"https:\/\/www.rri.ro\/#\/schema\/person\/2ec0b7b6683d5603f319a9da9050c563","name":"Iuliana Sima Anghel","url":"https:\/\/www.rri.ro\/it\/author\/iuliana-anghel"}]}},"_links":{"self":[{"href":"https:\/\/www.rri.ro\/it\/wp-json\/wp\/v2\/posts\/1055901","targetHints":{"allow":["GET"]}}],"collection":[{"href":"https:\/\/www.rri.ro\/it\/wp-json\/wp\/v2\/posts"}],"about":[{"href":"https:\/\/www.rri.ro\/it\/wp-json\/wp\/v2\/types\/post"}],"author":[{"embeddable":true,"href":"https:\/\/www.rri.ro\/it\/wp-json\/wp\/v2\/users\/25"}],"replies":[{"embeddable":true,"href":"https:\/\/www.rri.ro\/it\/wp-json\/wp\/v2\/comments?post=1055901"}],"version-history":[{"count":2,"href":"https:\/\/www.rri.ro\/it\/wp-json\/wp\/v2\/posts\/1055901\/revisions"}],"predecessor-version":[{"id":1055910,"href":"https:\/\/www.rri.ro\/it\/wp-json\/wp\/v2\/posts\/1055901\/revisions\/1055910"}],"wp:featuredmedia":[{"embeddable":true,"href":"https:\/\/www.rri.ro\/it\/wp-json\/wp\/v2\/media\/1055872"}],"wp:attachment":[{"href":"https:\/\/www.rri.ro\/it\/wp-json\/wp\/v2\/media?parent=1055901"}],"wp:term":[{"taxonomy":"category","embeddable":true,"href":"https:\/\/www.rri.ro\/it\/wp-json\/wp\/v2\/categories?post=1055901"},{"taxonomy":"post_tag","embeddable":true,"href":"https:\/\/www.rri.ro\/it\/wp-json\/wp\/v2\/tags?post=1055901"},{"taxonomy":"author","embeddable":true,"href":"https:\/\/www.rri.ro\/it\/wp-json\/wp\/v2\/coauthors?post=1055901"}],"curies":[{"name":"wp","href":"https:\/\/api.w.org\/{rel}","templated":true}]}}