{"id":1055934,"date":"2026-09-03T14:05:08","date_gmt":"2026-09-03T11:05:08","guid":{"rendered":"https:\/\/www.rri.ro\/?p=1055934"},"modified":"2026-09-02T14:22:21","modified_gmt":"2026-09-02T11:22:21","slug":"concorso-internazionale-george-enescu-intervista-a-cristina-uruc-manager-artexim","status":"publish","type":"post","link":"https:\/\/www.rri.ro\/it\/guida-programmi\/raccontare-romania\/concorso-internazionale-george-enescu-intervista-a-cristina-uruc-manager-artexim-id1055934.html","title":{"rendered":"Concorso Internazionale George Enescu: intervista a Cristina Uruc, manager ARTEXIM"},"content":{"rendered":"<p>L\u2019edizione 2026 si svolge nel 145\/o anniversario della nascita del grande compositore romeno al quale sono intitolati il festival e il concorso, che si trovano sotto la direzione artistica del Maestro Cristian M\u0103celaru.<\/p>\n<p>Da quasi sette decenni, il Concorso Enescu rappresenta un trampolino di lancio per musicisti provenienti da tutto il mondo e una porta d\u2019accesso alla scena internazionale della musica classica, precisano gli organizzatori. Il tema dell\u2019edizione celebrativa &#8211; \u201cIn the Pursuit of Excellence\u201d\/ \u201cAlla ricerca dell\u2019eccellenza\u201d &#8211; riflette l\u2019ideale artistico che ha definito l\u2019intera vita e l\u2019attivit\u00e0 di George Enescu: eccellenza, autenticit\u00e0, generosit\u00e0 e responsabilit\u00e0 nei confronti dell\u2019atto artistico. Ispirato al suo esempio, il Concorso continua a sostenere lo sviluppo della nuova generazione di musicisti attraverso la performance, l\u2019educazione e il mentoring.<\/p>\n<p>In un\u2019intervista a Radio Romania Internazionale Cristina Uruc, la direttrice di ARTEXIM, organizzatore del Concorso e dell\u2019omonimo celebre Festival, ha spiegato che l\u2019edizione 2026 riunisce 819 concorrenti di 58 paesi. La nostra ospite ha parlato anche del recital che il violoncellista Enrico Dindo terr\u00e0 il 10 settembre presso la Sala Thalia di Sibiu insieme alla pianista Monica Cattarossi.<\/p>\n<p>Il Festival e il Concorso Internazionale \u201cGeorge Enescu\u201d, progetto finanziato dal governo della Romania attraverso il Ministero della Cultura e organizzato da ARTEXIM, si svolgono sotto l\u2019Alto Patronato del presidente della Romania. Radio Romania \u00e8 coproduttore degli eventi.<\/p>\n<p>&nbsp;<\/p>\n<div style=\"width: 100%; max-width: 960px; margin: 0 auto;\"><iframe style=\"display: block; width: 100%; height: 160px; border: 0;\" title=\"Concorso Internazionale George Enescu: intervista a Cristina Uruc, manager ARTEXIM\" src=\"https:\/\/mediahub.srr.ro\/e\/JOM3qsRx5X\"><br \/>\n<\/iframe><\/div>\n<p>&nbsp;<\/p>\n","protected":false},"excerpt":{"rendered":"<p>L\u2019edizione 2026 si svolge nel 145\/o anniversario della nascita del grande compositore romeno al quale sono intitolati il festival e il concorso, che si trovano sotto la direzione artistica del Maestro Cristian M\u0103celaru. Da quasi sette decenni, il Concorso Enescu rappresenta un trampolino di lancio per musicisti provenienti da tutto il mondo e una porta [&hellip;]<\/p>\n","protected":false},"author":25,"featured_media":1048169,"comment_status":"closed","ping_status":"closed","sticky":false,"template":"","format":"audio","meta":{"_acf_changed":false,"footnotes":""},"categories":[132208],"tags":[],"coauthors":[113261],"class_list":["post-1055934","post","type-post","status-publish","format-audio","has-post-thumbnail","hentry","category-raccontare-romania","post_format-post-format-audio"],"acf":[],"yoast_head":"<!-- This site is optimized with the Yoast SEO plugin v28.2 - https:\/\/yoast.com\/product\/yoast-seo-wordpress\/ -->\n<title>Concorso Internazionale George Enescu: intervista a Cristina Uruc, manager ARTEXIM - Radio Romania Internazionale<\/title>\n<meta name=\"robots\" content=\"index, follow, max-snippet:-1, max-image-preview:large, max-video-preview:-1\" \/>\n<link rel=\"canonical\" href=\"https:\/\/www.rri.ro\/it\/guida-programmi\/raccontare-romania\/concorso-internazionale-george-enescu-intervista-a-cristina-uruc-manager-artexim-id1055934.html\" \/>\n<meta property=\"og:locale\" content=\"it_IT\" \/>\n<meta property=\"og:type\" content=\"article\" \/>\n<meta property=\"og:title\" content=\"Concorso Internazionale George Enescu: intervista a Cristina Uruc, manager ARTEXIM - Radio Romania Internazionale\" \/>\n<meta property=\"og:description\" content=\"L\u2019edizione 2026 si svolge nel 145\/o anniversario della nascita del grande compositore romeno al quale sono intitolati il festival e il concorso, che si trovano sotto la direzione artistica del Maestro Cristian M\u0103celaru. Da quasi sette decenni, il Concorso Enescu rappresenta un trampolino di lancio per musicisti provenienti da tutto il mondo e una porta [&hellip;]\" \/>\n<meta property=\"og:url\" content=\"https:\/\/www.rri.ro\/it\/guida-programmi\/raccontare-romania\/concorso-internazionale-george-enescu-intervista-a-cristina-uruc-manager-artexim-id1055934.html\" \/>\n<meta property=\"og:site_name\" content=\"Radio Romania Internazionale\" \/>\n<meta property=\"article:published_time\" content=\"2026-09-03T11:05:08+00:00\" \/>\n<meta property=\"og:image\" content=\"https:\/\/www.rri.ro\/wp-content\/uploads\/2026\/08\/afis-festivalul-enescu-2026-foto-fetivalul-enescu.jpg\" \/>\n\t<meta property=\"og:image:width\" content=\"960\" \/>\n\t<meta property=\"og:image:height\" content=\"544\" \/>\n\t<meta property=\"og:image:type\" content=\"image\/jpeg\" \/>\n<meta name=\"author\" content=\"Iuliana Sima Anghel\" \/>\n<meta name=\"twitter:card\" content=\"summary_large_image\" \/>\n<meta name=\"twitter:label1\" content=\"Scritto da\" \/>\n\t<meta name=\"twitter:data1\" content=\"Iuliana Sima Anghel\" \/>\n\t<meta name=\"twitter:label2\" content=\"Tempo di lettura stimato\" \/>\n\t<meta name=\"twitter:data2\" content=\"1 minuto\" \/>\n<script type=\"application\/ld+json\" class=\"yoast-schema-graph\">{\"@context\":\"https:\\\/\\\/schema.org\",\"@graph\":[{\"@type\":\"Article\",\"@id\":\"https:\\\/\\\/www.rri.ro\\\/it\\\/guida-programmi\\\/raccontare-romania\\\/concorso-internazionale-george-enescu-intervista-a-cristina-uruc-manager-artexim-id1055934.html#article\",\"isPartOf\":{\"@id\":\"https:\\\/\\\/www.rri.ro\\\/it\\\/guida-programmi\\\/raccontare-romania\\\/concorso-internazionale-george-enescu-intervista-a-cristina-uruc-manager-artexim-id1055934.html\"},\"author\":{\"name\":\"Iuliana Sima Anghel\",\"@id\":\"https:\\\/\\\/www.rri.ro\\\/#\\\/schema\\\/person\\\/2ec0b7b6683d5603f319a9da9050c563\"},\"headline\":\"Concorso Internazionale George Enescu: intervista a Cristina Uruc, manager ARTEXIM\",\"datePublished\":\"2026-09-03T11:05:08+00:00\",\"mainEntityOfPage\":{\"@id\":\"https:\\\/\\\/www.rri.ro\\\/it\\\/guida-programmi\\\/raccontare-romania\\\/concorso-internazionale-george-enescu-intervista-a-cristina-uruc-manager-artexim-id1055934.html\"},\"wordCount\":240,\"image\":{\"@id\":\"https:\\\/\\\/www.rri.ro\\\/it\\\/guida-programmi\\\/raccontare-romania\\\/concorso-internazionale-george-enescu-intervista-a-cristina-uruc-manager-artexim-id1055934.html#primaryimage\"},\"thumbnailUrl\":\"https:\\\/\\\/www.rri.ro\\\/wp-content\\\/uploads\\\/2026\\\/08\\\/afis-festivalul-enescu-2026-foto-fetivalul-enescu.jpg\",\"articleSection\":[\"Raccontare Romania\"],\"inLanguage\":\"it-IT\"},{\"@type\":\"WebPage\",\"@id\":\"https:\\\/\\\/www.rri.ro\\\/it\\\/guida-programmi\\\/raccontare-romania\\\/concorso-internazionale-george-enescu-intervista-a-cristina-uruc-manager-artexim-id1055934.html\",\"url\":\"https:\\\/\\\/www.rri.ro\\\/it\\\/guida-programmi\\\/raccontare-romania\\\/concorso-internazionale-george-enescu-intervista-a-cristina-uruc-manager-artexim-id1055934.html\",\"name\":\"Concorso Internazionale George Enescu: intervista a Cristina Uruc, manager ARTEXIM - Radio Romania Internazionale\",\"isPartOf\":{\"@id\":\"https:\\\/\\\/www.rri.ro\\\/#website\"},\"primaryImageOfPage\":{\"@id\":\"https:\\\/\\\/www.rri.ro\\\/it\\\/guida-programmi\\\/raccontare-romania\\\/concorso-internazionale-george-enescu-intervista-a-cristina-uruc-manager-artexim-id1055934.html#primaryimage\"},\"image\":{\"@id\":\"https:\\\/\\\/www.rri.ro\\\/it\\\/guida-programmi\\\/raccontare-romania\\\/concorso-internazionale-george-enescu-intervista-a-cristina-uruc-manager-artexim-id1055934.html#primaryimage\"},\"thumbnailUrl\":\"https:\\\/\\\/www.rri.ro\\\/wp-content\\\/uploads\\\/2026\\\/08\\\/afis-festivalul-enescu-2026-foto-fetivalul-enescu.jpg\",\"datePublished\":\"2026-09-03T11:05:08+00:00\",\"author\":{\"@id\":\"https:\\\/\\\/www.rri.ro\\\/#\\\/schema\\\/person\\\/2ec0b7b6683d5603f319a9da9050c563\"},\"breadcrumb\":{\"@id\":\"https:\\\/\\\/www.rri.ro\\\/it\\\/guida-programmi\\\/raccontare-romania\\\/concorso-internazionale-george-enescu-intervista-a-cristina-uruc-manager-artexim-id1055934.html#breadcrumb\"},\"inLanguage\":\"it-IT\",\"potentialAction\":[{\"@type\":\"ReadAction\",\"target\":[\"https:\\\/\\\/www.rri.ro\\\/it\\\/guida-programmi\\\/raccontare-romania\\\/concorso-internazionale-george-enescu-intervista-a-cristina-uruc-manager-artexim-id1055934.html\"]}]},{\"@type\":\"ImageObject\",\"inLanguage\":\"it-IT\",\"@id\":\"https:\\\/\\\/www.rri.ro\\\/it\\\/guida-programmi\\\/raccontare-romania\\\/concorso-internazionale-george-enescu-intervista-a-cristina-uruc-manager-artexim-id1055934.html#primaryimage\",\"url\":\"https:\\\/\\\/www.rri.ro\\\/wp-content\\\/uploads\\\/2026\\\/08\\\/afis-festivalul-enescu-2026-foto-fetivalul-enescu.jpg\",\"contentUrl\":\"https:\\\/\\\/www.rri.ro\\\/wp-content\\\/uploads\\\/2026\\\/08\\\/afis-festivalul-enescu-2026-foto-fetivalul-enescu.jpg\",\"width\":960,\"height\":544,\"caption\":\"foto: festivalenescu.ro\"},{\"@type\":\"BreadcrumbList\",\"@id\":\"https:\\\/\\\/www.rri.ro\\\/it\\\/guida-programmi\\\/raccontare-romania\\\/concorso-internazionale-george-enescu-intervista-a-cristina-uruc-manager-artexim-id1055934.html#breadcrumb\",\"itemListElement\":[{\"@type\":\"ListItem\",\"position\":1,\"name\":\"Pagina iniziale\",\"item\":\"https:\\\/\\\/www.rri.ro\\\/it\"},{\"@type\":\"ListItem\",\"position\":2,\"name\":\"Guida programmi\",\"item\":\"https:\\\/\\\/www.rri.ro\\\/it\\\/guida-programmi\"},{\"@type\":\"ListItem\",\"position\":3,\"name\":\"Raccontare Romania\",\"item\":\"https:\\\/\\\/www.rri.ro\\\/it\\\/guida-programmi\\\/raccontare-romania\"},{\"@type\":\"ListItem\",\"position\":4,\"name\":\"Concorso Internazionale George Enescu: intervista a Cristina Uruc, manager ARTEXIM\"}]},{\"@type\":\"WebSite\",\"@id\":\"https:\\\/\\\/www.rri.ro\\\/#website\",\"url\":\"https:\\\/\\\/www.rri.ro\\\/\",\"name\":\"Radio Romania Internazionale\",\"description\":\"Totul despre Rom\u00e2nia \u015fi rom\u00e2ni, \u00een 13 limbi\\\/dialecte!\",\"inLanguage\":\"it-IT\"},{\"@type\":\"Person\",\"@id\":\"https:\\\/\\\/www.rri.ro\\\/#\\\/schema\\\/person\\\/2ec0b7b6683d5603f319a9da9050c563\",\"name\":\"Iuliana Sima Anghel\",\"url\":\"https:\\\/\\\/www.rri.ro\\\/it\\\/author\\\/iuliana-anghel\"}]}<\/script>\n<!-- \/ Yoast SEO plugin. -->","yoast_head_json":{"title":"Concorso Internazionale George Enescu: intervista a Cristina Uruc, manager ARTEXIM - Radio Romania Internazionale","robots":{"index":"index","follow":"follow","max-snippet":"max-snippet:-1","max-image-preview":"max-image-preview:large","max-video-preview":"max-video-preview:-1"},"canonical":"https:\/\/www.rri.ro\/it\/guida-programmi\/raccontare-romania\/concorso-internazionale-george-enescu-intervista-a-cristina-uruc-manager-artexim-id1055934.html","og_locale":"it_IT","og_type":"article","og_title":"Concorso Internazionale George Enescu: intervista a Cristina Uruc, manager ARTEXIM - Radio Romania Internazionale","og_description":"L\u2019edizione 2026 si svolge nel 145\/o anniversario della nascita del grande compositore romeno al quale sono intitolati il festival e il concorso, che si trovano sotto la direzione artistica del Maestro Cristian M\u0103celaru. Da quasi sette decenni, il Concorso Enescu rappresenta un trampolino di lancio per musicisti provenienti da tutto il mondo e una porta [&hellip;]","og_url":"https:\/\/www.rri.ro\/it\/guida-programmi\/raccontare-romania\/concorso-internazionale-george-enescu-intervista-a-cristina-uruc-manager-artexim-id1055934.html","og_site_name":"Radio Romania Internazionale","article_published_time":"2026-09-03T11:05:08+00:00","og_image":[{"width":960,"height":544,"url":"https:\/\/www.rri.ro\/wp-content\/uploads\/2026\/08\/afis-festivalul-enescu-2026-foto-fetivalul-enescu.jpg","type":"image\/jpeg"}],"author":"Iuliana Sima Anghel","twitter_card":"summary_large_image","twitter_misc":{"Scritto da":"Iuliana Sima Anghel","Tempo di lettura stimato":"1 minuto"},"schema":{"@context":"https:\/\/schema.org","@graph":[{"@type":"Article","@id":"https:\/\/www.rri.ro\/it\/guida-programmi\/raccontare-romania\/concorso-internazionale-george-enescu-intervista-a-cristina-uruc-manager-artexim-id1055934.html#article","isPartOf":{"@id":"https:\/\/www.rri.ro\/it\/guida-programmi\/raccontare-romania\/concorso-internazionale-george-enescu-intervista-a-cristina-uruc-manager-artexim-id1055934.html"},"author":{"name":"Iuliana Sima Anghel","@id":"https:\/\/www.rri.ro\/#\/schema\/person\/2ec0b7b6683d5603f319a9da9050c563"},"headline":"Concorso Internazionale George Enescu: intervista a Cristina Uruc, manager ARTEXIM","datePublished":"2026-09-03T11:05:08+00:00","mainEntityOfPage":{"@id":"https:\/\/www.rri.ro\/it\/guida-programmi\/raccontare-romania\/concorso-internazionale-george-enescu-intervista-a-cristina-uruc-manager-artexim-id1055934.html"},"wordCount":240,"image":{"@id":"https:\/\/www.rri.ro\/it\/guida-programmi\/raccontare-romania\/concorso-internazionale-george-enescu-intervista-a-cristina-uruc-manager-artexim-id1055934.html#primaryimage"},"thumbnailUrl":"https:\/\/www.rri.ro\/wp-content\/uploads\/2026\/08\/afis-festivalul-enescu-2026-foto-fetivalul-enescu.jpg","articleSection":["Raccontare Romania"],"inLanguage":"it-IT"},{"@type":"WebPage","@id":"https:\/\/www.rri.ro\/it\/guida-programmi\/raccontare-romania\/concorso-internazionale-george-enescu-intervista-a-cristina-uruc-manager-artexim-id1055934.html","url":"https:\/\/www.rri.ro\/it\/guida-programmi\/raccontare-romania\/concorso-internazionale-george-enescu-intervista-a-cristina-uruc-manager-artexim-id1055934.html","name":"Concorso Internazionale George Enescu: intervista a Cristina Uruc, manager ARTEXIM - Radio Romania Internazionale","isPartOf":{"@id":"https:\/\/www.rri.ro\/#website"},"primaryImageOfPage":{"@id":"https:\/\/www.rri.ro\/it\/guida-programmi\/raccontare-romania\/concorso-internazionale-george-enescu-intervista-a-cristina-uruc-manager-artexim-id1055934.html#primaryimage"},"image":{"@id":"https:\/\/www.rri.ro\/it\/guida-programmi\/raccontare-romania\/concorso-internazionale-george-enescu-intervista-a-cristina-uruc-manager-artexim-id1055934.html#primaryimage"},"thumbnailUrl":"https:\/\/www.rri.ro\/wp-content\/uploads\/2026\/08\/afis-festivalul-enescu-2026-foto-fetivalul-enescu.jpg","datePublished":"2026-09-03T11:05:08+00:00","author":{"@id":"https:\/\/www.rri.ro\/#\/schema\/person\/2ec0b7b6683d5603f319a9da9050c563"},"breadcrumb":{"@id":"https:\/\/www.rri.ro\/it\/guida-programmi\/raccontare-romania\/concorso-internazionale-george-enescu-intervista-a-cristina-uruc-manager-artexim-id1055934.html#breadcrumb"},"inLanguage":"it-IT","potentialAction":[{"@type":"ReadAction","target":["https:\/\/www.rri.ro\/it\/guida-programmi\/raccontare-romania\/concorso-internazionale-george-enescu-intervista-a-cristina-uruc-manager-artexim-id1055934.html"]}]},{"@type":"ImageObject","inLanguage":"it-IT","@id":"https:\/\/www.rri.ro\/it\/guida-programmi\/raccontare-romania\/concorso-internazionale-george-enescu-intervista-a-cristina-uruc-manager-artexim-id1055934.html#primaryimage","url":"https:\/\/www.rri.ro\/wp-content\/uploads\/2026\/08\/afis-festivalul-enescu-2026-foto-fetivalul-enescu.jpg","contentUrl":"https:\/\/www.rri.ro\/wp-content\/uploads\/2026\/08\/afis-festivalul-enescu-2026-foto-fetivalul-enescu.jpg","width":960,"height":544,"caption":"foto: festivalenescu.ro"},{"@type":"BreadcrumbList","@id":"https:\/\/www.rri.ro\/it\/guida-programmi\/raccontare-romania\/concorso-internazionale-george-enescu-intervista-a-cristina-uruc-manager-artexim-id1055934.html#breadcrumb","itemListElement":[{"@type":"ListItem","position":1,"name":"Pagina iniziale","item":"https:\/\/www.rri.ro\/it"},{"@type":"ListItem","position":2,"name":"Guida programmi","item":"https:\/\/www.rri.ro\/it\/guida-programmi"},{"@type":"ListItem","position":3,"name":"Raccontare Romania","item":"https:\/\/www.rri.ro\/it\/guida-programmi\/raccontare-romania"},{"@type":"ListItem","position":4,"name":"Concorso Internazionale George Enescu: intervista a Cristina Uruc, manager ARTEXIM"}]},{"@type":"WebSite","@id":"https:\/\/www.rri.ro\/#website","url":"https:\/\/www.rri.ro\/","name":"Radio Romania Internazionale","description":"Totul despre Rom\u00e2nia \u015fi rom\u00e2ni, \u00een 13 limbi\/dialecte!","inLanguage":"it-IT"},{"@type":"Person","@id":"https:\/\/www.rri.ro\/#\/schema\/person\/2ec0b7b6683d5603f319a9da9050c563","name":"Iuliana Sima Anghel","url":"https:\/\/www.rri.ro\/it\/author\/iuliana-anghel"}]}},"_links":{"self":[{"href":"https:\/\/www.rri.ro\/it\/wp-json\/wp\/v2\/posts\/1055934","targetHints":{"allow":["GET"]}}],"collection":[{"href":"https:\/\/www.rri.ro\/it\/wp-json\/wp\/v2\/posts"}],"about":[{"href":"https:\/\/www.rri.ro\/it\/wp-json\/wp\/v2\/types\/post"}],"author":[{"embeddable":true,"href":"https:\/\/www.rri.ro\/it\/wp-json\/wp\/v2\/users\/25"}],"replies":[{"embeddable":true,"href":"https:\/\/www.rri.ro\/it\/wp-json\/wp\/v2\/comments?post=1055934"}],"version-history":[{"count":3,"href":"https:\/\/www.rri.ro\/it\/wp-json\/wp\/v2\/posts\/1055934\/revisions"}],"predecessor-version":[{"id":1055942,"href":"https:\/\/www.rri.ro\/it\/wp-json\/wp\/v2\/posts\/1055934\/revisions\/1055942"}],"wp:featuredmedia":[{"embeddable":true,"href":"https:\/\/www.rri.ro\/it\/wp-json\/wp\/v2\/media\/1048169"}],"wp:attachment":[{"href":"https:\/\/www.rri.ro\/it\/wp-json\/wp\/v2\/media?parent=1055934"}],"wp:term":[{"taxonomy":"category","embeddable":true,"href":"https:\/\/www.rri.ro\/it\/wp-json\/wp\/v2\/categories?post=1055934"},{"taxonomy":"post_tag","embeddable":true,"href":"https:\/\/www.rri.ro\/it\/wp-json\/wp\/v2\/tags?post=1055934"},{"taxonomy":"author","embeddable":true,"href":"https:\/\/www.rri.ro\/it\/wp-json\/wp\/v2\/coauthors?post=1055934"}],"curies":[{"name":"wp","href":"https:\/\/api.w.org\/{rel}","templated":true}]}}