{"id":1055982,"date":"2026-09-02T18:43:42","date_gmt":"2026-09-02T15:43:42","guid":{"rendered":"https:\/\/www.rri.ro\/?p=1055982"},"modified":"2026-09-02T18:48:07","modified_gmt":"2026-09-02T15:48:07","slug":"02-09-2026-aggiornamento","status":"publish","type":"post","link":"https:\/\/www.rri.ro\/it\/news\/topnews\/02-09-2026-aggiornamento-id1055982.html","title":{"rendered":"02.09.2026 (aggiornamento)"},"content":{"rendered":"<p>Politica \u2013 Il PNL e l&#8217;USR, formazioni politiche parte del governo ad interim di Bucarest, si sono rifiutati di partecipare alla seduta plenaria di oggi della Camera dei Deputati per protestare contro le modalit\u00e0 con cui \u00e8 stata approvata l&#8217;assegnazione delle cariche direttive della Camera. I due partiti denunciano un abuso di potere da parte da una maggioranza formata da PSD, AUR e SOS Romania, lamentando la violazione della formula di ripartizione politica e la mancanza delle trattative obbligatorie tra i capigruppo. Gabriel Andronache, capogruppo dei deputati liberali, ha affermato che esiste una giurisprudenza chiara stabilita attraverso una sentenza della Corte Costituzionale nel 2010. D\u2019altra parte, il PSD respinge con fermezza le ipotesi di una coalizione con AUR e SOS Romania. Il deputato socialdemocratico Mihai Ghigiu ha dichiarato che la decisione \u00e8 in linea con la posizione della maggioranza dei capigruppo e rappresenta una normale procedura amministrativa parlamentare. I rappresentanti di PNL e USR hanno annunciato che la prossima settimana inoltreranno una segnalazione alla Corte Costituzionale in merito all&#8217;assegnazione delle cariche direttive della Camera dei Deputati.<\/p>\n<p>&nbsp;<\/p>\n<p>UE \u2013 La ministra degli Esteri ad interim romena, Oana \u021aoiu, partecipa a Wicklow, in Irlanda, alla riunione informale dei ministri degli Esteri dell\u2019UE. Al centro dei colloqui la risposta europea all\u2019aggressione russa contro l\u2019Ucraina e la situazione in Medio Oriente. D\u2019altra parte, sempre a Wicklow, ieri si \u00e8 svolta una riunione analoga dei ministri della Difesa dell\u2019UE, alla quale ha partecipato il ministro della Difesa ad interim della Romania, Radu Miru\u021b\u0103. Entrambi gli incontri sono stati organizzati nell\u2019ambito della presidenza semestrale irlandese del Consiglio dell\u2019UE.<\/p>\n<p>&nbsp;<\/p>\n<p>Stabilimento chimico \u2013 Romgaz, produttore e principale fornitore di gas naturale in Romania, annuncia il completamento delle procedure per l\u2019acquisto di Azomure\u0219, il maggiore produttore nazionale di fertilizzanti minerali per l\u2019agricoltura. L\u2019accordo di trasferimento \u00e8 stato siglato alla fine del mese scorso, mentre ora \u00a0il processo entra nella fase di applicazione e preparazione per il riavvio delle attivit\u00e0 produttive. La scorsa settimana, il primo ministro ad interim Ilie Bolojan ha annunciato che gli oltre 800 dipendenti di Azomure\u0219 saranno assunti dalla Romgaz a partire da questo mese e che la ripresa della produzione \u00e8 prevista per il primo trimestre del prossimo anno.<\/p>\n<p>&nbsp;<\/p>\n<p>Diplomazia \u2013 \u201cDiplomazia: ancora di un mondo che cambia\u201d \u00e8 stato il tema dell\u2019incontro annuale della diplomazia romena, un evento che ha riunito i capi delle missioni diplomatiche e degli uffici consolari della Romania di tutto il mondo. Nel suo intervento, il presidente Nicu\u0219or Dan ha delineato tre obiettivi per la diplomazia romena: il rafforzamento della sicurezza, il sostegno alle comunit\u00e0 romene all\u2019estero e la diplomazia economica. Dal canto suo, la ministra degli Esteri ad interim, Oana \u021aoiu, ha sottolineato che l\u2019agenda dei lavori si \u00e8 concentrata sulla crescita economica, sulla sicurezza, nonch\u00e8 sul rafforzamento della fiducia e dei rapporti con la diaspora. I diplomatici sono stati ricevuti anche dal primo ministro ad interim Ilie Bolojan, il quale ha evidenziato il ruolo significativo svolto dalle squadre diplomatiche, \u00a0in particolare quelle di Bruxelles, nei rapporti con le istituzioni europee e della NATO per agevolare l\u2019attuazione dei programmi PNRR e SAFE. Bolojan ha inoltre affermato che la diplomazia economica deve costituire una componente chiave dell\u2019azione esterna della Romania, sebbene la sua efficacia dipenda anche dalla competitivit\u00e0 dell\u2019economia nazionale.<\/p>\n<p>&nbsp;<\/p>\n<p>CE \u2013 Il Presidente del Consiglio Europeo Antonio Costa si trover\u00e0 domani a Bucarest, dove sar\u00e0 ricevuto dal Presidente della Romania, Nicu\u0219or Dan. Secondo l&#8217;amministrazione presidenziale, i due terranno discussioni ufficiali, seguite da una conferenza stampa congiunta. Sempre domani, Costa ha in programma visite anche a Sofia e Atene. Il capo del Consiglio europeo ha iniziato un giro nelle capitali degli Stati membri dell&#8217;UE, con l&#8217;obiettivo di individuare le priorit\u00e0 e le preoccupazioni specifiche di ciascun Paese. Nei suoi colloqui con i leader europei, Costa affronta temi come la difesa, la competitivit\u00e0, l&#8217;allargamento dell&#8217;UE, il sostegno all&#8217;Ucraina e il futuro bilancio pluriennale dell&#8217;Unione per il periodo 2028-2034. Il Presidente del Consiglio europeo ha gi\u00e0 visitato Slovacchia, Estonia, Lettonia, Lituania, Repubblica Ceca, Ungheria, Croazia e Lussemburgo. La sua visita pi\u00f9 recente a Bucarest ha avuto luogo nel settembre 2025.<\/p>\n<p>&nbsp;<\/p>\n<p>AEP \u2013 L\u2019Autorit\u00e0 Elettorale Permanente della Romania ha annunciato che il numero totale di cittadini aventi diritto di voto iscritti nelle liste elettorali il 31 agosto 2026 \u00e8 di 19.034.549. Si tratta di \u00a0una crescita di circa 3.000 persone rispetto al 31 luglio 2026, quando gli elettori romeni registrati erano 19.031.458. Secondo un comunicato dell\u2019Autorit\u00e0, del totale degli elettori romeni, quasi 18 milioni hanno domicilio o residenza in Romania, mentre 1.051.973 sono domiciliati all\u2019estero.<\/p>\n","protected":false},"excerpt":{"rendered":"<p>Politica \u2013 Il PNL e l&#8217;USR, formazioni politiche parte del governo ad interim di Bucarest, si sono rifiutati di partecipare alla seduta plenaria di oggi della Camera dei Deputati per protestare contro le modalit\u00e0 con cui \u00e8 stata approvata l&#8217;assegnazione delle cariche direttive della Camera. I due partiti denunciano un abuso di potere da parte [&hellip;]<\/p>\n","protected":false},"author":113,"featured_media":723460,"comment_status":"closed","ping_status":"closed","sticky":false,"template":"","format":"standard","meta":{"_acf_changed":false,"footnotes":""},"categories":[98934],"tags":[],"coauthors":[116091],"class_list":["post-1055982","post","type-post","status-publish","format-standard","has-post-thumbnail","hentry","category-topnews"],"acf":[],"yoast_head":"<!-- This site is optimized with the Yoast SEO plugin v28.2 - https:\/\/yoast.com\/product\/yoast-seo-wordpress\/ -->\n<title>02.09.2026 (aggiornamento) - Radio Romania Internazionale<\/title>\n<meta name=\"robots\" content=\"index, follow, max-snippet:-1, max-image-preview:large, max-video-preview:-1\" \/>\n<link rel=\"canonical\" href=\"https:\/\/www.rri.ro\/it\/news\/topnews\/02-09-2026-aggiornamento-id1055982.html\" \/>\n<meta property=\"og:locale\" content=\"it_IT\" \/>\n<meta property=\"og:type\" content=\"article\" \/>\n<meta property=\"og:title\" content=\"02.09.2026 (aggiornamento) - Radio Romania Internazionale\" \/>\n<meta property=\"og:description\" content=\"Politica \u2013 Il PNL e l&#8217;USR, formazioni politiche parte del governo ad interim di Bucarest, si sono rifiutati di partecipare alla seduta plenaria di oggi della Camera dei Deputati per protestare contro le modalit\u00e0 con cui \u00e8 stata approvata l&#8217;assegnazione delle cariche direttive della Camera. I due partiti denunciano un abuso di potere da parte [&hellip;]\" \/>\n<meta property=\"og:url\" content=\"https:\/\/www.rri.ro\/it\/news\/topnews\/02-09-2026-aggiornamento-id1055982.html\" \/>\n<meta property=\"og:site_name\" content=\"Radio Romania Internazionale\" \/>\n<meta property=\"article:published_time\" content=\"2026-09-02T15:43:42+00:00\" \/>\n<meta property=\"article:modified_time\" content=\"2026-09-02T15:48:07+00:00\" \/>\n<meta property=\"og:image\" content=\"https:\/\/www.rri.ro\/wp-content\/uploads\/2024\/03\/RRI-960x540-Topnews-2-NOU.jpg\" \/>\n\t<meta property=\"og:image:width\" content=\"960\" \/>\n\t<meta property=\"og:image:height\" content=\"540\" \/>\n\t<meta property=\"og:image:type\" content=\"image\/jpeg\" \/>\n<meta name=\"author\" content=\"Newsroom\" \/>\n<meta name=\"twitter:card\" content=\"summary_large_image\" \/>\n<meta name=\"twitter:label1\" content=\"Scritto da\" \/>\n\t<meta name=\"twitter:data1\" content=\"Newsroom\" \/>\n\t<meta name=\"twitter:label2\" content=\"Tempo di lettura stimato\" \/>\n\t<meta name=\"twitter:data2\" content=\"4 minuti\" \/>\n<script type=\"application\/ld+json\" class=\"yoast-schema-graph\">{\"@context\":\"https:\\\/\\\/schema.org\",\"@graph\":[{\"@type\":\"Article\",\"@id\":\"https:\\\/\\\/www.rri.ro\\\/it\\\/news\\\/topnews\\\/02-09-2026-aggiornamento-id1055982.html#article\",\"isPartOf\":{\"@id\":\"https:\\\/\\\/www.rri.ro\\\/it\\\/news\\\/topnews\\\/02-09-2026-aggiornamento-id1055982.html\"},\"author\":{\"name\":\"Newsroom\",\"@id\":\"https:\\\/\\\/www.rri.ro\\\/#\\\/schema\\\/person\\\/4a479940371b9fdefd194f561e8a7f88\"},\"headline\":\"02.09.2026 (aggiornamento)\",\"datePublished\":\"2026-09-02T15:43:42+00:00\",\"dateModified\":\"2026-09-02T15:48:07+00:00\",\"mainEntityOfPage\":{\"@id\":\"https:\\\/\\\/www.rri.ro\\\/it\\\/news\\\/topnews\\\/02-09-2026-aggiornamento-id1055982.html\"},\"wordCount\":764,\"image\":{\"@id\":\"https:\\\/\\\/www.rri.ro\\\/it\\\/news\\\/topnews\\\/02-09-2026-aggiornamento-id1055982.html#primaryimage\"},\"thumbnailUrl\":\"https:\\\/\\\/www.rri.ro\\\/wp-content\\\/uploads\\\/2024\\\/03\\\/RRI-960x540-Topnews-2-NOU.jpg\",\"articleSection\":[\"Topnews\"],\"inLanguage\":\"it-IT\"},{\"@type\":\"WebPage\",\"@id\":\"https:\\\/\\\/www.rri.ro\\\/it\\\/news\\\/topnews\\\/02-09-2026-aggiornamento-id1055982.html\",\"url\":\"https:\\\/\\\/www.rri.ro\\\/it\\\/news\\\/topnews\\\/02-09-2026-aggiornamento-id1055982.html\",\"name\":\"02.09.2026 (aggiornamento) - Radio Romania Internazionale\",\"isPartOf\":{\"@id\":\"https:\\\/\\\/www.rri.ro\\\/#website\"},\"primaryImageOfPage\":{\"@id\":\"https:\\\/\\\/www.rri.ro\\\/it\\\/news\\\/topnews\\\/02-09-2026-aggiornamento-id1055982.html#primaryimage\"},\"image\":{\"@id\":\"https:\\\/\\\/www.rri.ro\\\/it\\\/news\\\/topnews\\\/02-09-2026-aggiornamento-id1055982.html#primaryimage\"},\"thumbnailUrl\":\"https:\\\/\\\/www.rri.ro\\\/wp-content\\\/uploads\\\/2024\\\/03\\\/RRI-960x540-Topnews-2-NOU.jpg\",\"datePublished\":\"2026-09-02T15:43:42+00:00\",\"dateModified\":\"2026-09-02T15:48:07+00:00\",\"author\":{\"@id\":\"https:\\\/\\\/www.rri.ro\\\/#\\\/schema\\\/person\\\/4a479940371b9fdefd194f561e8a7f88\"},\"breadcrumb\":{\"@id\":\"https:\\\/\\\/www.rri.ro\\\/it\\\/news\\\/topnews\\\/02-09-2026-aggiornamento-id1055982.html#breadcrumb\"},\"inLanguage\":\"it-IT\",\"potentialAction\":[{\"@type\":\"ReadAction\",\"target\":[\"https:\\\/\\\/www.rri.ro\\\/it\\\/news\\\/topnews\\\/02-09-2026-aggiornamento-id1055982.html\"]}]},{\"@type\":\"ImageObject\",\"inLanguage\":\"it-IT\",\"@id\":\"https:\\\/\\\/www.rri.ro\\\/it\\\/news\\\/topnews\\\/02-09-2026-aggiornamento-id1055982.html#primaryimage\",\"url\":\"https:\\\/\\\/www.rri.ro\\\/wp-content\\\/uploads\\\/2024\\\/03\\\/RRI-960x540-Topnews-2-NOU.jpg\",\"contentUrl\":\"https:\\\/\\\/www.rri.ro\\\/wp-content\\\/uploads\\\/2024\\\/03\\\/RRI-960x540-Topnews-2-NOU.jpg\",\"width\":960,\"height\":540},{\"@type\":\"BreadcrumbList\",\"@id\":\"https:\\\/\\\/www.rri.ro\\\/it\\\/news\\\/topnews\\\/02-09-2026-aggiornamento-id1055982.html#breadcrumb\",\"itemListElement\":[{\"@type\":\"ListItem\",\"position\":1,\"name\":\"Pagina iniziale\",\"item\":\"https:\\\/\\\/www.rri.ro\\\/it\"},{\"@type\":\"ListItem\",\"position\":2,\"name\":\"News\",\"item\":\"https:\\\/\\\/www.rri.ro\\\/it\\\/news\"},{\"@type\":\"ListItem\",\"position\":3,\"name\":\"Topnews\",\"item\":\"https:\\\/\\\/www.rri.ro\\\/it\\\/news\\\/topnews\"},{\"@type\":\"ListItem\",\"position\":4,\"name\":\"02.09.2026 (aggiornamento)\"}]},{\"@type\":\"WebSite\",\"@id\":\"https:\\\/\\\/www.rri.ro\\\/#website\",\"url\":\"https:\\\/\\\/www.rri.ro\\\/\",\"name\":\"Radio Romania Internazionale\",\"description\":\"Totul despre Rom\u00e2nia \u015fi rom\u00e2ni, \u00een 13 limbi\\\/dialecte!\",\"inLanguage\":\"it-IT\"},{\"@type\":\"Person\",\"@id\":\"https:\\\/\\\/www.rri.ro\\\/#\\\/schema\\\/person\\\/4a479940371b9fdefd194f561e8a7f88\",\"name\":\"Newsroom\",\"url\":\"https:\\\/\\\/www.rri.ro\\\/it\\\/author\\\/newsroom\"}]}<\/script>\n<!-- \/ Yoast SEO plugin. -->","yoast_head_json":{"title":"02.09.2026 (aggiornamento) - Radio Romania Internazionale","robots":{"index":"index","follow":"follow","max-snippet":"max-snippet:-1","max-image-preview":"max-image-preview:large","max-video-preview":"max-video-preview:-1"},"canonical":"https:\/\/www.rri.ro\/it\/news\/topnews\/02-09-2026-aggiornamento-id1055982.html","og_locale":"it_IT","og_type":"article","og_title":"02.09.2026 (aggiornamento) - Radio Romania Internazionale","og_description":"Politica \u2013 Il PNL e l&#8217;USR, formazioni politiche parte del governo ad interim di Bucarest, si sono rifiutati di partecipare alla seduta plenaria di oggi della Camera dei Deputati per protestare contro le modalit\u00e0 con cui \u00e8 stata approvata l&#8217;assegnazione delle cariche direttive della Camera. I due partiti denunciano un abuso di potere da parte [&hellip;]","og_url":"https:\/\/www.rri.ro\/it\/news\/topnews\/02-09-2026-aggiornamento-id1055982.html","og_site_name":"Radio Romania Internazionale","article_published_time":"2026-09-02T15:43:42+00:00","article_modified_time":"2026-09-02T15:48:07+00:00","og_image":[{"width":960,"height":540,"url":"https:\/\/www.rri.ro\/wp-content\/uploads\/2024\/03\/RRI-960x540-Topnews-2-NOU.jpg","type":"image\/jpeg"}],"author":"Newsroom","twitter_card":"summary_large_image","twitter_misc":{"Scritto da":"Newsroom","Tempo di lettura stimato":"4 minuti"},"schema":{"@context":"https:\/\/schema.org","@graph":[{"@type":"Article","@id":"https:\/\/www.rri.ro\/it\/news\/topnews\/02-09-2026-aggiornamento-id1055982.html#article","isPartOf":{"@id":"https:\/\/www.rri.ro\/it\/news\/topnews\/02-09-2026-aggiornamento-id1055982.html"},"author":{"name":"Newsroom","@id":"https:\/\/www.rri.ro\/#\/schema\/person\/4a479940371b9fdefd194f561e8a7f88"},"headline":"02.09.2026 (aggiornamento)","datePublished":"2026-09-02T15:43:42+00:00","dateModified":"2026-09-02T15:48:07+00:00","mainEntityOfPage":{"@id":"https:\/\/www.rri.ro\/it\/news\/topnews\/02-09-2026-aggiornamento-id1055982.html"},"wordCount":764,"image":{"@id":"https:\/\/www.rri.ro\/it\/news\/topnews\/02-09-2026-aggiornamento-id1055982.html#primaryimage"},"thumbnailUrl":"https:\/\/www.rri.ro\/wp-content\/uploads\/2024\/03\/RRI-960x540-Topnews-2-NOU.jpg","articleSection":["Topnews"],"inLanguage":"it-IT"},{"@type":"WebPage","@id":"https:\/\/www.rri.ro\/it\/news\/topnews\/02-09-2026-aggiornamento-id1055982.html","url":"https:\/\/www.rri.ro\/it\/news\/topnews\/02-09-2026-aggiornamento-id1055982.html","name":"02.09.2026 (aggiornamento) - Radio Romania Internazionale","isPartOf":{"@id":"https:\/\/www.rri.ro\/#website"},"primaryImageOfPage":{"@id":"https:\/\/www.rri.ro\/it\/news\/topnews\/02-09-2026-aggiornamento-id1055982.html#primaryimage"},"image":{"@id":"https:\/\/www.rri.ro\/it\/news\/topnews\/02-09-2026-aggiornamento-id1055982.html#primaryimage"},"thumbnailUrl":"https:\/\/www.rri.ro\/wp-content\/uploads\/2024\/03\/RRI-960x540-Topnews-2-NOU.jpg","datePublished":"2026-09-02T15:43:42+00:00","dateModified":"2026-09-02T15:48:07+00:00","author":{"@id":"https:\/\/www.rri.ro\/#\/schema\/person\/4a479940371b9fdefd194f561e8a7f88"},"breadcrumb":{"@id":"https:\/\/www.rri.ro\/it\/news\/topnews\/02-09-2026-aggiornamento-id1055982.html#breadcrumb"},"inLanguage":"it-IT","potentialAction":[{"@type":"ReadAction","target":["https:\/\/www.rri.ro\/it\/news\/topnews\/02-09-2026-aggiornamento-id1055982.html"]}]},{"@type":"ImageObject","inLanguage":"it-IT","@id":"https:\/\/www.rri.ro\/it\/news\/topnews\/02-09-2026-aggiornamento-id1055982.html#primaryimage","url":"https:\/\/www.rri.ro\/wp-content\/uploads\/2024\/03\/RRI-960x540-Topnews-2-NOU.jpg","contentUrl":"https:\/\/www.rri.ro\/wp-content\/uploads\/2024\/03\/RRI-960x540-Topnews-2-NOU.jpg","width":960,"height":540},{"@type":"BreadcrumbList","@id":"https:\/\/www.rri.ro\/it\/news\/topnews\/02-09-2026-aggiornamento-id1055982.html#breadcrumb","itemListElement":[{"@type":"ListItem","position":1,"name":"Pagina iniziale","item":"https:\/\/www.rri.ro\/it"},{"@type":"ListItem","position":2,"name":"News","item":"https:\/\/www.rri.ro\/it\/news"},{"@type":"ListItem","position":3,"name":"Topnews","item":"https:\/\/www.rri.ro\/it\/news\/topnews"},{"@type":"ListItem","position":4,"name":"02.09.2026 (aggiornamento)"}]},{"@type":"WebSite","@id":"https:\/\/www.rri.ro\/#website","url":"https:\/\/www.rri.ro\/","name":"Radio Romania Internazionale","description":"Totul despre Rom\u00e2nia \u015fi rom\u00e2ni, \u00een 13 limbi\/dialecte!","inLanguage":"it-IT"},{"@type":"Person","@id":"https:\/\/www.rri.ro\/#\/schema\/person\/4a479940371b9fdefd194f561e8a7f88","name":"Newsroom","url":"https:\/\/www.rri.ro\/it\/author\/newsroom"}]}},"_links":{"self":[{"href":"https:\/\/www.rri.ro\/it\/wp-json\/wp\/v2\/posts\/1055982","targetHints":{"allow":["GET"]}}],"collection":[{"href":"https:\/\/www.rri.ro\/it\/wp-json\/wp\/v2\/posts"}],"about":[{"href":"https:\/\/www.rri.ro\/it\/wp-json\/wp\/v2\/types\/post"}],"author":[{"embeddable":true,"href":"https:\/\/www.rri.ro\/it\/wp-json\/wp\/v2\/users\/113"}],"replies":[{"embeddable":true,"href":"https:\/\/www.rri.ro\/it\/wp-json\/wp\/v2\/comments?post=1055982"}],"version-history":[{"count":2,"href":"https:\/\/www.rri.ro\/it\/wp-json\/wp\/v2\/posts\/1055982\/revisions"}],"predecessor-version":[{"id":1055985,"href":"https:\/\/www.rri.ro\/it\/wp-json\/wp\/v2\/posts\/1055982\/revisions\/1055985"}],"wp:featuredmedia":[{"embeddable":true,"href":"https:\/\/www.rri.ro\/it\/wp-json\/wp\/v2\/media\/723460"}],"wp:attachment":[{"href":"https:\/\/www.rri.ro\/it\/wp-json\/wp\/v2\/media?parent=1055982"}],"wp:term":[{"taxonomy":"category","embeddable":true,"href":"https:\/\/www.rri.ro\/it\/wp-json\/wp\/v2\/categories?post=1055982"},{"taxonomy":"post_tag","embeddable":true,"href":"https:\/\/www.rri.ro\/it\/wp-json\/wp\/v2\/tags?post=1055982"},{"taxonomy":"author","embeddable":true,"href":"https:\/\/www.rri.ro\/it\/wp-json\/wp\/v2\/coauthors?post=1055982"}],"curies":[{"name":"wp","href":"https:\/\/api.w.org\/{rel}","templated":true}]}}